{"id":47105,"date":"2025-12-04T04:50:02","date_gmt":"2025-12-04T04:50:02","guid":{"rendered":"https:\/\/elukelele.com\/fr\/?p=47105"},"modified":"2025-12-04T04:50:02","modified_gmt":"2025-12-04T04:50:02","slug":"en-manteau-rouge-brigitte-macron-gatee-a-son-arrivee-en-chine-au-bras-demmanuel-macron","status":"publish","type":"post","link":"https:\/\/elukelele.com\/fr\/divertissement\/en-manteau-rouge-brigitte-macron-gatee-a-son-arrivee-en-chine-au-bras-demmanuel-macron\/","title":{"rendered":"En manteau rouge, Brigitte Macron g\u00e2t\u00e9e \u00e0 son arriv\u00e9e en Chine au bras d\u2019Emmanuel Macron"},"content":{"rendered":"<p>Lors d&rsquo;une visite d&rsquo;\u00c9tat en Chine, l&rsquo;arriv\u00e9e de Brigitte Macron aux c\u00f4t\u00e9s de son \u00e9poux, le pr\u00e9sident Emmanuel Macron, a particuli\u00e8rement marqu\u00e9 les esprits, notamment gr\u00e2ce \u00e0 son choix vestimentaire. La Premi\u00e8re Dame de France a \u00e9t\u00e9 remarqu\u00e9e pour son \u00e9l\u00e9gance, arborant un manteau rouge \u00e9clatant qui a attir\u00e9 l&rsquo;attention des m\u00e9dias et du public. Cet \u00e9v\u00e9nement a soulign\u00e9 l&rsquo;importance de la diplomatie du style lors des d\u00e9placements officiels, o\u00f9 chaque d\u00e9tail contribue \u00e0 l&rsquo;image du pays.<\/p>\n<h2 id=\"une-arrivee-presidentielle-sous-les-feux-des-projecteurs\">Une arriv\u00e9e pr\u00e9sidentielle sous les feux des projecteurs<\/h2>\n<p>La visite d&rsquo;\u00c9tat du pr\u00e9sident Emmanuel Macron en Chine est un moment diplomatique cl\u00e9, visant \u00e0 renforcer les liens bilat\u00e9raux et \u00e0 discuter de sujets importants tels que le commerce et les crises internationales. \u00c0 chaque d\u00e9placement officiel, le couple pr\u00e9sidentiel est scrut\u00e9, et cette arriv\u00e9e en Chine n&rsquo;a pas fait exception. Les m\u00e9dias du monde entier ont couvert l&rsquo;\u00e9v\u00e9nement, s&rsquo;attardant sur l&rsquo;accueil r\u00e9serv\u00e9 aux dignitaires fran\u00e7ais. Emmanuel Macron est arriv\u00e9 en Chine pour une visite d&rsquo;\u00c9tat de trois jours ax\u00e9e sur le commerce et les pourparlers diplomatiques.<\/p>\n<h2 id=\"le-manteau-rouge-un-choix-symbolique-et-remarque\">Le manteau rouge : un choix symbolique et remarqu\u00e9<\/h2>\n<p>C&rsquo;est Brigitte Macron qui a cr\u00e9\u00e9 la sensation d\u00e8s son arriv\u00e9e. Elle est apparue v\u00eatue d&rsquo;un superbe manteau officier rouge, orn\u00e9 de boutons dor\u00e9s, une cr\u00e9ation de la maison Balmain. Ce choix n&rsquo;\u00e9tait pas anodin. Le rouge est une couleur tr\u00e8s significative en Chine, o\u00f9 elle symbolise la chance, le bonheur et la prosp\u00e9rit\u00e9. En optant pour cette teinte vive, Brigitte Macron a fait preuve d&rsquo;une diplomatie vestimentaire subtile, envoyant un message de respect et de bonne volont\u00e9 envers le pays h\u00f4te.<\/p>\n<p>Le manteau rouge, associ\u00e9 \u00e0 une tenue enti\u00e8rement noire comprenant un slim en cuir, un pull noir, des bottines Christian Louboutin \u00e0 semelle rouge et un sac assorti, a mis en valeur l&rsquo;\u00e9l\u00e9gance de la Premi\u00e8re Dame. Ce look bicolore a \u00e9t\u00e9 unanimement salu\u00e9 par la \u00ab\u00a0fashion sph\u00e8re\u00a0\u00bb et a prouv\u00e9 la capacit\u00e9 de Brigitte Macron \u00e0 faire des choix de mode \u00e0 la fois chics et culturellement pertinents.<\/p>\n<h2 id=\"un-accueil-chaleureux-et-des-attentions-particulieres\">Un accueil chaleureux et des attentions particuli\u00e8res<\/h2>\n<p>L&rsquo;expression \u00ab\u00a0g\u00e2t\u00e9e\u00a0\u00bb dans le titre \u00e9voque l&rsquo;accueil particuli\u00e8rement chaleureux et les marques d&rsquo;attention dont Brigitte Macron a pu b\u00e9n\u00e9ficier lors de ce d\u00e9placement. Au-del\u00e0 des formalit\u00e9s protocolaires, son apparence remarqu\u00e9e a sans doute contribu\u00e9 \u00e0 une r\u00e9ception positive. Les \u00e9poux Macron ont \u00e9t\u00e9 accueillis par le ministre des Affaires \u00e9trang\u00e8res chinois, Wang Yi, \u00e0 leur descente d&rsquo;avion \u00e0 P\u00e9kin. Ils ont visit\u00e9 le site des guerriers en terre cuite \u00e0 Xi&rsquo;an et la Grande Pagode de l&rsquo;Oie Sauvage. Ces interactions et visites officielles ont \u00e9t\u00e9 l&rsquo;occasion de moments privil\u00e9gi\u00e9s, o\u00f9 l&rsquo;\u00e9l\u00e9gance de la Premi\u00e8re Dame a \u00e9t\u00e9 per\u00e7ue comme un geste respectueux et appr\u00e9ci\u00e9.<\/p>\n<p>Durant la visite, Brigitte Macron a \u00e9galement fait sensation avec d&rsquo;autres tenues, notamment une longue robe rouge vif lors d&rsquo;une visite de galerie d&rsquo;art \u00e0 P\u00e9kin, confirmant son go\u00fbt pour les couleurs embl\u00e9matiques et son sens aigu de la mode.<\/p>\n<h2 id=\"impact-mediatique-et-image-de-la-france\">Impact m\u00e9diatique et image de la France<\/h2>\n<p>Le choix du manteau rouge par Brigitte Macron a eu un retentissement m\u00e9diatique important, tant en France qu&rsquo;\u00e0 l&rsquo;international. De nombreux articles ont soulign\u00e9 son \u00e9l\u00e9gance et la pertinence de son style pour l&rsquo;occasion. Cette visibilit\u00e9 positive contribue \u00e0 l&rsquo;image de la France \u00e0 l&rsquo;\u00e9tranger, celle d&rsquo;un pays o\u00f9 la mode et l&rsquo;\u00e9l\u00e9gance sont intrins\u00e8quement li\u00e9es \u00e0 la culture et \u00e0 la diplomatie.<\/p>\n<p>Ces d\u00e9tails vestimentaires, loin d&rsquo;\u00eatre anecdotiques, participent \u00e0 la \u00ab\u00a0diplomatie de la veste\u00a0\u00bb, o\u00f9 les tenues des Premi\u00e8res Dames sont des outils de communication non verbale, capables de v\u00e9hiculer des messages et de renforcer des liens culturels.<\/p>\n<h2 id=\"conclusion\">Conclusion<\/h2>\n<p>L&rsquo;arriv\u00e9e de Brigitte Macron en Chine, v\u00eatue de son manteau rouge, a \u00e9t\u00e9 un moment fort de la visite pr\u00e9sidentielle. Ce choix vestimentaire \u00e9l\u00e9gant et symbolique a non seulement mis en lumi\u00e8re le raffinement de la Premi\u00e8re Dame, mais a \u00e9galement t\u00e9moign\u00e9 d&rsquo;une attention particuli\u00e8re port\u00e9e \u00e0 la culture chinoise. Cet \u00e9v\u00e9nement rappelle l&rsquo;importance du langage non verbal dans les relations internationales et la mani\u00e8re dont la mode peut devenir un vecteur de respect et d&rsquo;appr\u00e9ciation mutuelle, contribuant ainsi \u00e0 une image positive et engageante de la France sur la sc\u00e8ne mondiale.<\/p>\n","protected":false},"excerpt":{"rendered":"<p>Lors d&rsquo;une visite d&rsquo;\u00c9tat en Chine, l&rsquo;arriv\u00e9e de Brigitte Macron aux c\u00f4t\u00e9s de son \u00e9poux, le pr\u00e9sident Emmanuel Macron, a particuli\u00e8rement marqu\u00e9 les esprits, notamment gr\u00e2ce \u00e0 son choix vestimentaire. La Premi\u00e8re Dame de France a \u00e9t\u00e9 remarqu\u00e9e pour son \u00e9l\u00e9gance, arborant un manteau rouge \u00e9clatant qui a attir\u00e9 l&rsquo;attention des m\u00e9dias et du public. [&hellip;]<\/p>\n","protected":false},"author":4,"featured_media":47104,"comment_status":"open","ping_status":"open","sticky":false,"template":"","format":"standard","meta":{"_yoast_wpseo_title":"En manteau rouge, Brigitte Macron g\u00e2t\u00e9e \u00e0 son arriv\u00e9e en Chine au bras d\u2019Emmanuel Macron","_yoast_wpseo_metadesc":"","_yoast_wpseo_focuskw":"Macron"},"categories":[5],"tags":[],"class_list":["post-47105","post","type-post","status-publish","format-standard","has-post-thumbnail","hentry","category-divertissement"],"yoast_head":"<!-- This site is optimized with the Yoast SEO plugin v26.3 - https:\/\/yoast.com\/wordpress\/plugins\/seo\/ -->\n<title>En manteau rouge, Brigitte Macron g\u00e2t\u00e9e \u00e0 son arriv\u00e9e en Chine au bras d\u2019Emmanuel Macron<\/title>\n<meta name=\"robots\" content=\"index, follow, max-snippet:-1, max-image-preview:large, max-video-preview:-1\" \/>\n<link rel=\"canonical\" href=\"https:\/\/elukelele.com\/fr\/divertissement\/en-manteau-rouge-brigitte-macron-gatee-a-son-arrivee-en-chine-au-bras-demmanuel-macron\/\" \/>\n<meta property=\"og:locale\" content=\"fr_FR\" \/>\n<meta property=\"og:type\" content=\"article\" \/>\n<meta property=\"og:title\" content=\"En manteau rouge, Brigitte Macron g\u00e2t\u00e9e \u00e0 son arriv\u00e9e en Chine au bras d\u2019Emmanuel Macron\" \/>\n<meta property=\"og:description\" content=\"Lors d&rsquo;une visite d&rsquo;\u00c9tat en Chine, l&rsquo;arriv\u00e9e de Brigitte Macron aux c\u00f4t\u00e9s de son \u00e9poux, le pr\u00e9sident Emmanuel Macron, a particuli\u00e8rement marqu\u00e9 les esprits, notamment gr\u00e2ce \u00e0 son choix vestimentaire. La Premi\u00e8re Dame de France a \u00e9t\u00e9 remarqu\u00e9e pour son \u00e9l\u00e9gance, arborant un manteau rouge \u00e9clatant qui a attir\u00e9 l&rsquo;attention des m\u00e9dias et du public. [&hellip;]\" \/>\n<meta property=\"og:url\" content=\"https:\/\/elukelele.com\/fr\/divertissement\/en-manteau-rouge-brigitte-macron-gatee-a-son-arrivee-en-chine-au-bras-demmanuel-macron\/\" \/>\n<meta property=\"og:site_name\" content=\"El Ukelele\" \/>\n<meta property=\"article:published_time\" content=\"2025-12-04T04:50:02+00:00\" \/>\n<meta property=\"og:image\" content=\"https:\/\/elukelele.com\/fr\/wp-content\/uploads\/2025\/12\/framed_only-113.png\" \/>\n\t<meta property=\"og:image:width\" content=\"1200\" \/>\n\t<meta property=\"og:image:height\" content=\"628\" \/>\n\t<meta property=\"og:image:type\" content=\"image\/png\" \/>\n<meta name=\"author\" content=\"Daniel Perrin\" \/>\n<meta name=\"twitter:card\" content=\"summary_large_image\" \/>\n<meta name=\"twitter:label1\" content=\"\u00c9crit par\" \/>\n\t<meta name=\"twitter:data1\" content=\"Daniel Perrin\" \/>\n\t<meta name=\"twitter:label2\" content=\"Dur\u00e9e de lecture estim\u00e9e\" \/>\n\t<meta name=\"twitter:data2\" content=\"4 minutes\" \/>\n<script type=\"application\/ld+json\" class=\"yoast-schema-graph\">{\"@context\":\"https:\/\/schema.org\",\"@graph\":[{\"@type\":\"WebPage\",\"@id\":\"https:\/\/elukelele.com\/fr\/divertissement\/en-manteau-rouge-brigitte-macron-gatee-a-son-arrivee-en-chine-au-bras-demmanuel-macron\/\",\"url\":\"https:\/\/elukelele.com\/fr\/divertissement\/en-manteau-rouge-brigitte-macron-gatee-a-son-arrivee-en-chine-au-bras-demmanuel-macron\/\",\"name\":\"En manteau rouge, Brigitte Macron g\u00e2t\u00e9e \u00e0 son arriv\u00e9e en Chine au bras d\u2019Emmanuel Macron\",\"isPartOf\":{\"@id\":\"https:\/\/elukelele.com\/fr\/#website\"},\"primaryImageOfPage\":{\"@id\":\"https:\/\/elukelele.com\/fr\/divertissement\/en-manteau-rouge-brigitte-macron-gatee-a-son-arrivee-en-chine-au-bras-demmanuel-macron\/#primaryimage\"},\"image\":{\"@id\":\"https:\/\/elukelele.com\/fr\/divertissement\/en-manteau-rouge-brigitte-macron-gatee-a-son-arrivee-en-chine-au-bras-demmanuel-macron\/#primaryimage\"},\"thumbnailUrl\":\"https:\/\/elukelele.com\/fr\/wp-content\/uploads\/2025\/12\/framed_only-113.png\",\"datePublished\":\"2025-12-04T04:50:02+00:00\",\"author\":{\"@id\":\"https:\/\/elukelele.com\/fr\/#\/schema\/person\/ccfb3d2be2ec7fa389608eb6da0b38d6\"},\"breadcrumb\":{\"@id\":\"https:\/\/elukelele.com\/fr\/divertissement\/en-manteau-rouge-brigitte-macron-gatee-a-son-arrivee-en-chine-au-bras-demmanuel-macron\/#breadcrumb\"},\"inLanguage\":\"fr-FR\",\"potentialAction\":[{\"@type\":\"ReadAction\",\"target\":[\"https:\/\/elukelele.com\/fr\/divertissement\/en-manteau-rouge-brigitte-macron-gatee-a-son-arrivee-en-chine-au-bras-demmanuel-macron\/\"]}]},{\"@type\":\"ImageObject\",\"inLanguage\":\"fr-FR\",\"@id\":\"https:\/\/elukelele.com\/fr\/divertissement\/en-manteau-rouge-brigitte-macron-gatee-a-son-arrivee-en-chine-au-bras-demmanuel-macron\/#primaryimage\",\"url\":\"https:\/\/elukelele.com\/fr\/wp-content\/uploads\/2025\/12\/framed_only-113.png\",\"contentUrl\":\"https:\/\/elukelele.com\/fr\/wp-content\/uploads\/2025\/12\/framed_only-113.png\",\"width\":1200,\"height\":628,\"caption\":\"Macron\"},{\"@type\":\"BreadcrumbList\",\"@id\":\"https:\/\/elukelele.com\/fr\/divertissement\/en-manteau-rouge-brigitte-macron-gatee-a-son-arrivee-en-chine-au-bras-demmanuel-macron\/#breadcrumb\",\"itemListElement\":[{\"@type\":\"ListItem\",\"position\":1,\"name\":\"Home\",\"item\":\"https:\/\/elukelele.com\/fr\/\"},{\"@type\":\"ListItem\",\"position\":2,\"name\":\"En manteau rouge, Brigitte Macron g\u00e2t\u00e9e \u00e0 son arriv\u00e9e en Chine au bras d\u2019Emmanuel Macron\"}]},{\"@type\":\"WebSite\",\"@id\":\"https:\/\/elukelele.com\/fr\/#website\",\"url\":\"https:\/\/elukelele.com\/fr\/\",\"name\":\"El Ukelele\",\"description\":\"Musique au-del\u00e0 de l&#039;indie\",\"potentialAction\":[{\"@type\":\"SearchAction\",\"target\":{\"@type\":\"EntryPoint\",\"urlTemplate\":\"https:\/\/elukelele.com\/fr\/?s={search_term_string}\"},\"query-input\":{\"@type\":\"PropertyValueSpecification\",\"valueRequired\":true,\"valueName\":\"search_term_string\"}}],\"inLanguage\":\"fr-FR\"},{\"@type\":\"Person\",\"@id\":\"https:\/\/elukelele.com\/fr\/#\/schema\/person\/ccfb3d2be2ec7fa389608eb6da0b38d6\",\"name\":\"Daniel Perrin\",\"image\":{\"@type\":\"ImageObject\",\"inLanguage\":\"fr-FR\",\"@id\":\"https:\/\/elukelele.com\/fr\/#\/schema\/person\/image\/\",\"url\":\"https:\/\/secure.gravatar.com\/avatar\/37f9d9ffa29ce5640a0d9c6ca8bbd90afb854014296ecaa0e3a558ac716e6fe4?s=96&d=mm&r=g\",\"contentUrl\":\"https:\/\/secure.gravatar.com\/avatar\/37f9d9ffa29ce5640a0d9c6ca8bbd90afb854014296ecaa0e3a558ac716e6fe4?s=96&d=mm&r=g\",\"caption\":\"Daniel Perrin\"},\"sameAs\":[\"https:\/\/elukelele.com\/fr\"],\"url\":\"https:\/\/elukelele.com\/fr\/author\/daniel-perrin\/\"}]}<\/script>\n<!-- \/ Yoast SEO plugin. -->","yoast_head_json":{"title":"En manteau rouge, Brigitte Macron g\u00e2t\u00e9e \u00e0 son arriv\u00e9e en Chine au bras d\u2019Emmanuel Macron","robots":{"index":"index","follow":"follow","max-snippet":"max-snippet:-1","max-image-preview":"max-image-preview:large","max-video-preview":"max-video-preview:-1"},"canonical":"https:\/\/elukelele.com\/fr\/divertissement\/en-manteau-rouge-brigitte-macron-gatee-a-son-arrivee-en-chine-au-bras-demmanuel-macron\/","og_locale":"fr_FR","og_type":"article","og_title":"En manteau rouge, Brigitte Macron g\u00e2t\u00e9e \u00e0 son arriv\u00e9e en Chine au bras d\u2019Emmanuel Macron","og_description":"Lors d&rsquo;une visite d&rsquo;\u00c9tat en Chine, l&rsquo;arriv\u00e9e de Brigitte Macron aux c\u00f4t\u00e9s de son \u00e9poux, le pr\u00e9sident Emmanuel Macron, a particuli\u00e8rement marqu\u00e9 les esprits, notamment gr\u00e2ce \u00e0 son choix vestimentaire. La Premi\u00e8re Dame de France a \u00e9t\u00e9 remarqu\u00e9e pour son \u00e9l\u00e9gance, arborant un manteau rouge \u00e9clatant qui a attir\u00e9 l&rsquo;attention des m\u00e9dias et du public. [&hellip;]","og_url":"https:\/\/elukelele.com\/fr\/divertissement\/en-manteau-rouge-brigitte-macron-gatee-a-son-arrivee-en-chine-au-bras-demmanuel-macron\/","og_site_name":"El Ukelele","article_published_time":"2025-12-04T04:50:02+00:00","og_image":[{"width":1200,"height":628,"url":"https:\/\/elukelele.com\/fr\/wp-content\/uploads\/2025\/12\/framed_only-113.png","type":"image\/png"}],"author":"Daniel Perrin","twitter_card":"summary_large_image","twitter_misc":{"\u00c9crit par":"Daniel Perrin","Dur\u00e9e de lecture estim\u00e9e":"4 minutes"},"schema":{"@context":"https:\/\/schema.org","@graph":[{"@type":"WebPage","@id":"https:\/\/elukelele.com\/fr\/divertissement\/en-manteau-rouge-brigitte-macron-gatee-a-son-arrivee-en-chine-au-bras-demmanuel-macron\/","url":"https:\/\/elukelele.com\/fr\/divertissement\/en-manteau-rouge-brigitte-macron-gatee-a-son-arrivee-en-chine-au-bras-demmanuel-macron\/","name":"En manteau rouge, Brigitte Macron g\u00e2t\u00e9e \u00e0 son arriv\u00e9e en Chine au bras d\u2019Emmanuel Macron","isPartOf":{"@id":"https:\/\/elukelele.com\/fr\/#website"},"primaryImageOfPage":{"@id":"https:\/\/elukelele.com\/fr\/divertissement\/en-manteau-rouge-brigitte-macron-gatee-a-son-arrivee-en-chine-au-bras-demmanuel-macron\/#primaryimage"},"image":{"@id":"https:\/\/elukelele.com\/fr\/divertissement\/en-manteau-rouge-brigitte-macron-gatee-a-son-arrivee-en-chine-au-bras-demmanuel-macron\/#primaryimage"},"thumbnailUrl":"https:\/\/elukelele.com\/fr\/wp-content\/uploads\/2025\/12\/framed_only-113.png","datePublished":"2025-12-04T04:50:02+00:00","author":{"@id":"https:\/\/elukelele.com\/fr\/#\/schema\/person\/ccfb3d2be2ec7fa389608eb6da0b38d6"},"breadcrumb":{"@id":"https:\/\/elukelele.com\/fr\/divertissement\/en-manteau-rouge-brigitte-macron-gatee-a-son-arrivee-en-chine-au-bras-demmanuel-macron\/#breadcrumb"},"inLanguage":"fr-FR","potentialAction":[{"@type":"ReadAction","target":["https:\/\/elukelele.com\/fr\/divertissement\/en-manteau-rouge-brigitte-macron-gatee-a-son-arrivee-en-chine-au-bras-demmanuel-macron\/"]}]},{"@type":"ImageObject","inLanguage":"fr-FR","@id":"https:\/\/elukelele.com\/fr\/divertissement\/en-manteau-rouge-brigitte-macron-gatee-a-son-arrivee-en-chine-au-bras-demmanuel-macron\/#primaryimage","url":"https:\/\/elukelele.com\/fr\/wp-content\/uploads\/2025\/12\/framed_only-113.png","contentUrl":"https:\/\/elukelele.com\/fr\/wp-content\/uploads\/2025\/12\/framed_only-113.png","width":1200,"height":628,"caption":"Macron"},{"@type":"BreadcrumbList","@id":"https:\/\/elukelele.com\/fr\/divertissement\/en-manteau-rouge-brigitte-macron-gatee-a-son-arrivee-en-chine-au-bras-demmanuel-macron\/#breadcrumb","itemListElement":[{"@type":"ListItem","position":1,"name":"Home","item":"https:\/\/elukelele.com\/fr\/"},{"@type":"ListItem","position":2,"name":"En manteau rouge, Brigitte Macron g\u00e2t\u00e9e \u00e0 son arriv\u00e9e en Chine au bras d\u2019Emmanuel Macron"}]},{"@type":"WebSite","@id":"https:\/\/elukelele.com\/fr\/#website","url":"https:\/\/elukelele.com\/fr\/","name":"El Ukelele","description":"Musique au-del\u00e0 de l&#039;indie","potentialAction":[{"@type":"SearchAction","target":{"@type":"EntryPoint","urlTemplate":"https:\/\/elukelele.com\/fr\/?s={search_term_string}"},"query-input":{"@type":"PropertyValueSpecification","valueRequired":true,"valueName":"search_term_string"}}],"inLanguage":"fr-FR"},{"@type":"Person","@id":"https:\/\/elukelele.com\/fr\/#\/schema\/person\/ccfb3d2be2ec7fa389608eb6da0b38d6","name":"Daniel Perrin","image":{"@type":"ImageObject","inLanguage":"fr-FR","@id":"https:\/\/elukelele.com\/fr\/#\/schema\/person\/image\/","url":"https:\/\/secure.gravatar.com\/avatar\/37f9d9ffa29ce5640a0d9c6ca8bbd90afb854014296ecaa0e3a558ac716e6fe4?s=96&d=mm&r=g","contentUrl":"https:\/\/secure.gravatar.com\/avatar\/37f9d9ffa29ce5640a0d9c6ca8bbd90afb854014296ecaa0e3a558ac716e6fe4?s=96&d=mm&r=g","caption":"Daniel Perrin"},"sameAs":["https:\/\/elukelele.com\/fr"],"url":"https:\/\/elukelele.com\/fr\/author\/daniel-perrin\/"}]}},"_links":{"self":[{"href":"https:\/\/elukelele.com\/fr\/wp-json\/wp\/v2\/posts\/47105","targetHints":{"allow":["GET"]}}],"collection":[{"href":"https:\/\/elukelele.com\/fr\/wp-json\/wp\/v2\/posts"}],"about":[{"href":"https:\/\/elukelele.com\/fr\/wp-json\/wp\/v2\/types\/post"}],"author":[{"embeddable":true,"href":"https:\/\/elukelele.com\/fr\/wp-json\/wp\/v2\/users\/4"}],"replies":[{"embeddable":true,"href":"https:\/\/elukelele.com\/fr\/wp-json\/wp\/v2\/comments?post=47105"}],"version-history":[{"count":1,"href":"https:\/\/elukelele.com\/fr\/wp-json\/wp\/v2\/posts\/47105\/revisions"}],"predecessor-version":[{"id":47452,"href":"https:\/\/elukelele.com\/fr\/wp-json\/wp\/v2\/posts\/47105\/revisions\/47452"}],"wp:featuredmedia":[{"embeddable":true,"href":"https:\/\/elukelele.com\/fr\/wp-json\/wp\/v2\/media\/47104"}],"wp:attachment":[{"href":"https:\/\/elukelele.com\/fr\/wp-json\/wp\/v2\/media?parent=47105"}],"wp:term":[{"taxonomy":"category","embeddable":true,"href":"https:\/\/elukelele.com\/fr\/wp-json\/wp\/v2\/categories?post=47105"},{"taxonomy":"post_tag","embeddable":true,"href":"https:\/\/elukelele.com\/fr\/wp-json\/wp\/v2\/tags?post=47105"}],"curies":[{"name":"wp","href":"https:\/\/api.w.org\/{rel}","templated":true}]}}