{"id":47101,"date":"2025-12-04T04:48:43","date_gmt":"2025-12-04T04:48:43","guid":{"rendered":"https:\/\/elukelele.com\/fr\/?p=47101"},"modified":"2025-12-04T04:48:44","modified_gmt":"2025-12-04T04:48:44","slug":"francois-damiens-le-declic-qui-a-lance-francois-lembrouille","status":"publish","type":"post","link":"https:\/\/elukelele.com\/fr\/divertissement\/francois-damiens-le-declic-qui-a-lance-francois-lembrouille\/","title":{"rendered":"Fran\u00e7ois Damiens : Le d\u00e9clic qui a lanc\u00e9 \u00ab\u00a0Fran\u00e7ois L&#8217;embrouille\u00a0\u00bb"},"content":{"rendered":"<p>Le parcours de Fran\u00e7ois Damiens, artiste belge reconnu pour son humour singulier et son talent d&rsquo;acteur, est intrins\u00e8quement li\u00e9 \u00e0 une rencontre fortuite qui a lanc\u00e9 sa carri\u00e8re sous les projecteurs. Avant de conqu\u00e9rir le public francophone avec ses cam\u00e9ras cach\u00e9es devenues cultes sous le nom de \u00ab\u00a0Fran\u00e7ois L&#8217;embrouille\u00a0\u00bb, puis de s&rsquo;imposer sur grand \u00e9cran, c&rsquo;est l&rsquo;absence inattendue d&rsquo;un animateur belge qui a ouvert la voie \u00e0 ce destin peu commun.<\/p>\n<h2>Le D\u00e9clic Inattendu : Quand Jean-Michel Zecca Manquait \u00e0 l&rsquo;Appel<\/h2>\n<p>\u00c0 la fin des ann\u00e9es 1990, Fran\u00e7ois Damiens travaillait en tant qu&rsquo;assistant de production pour l&rsquo;\u00e9mission <em>Si c&rsquo;\u00e9tait vous<\/em>, diffus\u00e9e sur RTL-TVI en Belgique. C&rsquo;est en 1999 que sa vie professionnelle prend une tournure inattendue. Lors d&rsquo;un tournage, l&rsquo;animateur titulaire de l&rsquo;\u00e9poque, Jean-Michel Zecca, est absent. Fran\u00e7ois Damiens est alors sollicit\u00e9 pour le remplacer, une proposition qu&rsquo;il accepte, d&rsquo;abord avec une certaine r\u00e9ticence, puis par jeu et curiosit\u00e9.<\/p>\n<p>Cette improvisation s&rsquo;est av\u00e9r\u00e9e \u00eatre un moment d\u00e9cisif. Face \u00e0 la cam\u00e9ra, Fran\u00e7ois Damiens se r\u00e9v\u00e8le. Son approche naturelle, son sens aigu de l&rsquo;absurde et une \u00e9tonnante assurance s\u00e9duisent imm\u00e9diatement l&rsquo;\u00e9quipe de production. Ce remplacement fortuit n&rsquo;est pas pass\u00e9 inaper\u00e7u et a rapidement men\u00e9 \u00e0 sa promotion en tant qu&rsquo;animateur permanent, lui permettant ainsi de d\u00e9velopper le personnage qui allait le rendre c\u00e9l\u00e8bre.<\/p>\n<h2>L&rsquo;\u00c9mergence de Fran\u00e7ois L&#8217;embrouille, un Ph\u00e9nom\u00e8ne Belge<\/h2>\n<p>C&rsquo;est \u00e0 travers cette opportunit\u00e9 que le personnage embl\u00e9matique de \u00ab\u00a0Fran\u00e7ois L&#8217;embrouille\u00a0\u00bb prend vie. Ce personnage, caract\u00e9ris\u00e9 par un m\u00e9lange d\u00e9tonant d&rsquo;incomp\u00e9tence, de mauvaise foi, d&rsquo;arrogance et d&rsquo;une forme assum\u00e9e de b\u00eatise, contraste fortement avec la personnalit\u00e9 discr\u00e8te et g\u00e9n\u00e9reuse de Fran\u00e7ois Damiens dans la vie r\u00e9elle.<\/p>\n<p>Avec \u00ab\u00a0Fran\u00e7ois L&#8217;embrouille\u00a0\u00bb, Damiens a incarn\u00e9 une multitude de r\u00f4les \u2013 entra\u00eeneur sportif, agent immobilier, serveur, photographe, vendeur \u2013 pla\u00e7ant ses interlocuteurs dans des situations aussi cocasses qu&#8217;embarrassantes. Ce style unique a rapidement conquis la Belgique. Le ph\u00e9nom\u00e8ne s&rsquo;est ensuite propag\u00e9 sur internet, contribuant \u00e0 une reconnaissance grandissante qui, paradoxalement, a contraint Fran\u00e7ois Damiens \u00e0 cesser ses tournages en cam\u00e9ra cach\u00e9e en Belgique en 2004, son visage \u00e9tant devenu trop identifiable. Il se tourne alors vers la France, o\u00f9 Canal+ diffuse largement ses cr\u00e9ations, ancrant d\u00e9finitivement son personnage dans la culture populaire francophone.<\/p>\n<h2>La Transition R\u00e9ussie vers le Cin\u00e9ma<\/h2>\n<p>La cam\u00e9ra cach\u00e9e a \u00e9t\u00e9 un tremplin pour r\u00e9v\u00e9ler le talent naturel de Fran\u00e7ois Damiens, mais c&rsquo;est le cin\u00e9ma qui lui a permis de sculpter son identit\u00e9 artistique. En 2006, il fait ses premiers pas sur grand \u00e9cran dans <em>OSS 117 : Le Caire, nid d&rsquo;espions<\/em> de Michel Hazanavicius. Ce r\u00f4le, et ceux qui suivent dans des films comme <em>Dikkenek<\/em>, <em>Taxi 4<\/em>, <em>15 ans et demi<\/em>, <em>JCVD<\/em>, <em>Incognito<\/em> ou <em>Seuls Two<\/em>, \u00e9tablissent son image d&rsquo;acteur comique, capable d&rsquo;improvisation et d&rsquo;une \u00e9nergie singuli\u00e8re.<\/p>\n<p>Un tournant majeur intervient en 2010 avec son r\u00f4le dans <em>L&rsquo;Arnac\u0153ur<\/em>, o\u00f9 il interpr\u00e8te un technicien d&rsquo;abord bougon mais irr\u00e9sistible, ce qui lui vaut une nomination au C\u00e9sar du meilleur acteur dans un second r\u00f4le. L&rsquo;ann\u00e9e suivante, il confirme son statut d&rsquo;acteur principal dans <em>Une pure affaire<\/em>, une performance salu\u00e9e par le Prix d&rsquo;interpr\u00e9tation masculine au Festival de l&rsquo;Alpe d&rsquo;Huez, o\u00f9 la critique met en avant sa pr\u00e9cision et sa sensibilit\u00e9.<\/p>\n<h2>De la Com\u00e9die au Registre Dramatique : La Polyvalence d&rsquo;un Acteur<\/h2>\n<p>Fran\u00e7ois Damiens a ensuite surpris en abordant des r\u00f4les dramatiques. Ses performances dans <em>Suzanne<\/em> (qui lui vaut une nomination au C\u00e9sar en 2014), <em>La Famille B\u00e9lier<\/em> (nomin\u00e9 au C\u00e9sar en 2015), et <em>Les Cowboys<\/em> (nouvelle nomination au C\u00e9sar du meilleur acteur en 2016) d\u00e9montrent sa capacit\u00e9 \u00e0 \u00e9mouvoir et \u00e0 incarner des personnages complexes. Il r\u00e9v\u00e8le ainsi une polyvalence exceptionnelle, passant du rire aux larmes avec une aisance remarquable.<\/p>\n<p>Sa filmographie s&rsquo;est enrichie de titres vari\u00e9s tels que <em>Tango libre<\/em>, <em>Le Tout Nouveau Testament<\/em>, <em>Des nouvelles de la plan\u00e8te Mars<\/em>, <em>La Danseuse<\/em> et <em>\u00d4tez-moi d&rsquo;un doute<\/em>. En 2018, avec <em>Mon Ket<\/em>, un film audacieux enti\u00e8rement tourn\u00e9 en cam\u00e9ra cach\u00e9e, il r\u00e9alise un clin d&rsquo;\u0153il \u00e0 ses d\u00e9buts, bouclant la boucle entre ses premi\u00e8res impostures et ses aspirations artistiques. Plus r\u00e9cemment, il a continu\u00e9 \u00e0 diversifier ses projets avec des films comme <em>Le Prince oubli\u00e9<\/em>, <em>Mon cousin<\/em>, <em>Le Bonheur des uns\u2026<\/em>, <em>Cette musique ne joue pour personne<\/em>, et <em>Jack Mimoun et les Secrets de Val Verde<\/em>. En 2024, il est attendu dans <em>Sous le vent des Marquises<\/em>, o\u00f9 il interpr\u00e8te un com\u00e9dien bourru sur les traces de Jacques Brel.<\/p>\n<p>Entre l&rsquo;humour incisif de ses cam\u00e9ras cach\u00e9es et la profondeur de ses r\u00f4les dramatiques, Fran\u00e7ois Damiens a b\u00e2ti une carri\u00e8re singuli\u00e8re. Atypique, g\u00e9n\u00e9reux et constamment surprenant, il a su transformer une opportunit\u00e9 inattendue en une v\u00e9ritable success story, prouvant que derri\u00e8re le personnage hilarant de Fran\u00e7ois L&#8217;embrouille se cache un artiste complet, dont le talent a \u00e9t\u00e9 r\u00e9v\u00e9l\u00e9 par un simple remplacement impromptu.<\/p>\n","protected":false},"excerpt":{"rendered":"<p>Le parcours de Fran\u00e7ois Damiens, artiste belge reconnu pour son humour singulier et son talent d&rsquo;acteur, est intrins\u00e8quement li\u00e9 \u00e0 une rencontre fortuite qui a lanc\u00e9 sa carri\u00e8re sous les projecteurs. Avant de conqu\u00e9rir le public francophone avec ses cam\u00e9ras cach\u00e9es devenues cultes sous le nom de \u00ab\u00a0Fran\u00e7ois L&#8217;embrouille\u00a0\u00bb, puis de s&rsquo;imposer sur grand \u00e9cran, [&hellip;]<\/p>\n","protected":false},"author":4,"featured_media":47100,"comment_status":"open","ping_status":"open","sticky":false,"template":"","format":"standard","meta":{"_yoast_wpseo_title":"Fran\u00e7ois Damiens : D\u00e9buts TV et carri\u00e8re d'acteur","_yoast_wpseo_metadesc":"D\u00e9couvrez comment un impr\u00e9vu a propuls\u00e9 Fran\u00e7ois Damiens vers le succ\u00e8s ! De rempla\u00e7ant \u00e0 l'\u00e9cran, il devient Fran\u00e7ois L'embrouille.","_yoast_wpseo_focuskw":"Fran\u00e7ois"},"categories":[5],"tags":[],"class_list":["post-47101","post","type-post","status-publish","format-standard","has-post-thumbnail","hentry","category-divertissement"],"yoast_head":"<!-- This site is optimized with the Yoast SEO plugin v26.3 - https:\/\/yoast.com\/wordpress\/plugins\/seo\/ -->\n<title>Fran\u00e7ois Damiens : D\u00e9buts TV et carri\u00e8re d&#039;acteur<\/title>\n<meta name=\"description\" content=\"D\u00e9couvrez comment un impr\u00e9vu a propuls\u00e9 Fran\u00e7ois Damiens vers le succ\u00e8s ! De rempla\u00e7ant \u00e0 l&#039;\u00e9cran, il devient Fran\u00e7ois L&#039;embrouille.\" \/>\n<meta name=\"robots\" content=\"index, follow, max-snippet:-1, max-image-preview:large, max-video-preview:-1\" \/>\n<link rel=\"canonical\" href=\"https:\/\/elukelele.com\/fr\/divertissement\/francois-damiens-le-declic-qui-a-lance-francois-lembrouille\/\" \/>\n<meta property=\"og:locale\" content=\"fr_FR\" \/>\n<meta property=\"og:type\" content=\"article\" \/>\n<meta property=\"og:title\" content=\"Fran\u00e7ois Damiens : D\u00e9buts TV et carri\u00e8re d&#039;acteur\" \/>\n<meta property=\"og:description\" content=\"D\u00e9couvrez comment un impr\u00e9vu a propuls\u00e9 Fran\u00e7ois Damiens vers le succ\u00e8s ! De rempla\u00e7ant \u00e0 l&#039;\u00e9cran, il devient Fran\u00e7ois L&#039;embrouille.\" \/>\n<meta property=\"og:url\" content=\"https:\/\/elukelele.com\/fr\/divertissement\/francois-damiens-le-declic-qui-a-lance-francois-lembrouille\/\" \/>\n<meta property=\"og:site_name\" content=\"El Ukelele\" \/>\n<meta property=\"article:published_time\" content=\"2025-12-04T04:48:43+00:00\" \/>\n<meta property=\"article:modified_time\" content=\"2025-12-04T04:48:44+00:00\" \/>\n<meta property=\"og:image\" content=\"https:\/\/elukelele.com\/fr\/wp-content\/uploads\/2025\/12\/framed_only-111.png\" \/>\n\t<meta property=\"og:image:width\" content=\"1200\" \/>\n\t<meta property=\"og:image:height\" content=\"628\" \/>\n\t<meta property=\"og:image:type\" content=\"image\/png\" \/>\n<meta name=\"author\" content=\"Daniel Perrin\" \/>\n<meta name=\"twitter:card\" content=\"summary_large_image\" \/>\n<meta name=\"twitter:label1\" content=\"\u00c9crit par\" \/>\n\t<meta name=\"twitter:data1\" content=\"Daniel Perrin\" \/>\n\t<meta name=\"twitter:label2\" content=\"Dur\u00e9e de lecture estim\u00e9e\" \/>\n\t<meta name=\"twitter:data2\" content=\"5 minutes\" \/>\n<script type=\"application\/ld+json\" class=\"yoast-schema-graph\">{\"@context\":\"https:\/\/schema.org\",\"@graph\":[{\"@type\":\"WebPage\",\"@id\":\"https:\/\/elukelele.com\/fr\/divertissement\/francois-damiens-le-declic-qui-a-lance-francois-lembrouille\/\",\"url\":\"https:\/\/elukelele.com\/fr\/divertissement\/francois-damiens-le-declic-qui-a-lance-francois-lembrouille\/\",\"name\":\"Fran\u00e7ois Damiens : D\u00e9buts TV et carri\u00e8re d'acteur\",\"isPartOf\":{\"@id\":\"https:\/\/elukelele.com\/fr\/#website\"},\"primaryImageOfPage\":{\"@id\":\"https:\/\/elukelele.com\/fr\/divertissement\/francois-damiens-le-declic-qui-a-lance-francois-lembrouille\/#primaryimage\"},\"image\":{\"@id\":\"https:\/\/elukelele.com\/fr\/divertissement\/francois-damiens-le-declic-qui-a-lance-francois-lembrouille\/#primaryimage\"},\"thumbnailUrl\":\"https:\/\/elukelele.com\/fr\/wp-content\/uploads\/2025\/12\/framed_only-111.png\",\"datePublished\":\"2025-12-04T04:48:43+00:00\",\"dateModified\":\"2025-12-04T04:48:44+00:00\",\"author\":{\"@id\":\"https:\/\/elukelele.com\/fr\/#\/schema\/person\/ccfb3d2be2ec7fa389608eb6da0b38d6\"},\"description\":\"D\u00e9couvrez comment un impr\u00e9vu a propuls\u00e9 Fran\u00e7ois Damiens vers le succ\u00e8s ! De rempla\u00e7ant \u00e0 l'\u00e9cran, il devient Fran\u00e7ois L'embrouille.\",\"breadcrumb\":{\"@id\":\"https:\/\/elukelele.com\/fr\/divertissement\/francois-damiens-le-declic-qui-a-lance-francois-lembrouille\/#breadcrumb\"},\"inLanguage\":\"fr-FR\",\"potentialAction\":[{\"@type\":\"ReadAction\",\"target\":[\"https:\/\/elukelele.com\/fr\/divertissement\/francois-damiens-le-declic-qui-a-lance-francois-lembrouille\/\"]}]},{\"@type\":\"ImageObject\",\"inLanguage\":\"fr-FR\",\"@id\":\"https:\/\/elukelele.com\/fr\/divertissement\/francois-damiens-le-declic-qui-a-lance-francois-lembrouille\/#primaryimage\",\"url\":\"https:\/\/elukelele.com\/fr\/wp-content\/uploads\/2025\/12\/framed_only-111.png\",\"contentUrl\":\"https:\/\/elukelele.com\/fr\/wp-content\/uploads\/2025\/12\/framed_only-111.png\",\"width\":1200,\"height\":628,\"caption\":\"Fran\u00e7ois\"},{\"@type\":\"BreadcrumbList\",\"@id\":\"https:\/\/elukelele.com\/fr\/divertissement\/francois-damiens-le-declic-qui-a-lance-francois-lembrouille\/#breadcrumb\",\"itemListElement\":[{\"@type\":\"ListItem\",\"position\":1,\"name\":\"Home\",\"item\":\"https:\/\/elukelele.com\/fr\/\"},{\"@type\":\"ListItem\",\"position\":2,\"name\":\"Fran\u00e7ois Damiens : Le d\u00e9clic qui a lanc\u00e9 \u00ab\u00a0Fran\u00e7ois L&#8217;embrouille\u00a0\u00bb\"}]},{\"@type\":\"WebSite\",\"@id\":\"https:\/\/elukelele.com\/fr\/#website\",\"url\":\"https:\/\/elukelele.com\/fr\/\",\"name\":\"El Ukelele\",\"description\":\"Musique au-del\u00e0 de l&#039;indie\",\"potentialAction\":[{\"@type\":\"SearchAction\",\"target\":{\"@type\":\"EntryPoint\",\"urlTemplate\":\"https:\/\/elukelele.com\/fr\/?s={search_term_string}\"},\"query-input\":{\"@type\":\"PropertyValueSpecification\",\"valueRequired\":true,\"valueName\":\"search_term_string\"}}],\"inLanguage\":\"fr-FR\"},{\"@type\":\"Person\",\"@id\":\"https:\/\/elukelele.com\/fr\/#\/schema\/person\/ccfb3d2be2ec7fa389608eb6da0b38d6\",\"name\":\"Daniel Perrin\",\"image\":{\"@type\":\"ImageObject\",\"inLanguage\":\"fr-FR\",\"@id\":\"https:\/\/elukelele.com\/fr\/#\/schema\/person\/image\/\",\"url\":\"https:\/\/secure.gravatar.com\/avatar\/37f9d9ffa29ce5640a0d9c6ca8bbd90afb854014296ecaa0e3a558ac716e6fe4?s=96&d=mm&r=g\",\"contentUrl\":\"https:\/\/secure.gravatar.com\/avatar\/37f9d9ffa29ce5640a0d9c6ca8bbd90afb854014296ecaa0e3a558ac716e6fe4?s=96&d=mm&r=g\",\"caption\":\"Daniel Perrin\"},\"sameAs\":[\"https:\/\/elukelele.com\/fr\"],\"url\":\"https:\/\/elukelele.com\/fr\/author\/daniel-perrin\/\"}]}<\/script>\n<!-- \/ Yoast SEO plugin. -->","yoast_head_json":{"title":"Fran\u00e7ois Damiens : D\u00e9buts TV et carri\u00e8re d'acteur","description":"D\u00e9couvrez comment un impr\u00e9vu a propuls\u00e9 Fran\u00e7ois Damiens vers le succ\u00e8s ! De rempla\u00e7ant \u00e0 l'\u00e9cran, il devient Fran\u00e7ois L'embrouille.","robots":{"index":"index","follow":"follow","max-snippet":"max-snippet:-1","max-image-preview":"max-image-preview:large","max-video-preview":"max-video-preview:-1"},"canonical":"https:\/\/elukelele.com\/fr\/divertissement\/francois-damiens-le-declic-qui-a-lance-francois-lembrouille\/","og_locale":"fr_FR","og_type":"article","og_title":"Fran\u00e7ois Damiens : D\u00e9buts TV et carri\u00e8re d'acteur","og_description":"D\u00e9couvrez comment un impr\u00e9vu a propuls\u00e9 Fran\u00e7ois Damiens vers le succ\u00e8s ! De rempla\u00e7ant \u00e0 l'\u00e9cran, il devient Fran\u00e7ois L'embrouille.","og_url":"https:\/\/elukelele.com\/fr\/divertissement\/francois-damiens-le-declic-qui-a-lance-francois-lembrouille\/","og_site_name":"El Ukelele","article_published_time":"2025-12-04T04:48:43+00:00","article_modified_time":"2025-12-04T04:48:44+00:00","og_image":[{"width":1200,"height":628,"url":"https:\/\/elukelele.com\/fr\/wp-content\/uploads\/2025\/12\/framed_only-111.png","type":"image\/png"}],"author":"Daniel Perrin","twitter_card":"summary_large_image","twitter_misc":{"\u00c9crit par":"Daniel Perrin","Dur\u00e9e de lecture estim\u00e9e":"5 minutes"},"schema":{"@context":"https:\/\/schema.org","@graph":[{"@type":"WebPage","@id":"https:\/\/elukelele.com\/fr\/divertissement\/francois-damiens-le-declic-qui-a-lance-francois-lembrouille\/","url":"https:\/\/elukelele.com\/fr\/divertissement\/francois-damiens-le-declic-qui-a-lance-francois-lembrouille\/","name":"Fran\u00e7ois Damiens : D\u00e9buts TV et carri\u00e8re d'acteur","isPartOf":{"@id":"https:\/\/elukelele.com\/fr\/#website"},"primaryImageOfPage":{"@id":"https:\/\/elukelele.com\/fr\/divertissement\/francois-damiens-le-declic-qui-a-lance-francois-lembrouille\/#primaryimage"},"image":{"@id":"https:\/\/elukelele.com\/fr\/divertissement\/francois-damiens-le-declic-qui-a-lance-francois-lembrouille\/#primaryimage"},"thumbnailUrl":"https:\/\/elukelele.com\/fr\/wp-content\/uploads\/2025\/12\/framed_only-111.png","datePublished":"2025-12-04T04:48:43+00:00","dateModified":"2025-12-04T04:48:44+00:00","author":{"@id":"https:\/\/elukelele.com\/fr\/#\/schema\/person\/ccfb3d2be2ec7fa389608eb6da0b38d6"},"description":"D\u00e9couvrez comment un impr\u00e9vu a propuls\u00e9 Fran\u00e7ois Damiens vers le succ\u00e8s ! De rempla\u00e7ant \u00e0 l'\u00e9cran, il devient Fran\u00e7ois L'embrouille.","breadcrumb":{"@id":"https:\/\/elukelele.com\/fr\/divertissement\/francois-damiens-le-declic-qui-a-lance-francois-lembrouille\/#breadcrumb"},"inLanguage":"fr-FR","potentialAction":[{"@type":"ReadAction","target":["https:\/\/elukelele.com\/fr\/divertissement\/francois-damiens-le-declic-qui-a-lance-francois-lembrouille\/"]}]},{"@type":"ImageObject","inLanguage":"fr-FR","@id":"https:\/\/elukelele.com\/fr\/divertissement\/francois-damiens-le-declic-qui-a-lance-francois-lembrouille\/#primaryimage","url":"https:\/\/elukelele.com\/fr\/wp-content\/uploads\/2025\/12\/framed_only-111.png","contentUrl":"https:\/\/elukelele.com\/fr\/wp-content\/uploads\/2025\/12\/framed_only-111.png","width":1200,"height":628,"caption":"Fran\u00e7ois"},{"@type":"BreadcrumbList","@id":"https:\/\/elukelele.com\/fr\/divertissement\/francois-damiens-le-declic-qui-a-lance-francois-lembrouille\/#breadcrumb","itemListElement":[{"@type":"ListItem","position":1,"name":"Home","item":"https:\/\/elukelele.com\/fr\/"},{"@type":"ListItem","position":2,"name":"Fran\u00e7ois Damiens : Le d\u00e9clic qui a lanc\u00e9 \u00ab\u00a0Fran\u00e7ois L&#8217;embrouille\u00a0\u00bb"}]},{"@type":"WebSite","@id":"https:\/\/elukelele.com\/fr\/#website","url":"https:\/\/elukelele.com\/fr\/","name":"El Ukelele","description":"Musique au-del\u00e0 de l&#039;indie","potentialAction":[{"@type":"SearchAction","target":{"@type":"EntryPoint","urlTemplate":"https:\/\/elukelele.com\/fr\/?s={search_term_string}"},"query-input":{"@type":"PropertyValueSpecification","valueRequired":true,"valueName":"search_term_string"}}],"inLanguage":"fr-FR"},{"@type":"Person","@id":"https:\/\/elukelele.com\/fr\/#\/schema\/person\/ccfb3d2be2ec7fa389608eb6da0b38d6","name":"Daniel Perrin","image":{"@type":"ImageObject","inLanguage":"fr-FR","@id":"https:\/\/elukelele.com\/fr\/#\/schema\/person\/image\/","url":"https:\/\/secure.gravatar.com\/avatar\/37f9d9ffa29ce5640a0d9c6ca8bbd90afb854014296ecaa0e3a558ac716e6fe4?s=96&d=mm&r=g","contentUrl":"https:\/\/secure.gravatar.com\/avatar\/37f9d9ffa29ce5640a0d9c6ca8bbd90afb854014296ecaa0e3a558ac716e6fe4?s=96&d=mm&r=g","caption":"Daniel Perrin"},"sameAs":["https:\/\/elukelele.com\/fr"],"url":"https:\/\/elukelele.com\/fr\/author\/daniel-perrin\/"}]}},"_links":{"self":[{"href":"https:\/\/elukelele.com\/fr\/wp-json\/wp\/v2\/posts\/47101","targetHints":{"allow":["GET"]}}],"collection":[{"href":"https:\/\/elukelele.com\/fr\/wp-json\/wp\/v2\/posts"}],"about":[{"href":"https:\/\/elukelele.com\/fr\/wp-json\/wp\/v2\/types\/post"}],"author":[{"embeddable":true,"href":"https:\/\/elukelele.com\/fr\/wp-json\/wp\/v2\/users\/4"}],"replies":[{"embeddable":true,"href":"https:\/\/elukelele.com\/fr\/wp-json\/wp\/v2\/comments?post=47101"}],"version-history":[{"count":1,"href":"https:\/\/elukelele.com\/fr\/wp-json\/wp\/v2\/posts\/47101\/revisions"}],"predecessor-version":[{"id":47451,"href":"https:\/\/elukelele.com\/fr\/wp-json\/wp\/v2\/posts\/47101\/revisions\/47451"}],"wp:featuredmedia":[{"embeddable":true,"href":"https:\/\/elukelele.com\/fr\/wp-json\/wp\/v2\/media\/47100"}],"wp:attachment":[{"href":"https:\/\/elukelele.com\/fr\/wp-json\/wp\/v2\/media?parent=47101"}],"wp:term":[{"taxonomy":"category","embeddable":true,"href":"https:\/\/elukelele.com\/fr\/wp-json\/wp\/v2\/categories?post=47101"},{"taxonomy":"post_tag","embeddable":true,"href":"https:\/\/elukelele.com\/fr\/wp-json\/wp\/v2\/tags?post=47101"}],"curies":[{"name":"wp","href":"https:\/\/api.w.org\/{rel}","templated":true}]}}