{"id":47079,"date":"2025-12-04T04:35:54","date_gmt":"2025-12-04T04:35:54","guid":{"rendered":"https:\/\/elukelele.com\/fr\/?p=47079"},"modified":"2025-12-04T04:35:55","modified_gmt":"2025-12-04T04:35:55","slug":"ben-attal-langleterre-ville-des-thermes-et-de-son-exil","status":"publish","type":"post","link":"https:\/\/elukelele.com\/fr\/divertissement\/ben-attal-langleterre-ville-des-thermes-et-de-son-exil\/","title":{"rendered":"Ben Attal : L&rsquo;Angleterre, ville des thermes et de son exil"},"content":{"rendered":"<p>Ben Attal, fils des c\u00e9l\u00e8bres acteurs Yvan Attal et Charlotte Gainsbourg, a trac\u00e9 un parcours distinct, marqu\u00e9 notamment par un exil formateur en Angleterre. \u00c0 l&rsquo;\u00e2ge de 15 ans, il a choisi de s&rsquo;installer dans une ville anglaise r\u00e9put\u00e9e pour ses thermes, une exp\u00e9rience qui a profond\u00e9ment influenc\u00e9 sa construction personnelle et professionnelle, loin des projecteurs parisiens. Cette p\u00e9riode d&rsquo;autonomie a fa\u00e7onn\u00e9 l&rsquo;acteur que le public d\u00e9couvre aujourd&rsquo;hui, notamment dans des productions comme la s\u00e9rie polici\u00e8re <em>Ardennes<\/em> de Jos\u00e9e Dayan.<\/p>\n<h2>Ben Attal, un com\u00e9dien au parcours singulier<\/h2>\n<p>Malgr\u00e9 son jeune \u00e2ge, Ben Attal, aujourd&rsquo;hui \u00e2g\u00e9 de 28 ans, affiche une carri\u00e8re d\u00e9j\u00e0 notable. Ses premi\u00e8res apparitions \u00e0 l&rsquo;\u00e9cran remontent \u00e0 l&rsquo;enfance, souvent sous la direction de son p\u00e8re, Yvan Attal. On l&rsquo;a vu dans des films tels que <em>Ma femme est une actrice<\/em> (2001) et <em>Ils se mari\u00e8rent et eurent beaucoup d\u2019enfants<\/em> (2004). Ces r\u00f4les initiaux l&rsquo;ont familiaris\u00e9 avec l&rsquo;univers du cin\u00e9ma sans pour autant le destiner imm\u00e9diatement \u00e0 ce m\u00e9tier.<\/p>\n<p>Le tournant s&rsquo;est op\u00e9r\u00e9 plus tard avec des r\u00f4les plus substantiels, comme celui de Rapha\u00ebl Mohen dans <em>Mon chien stupide<\/em> (2019). Il a ensuite tenu le r\u00f4le principal dans l&rsquo;ambitieuse adaptation litt\u00e9raire <em>Les Choses humaines<\/em> (2021). Sa participation \u00e0 d&rsquo;autres projets, comme <em>Une jeune fille qui va bien<\/em> (2022) de Sandrine Kiberlain et <em>Les Rois de la piste<\/em> (2023) de Thierry Klifa, a confirm\u00e9 son statut d&rsquo;acteur en pleine \u00e9mancipation.<\/p>\n<h2>L&rsquo;\u00c9chapp\u00e9e Belle \u00e0 Bath : Plus qu&rsquo;un simple d\u00e9m\u00e9nagement<\/h2>\n<p>Longtemps, l&rsquo;id\u00e9e d&#8217;embrasser une carri\u00e8re d&rsquo;acteur n&rsquo;\u00e9tait pas une \u00e9vidence pour Ben Attal. \u00c0 15 ans, il a pris la d\u00e9cision de quitter le cadre familial et de s&rsquo;installer au Royaume-Uni. La ville choisie fut Bath, une destination embl\u00e9matique de l&rsquo;Angleterre, mondialement connue pour ses thermes historiques et son riche h\u00e9ritage romain.<\/p>\n<p>Ce d\u00e9m\u00e9nagement n&rsquo;\u00e9tait pas seulement motiv\u00e9 par une idylle adolescente avec sa petite amie de l&rsquo;\u00e9poque, qui y \u00e9tudiait. Il repr\u00e9sentait \u00e9galement un d\u00e9sir profond d&rsquo;\u00e9chapper \u00e0 la pression d&rsquo;un environnement familial m\u00e9diatis\u00e9, offrant \u00e0 Ben l&rsquo;opportunit\u00e9 de se forger une identit\u00e9 loin des attentes.<\/p>\n<h2>De la cuisine au cin\u00e9ma : Une formation inattendue<\/h2>\n<p>\u00c0 Bath, loin des plateaux de cin\u00e9ma, Ben Attal s&rsquo;est orient\u00e9 vers un tout autre domaine : la cuisine. Il a suivi une formation de chef cuisinier et a travaill\u00e9 dans un restaurant local, une exp\u00e9rience qui lui a inculqu\u00e9 la rigueur et la discipline du monde du travail. Il a d\u00fb \u00ab\u00a0gagner sa vie comme tout le monde\u00a0\u00bb, selon ses propres mots, une p\u00e9riode qu&rsquo;il d\u00e9crit comme un ancrage dans le r\u00e9el. Cette parenth\u00e8se culinaire a non seulement d\u00e9velopp\u00e9 son autonomie mais l&rsquo;a \u00e9galement tenu \u00e9loign\u00e9, pour un temps, de la voie artistique vers laquelle il reviendrait finalement.<\/p>\n<h2>Les Relations Familiales : Un Pass\u00e9 Complexe, un Pr\u00e9sent Apais\u00e9<\/h2>\n<p>Le d\u00e9part de Ben Attal pour l&rsquo;Angleterre en 2013 est survenu dans un contexte familial difficile, marqu\u00e9 par le d\u00e9c\u00e8s tragique de Kate Barry, la s\u0153ur a\u00een\u00e9e de Charlotte Gainsbourg. Charlotte, profond\u00e9ment affect\u00e9e, s&rsquo;\u00e9tait alors exil\u00e9e \u00e0 New York avec Yvan Attal. Ben, quant \u00e0 lui, avait choisi Bath, ce qui a entra\u00een\u00e9 une p\u00e9riode de tension et de \u00ab\u00a0guerre\u00a0\u00bb entre la m\u00e8re et le fils. Charlotte Gainsbourg a exprim\u00e9 le sentiment de culpabilit\u00e9 d&rsquo;avoir quitt\u00e9 Paris et son fils adolescent.<\/p>\n<p>Cependant, le temps a permis d&rsquo;apaiser ces blessures. Aujourd&rsquo;hui, Ben Attal et Charlotte Gainsbourg entretiennent une relation tr\u00e8s proche, se voyant \u00ab\u00a0tous les jours\u00a0\u00bb et collaborant m\u00eame sur des projets, notamment autour de la maison de Serge Gainsbourg. Ben reconna\u00eet en sa m\u00e8re un soutien pr\u00e9cieux dans sa carri\u00e8re.<\/p>\n<h2>Conclusion<\/h2>\n<p>L&rsquo;exp\u00e9rience de Ben Attal \u00e0 Bath, cette ville anglaise aux thermes renomm\u00e9s, a \u00e9t\u00e9 bien plus qu&rsquo;une simple \u00e9tape de son adolescence. Elle a \u00e9t\u00e9 un catalyseur pour son ind\u00e9pendance et la construction de son caract\u00e8re. Le passage de la cuisine au cin\u00e9ma t\u00e9moigne d&rsquo;une trajectoire singuli\u00e8re, o\u00f9 l&rsquo;acteur a su se r\u00e9inventer et trouver sa propre voix. Aujourd&rsquo;hui, avec des projets comme la s\u00e9rie <em>Ardennes<\/em>, Ben Attal confirme son cheminement artistique, loin des \u00e9tiquettes, et continue de s&rsquo;affirmer comme un acteur \u00e0 part enti\u00e8re.<\/p>\n","protected":false},"excerpt":{"rendered":"<p>Ben Attal, fils des c\u00e9l\u00e8bres acteurs Yvan Attal et Charlotte Gainsbourg, a trac\u00e9 un parcours distinct, marqu\u00e9 notamment par un exil formateur en Angleterre. \u00c0 l&rsquo;\u00e2ge de 15 ans, il a choisi de s&rsquo;installer dans une ville anglaise r\u00e9put\u00e9e pour ses thermes, une exp\u00e9rience qui a profond\u00e9ment influenc\u00e9 sa construction personnelle et professionnelle, loin des [&hellip;]<\/p>\n","protected":false},"author":4,"featured_media":47077,"comment_status":"open","ping_status":"open","sticky":false,"template":"","format":"standard","meta":{"_yoast_wpseo_title":"Ben Attal : Parcours et carri\u00e8re de l'acteur fran\u00e7ais","_yoast_wpseo_metadesc":"D\u00e9couvrez le parcours de Ben Attal, qui a forg\u00e9 son identit\u00e9 loin de Paris. Son adolescence dans une ville anglaise, c\u00e9l\u00e8bre pour ses thermes.","_yoast_wpseo_focuskw":"Ben"},"categories":[5],"tags":[],"class_list":["post-47079","post","type-post","status-publish","format-standard","has-post-thumbnail","hentry","category-divertissement"],"yoast_head":"<!-- This site is optimized with the Yoast SEO plugin v26.3 - https:\/\/yoast.com\/wordpress\/plugins\/seo\/ -->\n<title>Ben Attal : Parcours et carri\u00e8re de l&#039;acteur fran\u00e7ais<\/title>\n<meta name=\"description\" content=\"D\u00e9couvrez le parcours de Ben Attal, qui a forg\u00e9 son identit\u00e9 loin de Paris. Son adolescence dans une ville anglaise, c\u00e9l\u00e8bre pour ses thermes.\" \/>\n<meta name=\"robots\" content=\"index, follow, max-snippet:-1, max-image-preview:large, max-video-preview:-1\" \/>\n<link rel=\"canonical\" href=\"https:\/\/elukelele.com\/fr\/divertissement\/ben-attal-langleterre-ville-des-thermes-et-de-son-exil\/\" \/>\n<meta property=\"og:locale\" content=\"fr_FR\" \/>\n<meta property=\"og:type\" content=\"article\" \/>\n<meta property=\"og:title\" content=\"Ben Attal : Parcours et carri\u00e8re de l&#039;acteur fran\u00e7ais\" \/>\n<meta property=\"og:description\" content=\"D\u00e9couvrez le parcours de Ben Attal, qui a forg\u00e9 son identit\u00e9 loin de Paris. Son adolescence dans une ville anglaise, c\u00e9l\u00e8bre pour ses thermes.\" \/>\n<meta property=\"og:url\" content=\"https:\/\/elukelele.com\/fr\/divertissement\/ben-attal-langleterre-ville-des-thermes-et-de-son-exil\/\" \/>\n<meta property=\"og:site_name\" content=\"El Ukelele\" \/>\n<meta property=\"article:published_time\" content=\"2025-12-04T04:35:54+00:00\" \/>\n<meta property=\"article:modified_time\" content=\"2025-12-04T04:35:55+00:00\" \/>\n<meta property=\"og:image\" content=\"https:\/\/elukelele.com\/fr\/wp-content\/uploads\/2025\/12\/framed_only-100.png\" \/>\n\t<meta property=\"og:image:width\" content=\"1200\" \/>\n\t<meta property=\"og:image:height\" content=\"628\" \/>\n\t<meta property=\"og:image:type\" content=\"image\/png\" \/>\n<meta name=\"author\" content=\"Daniel Perrin\" \/>\n<meta name=\"twitter:card\" content=\"summary_large_image\" \/>\n<meta name=\"twitter:label1\" content=\"\u00c9crit par\" \/>\n\t<meta name=\"twitter:data1\" content=\"Daniel Perrin\" \/>\n\t<meta name=\"twitter:label2\" content=\"Dur\u00e9e de lecture estim\u00e9e\" \/>\n\t<meta name=\"twitter:data2\" content=\"4 minutes\" \/>\n<script type=\"application\/ld+json\" class=\"yoast-schema-graph\">{\"@context\":\"https:\/\/schema.org\",\"@graph\":[{\"@type\":\"WebPage\",\"@id\":\"https:\/\/elukelele.com\/fr\/divertissement\/ben-attal-langleterre-ville-des-thermes-et-de-son-exil\/\",\"url\":\"https:\/\/elukelele.com\/fr\/divertissement\/ben-attal-langleterre-ville-des-thermes-et-de-son-exil\/\",\"name\":\"Ben Attal : Parcours et carri\u00e8re de l'acteur fran\u00e7ais\",\"isPartOf\":{\"@id\":\"https:\/\/elukelele.com\/fr\/#website\"},\"primaryImageOfPage\":{\"@id\":\"https:\/\/elukelele.com\/fr\/divertissement\/ben-attal-langleterre-ville-des-thermes-et-de-son-exil\/#primaryimage\"},\"image\":{\"@id\":\"https:\/\/elukelele.com\/fr\/divertissement\/ben-attal-langleterre-ville-des-thermes-et-de-son-exil\/#primaryimage\"},\"thumbnailUrl\":\"https:\/\/elukelele.com\/fr\/wp-content\/uploads\/2025\/12\/framed_only-100.png\",\"datePublished\":\"2025-12-04T04:35:54+00:00\",\"dateModified\":\"2025-12-04T04:35:55+00:00\",\"author\":{\"@id\":\"https:\/\/elukelele.com\/fr\/#\/schema\/person\/ccfb3d2be2ec7fa389608eb6da0b38d6\"},\"description\":\"D\u00e9couvrez le parcours de Ben Attal, qui a forg\u00e9 son identit\u00e9 loin de Paris. Son adolescence dans une ville anglaise, c\u00e9l\u00e8bre pour ses thermes.\",\"breadcrumb\":{\"@id\":\"https:\/\/elukelele.com\/fr\/divertissement\/ben-attal-langleterre-ville-des-thermes-et-de-son-exil\/#breadcrumb\"},\"inLanguage\":\"fr-FR\",\"potentialAction\":[{\"@type\":\"ReadAction\",\"target\":[\"https:\/\/elukelele.com\/fr\/divertissement\/ben-attal-langleterre-ville-des-thermes-et-de-son-exil\/\"]}]},{\"@type\":\"ImageObject\",\"inLanguage\":\"fr-FR\",\"@id\":\"https:\/\/elukelele.com\/fr\/divertissement\/ben-attal-langleterre-ville-des-thermes-et-de-son-exil\/#primaryimage\",\"url\":\"https:\/\/elukelele.com\/fr\/wp-content\/uploads\/2025\/12\/framed_only-100.png\",\"contentUrl\":\"https:\/\/elukelele.com\/fr\/wp-content\/uploads\/2025\/12\/framed_only-100.png\",\"width\":1200,\"height\":628,\"caption\":\"Ben\"},{\"@type\":\"BreadcrumbList\",\"@id\":\"https:\/\/elukelele.com\/fr\/divertissement\/ben-attal-langleterre-ville-des-thermes-et-de-son-exil\/#breadcrumb\",\"itemListElement\":[{\"@type\":\"ListItem\",\"position\":1,\"name\":\"Home\",\"item\":\"https:\/\/elukelele.com\/fr\/\"},{\"@type\":\"ListItem\",\"position\":2,\"name\":\"Ben Attal : L&rsquo;Angleterre, ville des thermes et de son exil\"}]},{\"@type\":\"WebSite\",\"@id\":\"https:\/\/elukelele.com\/fr\/#website\",\"url\":\"https:\/\/elukelele.com\/fr\/\",\"name\":\"El Ukelele\",\"description\":\"Musique au-del\u00e0 de l&#039;indie\",\"potentialAction\":[{\"@type\":\"SearchAction\",\"target\":{\"@type\":\"EntryPoint\",\"urlTemplate\":\"https:\/\/elukelele.com\/fr\/?s={search_term_string}\"},\"query-input\":{\"@type\":\"PropertyValueSpecification\",\"valueRequired\":true,\"valueName\":\"search_term_string\"}}],\"inLanguage\":\"fr-FR\"},{\"@type\":\"Person\",\"@id\":\"https:\/\/elukelele.com\/fr\/#\/schema\/person\/ccfb3d2be2ec7fa389608eb6da0b38d6\",\"name\":\"Daniel Perrin\",\"image\":{\"@type\":\"ImageObject\",\"inLanguage\":\"fr-FR\",\"@id\":\"https:\/\/elukelele.com\/fr\/#\/schema\/person\/image\/\",\"url\":\"https:\/\/secure.gravatar.com\/avatar\/37f9d9ffa29ce5640a0d9c6ca8bbd90afb854014296ecaa0e3a558ac716e6fe4?s=96&d=mm&r=g\",\"contentUrl\":\"https:\/\/secure.gravatar.com\/avatar\/37f9d9ffa29ce5640a0d9c6ca8bbd90afb854014296ecaa0e3a558ac716e6fe4?s=96&d=mm&r=g\",\"caption\":\"Daniel Perrin\"},\"sameAs\":[\"https:\/\/elukelele.com\/fr\"],\"url\":\"https:\/\/elukelele.com\/fr\/author\/daniel-perrin\/\"}]}<\/script>\n<!-- \/ Yoast SEO plugin. -->","yoast_head_json":{"title":"Ben Attal : Parcours et carri\u00e8re de l'acteur fran\u00e7ais","description":"D\u00e9couvrez le parcours de Ben Attal, qui a forg\u00e9 son identit\u00e9 loin de Paris. Son adolescence dans une ville anglaise, c\u00e9l\u00e8bre pour ses thermes.","robots":{"index":"index","follow":"follow","max-snippet":"max-snippet:-1","max-image-preview":"max-image-preview:large","max-video-preview":"max-video-preview:-1"},"canonical":"https:\/\/elukelele.com\/fr\/divertissement\/ben-attal-langleterre-ville-des-thermes-et-de-son-exil\/","og_locale":"fr_FR","og_type":"article","og_title":"Ben Attal : Parcours et carri\u00e8re de l'acteur fran\u00e7ais","og_description":"D\u00e9couvrez le parcours de Ben Attal, qui a forg\u00e9 son identit\u00e9 loin de Paris. Son adolescence dans une ville anglaise, c\u00e9l\u00e8bre pour ses thermes.","og_url":"https:\/\/elukelele.com\/fr\/divertissement\/ben-attal-langleterre-ville-des-thermes-et-de-son-exil\/","og_site_name":"El Ukelele","article_published_time":"2025-12-04T04:35:54+00:00","article_modified_time":"2025-12-04T04:35:55+00:00","og_image":[{"width":1200,"height":628,"url":"https:\/\/elukelele.com\/fr\/wp-content\/uploads\/2025\/12\/framed_only-100.png","type":"image\/png"}],"author":"Daniel Perrin","twitter_card":"summary_large_image","twitter_misc":{"\u00c9crit par":"Daniel Perrin","Dur\u00e9e de lecture estim\u00e9e":"4 minutes"},"schema":{"@context":"https:\/\/schema.org","@graph":[{"@type":"WebPage","@id":"https:\/\/elukelele.com\/fr\/divertissement\/ben-attal-langleterre-ville-des-thermes-et-de-son-exil\/","url":"https:\/\/elukelele.com\/fr\/divertissement\/ben-attal-langleterre-ville-des-thermes-et-de-son-exil\/","name":"Ben Attal : Parcours et carri\u00e8re de l'acteur fran\u00e7ais","isPartOf":{"@id":"https:\/\/elukelele.com\/fr\/#website"},"primaryImageOfPage":{"@id":"https:\/\/elukelele.com\/fr\/divertissement\/ben-attal-langleterre-ville-des-thermes-et-de-son-exil\/#primaryimage"},"image":{"@id":"https:\/\/elukelele.com\/fr\/divertissement\/ben-attal-langleterre-ville-des-thermes-et-de-son-exil\/#primaryimage"},"thumbnailUrl":"https:\/\/elukelele.com\/fr\/wp-content\/uploads\/2025\/12\/framed_only-100.png","datePublished":"2025-12-04T04:35:54+00:00","dateModified":"2025-12-04T04:35:55+00:00","author":{"@id":"https:\/\/elukelele.com\/fr\/#\/schema\/person\/ccfb3d2be2ec7fa389608eb6da0b38d6"},"description":"D\u00e9couvrez le parcours de Ben Attal, qui a forg\u00e9 son identit\u00e9 loin de Paris. Son adolescence dans une ville anglaise, c\u00e9l\u00e8bre pour ses thermes.","breadcrumb":{"@id":"https:\/\/elukelele.com\/fr\/divertissement\/ben-attal-langleterre-ville-des-thermes-et-de-son-exil\/#breadcrumb"},"inLanguage":"fr-FR","potentialAction":[{"@type":"ReadAction","target":["https:\/\/elukelele.com\/fr\/divertissement\/ben-attal-langleterre-ville-des-thermes-et-de-son-exil\/"]}]},{"@type":"ImageObject","inLanguage":"fr-FR","@id":"https:\/\/elukelele.com\/fr\/divertissement\/ben-attal-langleterre-ville-des-thermes-et-de-son-exil\/#primaryimage","url":"https:\/\/elukelele.com\/fr\/wp-content\/uploads\/2025\/12\/framed_only-100.png","contentUrl":"https:\/\/elukelele.com\/fr\/wp-content\/uploads\/2025\/12\/framed_only-100.png","width":1200,"height":628,"caption":"Ben"},{"@type":"BreadcrumbList","@id":"https:\/\/elukelele.com\/fr\/divertissement\/ben-attal-langleterre-ville-des-thermes-et-de-son-exil\/#breadcrumb","itemListElement":[{"@type":"ListItem","position":1,"name":"Home","item":"https:\/\/elukelele.com\/fr\/"},{"@type":"ListItem","position":2,"name":"Ben Attal : L&rsquo;Angleterre, ville des thermes et de son exil"}]},{"@type":"WebSite","@id":"https:\/\/elukelele.com\/fr\/#website","url":"https:\/\/elukelele.com\/fr\/","name":"El Ukelele","description":"Musique au-del\u00e0 de l&#039;indie","potentialAction":[{"@type":"SearchAction","target":{"@type":"EntryPoint","urlTemplate":"https:\/\/elukelele.com\/fr\/?s={search_term_string}"},"query-input":{"@type":"PropertyValueSpecification","valueRequired":true,"valueName":"search_term_string"}}],"inLanguage":"fr-FR"},{"@type":"Person","@id":"https:\/\/elukelele.com\/fr\/#\/schema\/person\/ccfb3d2be2ec7fa389608eb6da0b38d6","name":"Daniel Perrin","image":{"@type":"ImageObject","inLanguage":"fr-FR","@id":"https:\/\/elukelele.com\/fr\/#\/schema\/person\/image\/","url":"https:\/\/secure.gravatar.com\/avatar\/37f9d9ffa29ce5640a0d9c6ca8bbd90afb854014296ecaa0e3a558ac716e6fe4?s=96&d=mm&r=g","contentUrl":"https:\/\/secure.gravatar.com\/avatar\/37f9d9ffa29ce5640a0d9c6ca8bbd90afb854014296ecaa0e3a558ac716e6fe4?s=96&d=mm&r=g","caption":"Daniel Perrin"},"sameAs":["https:\/\/elukelele.com\/fr"],"url":"https:\/\/elukelele.com\/fr\/author\/daniel-perrin\/"}]}},"_links":{"self":[{"href":"https:\/\/elukelele.com\/fr\/wp-json\/wp\/v2\/posts\/47079","targetHints":{"allow":["GET"]}}],"collection":[{"href":"https:\/\/elukelele.com\/fr\/wp-json\/wp\/v2\/posts"}],"about":[{"href":"https:\/\/elukelele.com\/fr\/wp-json\/wp\/v2\/types\/post"}],"author":[{"embeddable":true,"href":"https:\/\/elukelele.com\/fr\/wp-json\/wp\/v2\/users\/4"}],"replies":[{"embeddable":true,"href":"https:\/\/elukelele.com\/fr\/wp-json\/wp\/v2\/comments?post=47079"}],"version-history":[{"count":1,"href":"https:\/\/elukelele.com\/fr\/wp-json\/wp\/v2\/posts\/47079\/revisions"}],"predecessor-version":[{"id":47450,"href":"https:\/\/elukelele.com\/fr\/wp-json\/wp\/v2\/posts\/47079\/revisions\/47450"}],"wp:featuredmedia":[{"embeddable":true,"href":"https:\/\/elukelele.com\/fr\/wp-json\/wp\/v2\/media\/47077"}],"wp:attachment":[{"href":"https:\/\/elukelele.com\/fr\/wp-json\/wp\/v2\/media?parent=47079"}],"wp:term":[{"taxonomy":"category","embeddable":true,"href":"https:\/\/elukelele.com\/fr\/wp-json\/wp\/v2\/categories?post=47079"},{"taxonomy":"post_tag","embeddable":true,"href":"https:\/\/elukelele.com\/fr\/wp-json\/wp\/v2\/tags?post=47079"}],"curies":[{"name":"wp","href":"https:\/\/api.w.org\/{rel}","templated":true}]}}