{"id":47071,"date":"2025-12-04T04:34:13","date_gmt":"2025-12-04T04:34:13","guid":{"rendered":"https:\/\/elukelele.com\/fr\/?p=47071"},"modified":"2025-12-04T04:34:14","modified_gmt":"2025-12-04T04:34:14","slug":"pierre-garnier-helena-rejoint-lartiste-sur-scene-a-bruxelles","status":"publish","type":"post","link":"https:\/\/elukelele.com\/fr\/divertissement\/pierre-garnier-helena-rejoint-lartiste-sur-scene-a-bruxelles\/","title":{"rendered":"Pierre Garnier : Helena rejoint l&rsquo;artiste sur sc\u00e8ne \u00e0 Bruxelles"},"content":{"rendered":"<p>Le public bruxellois a eu droit \u00e0 une surprise m\u00e9morable lors du concert de Pierre Garnier, le vainqueur de la \u00ab\u00a0Star Academy\u00a0\u00bb 2023. Alors qu&rsquo;il \u00e9tait en pleine tourn\u00e9e pour son \u00ab\u00a0Chaque Seconde Tour\u00a0\u00bb, l&rsquo;artiste a \u00e9t\u00e9 rejoint sur sc\u00e8ne par son amie Helena, cr\u00e9ant un moment d&rsquo;\u00e9motion partag\u00e9 avec les 8 000 spectateurs du Forest National. Ensemble, ils ont interpr\u00e9t\u00e9 \u00ab\u00a0Boule au ventre\u00a0\u00bb, un duo qui a ravi les fans et a \u00e9t\u00e9 largement relay\u00e9 sur les r\u00e9seaux sociaux.<\/p>\n<h2 class=\"wp-block-heading\">Un Duo Inattendu en Plein \u00ab\u00a0Chaque Seconde Tour\u00a0\u00bb<\/h2>\n<p>Pierre Garnier, dont le succ\u00e8s ne cesse de cro\u00eetre depuis sa victoire \u00e0 la \u00ab\u00a0Star Academy\u00a0\u00bb en f\u00e9vrier 2024, parcourt la France, la Suisse et la Belgique avec son \u00ab\u00a0Chaque Seconde Tour\u00a0\u00bb. Cette tourn\u00e9e, qui compte un total de 64 dates, a d\u00e9j\u00e0 vu le jeune chanteur interpr\u00e9ter ses titres phares tels que \u00ab\u00a0Ceux qu&rsquo;on \u00e9tait\u00a0\u00bb, \u00ab\u00a0Nous on sait\u00a0\u00bb, \u00ab\u00a0Adieu nous deux\u00a0\u00bb, \u00ab\u00a0L&rsquo;horizon\u00a0\u00bb et \u00ab\u00a0Chaque seconde\u00a0\u00bb.<\/p>\n<p>Le concert du 2 d\u00e9cembre \u00e0 Bruxelles, cinqui\u00e8me repr\u00e9sentation de la tourn\u00e9e dans la capitale belge, \u00e9tait d\u00e9j\u00e0 un \u00e9v\u00e9nement en soi. Mais c&rsquo;est l&rsquo;apparition inattendue d&rsquo;Helena sur sc\u00e8ne qui a v\u00e9ritablement marqu\u00e9 la soir\u00e9e. Helena, originaire de Belgique et \u00e9galement ancienne candidate de la \u00ab\u00a0Star Academy\u00a0\u00bb, jouit d&rsquo;une grande popularit\u00e9 dans son pays. Elle est d&rsquo;ailleurs attendue sur la m\u00eame sc\u00e8ne du Forest National les 8 et 9 d\u00e9cembre prochains pour ses propres concerts, affichant d\u00e9j\u00e0 \u00ab\u00a0complet\u00a0\u00bb, avec une troisi\u00e8me date pr\u00e9vue en avril 2026.<\/p>\n<h2 class=\"wp-block-heading\">Pierre Garnier et Helena : La Magie de \u00ab\u00a0Boule au ventre\u00a0\u00bb<\/h2>\n<p>Loin de reprendre l&rsquo;un des titres de Pierre Garnier, c&rsquo;est sur une chanson d&rsquo;Helena, \u00ab\u00a0Boule au ventre\u00a0\u00bb, que le duo a choisi de se produire. Assis sur une estrade, les deux artistes ont offert une interpr\u00e9tation pleine de sensibilit\u00e9 de ce titre m\u00e9lancolique. Le public, visiblement touch\u00e9, a repris les paroles en ch\u0153ur, t\u00e9moignant de l&rsquo;attachement qu&rsquo;il porte \u00e0 ces deux figures de la nouvelle sc\u00e8ne musicale fran\u00e7aise.<\/p>\n<p>Ce moment de complicit\u00e9 a \u00e9t\u00e9 immortalis\u00e9 par des spectateurs et rapidement partag\u00e9 sur les plateformes comme X (anciennement Twitter), notamment par le compte officiel de RTL2, amplifiant l&rsquo;\u00e9cho de cette surprise.<\/p>\n<h2 class=\"wp-block-heading\">L&rsquo;Impact des Retrouvailles Post-\u00ab\u00a0Star Academy\u00a0\u00bb<\/h2>\n<p>Les retrouvailles de Pierre Garnier et Helena sur sc\u00e8ne soulignent la forte connexion qui unit les anciens \u00e9l\u00e8ves de la \u00ab\u00a0Star Academy\u00a0\u00bb. Ces moments de partage musical au-del\u00e0 de l&rsquo;aventure t\u00e9l\u00e9visuelle sont particuli\u00e8rement appr\u00e9ci\u00e9s des fans, qui suivent avec attention les parcours respectifs des artistes. Cette performance \u00e0 Bruxelles s&rsquo;inscrit dans la continuit\u00e9 des succ\u00e8s individuels de chacun, tout en rappelant les liens tiss\u00e9s au sein du ch\u00e2teau.<\/p>\n<h2 class=\"wp-block-heading\">Fin de Tourn\u00e9e Imminente et Prochains Rendez-vous<\/h2>\n<p>Le \u00ab\u00a0Chaque seconde Tour\u00a0\u00bb de Pierre Garnier approche de sa fin, avec un dernier concert pr\u00e9vu le 17 d\u00e9cembre \u00e0 Caen, sa ville natale. Avant cela, des dates importantes l&rsquo;attendent, notamment une performance tr\u00e8s attendue \u00e0 l&rsquo;Accor Arena de Paris le 9 d\u00e9cembre, et une escale au Z\u00e9nith de Lille ce 3 d\u00e9cembre. Ces derni\u00e8res dates promettent d&rsquo;\u00eatre riches en \u00e9motions pour l&rsquo;artiste et ses admirateurs, cl\u00f4turant en beaut\u00e9 cette premi\u00e8re grande tourn\u00e9e solo.<\/p>\n<h2 class=\"wp-block-heading\">FAQ<\/h2>\n<h3>Quels sont les titres connus de Pierre Garnier ?<\/h3>\n<p>Pierre Garnier est notamment connu pour ses titres \u00ab\u00a0Ceux qu&rsquo;on \u00e9tait\u00a0\u00bb, \u00ab\u00a0Nous on sait\u00a0\u00bb, \u00ab\u00a0Adieu nous deux\u00a0\u00bb, \u00ab\u00a0L&rsquo;horizon\u00a0\u00bb et \u00ab\u00a0Chaque seconde\u00a0\u00bb.<\/p>\n<h3>O\u00f9 Helena a-t-elle des concerts pr\u00e9vus ?<\/h3>\n<p>Helena se produira au Forest National \u00e0 Bruxelles les 8 et 9 d\u00e9cembre prochains, avec une date suppl\u00e9mentaire le 10 avril 2026.<\/p>\n<h3>Quand se termine le \u00ab\u00a0Chaque seconde Tour\u00a0\u00bb de Pierre Garnier ?<\/h3>\n<p>Le \u00ab\u00a0Chaque seconde Tour\u00a0\u00bb de Pierre Garnier prendra fin le 17 d\u00e9cembre \u00e0 Caen.<\/p>\n<h2 class=\"wp-block-heading\">Conclusion<\/h2>\n<p>La surprise de Helena rejoignant Pierre Garnier sur sc\u00e8ne pour chanter \u00ab\u00a0Boule au ventre\u00a0\u00bb \u00e0 Bruxelles a sans aucun doute \u00e9t\u00e9 un point fort de la tourn\u00e9e \u00ab\u00a0Chaque Seconde Tour\u00a0\u00bb. Ce moment de partage artistique met en lumi\u00e8re non seulement le talent des deux jeunes chanteurs, mais aussi la force de la communaut\u00e9 et des amiti\u00e9s n\u00e9es de la \u00ab\u00a0Star Academy\u00a0\u00bb. Alors que Pierre Garnier se dirige vers la fin de sa tourn\u00e9e, ces duos inattendus continuent d&rsquo;enrichir l&rsquo;exp\u00e9rience sc\u00e9nique et de ravir un public fid\u00e8le et enthousiaste.<\/p>\n","protected":false},"excerpt":{"rendered":"<p>Le public bruxellois a eu droit \u00e0 une surprise m\u00e9morable lors du concert de Pierre Garnier, le vainqueur de la \u00ab\u00a0Star Academy\u00a0\u00bb 2023. Alors qu&rsquo;il \u00e9tait en pleine tourn\u00e9e pour son \u00ab\u00a0Chaque Seconde Tour\u00a0\u00bb, l&rsquo;artiste a \u00e9t\u00e9 rejoint sur sc\u00e8ne par son amie Helena, cr\u00e9ant un moment d&rsquo;\u00e9motion partag\u00e9 avec les 8 000 spectateurs du [&hellip;]<\/p>\n","protected":false},"author":4,"featured_media":47070,"comment_status":"open","ping_status":"open","sticky":false,"template":"","format":"standard","meta":{"_yoast_wpseo_title":"Pierre Garnier Bruxelles: Helena Surprise on Stage!","_yoast_wpseo_metadesc":"Revivez le concert m\u00e9morable de Pierre Garnier \u00e0 Bruxelles ! Helena l'a rejoint sur sc\u00e8ne pour un duo surprise sur \"Boule au ventre\".","_yoast_wpseo_focuskw":"Pierre"},"categories":[5],"tags":[],"class_list":["post-47071","post","type-post","status-publish","format-standard","has-post-thumbnail","hentry","category-divertissement"],"yoast_head":"<!-- This site is optimized with the Yoast SEO plugin v26.3 - https:\/\/yoast.com\/wordpress\/plugins\/seo\/ -->\n<title>Pierre Garnier Bruxelles: Helena Surprise on Stage!<\/title>\n<meta name=\"description\" content=\"Revivez le concert m\u00e9morable de Pierre Garnier \u00e0 Bruxelles ! Helena l&#039;a rejoint sur sc\u00e8ne pour un duo surprise sur &quot;Boule au ventre&quot;.\" \/>\n<meta name=\"robots\" content=\"index, follow, max-snippet:-1, max-image-preview:large, max-video-preview:-1\" \/>\n<link rel=\"canonical\" href=\"https:\/\/elukelele.com\/fr\/divertissement\/pierre-garnier-helena-rejoint-lartiste-sur-scene-a-bruxelles\/\" \/>\n<meta property=\"og:locale\" content=\"fr_FR\" \/>\n<meta property=\"og:type\" content=\"article\" \/>\n<meta property=\"og:title\" content=\"Pierre Garnier Bruxelles: Helena Surprise on Stage!\" \/>\n<meta property=\"og:description\" content=\"Revivez le concert m\u00e9morable de Pierre Garnier \u00e0 Bruxelles ! Helena l&#039;a rejoint sur sc\u00e8ne pour un duo surprise sur &quot;Boule au ventre&quot;.\" \/>\n<meta property=\"og:url\" content=\"https:\/\/elukelele.com\/fr\/divertissement\/pierre-garnier-helena-rejoint-lartiste-sur-scene-a-bruxelles\/\" \/>\n<meta property=\"og:site_name\" content=\"El Ukelele\" \/>\n<meta property=\"article:published_time\" content=\"2025-12-04T04:34:13+00:00\" \/>\n<meta property=\"article:modified_time\" content=\"2025-12-04T04:34:14+00:00\" \/>\n<meta property=\"og:image\" content=\"https:\/\/elukelele.com\/fr\/wp-content\/uploads\/2025\/12\/framed_only-96.png\" \/>\n\t<meta property=\"og:image:width\" content=\"1200\" \/>\n\t<meta property=\"og:image:height\" content=\"628\" \/>\n\t<meta property=\"og:image:type\" content=\"image\/png\" \/>\n<meta name=\"author\" content=\"Daniel Perrin\" \/>\n<meta name=\"twitter:card\" content=\"summary_large_image\" \/>\n<meta name=\"twitter:label1\" content=\"\u00c9crit par\" \/>\n\t<meta name=\"twitter:data1\" content=\"Daniel Perrin\" \/>\n\t<meta name=\"twitter:label2\" content=\"Dur\u00e9e de lecture estim\u00e9e\" \/>\n\t<meta name=\"twitter:data2\" content=\"4 minutes\" \/>\n<script type=\"application\/ld+json\" class=\"yoast-schema-graph\">{\"@context\":\"https:\/\/schema.org\",\"@graph\":[{\"@type\":\"WebPage\",\"@id\":\"https:\/\/elukelele.com\/fr\/divertissement\/pierre-garnier-helena-rejoint-lartiste-sur-scene-a-bruxelles\/\",\"url\":\"https:\/\/elukelele.com\/fr\/divertissement\/pierre-garnier-helena-rejoint-lartiste-sur-scene-a-bruxelles\/\",\"name\":\"Pierre Garnier Bruxelles: Helena Surprise on Stage!\",\"isPartOf\":{\"@id\":\"https:\/\/elukelele.com\/fr\/#website\"},\"primaryImageOfPage\":{\"@id\":\"https:\/\/elukelele.com\/fr\/divertissement\/pierre-garnier-helena-rejoint-lartiste-sur-scene-a-bruxelles\/#primaryimage\"},\"image\":{\"@id\":\"https:\/\/elukelele.com\/fr\/divertissement\/pierre-garnier-helena-rejoint-lartiste-sur-scene-a-bruxelles\/#primaryimage\"},\"thumbnailUrl\":\"https:\/\/elukelele.com\/fr\/wp-content\/uploads\/2025\/12\/framed_only-96.png\",\"datePublished\":\"2025-12-04T04:34:13+00:00\",\"dateModified\":\"2025-12-04T04:34:14+00:00\",\"author\":{\"@id\":\"https:\/\/elukelele.com\/fr\/#\/schema\/person\/ccfb3d2be2ec7fa389608eb6da0b38d6\"},\"description\":\"Revivez le concert m\u00e9morable de Pierre Garnier \u00e0 Bruxelles ! Helena l'a rejoint sur sc\u00e8ne pour un duo surprise sur \\\"Boule au ventre\\\".\",\"breadcrumb\":{\"@id\":\"https:\/\/elukelele.com\/fr\/divertissement\/pierre-garnier-helena-rejoint-lartiste-sur-scene-a-bruxelles\/#breadcrumb\"},\"inLanguage\":\"fr-FR\",\"potentialAction\":[{\"@type\":\"ReadAction\",\"target\":[\"https:\/\/elukelele.com\/fr\/divertissement\/pierre-garnier-helena-rejoint-lartiste-sur-scene-a-bruxelles\/\"]}]},{\"@type\":\"ImageObject\",\"inLanguage\":\"fr-FR\",\"@id\":\"https:\/\/elukelele.com\/fr\/divertissement\/pierre-garnier-helena-rejoint-lartiste-sur-scene-a-bruxelles\/#primaryimage\",\"url\":\"https:\/\/elukelele.com\/fr\/wp-content\/uploads\/2025\/12\/framed_only-96.png\",\"contentUrl\":\"https:\/\/elukelele.com\/fr\/wp-content\/uploads\/2025\/12\/framed_only-96.png\",\"width\":1200,\"height\":628,\"caption\":\"Pierre\"},{\"@type\":\"BreadcrumbList\",\"@id\":\"https:\/\/elukelele.com\/fr\/divertissement\/pierre-garnier-helena-rejoint-lartiste-sur-scene-a-bruxelles\/#breadcrumb\",\"itemListElement\":[{\"@type\":\"ListItem\",\"position\":1,\"name\":\"Home\",\"item\":\"https:\/\/elukelele.com\/fr\/\"},{\"@type\":\"ListItem\",\"position\":2,\"name\":\"Pierre Garnier : Helena rejoint l&rsquo;artiste sur sc\u00e8ne \u00e0 Bruxelles\"}]},{\"@type\":\"WebSite\",\"@id\":\"https:\/\/elukelele.com\/fr\/#website\",\"url\":\"https:\/\/elukelele.com\/fr\/\",\"name\":\"El Ukelele\",\"description\":\"Musique au-del\u00e0 de l&#039;indie\",\"potentialAction\":[{\"@type\":\"SearchAction\",\"target\":{\"@type\":\"EntryPoint\",\"urlTemplate\":\"https:\/\/elukelele.com\/fr\/?s={search_term_string}\"},\"query-input\":{\"@type\":\"PropertyValueSpecification\",\"valueRequired\":true,\"valueName\":\"search_term_string\"}}],\"inLanguage\":\"fr-FR\"},{\"@type\":\"Person\",\"@id\":\"https:\/\/elukelele.com\/fr\/#\/schema\/person\/ccfb3d2be2ec7fa389608eb6da0b38d6\",\"name\":\"Daniel Perrin\",\"image\":{\"@type\":\"ImageObject\",\"inLanguage\":\"fr-FR\",\"@id\":\"https:\/\/elukelele.com\/fr\/#\/schema\/person\/image\/\",\"url\":\"https:\/\/secure.gravatar.com\/avatar\/37f9d9ffa29ce5640a0d9c6ca8bbd90afb854014296ecaa0e3a558ac716e6fe4?s=96&d=mm&r=g\",\"contentUrl\":\"https:\/\/secure.gravatar.com\/avatar\/37f9d9ffa29ce5640a0d9c6ca8bbd90afb854014296ecaa0e3a558ac716e6fe4?s=96&d=mm&r=g\",\"caption\":\"Daniel Perrin\"},\"sameAs\":[\"https:\/\/elukelele.com\/fr\"],\"url\":\"https:\/\/elukelele.com\/fr\/author\/daniel-perrin\/\"}]}<\/script>\n<!-- \/ Yoast SEO plugin. -->","yoast_head_json":{"title":"Pierre Garnier Bruxelles: Helena Surprise on Stage!","description":"Revivez le concert m\u00e9morable de Pierre Garnier \u00e0 Bruxelles ! Helena l'a rejoint sur sc\u00e8ne pour un duo surprise sur \"Boule au ventre\".","robots":{"index":"index","follow":"follow","max-snippet":"max-snippet:-1","max-image-preview":"max-image-preview:large","max-video-preview":"max-video-preview:-1"},"canonical":"https:\/\/elukelele.com\/fr\/divertissement\/pierre-garnier-helena-rejoint-lartiste-sur-scene-a-bruxelles\/","og_locale":"fr_FR","og_type":"article","og_title":"Pierre Garnier Bruxelles: Helena Surprise on Stage!","og_description":"Revivez le concert m\u00e9morable de Pierre Garnier \u00e0 Bruxelles ! Helena l'a rejoint sur sc\u00e8ne pour un duo surprise sur \"Boule au ventre\".","og_url":"https:\/\/elukelele.com\/fr\/divertissement\/pierre-garnier-helena-rejoint-lartiste-sur-scene-a-bruxelles\/","og_site_name":"El Ukelele","article_published_time":"2025-12-04T04:34:13+00:00","article_modified_time":"2025-12-04T04:34:14+00:00","og_image":[{"width":1200,"height":628,"url":"https:\/\/elukelele.com\/fr\/wp-content\/uploads\/2025\/12\/framed_only-96.png","type":"image\/png"}],"author":"Daniel Perrin","twitter_card":"summary_large_image","twitter_misc":{"\u00c9crit par":"Daniel Perrin","Dur\u00e9e de lecture estim\u00e9e":"4 minutes"},"schema":{"@context":"https:\/\/schema.org","@graph":[{"@type":"WebPage","@id":"https:\/\/elukelele.com\/fr\/divertissement\/pierre-garnier-helena-rejoint-lartiste-sur-scene-a-bruxelles\/","url":"https:\/\/elukelele.com\/fr\/divertissement\/pierre-garnier-helena-rejoint-lartiste-sur-scene-a-bruxelles\/","name":"Pierre Garnier Bruxelles: Helena Surprise on Stage!","isPartOf":{"@id":"https:\/\/elukelele.com\/fr\/#website"},"primaryImageOfPage":{"@id":"https:\/\/elukelele.com\/fr\/divertissement\/pierre-garnier-helena-rejoint-lartiste-sur-scene-a-bruxelles\/#primaryimage"},"image":{"@id":"https:\/\/elukelele.com\/fr\/divertissement\/pierre-garnier-helena-rejoint-lartiste-sur-scene-a-bruxelles\/#primaryimage"},"thumbnailUrl":"https:\/\/elukelele.com\/fr\/wp-content\/uploads\/2025\/12\/framed_only-96.png","datePublished":"2025-12-04T04:34:13+00:00","dateModified":"2025-12-04T04:34:14+00:00","author":{"@id":"https:\/\/elukelele.com\/fr\/#\/schema\/person\/ccfb3d2be2ec7fa389608eb6da0b38d6"},"description":"Revivez le concert m\u00e9morable de Pierre Garnier \u00e0 Bruxelles ! Helena l'a rejoint sur sc\u00e8ne pour un duo surprise sur \"Boule au ventre\".","breadcrumb":{"@id":"https:\/\/elukelele.com\/fr\/divertissement\/pierre-garnier-helena-rejoint-lartiste-sur-scene-a-bruxelles\/#breadcrumb"},"inLanguage":"fr-FR","potentialAction":[{"@type":"ReadAction","target":["https:\/\/elukelele.com\/fr\/divertissement\/pierre-garnier-helena-rejoint-lartiste-sur-scene-a-bruxelles\/"]}]},{"@type":"ImageObject","inLanguage":"fr-FR","@id":"https:\/\/elukelele.com\/fr\/divertissement\/pierre-garnier-helena-rejoint-lartiste-sur-scene-a-bruxelles\/#primaryimage","url":"https:\/\/elukelele.com\/fr\/wp-content\/uploads\/2025\/12\/framed_only-96.png","contentUrl":"https:\/\/elukelele.com\/fr\/wp-content\/uploads\/2025\/12\/framed_only-96.png","width":1200,"height":628,"caption":"Pierre"},{"@type":"BreadcrumbList","@id":"https:\/\/elukelele.com\/fr\/divertissement\/pierre-garnier-helena-rejoint-lartiste-sur-scene-a-bruxelles\/#breadcrumb","itemListElement":[{"@type":"ListItem","position":1,"name":"Home","item":"https:\/\/elukelele.com\/fr\/"},{"@type":"ListItem","position":2,"name":"Pierre Garnier : Helena rejoint l&rsquo;artiste sur sc\u00e8ne \u00e0 Bruxelles"}]},{"@type":"WebSite","@id":"https:\/\/elukelele.com\/fr\/#website","url":"https:\/\/elukelele.com\/fr\/","name":"El Ukelele","description":"Musique au-del\u00e0 de l&#039;indie","potentialAction":[{"@type":"SearchAction","target":{"@type":"EntryPoint","urlTemplate":"https:\/\/elukelele.com\/fr\/?s={search_term_string}"},"query-input":{"@type":"PropertyValueSpecification","valueRequired":true,"valueName":"search_term_string"}}],"inLanguage":"fr-FR"},{"@type":"Person","@id":"https:\/\/elukelele.com\/fr\/#\/schema\/person\/ccfb3d2be2ec7fa389608eb6da0b38d6","name":"Daniel Perrin","image":{"@type":"ImageObject","inLanguage":"fr-FR","@id":"https:\/\/elukelele.com\/fr\/#\/schema\/person\/image\/","url":"https:\/\/secure.gravatar.com\/avatar\/37f9d9ffa29ce5640a0d9c6ca8bbd90afb854014296ecaa0e3a558ac716e6fe4?s=96&d=mm&r=g","contentUrl":"https:\/\/secure.gravatar.com\/avatar\/37f9d9ffa29ce5640a0d9c6ca8bbd90afb854014296ecaa0e3a558ac716e6fe4?s=96&d=mm&r=g","caption":"Daniel Perrin"},"sameAs":["https:\/\/elukelele.com\/fr"],"url":"https:\/\/elukelele.com\/fr\/author\/daniel-perrin\/"}]}},"_links":{"self":[{"href":"https:\/\/elukelele.com\/fr\/wp-json\/wp\/v2\/posts\/47071","targetHints":{"allow":["GET"]}}],"collection":[{"href":"https:\/\/elukelele.com\/fr\/wp-json\/wp\/v2\/posts"}],"about":[{"href":"https:\/\/elukelele.com\/fr\/wp-json\/wp\/v2\/types\/post"}],"author":[{"embeddable":true,"href":"https:\/\/elukelele.com\/fr\/wp-json\/wp\/v2\/users\/4"}],"replies":[{"embeddable":true,"href":"https:\/\/elukelele.com\/fr\/wp-json\/wp\/v2\/comments?post=47071"}],"version-history":[{"count":1,"href":"https:\/\/elukelele.com\/fr\/wp-json\/wp\/v2\/posts\/47071\/revisions"}],"predecessor-version":[{"id":47449,"href":"https:\/\/elukelele.com\/fr\/wp-json\/wp\/v2\/posts\/47071\/revisions\/47449"}],"wp:featuredmedia":[{"embeddable":true,"href":"https:\/\/elukelele.com\/fr\/wp-json\/wp\/v2\/media\/47070"}],"wp:attachment":[{"href":"https:\/\/elukelele.com\/fr\/wp-json\/wp\/v2\/media?parent=47071"}],"wp:term":[{"taxonomy":"category","embeddable":true,"href":"https:\/\/elukelele.com\/fr\/wp-json\/wp\/v2\/categories?post=47071"},{"taxonomy":"post_tag","embeddable":true,"href":"https:\/\/elukelele.com\/fr\/wp-json\/wp\/v2\/tags?post=47071"}],"curies":[{"name":"wp","href":"https:\/\/api.w.org\/{rel}","templated":true}]}}