{"id":47061,"date":"2025-12-04T04:31:03","date_gmt":"2025-12-04T04:31:03","guid":{"rendered":"https:\/\/elukelele.com\/fr\/?p=47061"},"modified":"2025-12-04T04:31:04","modified_gmt":"2025-12-04T04:31:04","slug":"princesse-erika-le-combat-de-sa-vie-pour-son-fils-julien","status":"publish","type":"post","link":"https:\/\/elukelele.com\/fr\/divertissement\/princesse-erika-le-combat-de-sa-vie-pour-son-fils-julien\/","title":{"rendered":"Princesse Erika : Le combat de sa vie pour son fils Julien"},"content":{"rendered":"<p>Derri\u00e8re le rire contagieux et la voix reconnaissable de Princesse Erika, l&rsquo;ic\u00f4ne de la musique, se cache une r\u00e9alit\u00e9 intime et poignante. L&rsquo;artiste s&rsquo;est r\u00e9cemment livr\u00e9e avec une sinc\u00e9rit\u00e9 bouleversante sur le combat de toute une vie, celui qu&rsquo;elle m\u00e8ne aux c\u00f4t\u00e9s de son fils Julien, \u00e2g\u00e9 de 41 ans, atteint d&rsquo;une pathologie psychiatrique. Ses confidences, recueillies lors du podcast <em>Psychik<\/em> anim\u00e9 par le psychiatre Laurent Karila, mettent en lumi\u00e8re le v\u00e9cu des familles face \u00e0 la maladie mentale, notamment \u00e0 travers un \u00e9pisode particuli\u00e8rement marquant o\u00f9 son fils \u00ab Il disait qu&rsquo;il \u00e9tait le Christ \u00bb.<\/p>\n<h2>Les Ann\u00e9es de Lutte : Comprendre la Pathologie de Julien<\/h2>\n<p>Le parcours de Julien, le fils de Princesse Erika, a \u00e9t\u00e9 jalonn\u00e9 de signaux d&rsquo;alerte d\u00e8s son plus jeune \u00e2ge. Des comportements \u00ab\u00a0\u00e0 part\u00a0\u00bb, comme les d\u00e9crit sa m\u00e8re, qui ont pris une tournure plus inqui\u00e9tante \u00e0 l&rsquo;adolescence. Le diagnostic d&rsquo;une maladie psychiatrique s&rsquo;est progressivement impos\u00e9 apr\u00e8s une premi\u00e8re \u00ab\u00a0bouff\u00e9e d\u00e9lirante aigu\u00eb\u00a0\u00bb survenue \u00e0 l&rsquo;\u00e2ge de 18 ans.<\/p>\n<p>Princesse Erika a partag\u00e9 un souvenir particuli\u00e8rement frappant de cette p\u00e9riode difficile. Elle raconte l&rsquo;appel re\u00e7u une nuit : son fils avait \u00e9t\u00e9 retrouv\u00e9 dans la rue, en plein d\u00e9lire, tenu par des personnes qui l&rsquo;avaient emmen\u00e9 \u00e0 l&rsquo;h\u00f4pital. \u00ab Il disait qu&rsquo;il \u00e9tait le Christ, qu&rsquo;il \u00e9tait missionn\u00e9, etc. \u00bb, a-t-elle r\u00e9v\u00e9l\u00e9. \u00c0 son arriv\u00e9e aux urgences, l&rsquo;artiste a d\u00e9couvert un Julien \u00e0 la fois doux et souriant, mais compl\u00e8tement d\u00e9connect\u00e9 de la r\u00e9alit\u00e9. Les m\u00e9decins l&rsquo;informaient de son hospitalisation, et il r\u00e9pondait avec une \u00e9tonnante candeur : \u00ab Comme je suis un peu m\u00e9decin, si je peux aider les gens, oui, j&rsquo;y vais. \u00bb<\/p>\n<p>Face \u00e0 cette \u00e9preuve, la chanteuse et le p\u00e8re de Julien ont puis\u00e9 dans leur sens de l&rsquo;humour, une forme de m\u00e9canisme de d\u00e9fense. \u00ab Avec son p\u00e8re, heureusement, on avait beaucoup d&rsquo;humour. On riait, mais on \u00e9tait malheureux \u00bb, a-t-elle confi\u00e9, soulignant le d\u00e9sarroi derri\u00e8re les apparences. L&rsquo;hospitalisation s&rsquo;est av\u00e9r\u00e9e longue, les \u00e9quipes m\u00e9dicales mettant \u00ab beaucoup de temps \u00e0 le faire redescendre \u00bb. L&rsquo;espoir initial que cet \u00e9pisode ne soit qu&rsquo;un incident isol\u00e9 fut de courte dur\u00e9e, car \u00ab \u00e7a s&rsquo;est reproduit plusieurs fois \u00bb.<\/p>\n<h2>Briser le Silence : Un Message d&rsquo;Espoir et d&rsquo;Information<\/h2>\n<p>En choisissant de partager son histoire et les \u00ab\u00a0confidences bouleversantes sur la pathologie de son fils de 41 ans\u00a0\u00bb dans le cadre du podcast <em>Psychik<\/em>, Princesse Erika ne cherche pas la piti\u00e9 ou l&rsquo;attention m\u00e9diatique. Son objectif est plus profond et altruiste : informer, pr\u00e9venir et tendre la main \u00e0 toutes les familles qui, comme la sienne, se trouvent confront\u00e9es au d\u00e9dale de la maladie mentale. Elle met en lumi\u00e8re l&rsquo;importance de briser le tabou qui entoure ces affections, souvent v\u00e9cues dans le silence et l&rsquo;isolement. \u00c0 travers son t\u00e9moignage, elle souhaite offrir un message d&rsquo;espoir et de soutien, rappelant qu&rsquo;\u00e0 d\u00e9faut de trouver toujours une gu\u00e9rison, la parole et l&rsquo;\u00e9change peuvent parfois sauver des vies et apporter un r\u00e9confort essentiel.<\/p>\n<h2>Conclusion<\/h2>\n<p>Les r\u00e9v\u00e9lations de Princesse Erika sur la maladie psychiatrique de son fils Julien sont un rappel poignant de la r\u00e9alit\u00e9 de millions de familles. Son courage de parler ouvertement d&rsquo;un sujet aussi intime et souvent stigmatis\u00e9 offre une pr\u00e9cieuse contribution au dialogue public sur la sant\u00e9 mentale. En partageant son v\u00e9cu, de la d\u00e9connexion de son fils qui \u00ab Il disait qu&rsquo;il \u00e9tait le Christ \u00bb aux ann\u00e9es d&rsquo;incertitude et de lutte, elle ouvre une voie vers une meilleure compr\u00e9hension et une plus grande empathie pour ceux qui naviguent dans les complexit\u00e9s des pathologies psychiatriques. Son t\u00e9moignage souligne l&rsquo;urgence d&rsquo;une \u00e9coute attentive et d&rsquo;un soutien accru pour les personnes touch\u00e9es et leurs proches.<\/p>\n","protected":false},"excerpt":{"rendered":"<p>Derri\u00e8re le rire contagieux et la voix reconnaissable de Princesse Erika, l&rsquo;ic\u00f4ne de la musique, se cache une r\u00e9alit\u00e9 intime et poignante. L&rsquo;artiste s&rsquo;est r\u00e9cemment livr\u00e9e avec une sinc\u00e9rit\u00e9 bouleversante sur le combat de toute une vie, celui qu&rsquo;elle m\u00e8ne aux c\u00f4t\u00e9s de son fils Julien, \u00e2g\u00e9 de 41 ans, atteint d&rsquo;une pathologie psychiatrique. Ses [&hellip;]<\/p>\n","protected":false},"author":4,"featured_media":47059,"comment_status":"open","ping_status":"open","sticky":false,"template":"","format":"standard","meta":{"_yoast_wpseo_title":"Princesse Erika : Le combat pour son fils Julien, 41 ans","_yoast_wpseo_metadesc":"D\u00e9couvrez l'histoire poignante de Princesse Erika, confront\u00e9e \u00e0 la maladie mentale de son fils de 41 ans.","_yoast_wpseo_focuskw":"Princesse"},"categories":[5],"tags":[],"class_list":["post-47061","post","type-post","status-publish","format-standard","has-post-thumbnail","hentry","category-divertissement"],"yoast_head":"<!-- This site is optimized with the Yoast SEO plugin v26.3 - https:\/\/yoast.com\/wordpress\/plugins\/seo\/ -->\n<title>Princesse Erika : Le combat pour son fils Julien, 41 ans<\/title>\n<meta name=\"description\" content=\"D\u00e9couvrez l&#039;histoire poignante de Princesse Erika, confront\u00e9e \u00e0 la maladie mentale de son fils de 41 ans.\" \/>\n<meta name=\"robots\" content=\"index, follow, max-snippet:-1, max-image-preview:large, max-video-preview:-1\" \/>\n<link rel=\"canonical\" href=\"https:\/\/elukelele.com\/fr\/divertissement\/princesse-erika-le-combat-de-sa-vie-pour-son-fils-julien\/\" \/>\n<meta property=\"og:locale\" content=\"fr_FR\" \/>\n<meta property=\"og:type\" content=\"article\" \/>\n<meta property=\"og:title\" content=\"Princesse Erika : Le combat pour son fils Julien, 41 ans\" \/>\n<meta property=\"og:description\" content=\"D\u00e9couvrez l&#039;histoire poignante de Princesse Erika, confront\u00e9e \u00e0 la maladie mentale de son fils de 41 ans.\" \/>\n<meta property=\"og:url\" content=\"https:\/\/elukelele.com\/fr\/divertissement\/princesse-erika-le-combat-de-sa-vie-pour-son-fils-julien\/\" \/>\n<meta property=\"og:site_name\" content=\"El Ukelele\" \/>\n<meta property=\"article:published_time\" content=\"2025-12-04T04:31:03+00:00\" \/>\n<meta property=\"article:modified_time\" content=\"2025-12-04T04:31:04+00:00\" \/>\n<meta property=\"og:image\" content=\"https:\/\/elukelele.com\/fr\/wp-content\/uploads\/2025\/12\/framed_only-91.png\" \/>\n\t<meta property=\"og:image:width\" content=\"1200\" \/>\n\t<meta property=\"og:image:height\" content=\"628\" \/>\n\t<meta property=\"og:image:type\" content=\"image\/png\" \/>\n<meta name=\"author\" content=\"Daniel Perrin\" \/>\n<meta name=\"twitter:card\" content=\"summary_large_image\" \/>\n<meta name=\"twitter:label1\" content=\"\u00c9crit par\" \/>\n\t<meta name=\"twitter:data1\" content=\"Daniel Perrin\" \/>\n\t<meta name=\"twitter:label2\" content=\"Dur\u00e9e de lecture estim\u00e9e\" \/>\n\t<meta name=\"twitter:data2\" content=\"4 minutes\" \/>\n<script type=\"application\/ld+json\" class=\"yoast-schema-graph\">{\"@context\":\"https:\/\/schema.org\",\"@graph\":[{\"@type\":\"WebPage\",\"@id\":\"https:\/\/elukelele.com\/fr\/divertissement\/princesse-erika-le-combat-de-sa-vie-pour-son-fils-julien\/\",\"url\":\"https:\/\/elukelele.com\/fr\/divertissement\/princesse-erika-le-combat-de-sa-vie-pour-son-fils-julien\/\",\"name\":\"Princesse Erika : Le combat pour son fils Julien, 41 ans\",\"isPartOf\":{\"@id\":\"https:\/\/elukelele.com\/fr\/#website\"},\"primaryImageOfPage\":{\"@id\":\"https:\/\/elukelele.com\/fr\/divertissement\/princesse-erika-le-combat-de-sa-vie-pour-son-fils-julien\/#primaryimage\"},\"image\":{\"@id\":\"https:\/\/elukelele.com\/fr\/divertissement\/princesse-erika-le-combat-de-sa-vie-pour-son-fils-julien\/#primaryimage\"},\"thumbnailUrl\":\"https:\/\/elukelele.com\/fr\/wp-content\/uploads\/2025\/12\/framed_only-91.png\",\"datePublished\":\"2025-12-04T04:31:03+00:00\",\"dateModified\":\"2025-12-04T04:31:04+00:00\",\"author\":{\"@id\":\"https:\/\/elukelele.com\/fr\/#\/schema\/person\/ccfb3d2be2ec7fa389608eb6da0b38d6\"},\"description\":\"D\u00e9couvrez l'histoire poignante de Princesse Erika, confront\u00e9e \u00e0 la maladie mentale de son fils de 41 ans.\",\"breadcrumb\":{\"@id\":\"https:\/\/elukelele.com\/fr\/divertissement\/princesse-erika-le-combat-de-sa-vie-pour-son-fils-julien\/#breadcrumb\"},\"inLanguage\":\"fr-FR\",\"potentialAction\":[{\"@type\":\"ReadAction\",\"target\":[\"https:\/\/elukelele.com\/fr\/divertissement\/princesse-erika-le-combat-de-sa-vie-pour-son-fils-julien\/\"]}]},{\"@type\":\"ImageObject\",\"inLanguage\":\"fr-FR\",\"@id\":\"https:\/\/elukelele.com\/fr\/divertissement\/princesse-erika-le-combat-de-sa-vie-pour-son-fils-julien\/#primaryimage\",\"url\":\"https:\/\/elukelele.com\/fr\/wp-content\/uploads\/2025\/12\/framed_only-91.png\",\"contentUrl\":\"https:\/\/elukelele.com\/fr\/wp-content\/uploads\/2025\/12\/framed_only-91.png\",\"width\":1200,\"height\":628,\"caption\":\"Princesse\"},{\"@type\":\"BreadcrumbList\",\"@id\":\"https:\/\/elukelele.com\/fr\/divertissement\/princesse-erika-le-combat-de-sa-vie-pour-son-fils-julien\/#breadcrumb\",\"itemListElement\":[{\"@type\":\"ListItem\",\"position\":1,\"name\":\"Home\",\"item\":\"https:\/\/elukelele.com\/fr\/\"},{\"@type\":\"ListItem\",\"position\":2,\"name\":\"Princesse Erika : Le combat de sa vie pour son fils Julien\"}]},{\"@type\":\"WebSite\",\"@id\":\"https:\/\/elukelele.com\/fr\/#website\",\"url\":\"https:\/\/elukelele.com\/fr\/\",\"name\":\"El Ukelele\",\"description\":\"Musique au-del\u00e0 de l&#039;indie\",\"potentialAction\":[{\"@type\":\"SearchAction\",\"target\":{\"@type\":\"EntryPoint\",\"urlTemplate\":\"https:\/\/elukelele.com\/fr\/?s={search_term_string}\"},\"query-input\":{\"@type\":\"PropertyValueSpecification\",\"valueRequired\":true,\"valueName\":\"search_term_string\"}}],\"inLanguage\":\"fr-FR\"},{\"@type\":\"Person\",\"@id\":\"https:\/\/elukelele.com\/fr\/#\/schema\/person\/ccfb3d2be2ec7fa389608eb6da0b38d6\",\"name\":\"Daniel Perrin\",\"image\":{\"@type\":\"ImageObject\",\"inLanguage\":\"fr-FR\",\"@id\":\"https:\/\/elukelele.com\/fr\/#\/schema\/person\/image\/\",\"url\":\"https:\/\/secure.gravatar.com\/avatar\/37f9d9ffa29ce5640a0d9c6ca8bbd90afb854014296ecaa0e3a558ac716e6fe4?s=96&d=mm&r=g\",\"contentUrl\":\"https:\/\/secure.gravatar.com\/avatar\/37f9d9ffa29ce5640a0d9c6ca8bbd90afb854014296ecaa0e3a558ac716e6fe4?s=96&d=mm&r=g\",\"caption\":\"Daniel Perrin\"},\"sameAs\":[\"https:\/\/elukelele.com\/fr\"],\"url\":\"https:\/\/elukelele.com\/fr\/author\/daniel-perrin\/\"}]}<\/script>\n<!-- \/ Yoast SEO plugin. -->","yoast_head_json":{"title":"Princesse Erika : Le combat pour son fils Julien, 41 ans","description":"D\u00e9couvrez l'histoire poignante de Princesse Erika, confront\u00e9e \u00e0 la maladie mentale de son fils de 41 ans.","robots":{"index":"index","follow":"follow","max-snippet":"max-snippet:-1","max-image-preview":"max-image-preview:large","max-video-preview":"max-video-preview:-1"},"canonical":"https:\/\/elukelele.com\/fr\/divertissement\/princesse-erika-le-combat-de-sa-vie-pour-son-fils-julien\/","og_locale":"fr_FR","og_type":"article","og_title":"Princesse Erika : Le combat pour son fils Julien, 41 ans","og_description":"D\u00e9couvrez l'histoire poignante de Princesse Erika, confront\u00e9e \u00e0 la maladie mentale de son fils de 41 ans.","og_url":"https:\/\/elukelele.com\/fr\/divertissement\/princesse-erika-le-combat-de-sa-vie-pour-son-fils-julien\/","og_site_name":"El Ukelele","article_published_time":"2025-12-04T04:31:03+00:00","article_modified_time":"2025-12-04T04:31:04+00:00","og_image":[{"width":1200,"height":628,"url":"https:\/\/elukelele.com\/fr\/wp-content\/uploads\/2025\/12\/framed_only-91.png","type":"image\/png"}],"author":"Daniel Perrin","twitter_card":"summary_large_image","twitter_misc":{"\u00c9crit par":"Daniel Perrin","Dur\u00e9e de lecture estim\u00e9e":"4 minutes"},"schema":{"@context":"https:\/\/schema.org","@graph":[{"@type":"WebPage","@id":"https:\/\/elukelele.com\/fr\/divertissement\/princesse-erika-le-combat-de-sa-vie-pour-son-fils-julien\/","url":"https:\/\/elukelele.com\/fr\/divertissement\/princesse-erika-le-combat-de-sa-vie-pour-son-fils-julien\/","name":"Princesse Erika : Le combat pour son fils Julien, 41 ans","isPartOf":{"@id":"https:\/\/elukelele.com\/fr\/#website"},"primaryImageOfPage":{"@id":"https:\/\/elukelele.com\/fr\/divertissement\/princesse-erika-le-combat-de-sa-vie-pour-son-fils-julien\/#primaryimage"},"image":{"@id":"https:\/\/elukelele.com\/fr\/divertissement\/princesse-erika-le-combat-de-sa-vie-pour-son-fils-julien\/#primaryimage"},"thumbnailUrl":"https:\/\/elukelele.com\/fr\/wp-content\/uploads\/2025\/12\/framed_only-91.png","datePublished":"2025-12-04T04:31:03+00:00","dateModified":"2025-12-04T04:31:04+00:00","author":{"@id":"https:\/\/elukelele.com\/fr\/#\/schema\/person\/ccfb3d2be2ec7fa389608eb6da0b38d6"},"description":"D\u00e9couvrez l'histoire poignante de Princesse Erika, confront\u00e9e \u00e0 la maladie mentale de son fils de 41 ans.","breadcrumb":{"@id":"https:\/\/elukelele.com\/fr\/divertissement\/princesse-erika-le-combat-de-sa-vie-pour-son-fils-julien\/#breadcrumb"},"inLanguage":"fr-FR","potentialAction":[{"@type":"ReadAction","target":["https:\/\/elukelele.com\/fr\/divertissement\/princesse-erika-le-combat-de-sa-vie-pour-son-fils-julien\/"]}]},{"@type":"ImageObject","inLanguage":"fr-FR","@id":"https:\/\/elukelele.com\/fr\/divertissement\/princesse-erika-le-combat-de-sa-vie-pour-son-fils-julien\/#primaryimage","url":"https:\/\/elukelele.com\/fr\/wp-content\/uploads\/2025\/12\/framed_only-91.png","contentUrl":"https:\/\/elukelele.com\/fr\/wp-content\/uploads\/2025\/12\/framed_only-91.png","width":1200,"height":628,"caption":"Princesse"},{"@type":"BreadcrumbList","@id":"https:\/\/elukelele.com\/fr\/divertissement\/princesse-erika-le-combat-de-sa-vie-pour-son-fils-julien\/#breadcrumb","itemListElement":[{"@type":"ListItem","position":1,"name":"Home","item":"https:\/\/elukelele.com\/fr\/"},{"@type":"ListItem","position":2,"name":"Princesse Erika : Le combat de sa vie pour son fils Julien"}]},{"@type":"WebSite","@id":"https:\/\/elukelele.com\/fr\/#website","url":"https:\/\/elukelele.com\/fr\/","name":"El Ukelele","description":"Musique au-del\u00e0 de l&#039;indie","potentialAction":[{"@type":"SearchAction","target":{"@type":"EntryPoint","urlTemplate":"https:\/\/elukelele.com\/fr\/?s={search_term_string}"},"query-input":{"@type":"PropertyValueSpecification","valueRequired":true,"valueName":"search_term_string"}}],"inLanguage":"fr-FR"},{"@type":"Person","@id":"https:\/\/elukelele.com\/fr\/#\/schema\/person\/ccfb3d2be2ec7fa389608eb6da0b38d6","name":"Daniel Perrin","image":{"@type":"ImageObject","inLanguage":"fr-FR","@id":"https:\/\/elukelele.com\/fr\/#\/schema\/person\/image\/","url":"https:\/\/secure.gravatar.com\/avatar\/37f9d9ffa29ce5640a0d9c6ca8bbd90afb854014296ecaa0e3a558ac716e6fe4?s=96&d=mm&r=g","contentUrl":"https:\/\/secure.gravatar.com\/avatar\/37f9d9ffa29ce5640a0d9c6ca8bbd90afb854014296ecaa0e3a558ac716e6fe4?s=96&d=mm&r=g","caption":"Daniel Perrin"},"sameAs":["https:\/\/elukelele.com\/fr"],"url":"https:\/\/elukelele.com\/fr\/author\/daniel-perrin\/"}]}},"_links":{"self":[{"href":"https:\/\/elukelele.com\/fr\/wp-json\/wp\/v2\/posts\/47061","targetHints":{"allow":["GET"]}}],"collection":[{"href":"https:\/\/elukelele.com\/fr\/wp-json\/wp\/v2\/posts"}],"about":[{"href":"https:\/\/elukelele.com\/fr\/wp-json\/wp\/v2\/types\/post"}],"author":[{"embeddable":true,"href":"https:\/\/elukelele.com\/fr\/wp-json\/wp\/v2\/users\/4"}],"replies":[{"embeddable":true,"href":"https:\/\/elukelele.com\/fr\/wp-json\/wp\/v2\/comments?post=47061"}],"version-history":[{"count":1,"href":"https:\/\/elukelele.com\/fr\/wp-json\/wp\/v2\/posts\/47061\/revisions"}],"predecessor-version":[{"id":47447,"href":"https:\/\/elukelele.com\/fr\/wp-json\/wp\/v2\/posts\/47061\/revisions\/47447"}],"wp:featuredmedia":[{"embeddable":true,"href":"https:\/\/elukelele.com\/fr\/wp-json\/wp\/v2\/media\/47059"}],"wp:attachment":[{"href":"https:\/\/elukelele.com\/fr\/wp-json\/wp\/v2\/media?parent=47061"}],"wp:term":[{"taxonomy":"category","embeddable":true,"href":"https:\/\/elukelele.com\/fr\/wp-json\/wp\/v2\/categories?post=47061"},{"taxonomy":"post_tag","embeddable":true,"href":"https:\/\/elukelele.com\/fr\/wp-json\/wp\/v2\/tags?post=47061"}],"curies":[{"name":"wp","href":"https:\/\/api.w.org\/{rel}","templated":true}]}}