{"id":47057,"date":"2025-12-04T04:29:58","date_gmt":"2025-12-04T04:29:58","guid":{"rendered":"https:\/\/elukelele.com\/fr\/?p=47057"},"modified":"2025-12-04T04:29:59","modified_gmt":"2025-12-04T04:29:59","slug":"dany-boon-et-clara-vello-une-histoire-damour-epanouie-a-marrakech","status":"publish","type":"post","link":"https:\/\/elukelele.com\/fr\/divertissement\/dany-boon-et-clara-vello-une-histoire-damour-epanouie-a-marrakech\/","title":{"rendered":"Dany Boon et Clara Vello : Une histoire d&rsquo;amour \u00e9panouie \u00e0 Marrakech"},"content":{"rendered":"<p>L&rsquo;acteur et r\u00e9alisateur fran\u00e7ais Dany Boon conna\u00eet une p\u00e9riode de renouveau sentimental, marqu\u00e9e par une nouvelle idylle avec Clara Vello, sa maquilleuse de longue date. Le couple a r\u00e9cemment captiv\u00e9 l&rsquo;attention lors du Festival International du Film de Marrakech, o\u00f9 leur complicit\u00e9 affich\u00e9e a officialis\u00e9 cette relation \u00e9mergente.<\/p>\n<h2>Rupture et Nouveau D\u00e9part<\/h2>\n<p>Dany Boon avait fait la une des journaux en janvier dernier, lorsque <em>La Tribune du dimanche<\/em> a r\u00e9v\u00e9l\u00e9 sa s\u00e9paration d&rsquo;avec Laurence Arn\u00e9, sa compagne et collaboratrice de longue date. Cette rupture mettait fin \u00e0 une relation qui s&rsquo;\u00e9tendait de la vie personnelle \u00e0 la vie professionnelle, comme Laurence Arn\u00e9 l&rsquo;avait confi\u00e9 \u00e0 <em>Paris Match<\/em> en 2024, soulignant l&rsquo;aspect stimulant de travailler ensemble et de partager leurs sc\u00e9narios. Cependant, malgr\u00e9 cette synergie artistique, leur histoire, partag\u00e9e entre Bruxelles et Paris, a finalement pris fin.<\/p>\n<p>C&rsquo;est dans ce contexte que Dany Boon a trouv\u00e9 l&rsquo;amour aupr\u00e8s de Clara Vello. Leur relation s&rsquo;est d\u00e9velopp\u00e9e discr\u00e8tement, loin des projecteurs, au fil des tournages, avant d&rsquo;\u00eatre rendue publique. Depuis, les deux partenaires semblent ins\u00e9parables.<\/p>\n<h2>L&rsquo;Amour au Grand Jour \u00e0 Marrakech<\/h2>\n<p>Le Festival International du Film de Marrakech a servi de cadre \u00e0 l&rsquo;une de leurs apparitions publiques les plus remarqu\u00e9es. Pour la cinqui\u00e8me journ\u00e9e de l&rsquo;\u00e9v\u00e9nement, Dany Boon et Clara Vello ont foul\u00e9 le tapis rouge main dans la main, attirant tous les regards. L&rsquo;acteur, connu pour son humour, arborait un \u00e9l\u00e9gant costume bleu. Clara Vello, quant \u00e0 elle, a affich\u00e9 un style distinctif avec une robe-blazer noire dot\u00e9e d&rsquo;un col en cuir, accessoiris\u00e9e d&rsquo;une ceinture et de quelques bijoux. Cette sortie a \u00e9t\u00e9 not\u00e9e pour le naturel et la complicit\u00e9 \u00e9vidente du couple.<\/p>\n<h2>Une Relation Assum\u00e9e<\/h2>\n<p>L&rsquo;apparition \u00e0 Marrakech n&rsquo;\u00e9tait pas la premi\u00e8re sortie officielle pour Dany Boon et Clara Vello. Quelques mois auparavant, le 9 septembre, ils avaient d\u00e9j\u00e0 \u00e9t\u00e9 vus ensemble sur le tapis rouge de l&rsquo;avant-premi\u00e8re du film \u00ab\u00a0Regarde\u00a0\u00bb \u00e0 Paris. Ces apparitions successives d\u00e9montrent une relation d\u00e9sormais pleinement assum\u00e9e et affich\u00e9e au grand jour.<\/p>\n<p>Entre une carri\u00e8re cin\u00e9matographique toujours active et une vie personnelle \u00e9panouie, Dany Boon semble avoir trouv\u00e9 un nouvel \u00e9quilibre. Les \u00e9v\u00e9nements de Marrakech ont, sans aucun doute, confirm\u00e9 l&rsquo;\u00e9vidence : pour lui et Clara Vello, l&rsquo;amour est bel et bien au rendez-vous.<\/p>\n","protected":false},"excerpt":{"rendered":"<p>L&rsquo;acteur et r\u00e9alisateur fran\u00e7ais Dany Boon conna\u00eet une p\u00e9riode de renouveau sentimental, marqu\u00e9e par une nouvelle idylle avec Clara Vello, sa maquilleuse de longue date. Le couple a r\u00e9cemment captiv\u00e9 l&rsquo;attention lors du Festival International du Film de Marrakech, o\u00f9 leur complicit\u00e9 affich\u00e9e a officialis\u00e9 cette relation \u00e9mergente. Rupture et Nouveau D\u00e9part Dany Boon avait [&hellip;]<\/p>\n","protected":false},"author":4,"featured_media":47056,"comment_status":"open","ping_status":"open","sticky":false,"template":"","format":"standard","meta":{"_yoast_wpseo_title":"Dany Boon & Clara Vello : Amour \u00e0 Marrakech","_yoast_wpseo_metadesc":"D\u00e9couvrez l'histoire d'amour passionnante entre Dany Boon et Clara Vello \u00e0 Marrakech ! Leur complicit\u00e9 a illumin\u00e9 le Festival International du Film.","_yoast_wpseo_focuskw":"Dany"},"categories":[5],"tags":[],"class_list":["post-47057","post","type-post","status-publish","format-standard","has-post-thumbnail","hentry","category-divertissement"],"yoast_head":"<!-- This site is optimized with the Yoast SEO plugin v26.3 - https:\/\/yoast.com\/wordpress\/plugins\/seo\/ -->\n<title>Dany Boon &amp; Clara Vello : Amour \u00e0 Marrakech<\/title>\n<meta name=\"description\" content=\"D\u00e9couvrez l&#039;histoire d&#039;amour passionnante entre Dany Boon et Clara Vello \u00e0 Marrakech ! Leur complicit\u00e9 a illumin\u00e9 le Festival International du Film.\" \/>\n<meta name=\"robots\" content=\"index, follow, max-snippet:-1, max-image-preview:large, max-video-preview:-1\" \/>\n<link rel=\"canonical\" href=\"https:\/\/elukelele.com\/fr\/divertissement\/dany-boon-et-clara-vello-une-histoire-damour-epanouie-a-marrakech\/\" \/>\n<meta property=\"og:locale\" content=\"fr_FR\" \/>\n<meta property=\"og:type\" content=\"article\" \/>\n<meta property=\"og:title\" content=\"Dany Boon &amp; Clara Vello : Amour \u00e0 Marrakech\" \/>\n<meta property=\"og:description\" content=\"D\u00e9couvrez l&#039;histoire d&#039;amour passionnante entre Dany Boon et Clara Vello \u00e0 Marrakech ! Leur complicit\u00e9 a illumin\u00e9 le Festival International du Film.\" \/>\n<meta property=\"og:url\" content=\"https:\/\/elukelele.com\/fr\/divertissement\/dany-boon-et-clara-vello-une-histoire-damour-epanouie-a-marrakech\/\" \/>\n<meta property=\"og:site_name\" content=\"El Ukelele\" \/>\n<meta property=\"article:published_time\" content=\"2025-12-04T04:29:58+00:00\" \/>\n<meta property=\"article:modified_time\" content=\"2025-12-04T04:29:59+00:00\" \/>\n<meta property=\"og:image\" content=\"https:\/\/elukelele.com\/fr\/wp-content\/uploads\/2025\/12\/framed_only-89.png\" \/>\n\t<meta property=\"og:image:width\" content=\"1200\" \/>\n\t<meta property=\"og:image:height\" content=\"628\" \/>\n\t<meta property=\"og:image:type\" content=\"image\/png\" \/>\n<meta name=\"author\" content=\"Daniel Perrin\" \/>\n<meta name=\"twitter:card\" content=\"summary_large_image\" \/>\n<meta name=\"twitter:label1\" content=\"\u00c9crit par\" \/>\n\t<meta name=\"twitter:data1\" content=\"Daniel Perrin\" \/>\n\t<meta name=\"twitter:label2\" content=\"Dur\u00e9e de lecture estim\u00e9e\" \/>\n\t<meta name=\"twitter:data2\" content=\"3 minutes\" \/>\n<script type=\"application\/ld+json\" class=\"yoast-schema-graph\">{\"@context\":\"https:\/\/schema.org\",\"@graph\":[{\"@type\":\"WebPage\",\"@id\":\"https:\/\/elukelele.com\/fr\/divertissement\/dany-boon-et-clara-vello-une-histoire-damour-epanouie-a-marrakech\/\",\"url\":\"https:\/\/elukelele.com\/fr\/divertissement\/dany-boon-et-clara-vello-une-histoire-damour-epanouie-a-marrakech\/\",\"name\":\"Dany Boon & Clara Vello : Amour \u00e0 Marrakech\",\"isPartOf\":{\"@id\":\"https:\/\/elukelele.com\/fr\/#website\"},\"primaryImageOfPage\":{\"@id\":\"https:\/\/elukelele.com\/fr\/divertissement\/dany-boon-et-clara-vello-une-histoire-damour-epanouie-a-marrakech\/#primaryimage\"},\"image\":{\"@id\":\"https:\/\/elukelele.com\/fr\/divertissement\/dany-boon-et-clara-vello-une-histoire-damour-epanouie-a-marrakech\/#primaryimage\"},\"thumbnailUrl\":\"https:\/\/elukelele.com\/fr\/wp-content\/uploads\/2025\/12\/framed_only-89.png\",\"datePublished\":\"2025-12-04T04:29:58+00:00\",\"dateModified\":\"2025-12-04T04:29:59+00:00\",\"author\":{\"@id\":\"https:\/\/elukelele.com\/fr\/#\/schema\/person\/ccfb3d2be2ec7fa389608eb6da0b38d6\"},\"description\":\"D\u00e9couvrez l'histoire d'amour passionnante entre Dany Boon et Clara Vello \u00e0 Marrakech ! Leur complicit\u00e9 a illumin\u00e9 le Festival International du Film.\",\"breadcrumb\":{\"@id\":\"https:\/\/elukelele.com\/fr\/divertissement\/dany-boon-et-clara-vello-une-histoire-damour-epanouie-a-marrakech\/#breadcrumb\"},\"inLanguage\":\"fr-FR\",\"potentialAction\":[{\"@type\":\"ReadAction\",\"target\":[\"https:\/\/elukelele.com\/fr\/divertissement\/dany-boon-et-clara-vello-une-histoire-damour-epanouie-a-marrakech\/\"]}]},{\"@type\":\"ImageObject\",\"inLanguage\":\"fr-FR\",\"@id\":\"https:\/\/elukelele.com\/fr\/divertissement\/dany-boon-et-clara-vello-une-histoire-damour-epanouie-a-marrakech\/#primaryimage\",\"url\":\"https:\/\/elukelele.com\/fr\/wp-content\/uploads\/2025\/12\/framed_only-89.png\",\"contentUrl\":\"https:\/\/elukelele.com\/fr\/wp-content\/uploads\/2025\/12\/framed_only-89.png\",\"width\":1200,\"height\":628,\"caption\":\"Dany\"},{\"@type\":\"BreadcrumbList\",\"@id\":\"https:\/\/elukelele.com\/fr\/divertissement\/dany-boon-et-clara-vello-une-histoire-damour-epanouie-a-marrakech\/#breadcrumb\",\"itemListElement\":[{\"@type\":\"ListItem\",\"position\":1,\"name\":\"Home\",\"item\":\"https:\/\/elukelele.com\/fr\/\"},{\"@type\":\"ListItem\",\"position\":2,\"name\":\"Dany Boon et Clara Vello : Une histoire d&rsquo;amour \u00e9panouie \u00e0 Marrakech\"}]},{\"@type\":\"WebSite\",\"@id\":\"https:\/\/elukelele.com\/fr\/#website\",\"url\":\"https:\/\/elukelele.com\/fr\/\",\"name\":\"El Ukelele\",\"description\":\"Musique au-del\u00e0 de l&#039;indie\",\"potentialAction\":[{\"@type\":\"SearchAction\",\"target\":{\"@type\":\"EntryPoint\",\"urlTemplate\":\"https:\/\/elukelele.com\/fr\/?s={search_term_string}\"},\"query-input\":{\"@type\":\"PropertyValueSpecification\",\"valueRequired\":true,\"valueName\":\"search_term_string\"}}],\"inLanguage\":\"fr-FR\"},{\"@type\":\"Person\",\"@id\":\"https:\/\/elukelele.com\/fr\/#\/schema\/person\/ccfb3d2be2ec7fa389608eb6da0b38d6\",\"name\":\"Daniel Perrin\",\"image\":{\"@type\":\"ImageObject\",\"inLanguage\":\"fr-FR\",\"@id\":\"https:\/\/elukelele.com\/fr\/#\/schema\/person\/image\/\",\"url\":\"https:\/\/secure.gravatar.com\/avatar\/37f9d9ffa29ce5640a0d9c6ca8bbd90afb854014296ecaa0e3a558ac716e6fe4?s=96&d=mm&r=g\",\"contentUrl\":\"https:\/\/secure.gravatar.com\/avatar\/37f9d9ffa29ce5640a0d9c6ca8bbd90afb854014296ecaa0e3a558ac716e6fe4?s=96&d=mm&r=g\",\"caption\":\"Daniel Perrin\"},\"sameAs\":[\"https:\/\/elukelele.com\/fr\"],\"url\":\"https:\/\/elukelele.com\/fr\/author\/daniel-perrin\/\"}]}<\/script>\n<!-- \/ Yoast SEO plugin. -->","yoast_head_json":{"title":"Dany Boon & Clara Vello : Amour \u00e0 Marrakech","description":"D\u00e9couvrez l'histoire d'amour passionnante entre Dany Boon et Clara Vello \u00e0 Marrakech ! Leur complicit\u00e9 a illumin\u00e9 le Festival International du Film.","robots":{"index":"index","follow":"follow","max-snippet":"max-snippet:-1","max-image-preview":"max-image-preview:large","max-video-preview":"max-video-preview:-1"},"canonical":"https:\/\/elukelele.com\/fr\/divertissement\/dany-boon-et-clara-vello-une-histoire-damour-epanouie-a-marrakech\/","og_locale":"fr_FR","og_type":"article","og_title":"Dany Boon & Clara Vello : Amour \u00e0 Marrakech","og_description":"D\u00e9couvrez l'histoire d'amour passionnante entre Dany Boon et Clara Vello \u00e0 Marrakech ! Leur complicit\u00e9 a illumin\u00e9 le Festival International du Film.","og_url":"https:\/\/elukelele.com\/fr\/divertissement\/dany-boon-et-clara-vello-une-histoire-damour-epanouie-a-marrakech\/","og_site_name":"El Ukelele","article_published_time":"2025-12-04T04:29:58+00:00","article_modified_time":"2025-12-04T04:29:59+00:00","og_image":[{"width":1200,"height":628,"url":"https:\/\/elukelele.com\/fr\/wp-content\/uploads\/2025\/12\/framed_only-89.png","type":"image\/png"}],"author":"Daniel Perrin","twitter_card":"summary_large_image","twitter_misc":{"\u00c9crit par":"Daniel Perrin","Dur\u00e9e de lecture estim\u00e9e":"3 minutes"},"schema":{"@context":"https:\/\/schema.org","@graph":[{"@type":"WebPage","@id":"https:\/\/elukelele.com\/fr\/divertissement\/dany-boon-et-clara-vello-une-histoire-damour-epanouie-a-marrakech\/","url":"https:\/\/elukelele.com\/fr\/divertissement\/dany-boon-et-clara-vello-une-histoire-damour-epanouie-a-marrakech\/","name":"Dany Boon & Clara Vello : Amour \u00e0 Marrakech","isPartOf":{"@id":"https:\/\/elukelele.com\/fr\/#website"},"primaryImageOfPage":{"@id":"https:\/\/elukelele.com\/fr\/divertissement\/dany-boon-et-clara-vello-une-histoire-damour-epanouie-a-marrakech\/#primaryimage"},"image":{"@id":"https:\/\/elukelele.com\/fr\/divertissement\/dany-boon-et-clara-vello-une-histoire-damour-epanouie-a-marrakech\/#primaryimage"},"thumbnailUrl":"https:\/\/elukelele.com\/fr\/wp-content\/uploads\/2025\/12\/framed_only-89.png","datePublished":"2025-12-04T04:29:58+00:00","dateModified":"2025-12-04T04:29:59+00:00","author":{"@id":"https:\/\/elukelele.com\/fr\/#\/schema\/person\/ccfb3d2be2ec7fa389608eb6da0b38d6"},"description":"D\u00e9couvrez l'histoire d'amour passionnante entre Dany Boon et Clara Vello \u00e0 Marrakech ! Leur complicit\u00e9 a illumin\u00e9 le Festival International du Film.","breadcrumb":{"@id":"https:\/\/elukelele.com\/fr\/divertissement\/dany-boon-et-clara-vello-une-histoire-damour-epanouie-a-marrakech\/#breadcrumb"},"inLanguage":"fr-FR","potentialAction":[{"@type":"ReadAction","target":["https:\/\/elukelele.com\/fr\/divertissement\/dany-boon-et-clara-vello-une-histoire-damour-epanouie-a-marrakech\/"]}]},{"@type":"ImageObject","inLanguage":"fr-FR","@id":"https:\/\/elukelele.com\/fr\/divertissement\/dany-boon-et-clara-vello-une-histoire-damour-epanouie-a-marrakech\/#primaryimage","url":"https:\/\/elukelele.com\/fr\/wp-content\/uploads\/2025\/12\/framed_only-89.png","contentUrl":"https:\/\/elukelele.com\/fr\/wp-content\/uploads\/2025\/12\/framed_only-89.png","width":1200,"height":628,"caption":"Dany"},{"@type":"BreadcrumbList","@id":"https:\/\/elukelele.com\/fr\/divertissement\/dany-boon-et-clara-vello-une-histoire-damour-epanouie-a-marrakech\/#breadcrumb","itemListElement":[{"@type":"ListItem","position":1,"name":"Home","item":"https:\/\/elukelele.com\/fr\/"},{"@type":"ListItem","position":2,"name":"Dany Boon et Clara Vello : Une histoire d&rsquo;amour \u00e9panouie \u00e0 Marrakech"}]},{"@type":"WebSite","@id":"https:\/\/elukelele.com\/fr\/#website","url":"https:\/\/elukelele.com\/fr\/","name":"El Ukelele","description":"Musique au-del\u00e0 de l&#039;indie","potentialAction":[{"@type":"SearchAction","target":{"@type":"EntryPoint","urlTemplate":"https:\/\/elukelele.com\/fr\/?s={search_term_string}"},"query-input":{"@type":"PropertyValueSpecification","valueRequired":true,"valueName":"search_term_string"}}],"inLanguage":"fr-FR"},{"@type":"Person","@id":"https:\/\/elukelele.com\/fr\/#\/schema\/person\/ccfb3d2be2ec7fa389608eb6da0b38d6","name":"Daniel Perrin","image":{"@type":"ImageObject","inLanguage":"fr-FR","@id":"https:\/\/elukelele.com\/fr\/#\/schema\/person\/image\/","url":"https:\/\/secure.gravatar.com\/avatar\/37f9d9ffa29ce5640a0d9c6ca8bbd90afb854014296ecaa0e3a558ac716e6fe4?s=96&d=mm&r=g","contentUrl":"https:\/\/secure.gravatar.com\/avatar\/37f9d9ffa29ce5640a0d9c6ca8bbd90afb854014296ecaa0e3a558ac716e6fe4?s=96&d=mm&r=g","caption":"Daniel Perrin"},"sameAs":["https:\/\/elukelele.com\/fr"],"url":"https:\/\/elukelele.com\/fr\/author\/daniel-perrin\/"}]}},"_links":{"self":[{"href":"https:\/\/elukelele.com\/fr\/wp-json\/wp\/v2\/posts\/47057","targetHints":{"allow":["GET"]}}],"collection":[{"href":"https:\/\/elukelele.com\/fr\/wp-json\/wp\/v2\/posts"}],"about":[{"href":"https:\/\/elukelele.com\/fr\/wp-json\/wp\/v2\/types\/post"}],"author":[{"embeddable":true,"href":"https:\/\/elukelele.com\/fr\/wp-json\/wp\/v2\/users\/4"}],"replies":[{"embeddable":true,"href":"https:\/\/elukelele.com\/fr\/wp-json\/wp\/v2\/comments?post=47057"}],"version-history":[{"count":1,"href":"https:\/\/elukelele.com\/fr\/wp-json\/wp\/v2\/posts\/47057\/revisions"}],"predecessor-version":[{"id":47446,"href":"https:\/\/elukelele.com\/fr\/wp-json\/wp\/v2\/posts\/47057\/revisions\/47446"}],"wp:featuredmedia":[{"embeddable":true,"href":"https:\/\/elukelele.com\/fr\/wp-json\/wp\/v2\/media\/47056"}],"wp:attachment":[{"href":"https:\/\/elukelele.com\/fr\/wp-json\/wp\/v2\/media?parent=47057"}],"wp:term":[{"taxonomy":"category","embeddable":true,"href":"https:\/\/elukelele.com\/fr\/wp-json\/wp\/v2\/categories?post=47057"},{"taxonomy":"post_tag","embeddable":true,"href":"https:\/\/elukelele.com\/fr\/wp-json\/wp\/v2\/tags?post=47057"}],"curies":[{"name":"wp","href":"https:\/\/api.w.org\/{rel}","templated":true}]}}