{"id":47049,"date":"2025-12-04T04:26:15","date_gmt":"2025-12-04T04:26:15","guid":{"rendered":"https:\/\/elukelele.com\/fr\/?p=47049"},"modified":"2025-12-04T04:26:15","modified_gmt":"2025-12-04T04:26:15","slug":"sylvie-vartan-et-david-hallyday-moment-demotion-a-la-tele","status":"publish","type":"post","link":"https:\/\/elukelele.com\/fr\/divertissement\/sylvie-vartan-et-david-hallyday-moment-demotion-a-la-tele\/","title":{"rendered":"Sylvie Vartan et David Hallyday : moment d&rsquo;\u00e9motion \u00e0 la t\u00e9l\u00e9"},"content":{"rendered":"<p>Le plateau de l&rsquo;\u00e9mission \u00ab\u00a0C \u00e0 vous\u00a0\u00bb, pr\u00e9sent\u00e9e par Anne-\u00c9lisabeth Lemoine, a \u00e9t\u00e9 le th\u00e9\u00e2tre d&rsquo;un moment particuli\u00e8rement touchant lors de la r\u00e9ception de deux figures embl\u00e9matiques de la chanson fran\u00e7aise : Sylvie Vartan et son fils David Hallyday. L&rsquo;interview, qui abordait divers sujets allant de la carri\u00e8re de la chanteuse \u00e0 sa r\u00e9cente annonce de retraite, a pris une tournure inattendue et profond\u00e9ment \u00e9mouvante.<\/p>\n<h2 class=\"wp-block-heading\">L&rsquo;\u00e9motion de Sylvie Vartan autour de \u00ab\u00a0La Maritza\u00a0\u00bb<\/h2>\n<p>Au c\u0153ur de la discussion, l&rsquo;animatrice est revenue sur l&rsquo;intemporel succ\u00e8s de Sylvie Vartan, la chanson \u00ab\u00a0La Maritza\u00a0\u00bb, sortie en 1968. \u00c9milie Tran-Nguyen, chroniqueuse de l&rsquo;\u00e9mission, a rappel\u00e9 la signification profonde de ce titre pour l&rsquo;artiste : \u00ab\u00a0<em>Cette chanson, c&rsquo;est celle qui raconte votre histoire. Celle de vos parents qui en 1982, quand vous avez 8 ans, quittent la Bulgarie avec vous. Ce fleuve, La Maritza, c&rsquo;est la derni\u00e8re image qu&rsquo;ils ont de leur pays, qu&rsquo;ils vont devoir traverser pour partir. Cela doit vous faire quelque chose de voir qu&rsquo;elle est encore beaucoup reprise aujourd&rsquo;hui<\/em>\u00ab\u00a0. Cette \u00e9vocation a visiblement boulevers\u00e9 Sylvie Vartan, qui a eu du mal \u00e0 retenir ses larmes face aux cam\u00e9ras.<\/p>\n<p>La chanteuse a exprim\u00e9 son \u00e9tonnement et sa joie face \u00e0 la p\u00e9rennit\u00e9 du succ\u00e8s de \u00ab\u00a0La Maritza\u00a0\u00bb, qualifiant la situation d'\u00a0\u00bbinesp\u00e9r\u00e9e, inattendue. Une belle surprise.\u00a0\u00bb Elle a ensuite partag\u00e9 une anecdote personnelle et tr\u00e8s intime qui souligne l&rsquo;importance de ce titre dans sa vie : \u00ab\u00a0<em>C&rsquo;est vrai que cette chanson m&rsquo;a marqu\u00e9e, \u00e9videmment par le fait qu&rsquo;elle est devenue un grand succ\u00e8s un peu partout. Elle m&rsquo;a surtout marqu\u00e9e personnellement car c&rsquo;est la premi\u00e8re fois que, quand je l&rsquo;ai faite \u00e9cout\u00e9e \u00e0 mon p\u00e8re, je l&rsquo;ai vu pleurer&#8230;<\/em>\u00a0\u00bb L&rsquo;\u00e9motion palpable de Sylvie Vartan \u00e9tait d&rsquo;autant plus vive qu&rsquo;elle venait de revivre ces souvenirs intenses lors d&rsquo;un r\u00e9cent s\u00e9jour en Bulgarie, d\u00e9clarant : \u00ab\u00a0<em>Je n&rsquo;ai pas arr\u00eat\u00e9 de pleurer en Bulgarie, d&rsquo;ailleurs mon fils est t\u00e9moin !<\/em>\u00ab\u00a0<\/p>\n<h2 class=\"wp-block-heading\">David Hallyday : un soutien filial face \u00e0 l&rsquo;\u00e9motion<\/h2>\n<p>Assis aux c\u00f4t\u00e9s de sa m\u00e8re, David Hallyday a \u00e9t\u00e9 le t\u00e9moin privil\u00e9gi\u00e9 de cette vague d&rsquo;\u00e9motion. Voyant sa m\u00e8re submerg\u00e9e, il a cherch\u00e9 \u00e0 all\u00e9ger l&rsquo;atmosph\u00e8re avec tendresse et humour. \u00ab\u00a0<em>Bon, arr\u00eatez de faire pleurer ma m\u00e8re !<\/em>\u00ab\u00a0, a-t-il lanc\u00e9 avec un sourire, d\u00e9montrant ainsi son soutien inconditionnel et sa volont\u00e9 d&rsquo;apaiser ce moment intense. Anne-\u00c9lisabeth Lemoine, touch\u00e9e par la sc\u00e8ne, a conclu en reconnaissant l&rsquo;impact universel de l&rsquo;\u00e9motion partag\u00e9e : \u00ab\u00a0<em>Non mais c&rsquo;est parce que cela nous bouleverse, l\u00e0 encore en l&rsquo;\u00e9coutant<\/em>\u00ab\u00a0.<\/p>\n<p>Cette s\u00e9quence forte et inattendue, montrant Sylvie Vartan en larmes dans \u00ab\u00a0C \u00e0 vous\u00a0\u00bb au c\u00f4t\u00e9 de son fils David Hallyday, a r\u00e9sonn\u00e9 aupr\u00e8s du public et suscit\u00e9 de nombreuses r\u00e9actions et commentaires sur les r\u00e9seaux sociaux, soulignant le lien ind\u00e9fectible et l&rsquo;histoire partag\u00e9e entre la star et son h\u00e9ritier artistique.<\/p>\n","protected":false},"excerpt":{"rendered":"<p>Le plateau de l&rsquo;\u00e9mission \u00ab\u00a0C \u00e0 vous\u00a0\u00bb, pr\u00e9sent\u00e9e par Anne-\u00c9lisabeth Lemoine, a \u00e9t\u00e9 le th\u00e9\u00e2tre d&rsquo;un moment particuli\u00e8rement touchant lors de la r\u00e9ception de deux figures embl\u00e9matiques de la chanson fran\u00e7aise : Sylvie Vartan et son fils David Hallyday. L&rsquo;interview, qui abordait divers sujets allant de la carri\u00e8re de la chanteuse \u00e0 sa r\u00e9cente annonce [&hellip;]<\/p>\n","protected":false},"author":4,"featured_media":47048,"comment_status":"open","ping_status":"open","sticky":false,"template":"","format":"standard","meta":{"_yoast_wpseo_title":"Sylvie Vartan \u00e9mue dans C \u00e0 vous avec David Hallyday","_yoast_wpseo_metadesc":"D\u00e9couvrez l'\u00e9mouvant t\u00e9moignage de Sylvie Vartan et David Hallyday dans \"C \u00e0 vous\". Une interview poignante sur sa carri\u00e8re et \"La Maritza\".","_yoast_wpseo_focuskw":"Sylvie"},"categories":[5],"tags":[],"class_list":["post-47049","post","type-post","status-publish","format-standard","has-post-thumbnail","hentry","category-divertissement"],"yoast_head":"<!-- This site is optimized with the Yoast SEO plugin v26.3 - https:\/\/yoast.com\/wordpress\/plugins\/seo\/ -->\n<title>Sylvie Vartan \u00e9mue dans C \u00e0 vous avec David Hallyday<\/title>\n<meta name=\"description\" content=\"D\u00e9couvrez l&#039;\u00e9mouvant t\u00e9moignage de Sylvie Vartan et David Hallyday dans &quot;C \u00e0 vous&quot;. Une interview poignante sur sa carri\u00e8re et &quot;La Maritza&quot;.\" \/>\n<meta name=\"robots\" content=\"index, follow, max-snippet:-1, max-image-preview:large, max-video-preview:-1\" \/>\n<link rel=\"canonical\" href=\"https:\/\/elukelele.com\/fr\/divertissement\/sylvie-vartan-et-david-hallyday-moment-demotion-a-la-tele\/\" \/>\n<meta property=\"og:locale\" content=\"fr_FR\" \/>\n<meta property=\"og:type\" content=\"article\" \/>\n<meta property=\"og:title\" content=\"Sylvie Vartan \u00e9mue dans C \u00e0 vous avec David Hallyday\" \/>\n<meta property=\"og:description\" content=\"D\u00e9couvrez l&#039;\u00e9mouvant t\u00e9moignage de Sylvie Vartan et David Hallyday dans &quot;C \u00e0 vous&quot;. Une interview poignante sur sa carri\u00e8re et &quot;La Maritza&quot;.\" \/>\n<meta property=\"og:url\" content=\"https:\/\/elukelele.com\/fr\/divertissement\/sylvie-vartan-et-david-hallyday-moment-demotion-a-la-tele\/\" \/>\n<meta property=\"og:site_name\" content=\"El Ukelele\" \/>\n<meta property=\"article:published_time\" content=\"2025-12-04T04:26:15+00:00\" \/>\n<meta property=\"og:image\" content=\"https:\/\/elukelele.com\/fr\/wp-content\/uploads\/2025\/12\/framed_only-85.png\" \/>\n\t<meta property=\"og:image:width\" content=\"1200\" \/>\n\t<meta property=\"og:image:height\" content=\"628\" \/>\n\t<meta property=\"og:image:type\" content=\"image\/png\" \/>\n<meta name=\"author\" content=\"Daniel Perrin\" \/>\n<meta name=\"twitter:card\" content=\"summary_large_image\" \/>\n<meta name=\"twitter:label1\" content=\"\u00c9crit par\" \/>\n\t<meta name=\"twitter:data1\" content=\"Daniel Perrin\" \/>\n\t<meta name=\"twitter:label2\" content=\"Dur\u00e9e de lecture estim\u00e9e\" \/>\n\t<meta name=\"twitter:data2\" content=\"3 minutes\" \/>\n<script type=\"application\/ld+json\" class=\"yoast-schema-graph\">{\"@context\":\"https:\/\/schema.org\",\"@graph\":[{\"@type\":\"WebPage\",\"@id\":\"https:\/\/elukelele.com\/fr\/divertissement\/sylvie-vartan-et-david-hallyday-moment-demotion-a-la-tele\/\",\"url\":\"https:\/\/elukelele.com\/fr\/divertissement\/sylvie-vartan-et-david-hallyday-moment-demotion-a-la-tele\/\",\"name\":\"Sylvie Vartan \u00e9mue dans C \u00e0 vous avec David Hallyday\",\"isPartOf\":{\"@id\":\"https:\/\/elukelele.com\/fr\/#website\"},\"primaryImageOfPage\":{\"@id\":\"https:\/\/elukelele.com\/fr\/divertissement\/sylvie-vartan-et-david-hallyday-moment-demotion-a-la-tele\/#primaryimage\"},\"image\":{\"@id\":\"https:\/\/elukelele.com\/fr\/divertissement\/sylvie-vartan-et-david-hallyday-moment-demotion-a-la-tele\/#primaryimage\"},\"thumbnailUrl\":\"https:\/\/elukelele.com\/fr\/wp-content\/uploads\/2025\/12\/framed_only-85.png\",\"datePublished\":\"2025-12-04T04:26:15+00:00\",\"author\":{\"@id\":\"https:\/\/elukelele.com\/fr\/#\/schema\/person\/ccfb3d2be2ec7fa389608eb6da0b38d6\"},\"description\":\"D\u00e9couvrez l'\u00e9mouvant t\u00e9moignage de Sylvie Vartan et David Hallyday dans \\\"C \u00e0 vous\\\". Une interview poignante sur sa carri\u00e8re et \\\"La Maritza\\\".\",\"breadcrumb\":{\"@id\":\"https:\/\/elukelele.com\/fr\/divertissement\/sylvie-vartan-et-david-hallyday-moment-demotion-a-la-tele\/#breadcrumb\"},\"inLanguage\":\"fr-FR\",\"potentialAction\":[{\"@type\":\"ReadAction\",\"target\":[\"https:\/\/elukelele.com\/fr\/divertissement\/sylvie-vartan-et-david-hallyday-moment-demotion-a-la-tele\/\"]}]},{\"@type\":\"ImageObject\",\"inLanguage\":\"fr-FR\",\"@id\":\"https:\/\/elukelele.com\/fr\/divertissement\/sylvie-vartan-et-david-hallyday-moment-demotion-a-la-tele\/#primaryimage\",\"url\":\"https:\/\/elukelele.com\/fr\/wp-content\/uploads\/2025\/12\/framed_only-85.png\",\"contentUrl\":\"https:\/\/elukelele.com\/fr\/wp-content\/uploads\/2025\/12\/framed_only-85.png\",\"width\":1200,\"height\":628,\"caption\":\"Sylvie\"},{\"@type\":\"BreadcrumbList\",\"@id\":\"https:\/\/elukelele.com\/fr\/divertissement\/sylvie-vartan-et-david-hallyday-moment-demotion-a-la-tele\/#breadcrumb\",\"itemListElement\":[{\"@type\":\"ListItem\",\"position\":1,\"name\":\"Home\",\"item\":\"https:\/\/elukelele.com\/fr\/\"},{\"@type\":\"ListItem\",\"position\":2,\"name\":\"Sylvie Vartan et David Hallyday : moment d&rsquo;\u00e9motion \u00e0 la t\u00e9l\u00e9\"}]},{\"@type\":\"WebSite\",\"@id\":\"https:\/\/elukelele.com\/fr\/#website\",\"url\":\"https:\/\/elukelele.com\/fr\/\",\"name\":\"El Ukelele\",\"description\":\"Musique au-del\u00e0 de l&#039;indie\",\"potentialAction\":[{\"@type\":\"SearchAction\",\"target\":{\"@type\":\"EntryPoint\",\"urlTemplate\":\"https:\/\/elukelele.com\/fr\/?s={search_term_string}\"},\"query-input\":{\"@type\":\"PropertyValueSpecification\",\"valueRequired\":true,\"valueName\":\"search_term_string\"}}],\"inLanguage\":\"fr-FR\"},{\"@type\":\"Person\",\"@id\":\"https:\/\/elukelele.com\/fr\/#\/schema\/person\/ccfb3d2be2ec7fa389608eb6da0b38d6\",\"name\":\"Daniel Perrin\",\"image\":{\"@type\":\"ImageObject\",\"inLanguage\":\"fr-FR\",\"@id\":\"https:\/\/elukelele.com\/fr\/#\/schema\/person\/image\/\",\"url\":\"https:\/\/secure.gravatar.com\/avatar\/37f9d9ffa29ce5640a0d9c6ca8bbd90afb854014296ecaa0e3a558ac716e6fe4?s=96&d=mm&r=g\",\"contentUrl\":\"https:\/\/secure.gravatar.com\/avatar\/37f9d9ffa29ce5640a0d9c6ca8bbd90afb854014296ecaa0e3a558ac716e6fe4?s=96&d=mm&r=g\",\"caption\":\"Daniel Perrin\"},\"sameAs\":[\"https:\/\/elukelele.com\/fr\"],\"url\":\"https:\/\/elukelele.com\/fr\/author\/daniel-perrin\/\"}]}<\/script>\n<!-- \/ Yoast SEO plugin. -->","yoast_head_json":{"title":"Sylvie Vartan \u00e9mue dans C \u00e0 vous avec David Hallyday","description":"D\u00e9couvrez l'\u00e9mouvant t\u00e9moignage de Sylvie Vartan et David Hallyday dans \"C \u00e0 vous\". Une interview poignante sur sa carri\u00e8re et \"La Maritza\".","robots":{"index":"index","follow":"follow","max-snippet":"max-snippet:-1","max-image-preview":"max-image-preview:large","max-video-preview":"max-video-preview:-1"},"canonical":"https:\/\/elukelele.com\/fr\/divertissement\/sylvie-vartan-et-david-hallyday-moment-demotion-a-la-tele\/","og_locale":"fr_FR","og_type":"article","og_title":"Sylvie Vartan \u00e9mue dans C \u00e0 vous avec David Hallyday","og_description":"D\u00e9couvrez l'\u00e9mouvant t\u00e9moignage de Sylvie Vartan et David Hallyday dans \"C \u00e0 vous\". Une interview poignante sur sa carri\u00e8re et \"La Maritza\".","og_url":"https:\/\/elukelele.com\/fr\/divertissement\/sylvie-vartan-et-david-hallyday-moment-demotion-a-la-tele\/","og_site_name":"El Ukelele","article_published_time":"2025-12-04T04:26:15+00:00","og_image":[{"width":1200,"height":628,"url":"https:\/\/elukelele.com\/fr\/wp-content\/uploads\/2025\/12\/framed_only-85.png","type":"image\/png"}],"author":"Daniel Perrin","twitter_card":"summary_large_image","twitter_misc":{"\u00c9crit par":"Daniel Perrin","Dur\u00e9e de lecture estim\u00e9e":"3 minutes"},"schema":{"@context":"https:\/\/schema.org","@graph":[{"@type":"WebPage","@id":"https:\/\/elukelele.com\/fr\/divertissement\/sylvie-vartan-et-david-hallyday-moment-demotion-a-la-tele\/","url":"https:\/\/elukelele.com\/fr\/divertissement\/sylvie-vartan-et-david-hallyday-moment-demotion-a-la-tele\/","name":"Sylvie Vartan \u00e9mue dans C \u00e0 vous avec David Hallyday","isPartOf":{"@id":"https:\/\/elukelele.com\/fr\/#website"},"primaryImageOfPage":{"@id":"https:\/\/elukelele.com\/fr\/divertissement\/sylvie-vartan-et-david-hallyday-moment-demotion-a-la-tele\/#primaryimage"},"image":{"@id":"https:\/\/elukelele.com\/fr\/divertissement\/sylvie-vartan-et-david-hallyday-moment-demotion-a-la-tele\/#primaryimage"},"thumbnailUrl":"https:\/\/elukelele.com\/fr\/wp-content\/uploads\/2025\/12\/framed_only-85.png","datePublished":"2025-12-04T04:26:15+00:00","author":{"@id":"https:\/\/elukelele.com\/fr\/#\/schema\/person\/ccfb3d2be2ec7fa389608eb6da0b38d6"},"description":"D\u00e9couvrez l'\u00e9mouvant t\u00e9moignage de Sylvie Vartan et David Hallyday dans \"C \u00e0 vous\". Une interview poignante sur sa carri\u00e8re et \"La Maritza\".","breadcrumb":{"@id":"https:\/\/elukelele.com\/fr\/divertissement\/sylvie-vartan-et-david-hallyday-moment-demotion-a-la-tele\/#breadcrumb"},"inLanguage":"fr-FR","potentialAction":[{"@type":"ReadAction","target":["https:\/\/elukelele.com\/fr\/divertissement\/sylvie-vartan-et-david-hallyday-moment-demotion-a-la-tele\/"]}]},{"@type":"ImageObject","inLanguage":"fr-FR","@id":"https:\/\/elukelele.com\/fr\/divertissement\/sylvie-vartan-et-david-hallyday-moment-demotion-a-la-tele\/#primaryimage","url":"https:\/\/elukelele.com\/fr\/wp-content\/uploads\/2025\/12\/framed_only-85.png","contentUrl":"https:\/\/elukelele.com\/fr\/wp-content\/uploads\/2025\/12\/framed_only-85.png","width":1200,"height":628,"caption":"Sylvie"},{"@type":"BreadcrumbList","@id":"https:\/\/elukelele.com\/fr\/divertissement\/sylvie-vartan-et-david-hallyday-moment-demotion-a-la-tele\/#breadcrumb","itemListElement":[{"@type":"ListItem","position":1,"name":"Home","item":"https:\/\/elukelele.com\/fr\/"},{"@type":"ListItem","position":2,"name":"Sylvie Vartan et David Hallyday : moment d&rsquo;\u00e9motion \u00e0 la t\u00e9l\u00e9"}]},{"@type":"WebSite","@id":"https:\/\/elukelele.com\/fr\/#website","url":"https:\/\/elukelele.com\/fr\/","name":"El Ukelele","description":"Musique au-del\u00e0 de l&#039;indie","potentialAction":[{"@type":"SearchAction","target":{"@type":"EntryPoint","urlTemplate":"https:\/\/elukelele.com\/fr\/?s={search_term_string}"},"query-input":{"@type":"PropertyValueSpecification","valueRequired":true,"valueName":"search_term_string"}}],"inLanguage":"fr-FR"},{"@type":"Person","@id":"https:\/\/elukelele.com\/fr\/#\/schema\/person\/ccfb3d2be2ec7fa389608eb6da0b38d6","name":"Daniel Perrin","image":{"@type":"ImageObject","inLanguage":"fr-FR","@id":"https:\/\/elukelele.com\/fr\/#\/schema\/person\/image\/","url":"https:\/\/secure.gravatar.com\/avatar\/37f9d9ffa29ce5640a0d9c6ca8bbd90afb854014296ecaa0e3a558ac716e6fe4?s=96&d=mm&r=g","contentUrl":"https:\/\/secure.gravatar.com\/avatar\/37f9d9ffa29ce5640a0d9c6ca8bbd90afb854014296ecaa0e3a558ac716e6fe4?s=96&d=mm&r=g","caption":"Daniel Perrin"},"sameAs":["https:\/\/elukelele.com\/fr"],"url":"https:\/\/elukelele.com\/fr\/author\/daniel-perrin\/"}]}},"_links":{"self":[{"href":"https:\/\/elukelele.com\/fr\/wp-json\/wp\/v2\/posts\/47049","targetHints":{"allow":["GET"]}}],"collection":[{"href":"https:\/\/elukelele.com\/fr\/wp-json\/wp\/v2\/posts"}],"about":[{"href":"https:\/\/elukelele.com\/fr\/wp-json\/wp\/v2\/types\/post"}],"author":[{"embeddable":true,"href":"https:\/\/elukelele.com\/fr\/wp-json\/wp\/v2\/users\/4"}],"replies":[{"embeddable":true,"href":"https:\/\/elukelele.com\/fr\/wp-json\/wp\/v2\/comments?post=47049"}],"version-history":[{"count":1,"href":"https:\/\/elukelele.com\/fr\/wp-json\/wp\/v2\/posts\/47049\/revisions"}],"predecessor-version":[{"id":47443,"href":"https:\/\/elukelele.com\/fr\/wp-json\/wp\/v2\/posts\/47049\/revisions\/47443"}],"wp:featuredmedia":[{"embeddable":true,"href":"https:\/\/elukelele.com\/fr\/wp-json\/wp\/v2\/media\/47048"}],"wp:attachment":[{"href":"https:\/\/elukelele.com\/fr\/wp-json\/wp\/v2\/media?parent=47049"}],"wp:term":[{"taxonomy":"category","embeddable":true,"href":"https:\/\/elukelele.com\/fr\/wp-json\/wp\/v2\/categories?post=47049"},{"taxonomy":"post_tag","embeddable":true,"href":"https:\/\/elukelele.com\/fr\/wp-json\/wp\/v2\/tags?post=47049"}],"curies":[{"name":"wp","href":"https:\/\/api.w.org\/{rel}","templated":true}]}}