{"id":47041,"date":"2025-12-04T04:20:04","date_gmt":"2025-12-04T04:20:04","guid":{"rendered":"https:\/\/elukelele.com\/fr\/?p=47041"},"modified":"2025-12-04T04:20:46","modified_gmt":"2025-12-04T04:20:46","slug":"olivier-minne-son-depart-de-france-televisions-et-ses-regrets","status":"publish","type":"post","link":"https:\/\/elukelele.com\/fr\/divertissement\/olivier-minne-son-depart-de-france-televisions-et-ses-regrets\/","title":{"rendered":"Olivier Minne : son d\u00e9part de France T\u00e9l\u00e9visions et ses regrets"},"content":{"rendered":"<p>Le d\u00e9part d&rsquo;une figure embl\u00e9matique du paysage audiovisuel soul\u00e8ve souvent de nombreuses questions, tant sur les raisons profondes que sur les r\u00e9percussions \u00e9motionnelles pour l&rsquo;individu concern\u00e9. Olivier Minne, apr\u00e8s des d\u00e9cennies pass\u00e9es sur France T\u00e9l\u00e9visions, notamment \u00e0 la t\u00eate de l&rsquo;incontournable \u00ab\u00a0Fort Boyard\u00a0\u00bb, a r\u00e9cemment fait les gros titres avec son passage sur M6. Ce changement majeur s&rsquo;accompagne, selon ses propres aveux, d&rsquo;un certain \u00ab\u00a0malaise\u00a0\u00bb et de sentiments complexes, m\u00eame si, comme il le confie, \u00ab\u00a0les larmes ont s\u00e9ch\u00e9, mais\u2026\u00a0\u00bb<\/p>\n<h2 class=\"wp-block-heading\">Les Adieux \u00c9mouvants \u00e0 Fort Boyard<\/h2>\n<p>La fin d&rsquo;une \u00e8re est souvent marqu\u00e9e par des moments intenses, et le d\u00e9part d&rsquo;Olivier Minne de \u00ab\u00a0Fort Boyard\u00a0\u00bb n&rsquo;a pas fait exception. Apr\u00e8s vingt-trois ann\u00e9es de bons et loyaux services, la soir\u00e9e du 30 ao\u00fbt est rest\u00e9e grav\u00e9e dans les m\u00e9moires comme un hommage poignant \u00e0 l&rsquo;animateur. L&rsquo;\u00e9mission a vu d\u00e9filer des personnalit\u00e9s telles que Bruno Guillon, \u00c9lodie Gossuin et Vincent Lagaf&rsquo;, venus t\u00e9moigner de leur affection et de leur respect pour leur coll\u00e8gue. Cependant, l&rsquo;un des moments les plus charg\u00e9s en \u00e9motion fut sans conteste l&rsquo;intervention du P\u00e8re Fouras. Le personnage iconique du Fort a exprim\u00e9 toute sa gratitude et sa bienveillance envers Olivier Minne, soulignant son attention constante envers chacun et affirmant que \u00ab\u00a0le Fort perd un animateur embl\u00e9matique, mais ce que nous perdons, c&rsquo;est un \u00eatre remarquable\u00a0\u00bb. En point d&rsquo;orgue de ces adieux, F\u00e9lindra a symboliquement remis la t\u00eate de tigre \u00e0 Olivier Minne, scellant un chapitre m\u00e9morable de la t\u00e9l\u00e9vision fran\u00e7aise.<\/p>\n<h2 class=\"wp-block-heading\">Un Nouveau Chapitre sur M6 et des Confidences Am\u00e8res<\/h2>\n<p>Loin de se retirer de l&rsquo;\u00e9cran, Olivier Minne a rapidement entam\u00e9 une nouvelle aventure professionnelle sur M6. Il a notamment repris les r\u00eanes du jeu culte \u00ab\u00a0Le Maillon Faible\u00a0\u00bb d\u00e8s le 29 novembre, un retour tr\u00e8s attendu. N\u00e9anmoins, cette transition s&rsquo;accompagne de r\u00e9v\u00e9lations teint\u00e9es d&rsquo;amertume concernant ses relations avec France T\u00e9l\u00e9visions. L&rsquo;animateur a confi\u00e9 ne pas savoir \u00ab\u00a0comment ils me consid\u00e9raient, puisque je n&rsquo;avais pas de contact avec eux\u00a0\u00bb, une d\u00e9claration qui jette une lumi\u00e8re crue sur le manque de communication per\u00e7u entre la direction du service public et certains de ses talents historiques. Chez M6, Olivier Minne a l&rsquo;opportunit\u00e9 de r\u00e9inventer son style, en d\u00e9veloppant un personnage \u00ab\u00a0piquant avec un flegme \u00e0 l&rsquo;anglaise\u00a0\u00bb pour apporter une touche personnelle au \u00ab\u00a0Maillon Faible\u00a0\u00bb, se distinguant ainsi de l&rsquo;animation de Laurence Boccolini. La cha\u00eene lui a \u00e9galement confi\u00e9 d&rsquo;autres projets d&rsquo;envergure, tels que \u00ab\u00a0Pandore\u00a0\u00bb et \u00ab\u00a0Quel est l&rsquo;\u00e2ge de votre cerveau\u00a0\u00bb, et il est m\u00eame pr\u00e9vu qu&rsquo;il anime le r\u00e9veillon de la Saint-Sylvestre pour son nouveau diffuseur, marquant une v\u00e9ritable confiance de la part de M6.<\/p>\n<h2 class=\"wp-block-heading\">L&rsquo;Inqui\u00e9tude Persistante Face \u00e0 l&rsquo;Avenir T\u00e9l\u00e9visuel<\/h2>\n<p>Malgr\u00e9 l&rsquo;excitation d&rsquo;un nouveau d\u00e9part et des projets prometteurs, Olivier Minne ne cache pas que son d\u00e9part de France T\u00e9l\u00e9visions a laiss\u00e9 des traces \u00e9motionnelles profondes. \u00ab\u00a0C&rsquo;\u00e9tait \u00e9motionnellement tr\u00e8s charg\u00e9. Les larmes ont s\u00e9ch\u00e9, mais elles reviennent de temps en temps\u00a0\u00bb, a-t-il avou\u00e9, soulignant que le soutien du public ravive r\u00e9guli\u00e8rement ce lien affectif tiss\u00e9 au fil de vingt-trois ann\u00e9es d&rsquo;antenne. Plus qu&rsquo;une simple nostalgie, l&rsquo;animateur exprime \u00e9galement une lucidit\u00e9, voire une inqui\u00e9tude, quant \u00e0 la nature impitoyable de l&rsquo;industrie t\u00e9l\u00e9visuelle. Sa phrase \u00ab\u00a0La t\u00e9l\u00e9vision, c&rsquo;est toujours sans garantie. S&rsquo;il n&rsquo;y a pas d&rsquo;autre projet en parall\u00e8le, on sent que \u00e7a finira mal\u00a0\u00bb r\u00e9sonne comme un avertissement sur la pr\u00e9carit\u00e9 du m\u00e9tier, m\u00eame pour les figures les plus \u00e9tablies. Cependant, son d\u00e9marrage sur M6 avec \u00ab\u00a0Le Maillon Faible\u00a0\u00bb s&rsquo;est av\u00e9r\u00e9 encourageant, attirant 1,5 million de t\u00e9l\u00e9spectateurs, un chiffre bien sup\u00e9rieur \u00e0 la moyenne habituelle de la case, ce qui t\u00e9moigne d&rsquo;un accueil favorable de la part du public pour cette nouvelle \u00e9tape de sa carri\u00e8re.<\/p>\n<h2 class=\"wp-block-heading\">FAQ : Les Questions Fr\u00e9quentes sur le D\u00e9part d&rsquo;Olivier Minne<\/h2>\n<ul>\n<li><strong>Pourquoi Olivier Minne a-t-il quitt\u00e9 France T\u00e9l\u00e9visions ?<\/strong>\n<p>Olivier Minne a indiqu\u00e9 un manque de contact et de consid\u00e9ration de la part de la direction de France T\u00e9l\u00e9visions comme une des raisons de son d\u00e9part, en d\u00e9pit de ses nombreuses ann\u00e9es de pr\u00e9sence sur la cha\u00eene.<\/p>\n<\/li>\n<li><strong>Quelles sont les nouvelles \u00e9missions d&rsquo;Olivier Minne sur M6 ?<\/strong>\n<p>Sur M6, Olivier Minne anime \u00ab\u00a0Le Maillon Faible\u00a0\u00bb et devrait \u00e9galement pr\u00e9senter \u00ab\u00a0Pandore\u00a0\u00bb et \u00ab\u00a0Quel est l&rsquo;\u00e2ge de votre cerveau\u00a0\u00bb, ainsi que le r\u00e9veillon de la Saint-Sylvestre.<\/p>\n<\/li>\n<li><strong>Comment a \u00e9t\u00e9 v\u00e9cu son d\u00e9part de Fort Boyard ?<\/strong>\n<p>Son d\u00e9part de \u00ab\u00a0Fort Boyard\u00a0\u00bb a \u00e9t\u00e9 marqu\u00e9 par un hommage \u00e9mouvant de la part de France T\u00e9l\u00e9visions, avec des t\u00e9moignages de coll\u00e8gues et une c\u00e9r\u00e9monie symbolique.<\/p>\n<\/li>\n<\/ul>\n<h2 class=\"wp-block-heading\">Conclusion<\/h2>\n<p>Le parcours d&rsquo;Olivier Minne, de ses adieux d\u00e9chirants \u00e0 France T\u00e9l\u00e9visions \u00e0 son nouveau souffle sur M6, illustre non seulement la volatilit\u00e9 du monde m\u00e9diatique mais aussi la r\u00e9silience des personnalit\u00e9s qui le composent. Son \u00ab\u00a0malaise\u00a0\u00bb post-d\u00e9part, bien que teint\u00e9 d&rsquo;\u00e9motion, s&rsquo;accompagne d&rsquo;une vision claire des enjeux de sa profession. En embrassant de nouveaux projets, il tente de naviguer dans ce paysage en constante \u00e9volution, prouvant que m\u00eame apr\u00e8s des ann\u00e9es de succ\u00e8s, l&rsquo;adaptabilit\u00e9 et la recherche de nouveaux d\u00e9fis sont essentielles pour perdurer dans le c\u0153ur du public.<\/p>\n","protected":false},"excerpt":{"rendered":"<p>Le d\u00e9part d&rsquo;une figure embl\u00e9matique du paysage audiovisuel soul\u00e8ve souvent de nombreuses questions, tant sur les raisons profondes que sur les r\u00e9percussions \u00e9motionnelles pour l&rsquo;individu concern\u00e9. Olivier Minne, apr\u00e8s des d\u00e9cennies pass\u00e9es sur France T\u00e9l\u00e9visions, notamment \u00e0 la t\u00eate de l&rsquo;incontournable \u00ab\u00a0Fort Boyard\u00a0\u00bb, a r\u00e9cemment fait les gros titres avec son passage sur M6. Ce [&hellip;]<\/p>\n","protected":false},"author":4,"featured_media":47040,"comment_status":"open","ping_status":"open","sticky":false,"template":"","format":"standard","meta":{"_yoast_wpseo_title":"Olivier Minne : Adieux \u00e0 Fort Boyard et Nouveau D\u00e9part","_yoast_wpseo_metadesc":"Comment Olivier Minne a-t-il v\u00e9cu son d\u00e9part de France T\u00e9l\u00e9visions ? D\u00e9couvrez les \u00e9motions et le \"malaise\" qui ont suivi son passage \u00e0 M6 apr\u00e8s des ann\u00e9es \u00e0 \"F","_yoast_wpseo_focuskw":"Olivier"},"categories":[5],"tags":[],"class_list":["post-47041","post","type-post","status-publish","format-standard","has-post-thumbnail","hentry","category-divertissement"],"yoast_head":"<!-- This site is optimized with the Yoast SEO plugin v26.3 - https:\/\/yoast.com\/wordpress\/plugins\/seo\/ -->\n<title>Olivier Minne : Adieux \u00e0 Fort Boyard et Nouveau D\u00e9part<\/title>\n<meta name=\"description\" content=\"Comment Olivier Minne a-t-il v\u00e9cu son d\u00e9part de France T\u00e9l\u00e9visions ? D\u00e9couvrez les \u00e9motions et le &quot;malaise&quot; qui ont suivi son passage \u00e0 M6 apr\u00e8s des ann\u00e9es \u00e0 &quot;F\" \/>\n<meta name=\"robots\" content=\"index, follow, max-snippet:-1, max-image-preview:large, max-video-preview:-1\" \/>\n<link rel=\"canonical\" href=\"https:\/\/elukelele.com\/fr\/divertissement\/olivier-minne-son-depart-de-france-televisions-et-ses-regrets\/\" \/>\n<meta property=\"og:locale\" content=\"fr_FR\" \/>\n<meta property=\"og:type\" content=\"article\" \/>\n<meta property=\"og:title\" content=\"Olivier Minne : Adieux \u00e0 Fort Boyard et Nouveau D\u00e9part\" \/>\n<meta property=\"og:description\" content=\"Comment Olivier Minne a-t-il v\u00e9cu son d\u00e9part de France T\u00e9l\u00e9visions ? D\u00e9couvrez les \u00e9motions et le &quot;malaise&quot; qui ont suivi son passage \u00e0 M6 apr\u00e8s des ann\u00e9es \u00e0 &quot;F\" \/>\n<meta property=\"og:url\" content=\"https:\/\/elukelele.com\/fr\/divertissement\/olivier-minne-son-depart-de-france-televisions-et-ses-regrets\/\" \/>\n<meta property=\"og:site_name\" content=\"El Ukelele\" \/>\n<meta property=\"article:published_time\" content=\"2025-12-04T04:20:04+00:00\" \/>\n<meta property=\"article:modified_time\" content=\"2025-12-04T04:20:46+00:00\" \/>\n<meta property=\"og:image\" content=\"https:\/\/elukelele.com\/fr\/wp-content\/uploads\/2025\/12\/framed_only-81.png\" \/>\n\t<meta property=\"og:image:width\" content=\"1200\" \/>\n\t<meta property=\"og:image:height\" content=\"628\" \/>\n\t<meta property=\"og:image:type\" content=\"image\/png\" \/>\n<meta name=\"author\" content=\"Daniel Perrin\" \/>\n<meta name=\"twitter:card\" content=\"summary_large_image\" \/>\n<meta name=\"twitter:label1\" content=\"\u00c9crit par\" \/>\n\t<meta name=\"twitter:data1\" content=\"Daniel Perrin\" \/>\n\t<meta name=\"twitter:label2\" content=\"Dur\u00e9e de lecture estim\u00e9e\" \/>\n\t<meta name=\"twitter:data2\" content=\"5 minutes\" \/>\n<script type=\"application\/ld+json\" class=\"yoast-schema-graph\">{\"@context\":\"https:\/\/schema.org\",\"@graph\":[{\"@type\":\"WebPage\",\"@id\":\"https:\/\/elukelele.com\/fr\/divertissement\/olivier-minne-son-depart-de-france-televisions-et-ses-regrets\/\",\"url\":\"https:\/\/elukelele.com\/fr\/divertissement\/olivier-minne-son-depart-de-france-televisions-et-ses-regrets\/\",\"name\":\"Olivier Minne : Adieux \u00e0 Fort Boyard et Nouveau D\u00e9part\",\"isPartOf\":{\"@id\":\"https:\/\/elukelele.com\/fr\/#website\"},\"primaryImageOfPage\":{\"@id\":\"https:\/\/elukelele.com\/fr\/divertissement\/olivier-minne-son-depart-de-france-televisions-et-ses-regrets\/#primaryimage\"},\"image\":{\"@id\":\"https:\/\/elukelele.com\/fr\/divertissement\/olivier-minne-son-depart-de-france-televisions-et-ses-regrets\/#primaryimage\"},\"thumbnailUrl\":\"https:\/\/elukelele.com\/fr\/wp-content\/uploads\/2025\/12\/framed_only-81.png\",\"datePublished\":\"2025-12-04T04:20:04+00:00\",\"dateModified\":\"2025-12-04T04:20:46+00:00\",\"author\":{\"@id\":\"https:\/\/elukelele.com\/fr\/#\/schema\/person\/ccfb3d2be2ec7fa389608eb6da0b38d6\"},\"description\":\"Comment Olivier Minne a-t-il v\u00e9cu son d\u00e9part de France T\u00e9l\u00e9visions ? D\u00e9couvrez les \u00e9motions et le \\\"malaise\\\" qui ont suivi son passage \u00e0 M6 apr\u00e8s des ann\u00e9es \u00e0 \\\"F\",\"breadcrumb\":{\"@id\":\"https:\/\/elukelele.com\/fr\/divertissement\/olivier-minne-son-depart-de-france-televisions-et-ses-regrets\/#breadcrumb\"},\"inLanguage\":\"fr-FR\",\"potentialAction\":[{\"@type\":\"ReadAction\",\"target\":[\"https:\/\/elukelele.com\/fr\/divertissement\/olivier-minne-son-depart-de-france-televisions-et-ses-regrets\/\"]}]},{\"@type\":\"ImageObject\",\"inLanguage\":\"fr-FR\",\"@id\":\"https:\/\/elukelele.com\/fr\/divertissement\/olivier-minne-son-depart-de-france-televisions-et-ses-regrets\/#primaryimage\",\"url\":\"https:\/\/elukelele.com\/fr\/wp-content\/uploads\/2025\/12\/framed_only-81.png\",\"contentUrl\":\"https:\/\/elukelele.com\/fr\/wp-content\/uploads\/2025\/12\/framed_only-81.png\",\"width\":1200,\"height\":628,\"caption\":\"Olivier\"},{\"@type\":\"BreadcrumbList\",\"@id\":\"https:\/\/elukelele.com\/fr\/divertissement\/olivier-minne-son-depart-de-france-televisions-et-ses-regrets\/#breadcrumb\",\"itemListElement\":[{\"@type\":\"ListItem\",\"position\":1,\"name\":\"Home\",\"item\":\"https:\/\/elukelele.com\/fr\/\"},{\"@type\":\"ListItem\",\"position\":2,\"name\":\"Olivier Minne : son d\u00e9part de France T\u00e9l\u00e9visions et ses regrets\"}]},{\"@type\":\"WebSite\",\"@id\":\"https:\/\/elukelele.com\/fr\/#website\",\"url\":\"https:\/\/elukelele.com\/fr\/\",\"name\":\"El Ukelele\",\"description\":\"Musique au-del\u00e0 de l&#039;indie\",\"potentialAction\":[{\"@type\":\"SearchAction\",\"target\":{\"@type\":\"EntryPoint\",\"urlTemplate\":\"https:\/\/elukelele.com\/fr\/?s={search_term_string}\"},\"query-input\":{\"@type\":\"PropertyValueSpecification\",\"valueRequired\":true,\"valueName\":\"search_term_string\"}}],\"inLanguage\":\"fr-FR\"},{\"@type\":\"Person\",\"@id\":\"https:\/\/elukelele.com\/fr\/#\/schema\/person\/ccfb3d2be2ec7fa389608eb6da0b38d6\",\"name\":\"Daniel Perrin\",\"image\":{\"@type\":\"ImageObject\",\"inLanguage\":\"fr-FR\",\"@id\":\"https:\/\/elukelele.com\/fr\/#\/schema\/person\/image\/\",\"url\":\"https:\/\/secure.gravatar.com\/avatar\/37f9d9ffa29ce5640a0d9c6ca8bbd90afb854014296ecaa0e3a558ac716e6fe4?s=96&d=mm&r=g\",\"contentUrl\":\"https:\/\/secure.gravatar.com\/avatar\/37f9d9ffa29ce5640a0d9c6ca8bbd90afb854014296ecaa0e3a558ac716e6fe4?s=96&d=mm&r=g\",\"caption\":\"Daniel Perrin\"},\"sameAs\":[\"https:\/\/elukelele.com\/fr\"],\"url\":\"https:\/\/elukelele.com\/fr\/author\/daniel-perrin\/\"}]}<\/script>\n<!-- \/ Yoast SEO plugin. -->","yoast_head_json":{"title":"Olivier Minne : Adieux \u00e0 Fort Boyard et Nouveau D\u00e9part","description":"Comment Olivier Minne a-t-il v\u00e9cu son d\u00e9part de France T\u00e9l\u00e9visions ? D\u00e9couvrez les \u00e9motions et le \"malaise\" qui ont suivi son passage \u00e0 M6 apr\u00e8s des ann\u00e9es \u00e0 \"F","robots":{"index":"index","follow":"follow","max-snippet":"max-snippet:-1","max-image-preview":"max-image-preview:large","max-video-preview":"max-video-preview:-1"},"canonical":"https:\/\/elukelele.com\/fr\/divertissement\/olivier-minne-son-depart-de-france-televisions-et-ses-regrets\/","og_locale":"fr_FR","og_type":"article","og_title":"Olivier Minne : Adieux \u00e0 Fort Boyard et Nouveau D\u00e9part","og_description":"Comment Olivier Minne a-t-il v\u00e9cu son d\u00e9part de France T\u00e9l\u00e9visions ? D\u00e9couvrez les \u00e9motions et le \"malaise\" qui ont suivi son passage \u00e0 M6 apr\u00e8s des ann\u00e9es \u00e0 \"F","og_url":"https:\/\/elukelele.com\/fr\/divertissement\/olivier-minne-son-depart-de-france-televisions-et-ses-regrets\/","og_site_name":"El Ukelele","article_published_time":"2025-12-04T04:20:04+00:00","article_modified_time":"2025-12-04T04:20:46+00:00","og_image":[{"width":1200,"height":628,"url":"https:\/\/elukelele.com\/fr\/wp-content\/uploads\/2025\/12\/framed_only-81.png","type":"image\/png"}],"author":"Daniel Perrin","twitter_card":"summary_large_image","twitter_misc":{"\u00c9crit par":"Daniel Perrin","Dur\u00e9e de lecture estim\u00e9e":"5 minutes"},"schema":{"@context":"https:\/\/schema.org","@graph":[{"@type":"WebPage","@id":"https:\/\/elukelele.com\/fr\/divertissement\/olivier-minne-son-depart-de-france-televisions-et-ses-regrets\/","url":"https:\/\/elukelele.com\/fr\/divertissement\/olivier-minne-son-depart-de-france-televisions-et-ses-regrets\/","name":"Olivier Minne : Adieux \u00e0 Fort Boyard et Nouveau D\u00e9part","isPartOf":{"@id":"https:\/\/elukelele.com\/fr\/#website"},"primaryImageOfPage":{"@id":"https:\/\/elukelele.com\/fr\/divertissement\/olivier-minne-son-depart-de-france-televisions-et-ses-regrets\/#primaryimage"},"image":{"@id":"https:\/\/elukelele.com\/fr\/divertissement\/olivier-minne-son-depart-de-france-televisions-et-ses-regrets\/#primaryimage"},"thumbnailUrl":"https:\/\/elukelele.com\/fr\/wp-content\/uploads\/2025\/12\/framed_only-81.png","datePublished":"2025-12-04T04:20:04+00:00","dateModified":"2025-12-04T04:20:46+00:00","author":{"@id":"https:\/\/elukelele.com\/fr\/#\/schema\/person\/ccfb3d2be2ec7fa389608eb6da0b38d6"},"description":"Comment Olivier Minne a-t-il v\u00e9cu son d\u00e9part de France T\u00e9l\u00e9visions ? D\u00e9couvrez les \u00e9motions et le \"malaise\" qui ont suivi son passage \u00e0 M6 apr\u00e8s des ann\u00e9es \u00e0 \"F","breadcrumb":{"@id":"https:\/\/elukelele.com\/fr\/divertissement\/olivier-minne-son-depart-de-france-televisions-et-ses-regrets\/#breadcrumb"},"inLanguage":"fr-FR","potentialAction":[{"@type":"ReadAction","target":["https:\/\/elukelele.com\/fr\/divertissement\/olivier-minne-son-depart-de-france-televisions-et-ses-regrets\/"]}]},{"@type":"ImageObject","inLanguage":"fr-FR","@id":"https:\/\/elukelele.com\/fr\/divertissement\/olivier-minne-son-depart-de-france-televisions-et-ses-regrets\/#primaryimage","url":"https:\/\/elukelele.com\/fr\/wp-content\/uploads\/2025\/12\/framed_only-81.png","contentUrl":"https:\/\/elukelele.com\/fr\/wp-content\/uploads\/2025\/12\/framed_only-81.png","width":1200,"height":628,"caption":"Olivier"},{"@type":"BreadcrumbList","@id":"https:\/\/elukelele.com\/fr\/divertissement\/olivier-minne-son-depart-de-france-televisions-et-ses-regrets\/#breadcrumb","itemListElement":[{"@type":"ListItem","position":1,"name":"Home","item":"https:\/\/elukelele.com\/fr\/"},{"@type":"ListItem","position":2,"name":"Olivier Minne : son d\u00e9part de France T\u00e9l\u00e9visions et ses regrets"}]},{"@type":"WebSite","@id":"https:\/\/elukelele.com\/fr\/#website","url":"https:\/\/elukelele.com\/fr\/","name":"El Ukelele","description":"Musique au-del\u00e0 de l&#039;indie","potentialAction":[{"@type":"SearchAction","target":{"@type":"EntryPoint","urlTemplate":"https:\/\/elukelele.com\/fr\/?s={search_term_string}"},"query-input":{"@type":"PropertyValueSpecification","valueRequired":true,"valueName":"search_term_string"}}],"inLanguage":"fr-FR"},{"@type":"Person","@id":"https:\/\/elukelele.com\/fr\/#\/schema\/person\/ccfb3d2be2ec7fa389608eb6da0b38d6","name":"Daniel Perrin","image":{"@type":"ImageObject","inLanguage":"fr-FR","@id":"https:\/\/elukelele.com\/fr\/#\/schema\/person\/image\/","url":"https:\/\/secure.gravatar.com\/avatar\/37f9d9ffa29ce5640a0d9c6ca8bbd90afb854014296ecaa0e3a558ac716e6fe4?s=96&d=mm&r=g","contentUrl":"https:\/\/secure.gravatar.com\/avatar\/37f9d9ffa29ce5640a0d9c6ca8bbd90afb854014296ecaa0e3a558ac716e6fe4?s=96&d=mm&r=g","caption":"Daniel Perrin"},"sameAs":["https:\/\/elukelele.com\/fr"],"url":"https:\/\/elukelele.com\/fr\/author\/daniel-perrin\/"}]}},"_links":{"self":[{"href":"https:\/\/elukelele.com\/fr\/wp-json\/wp\/v2\/posts\/47041","targetHints":{"allow":["GET"]}}],"collection":[{"href":"https:\/\/elukelele.com\/fr\/wp-json\/wp\/v2\/posts"}],"about":[{"href":"https:\/\/elukelele.com\/fr\/wp-json\/wp\/v2\/types\/post"}],"author":[{"embeddable":true,"href":"https:\/\/elukelele.com\/fr\/wp-json\/wp\/v2\/users\/4"}],"replies":[{"embeddable":true,"href":"https:\/\/elukelele.com\/fr\/wp-json\/wp\/v2\/comments?post=47041"}],"version-history":[{"count":1,"href":"https:\/\/elukelele.com\/fr\/wp-json\/wp\/v2\/posts\/47041\/revisions"}],"predecessor-version":[{"id":47441,"href":"https:\/\/elukelele.com\/fr\/wp-json\/wp\/v2\/posts\/47041\/revisions\/47441"}],"wp:featuredmedia":[{"embeddable":true,"href":"https:\/\/elukelele.com\/fr\/wp-json\/wp\/v2\/media\/47040"}],"wp:attachment":[{"href":"https:\/\/elukelele.com\/fr\/wp-json\/wp\/v2\/media?parent=47041"}],"wp:term":[{"taxonomy":"category","embeddable":true,"href":"https:\/\/elukelele.com\/fr\/wp-json\/wp\/v2\/categories?post=47041"},{"taxonomy":"post_tag","embeddable":true,"href":"https:\/\/elukelele.com\/fr\/wp-json\/wp\/v2\/tags?post=47041"}],"curies":[{"name":"wp","href":"https:\/\/api.w.org\/{rel}","templated":true}]}}