{"id":47027,"date":"2025-12-04T04:18:06","date_gmt":"2025-12-04T04:18:06","guid":{"rendered":"https:\/\/elukelele.com\/fr\/?p=47027"},"modified":"2025-12-04T04:18:07","modified_gmt":"2025-12-04T04:18:07","slug":"angele-coiffure-glamour-au-defile-chanel-a-new-york","status":"publish","type":"post","link":"https:\/\/elukelele.com\/fr\/divertissement\/angele-coiffure-glamour-au-defile-chanel-a-new-york\/","title":{"rendered":"Ang\u00e8le : Coiffure glamour au d\u00e9fil\u00e9 Chanel \u00e0 New York"},"content":{"rendered":"<p>Chaque d\u00e9fil\u00e9 Chanel est un \u00e9v\u00e9nement attendu, mais le r\u00e9cent d\u00e9fil\u00e9 M\u00e9tiers d&rsquo;art \u00e0 New York a particuli\u00e8rement retenu l&rsquo;attention, notamment gr\u00e2ce \u00e0 la pr\u00e9sence remarqu\u00e9e de l&rsquo;\u00e9g\u00e9rie de la maison, Ang\u00e8le. La chanteuse belge, connue pour son style \u00e0 la fois moderne et intemporel, a fait sensation avec une coiffure sophistiqu\u00e9e combinant une m\u00e8che sur le c\u00f4t\u00e9 et un chignon ultra glamour, une interpr\u00e9tation \u00e9l\u00e9gante qui s&rsquo;accordait parfaitement avec l&rsquo;esprit du show.<\/p>\n<h2>Le D\u00e9fil\u00e9 Chanel M\u00e9tiers d&rsquo;art \u00e0 New York<\/h2>\n<p>Le d\u00e9fil\u00e9 M\u00e9tiers d&rsquo;art 2026 de Chanel, pr\u00e9sent\u00e9 le 2 d\u00e9cembre 2025 par le directeur artistique Matthieu Blazy, s&rsquo;est tenu dans un cadre insolite : une station de m\u00e9tro d\u00e9saffect\u00e9e de Bowery Street \u00e0 New York. Ce d\u00e9cor industriel a servi d&rsquo;\u00e9crin \u00e0 une collection rendant hommage au savoir-faire de la maison, m\u00ealant le tweed embl\u00e9matique, des robes \u00e0 plumes et des tailleurs r\u00e9invent\u00e9s.<\/p>\n<p>Au milieu des personnalit\u00e9s convi\u00e9es, Ang\u00e8le a brill\u00e9, mettant en lumi\u00e8re un look beaut\u00e9 impeccable qui a su captiver l&rsquo;audience. Son choix de coiffure et de maquillage a d\u00e9montr\u00e9 une ma\u00eetrise stylistique en parfaite ad\u00e9quation avec l&rsquo;esth\u00e9tique du d\u00e9fil\u00e9.<\/p>\n<h2>Une Coiffure \u00c9l\u00e9gante et R\u00e9tro : M\u00e8che sur le C\u00f4t\u00e9 et Chignon<\/h2>\n<p>Habituellement vue avec un carr\u00e9 lisse ou l\u00e9g\u00e8rement ondul\u00e9, Ang\u00e8le a opt\u00e9 pour une transformation notable lors de cet \u00e9v\u00e9nement Chanel. Sa coiffure se composait d&rsquo;une m\u00e8che sculpt\u00e9e avec pr\u00e9cision sur le c\u00f4t\u00e9, encadrant d\u00e9licatement son visage et lui conf\u00e9rant une allure inspir\u00e9e des ic\u00f4nes hollywoodiennes. Cette m\u00e8che, parfaitement disciplin\u00e9e, apportait une touche de sophistication et de structure \u00e0 son visage.<\/p>\n<p>\u00c0 l&rsquo;arri\u00e8re, la chanteuse a choisi un chignon sophistiqu\u00e9. Ce choix a eu pour effet de d\u00e9gager subtilement sa nuque, offrant une ligne \u00e9pur\u00e9e et \u00e9l\u00e9gante. Le contraste avec son carr\u00e9 habituel \u00e9tait frappant : le chignon a structur\u00e9 l&rsquo;ensemble de sa silhouette, \u00e9lanc\u00e9 son port de t\u00eate et apport\u00e9 une hauteur qui a instantan\u00e9ment transform\u00e9 son allure en une version plus couture et raffin\u00e9e.<\/p>\n<h2>Un Maquillage Glamour et Subtil<\/h2>\n<p>Le maquillage d&rsquo;Ang\u00e8le compl\u00e9tait harmonieusement sa coiffure glamour. Elle a mis\u00e9 sur une valeur s\u00fbre : un smoky-eyes charbonneux. Ce choix a intensifi\u00e9 son regard sans l&rsquo;alourdir, apportant une profondeur myst\u00e9rieuse qui s&rsquo;accordait avec l&rsquo;\u00e9l\u00e9gance de sa coiffure et l&rsquo;ambiance du d\u00e9fil\u00e9. Le reste de son maquillage a \u00e9t\u00e9 maintenu dans des tons \u00e9quilibr\u00e9s, permettant \u00e0 ses yeux et \u00e0 sa coiffure d&rsquo;\u00eatre les points focaux de son look beaut\u00e9.<\/p>\n<h2>Conclusion<\/h2>\n<p>La prestation d&rsquo;Ang\u00e8le au d\u00e9fil\u00e9 Chanel M\u00e9tiers d&rsquo;art \u00e0 New York a \u00e9t\u00e9 un exemple de style et de sophistication. En associant une m\u00e8che sur le c\u00f4t\u00e9 \u00e0 un chignon ultra glamour, elle a non seulement mis en valeur son visage mais a \u00e9galement d\u00e9montr\u00e9 sa capacit\u00e9 \u00e0 incarner l&rsquo;\u00e9l\u00e9gance intemporelle de la maison Chanel. Son choix audacieux et parfaitement ex\u00e9cut\u00e9 lui a permis de faire une v\u00e9ritable sensation, confirmant son statut d&rsquo;ic\u00f4ne de mode et de beaut\u00e9.<\/p>\n","protected":false},"excerpt":{"rendered":"<p>Chaque d\u00e9fil\u00e9 Chanel est un \u00e9v\u00e9nement attendu, mais le r\u00e9cent d\u00e9fil\u00e9 M\u00e9tiers d&rsquo;art \u00e0 New York a particuli\u00e8rement retenu l&rsquo;attention, notamment gr\u00e2ce \u00e0 la pr\u00e9sence remarqu\u00e9e de l&rsquo;\u00e9g\u00e9rie de la maison, Ang\u00e8le. La chanteuse belge, connue pour son style \u00e0 la fois moderne et intemporel, a fait sensation avec une coiffure sophistiqu\u00e9e combinant une m\u00e8che [&hellip;]<\/p>\n","protected":false},"author":4,"featured_media":47026,"comment_status":"open","ping_status":"open","sticky":false,"template":"","format":"standard","meta":{"_yoast_wpseo_title":"Chanel M\u00e9tiers d'art 2026 : Ang\u00e8le au d\u00e9fil\u00e9 \u00e0 New York","_yoast_wpseo_metadesc":"Ang\u00e8le a captiv\u00e9 l'attention au d\u00e9fil\u00e9 Chanel avec une coiffure sublime : une m\u00e8che sur le c\u00f4t\u00e9 et un chignon glamour.","_yoast_wpseo_focuskw":"Ang\u00e8le"},"categories":[5],"tags":[],"class_list":["post-47027","post","type-post","status-publish","format-standard","has-post-thumbnail","hentry","category-divertissement"],"yoast_head":"<!-- This site is optimized with the Yoast SEO plugin v26.3 - https:\/\/yoast.com\/wordpress\/plugins\/seo\/ -->\n<title>Chanel M\u00e9tiers d&#039;art 2026 : Ang\u00e8le au d\u00e9fil\u00e9 \u00e0 New York<\/title>\n<meta name=\"description\" content=\"Ang\u00e8le a captiv\u00e9 l&#039;attention au d\u00e9fil\u00e9 Chanel avec une coiffure sublime : une m\u00e8che sur le c\u00f4t\u00e9 et un chignon glamour.\" \/>\n<meta name=\"robots\" content=\"index, follow, max-snippet:-1, max-image-preview:large, max-video-preview:-1\" \/>\n<link rel=\"canonical\" href=\"https:\/\/elukelele.com\/fr\/divertissement\/angele-coiffure-glamour-au-defile-chanel-a-new-york\/\" \/>\n<meta property=\"og:locale\" content=\"fr_FR\" \/>\n<meta property=\"og:type\" content=\"article\" \/>\n<meta property=\"og:title\" content=\"Chanel M\u00e9tiers d&#039;art 2026 : Ang\u00e8le au d\u00e9fil\u00e9 \u00e0 New York\" \/>\n<meta property=\"og:description\" content=\"Ang\u00e8le a captiv\u00e9 l&#039;attention au d\u00e9fil\u00e9 Chanel avec une coiffure sublime : une m\u00e8che sur le c\u00f4t\u00e9 et un chignon glamour.\" \/>\n<meta property=\"og:url\" content=\"https:\/\/elukelele.com\/fr\/divertissement\/angele-coiffure-glamour-au-defile-chanel-a-new-york\/\" \/>\n<meta property=\"og:site_name\" content=\"El Ukelele\" \/>\n<meta property=\"article:published_time\" content=\"2025-12-04T04:18:06+00:00\" \/>\n<meta property=\"article:modified_time\" content=\"2025-12-04T04:18:07+00:00\" \/>\n<meta property=\"og:image\" content=\"https:\/\/elukelele.com\/fr\/wp-content\/uploads\/2025\/12\/framed_only-74.png\" \/>\n\t<meta property=\"og:image:width\" content=\"1200\" \/>\n\t<meta property=\"og:image:height\" content=\"628\" \/>\n\t<meta property=\"og:image:type\" content=\"image\/png\" \/>\n<meta name=\"author\" content=\"Daniel Perrin\" \/>\n<meta name=\"twitter:card\" content=\"summary_large_image\" \/>\n<meta name=\"twitter:label1\" content=\"\u00c9crit par\" \/>\n\t<meta name=\"twitter:data1\" content=\"Daniel Perrin\" \/>\n\t<meta name=\"twitter:label2\" content=\"Dur\u00e9e de lecture estim\u00e9e\" \/>\n\t<meta name=\"twitter:data2\" content=\"3 minutes\" \/>\n<script type=\"application\/ld+json\" class=\"yoast-schema-graph\">{\"@context\":\"https:\/\/schema.org\",\"@graph\":[{\"@type\":\"WebPage\",\"@id\":\"https:\/\/elukelele.com\/fr\/divertissement\/angele-coiffure-glamour-au-defile-chanel-a-new-york\/\",\"url\":\"https:\/\/elukelele.com\/fr\/divertissement\/angele-coiffure-glamour-au-defile-chanel-a-new-york\/\",\"name\":\"Chanel M\u00e9tiers d'art 2026 : Ang\u00e8le au d\u00e9fil\u00e9 \u00e0 New York\",\"isPartOf\":{\"@id\":\"https:\/\/elukelele.com\/fr\/#website\"},\"primaryImageOfPage\":{\"@id\":\"https:\/\/elukelele.com\/fr\/divertissement\/angele-coiffure-glamour-au-defile-chanel-a-new-york\/#primaryimage\"},\"image\":{\"@id\":\"https:\/\/elukelele.com\/fr\/divertissement\/angele-coiffure-glamour-au-defile-chanel-a-new-york\/#primaryimage\"},\"thumbnailUrl\":\"https:\/\/elukelele.com\/fr\/wp-content\/uploads\/2025\/12\/framed_only-74.png\",\"datePublished\":\"2025-12-04T04:18:06+00:00\",\"dateModified\":\"2025-12-04T04:18:07+00:00\",\"author\":{\"@id\":\"https:\/\/elukelele.com\/fr\/#\/schema\/person\/ccfb3d2be2ec7fa389608eb6da0b38d6\"},\"description\":\"Ang\u00e8le a captiv\u00e9 l'attention au d\u00e9fil\u00e9 Chanel avec une coiffure sublime : une m\u00e8che sur le c\u00f4t\u00e9 et un chignon glamour.\",\"breadcrumb\":{\"@id\":\"https:\/\/elukelele.com\/fr\/divertissement\/angele-coiffure-glamour-au-defile-chanel-a-new-york\/#breadcrumb\"},\"inLanguage\":\"fr-FR\",\"potentialAction\":[{\"@type\":\"ReadAction\",\"target\":[\"https:\/\/elukelele.com\/fr\/divertissement\/angele-coiffure-glamour-au-defile-chanel-a-new-york\/\"]}]},{\"@type\":\"ImageObject\",\"inLanguage\":\"fr-FR\",\"@id\":\"https:\/\/elukelele.com\/fr\/divertissement\/angele-coiffure-glamour-au-defile-chanel-a-new-york\/#primaryimage\",\"url\":\"https:\/\/elukelele.com\/fr\/wp-content\/uploads\/2025\/12\/framed_only-74.png\",\"contentUrl\":\"https:\/\/elukelele.com\/fr\/wp-content\/uploads\/2025\/12\/framed_only-74.png\",\"width\":1200,\"height\":628,\"caption\":\"Ang\u00e8le\"},{\"@type\":\"BreadcrumbList\",\"@id\":\"https:\/\/elukelele.com\/fr\/divertissement\/angele-coiffure-glamour-au-defile-chanel-a-new-york\/#breadcrumb\",\"itemListElement\":[{\"@type\":\"ListItem\",\"position\":1,\"name\":\"Home\",\"item\":\"https:\/\/elukelele.com\/fr\/\"},{\"@type\":\"ListItem\",\"position\":2,\"name\":\"Ang\u00e8le : Coiffure glamour au d\u00e9fil\u00e9 Chanel \u00e0 New York\"}]},{\"@type\":\"WebSite\",\"@id\":\"https:\/\/elukelele.com\/fr\/#website\",\"url\":\"https:\/\/elukelele.com\/fr\/\",\"name\":\"El Ukelele\",\"description\":\"Musique au-del\u00e0 de l&#039;indie\",\"potentialAction\":[{\"@type\":\"SearchAction\",\"target\":{\"@type\":\"EntryPoint\",\"urlTemplate\":\"https:\/\/elukelele.com\/fr\/?s={search_term_string}\"},\"query-input\":{\"@type\":\"PropertyValueSpecification\",\"valueRequired\":true,\"valueName\":\"search_term_string\"}}],\"inLanguage\":\"fr-FR\"},{\"@type\":\"Person\",\"@id\":\"https:\/\/elukelele.com\/fr\/#\/schema\/person\/ccfb3d2be2ec7fa389608eb6da0b38d6\",\"name\":\"Daniel Perrin\",\"image\":{\"@type\":\"ImageObject\",\"inLanguage\":\"fr-FR\",\"@id\":\"https:\/\/elukelele.com\/fr\/#\/schema\/person\/image\/\",\"url\":\"https:\/\/secure.gravatar.com\/avatar\/37f9d9ffa29ce5640a0d9c6ca8bbd90afb854014296ecaa0e3a558ac716e6fe4?s=96&d=mm&r=g\",\"contentUrl\":\"https:\/\/secure.gravatar.com\/avatar\/37f9d9ffa29ce5640a0d9c6ca8bbd90afb854014296ecaa0e3a558ac716e6fe4?s=96&d=mm&r=g\",\"caption\":\"Daniel Perrin\"},\"sameAs\":[\"https:\/\/elukelele.com\/fr\"],\"url\":\"https:\/\/elukelele.com\/fr\/author\/daniel-perrin\/\"}]}<\/script>\n<!-- \/ Yoast SEO plugin. -->","yoast_head_json":{"title":"Chanel M\u00e9tiers d'art 2026 : Ang\u00e8le au d\u00e9fil\u00e9 \u00e0 New York","description":"Ang\u00e8le a captiv\u00e9 l'attention au d\u00e9fil\u00e9 Chanel avec une coiffure sublime : une m\u00e8che sur le c\u00f4t\u00e9 et un chignon glamour.","robots":{"index":"index","follow":"follow","max-snippet":"max-snippet:-1","max-image-preview":"max-image-preview:large","max-video-preview":"max-video-preview:-1"},"canonical":"https:\/\/elukelele.com\/fr\/divertissement\/angele-coiffure-glamour-au-defile-chanel-a-new-york\/","og_locale":"fr_FR","og_type":"article","og_title":"Chanel M\u00e9tiers d'art 2026 : Ang\u00e8le au d\u00e9fil\u00e9 \u00e0 New York","og_description":"Ang\u00e8le a captiv\u00e9 l'attention au d\u00e9fil\u00e9 Chanel avec une coiffure sublime : une m\u00e8che sur le c\u00f4t\u00e9 et un chignon glamour.","og_url":"https:\/\/elukelele.com\/fr\/divertissement\/angele-coiffure-glamour-au-defile-chanel-a-new-york\/","og_site_name":"El Ukelele","article_published_time":"2025-12-04T04:18:06+00:00","article_modified_time":"2025-12-04T04:18:07+00:00","og_image":[{"width":1200,"height":628,"url":"https:\/\/elukelele.com\/fr\/wp-content\/uploads\/2025\/12\/framed_only-74.png","type":"image\/png"}],"author":"Daniel Perrin","twitter_card":"summary_large_image","twitter_misc":{"\u00c9crit par":"Daniel Perrin","Dur\u00e9e de lecture estim\u00e9e":"3 minutes"},"schema":{"@context":"https:\/\/schema.org","@graph":[{"@type":"WebPage","@id":"https:\/\/elukelele.com\/fr\/divertissement\/angele-coiffure-glamour-au-defile-chanel-a-new-york\/","url":"https:\/\/elukelele.com\/fr\/divertissement\/angele-coiffure-glamour-au-defile-chanel-a-new-york\/","name":"Chanel M\u00e9tiers d'art 2026 : Ang\u00e8le au d\u00e9fil\u00e9 \u00e0 New York","isPartOf":{"@id":"https:\/\/elukelele.com\/fr\/#website"},"primaryImageOfPage":{"@id":"https:\/\/elukelele.com\/fr\/divertissement\/angele-coiffure-glamour-au-defile-chanel-a-new-york\/#primaryimage"},"image":{"@id":"https:\/\/elukelele.com\/fr\/divertissement\/angele-coiffure-glamour-au-defile-chanel-a-new-york\/#primaryimage"},"thumbnailUrl":"https:\/\/elukelele.com\/fr\/wp-content\/uploads\/2025\/12\/framed_only-74.png","datePublished":"2025-12-04T04:18:06+00:00","dateModified":"2025-12-04T04:18:07+00:00","author":{"@id":"https:\/\/elukelele.com\/fr\/#\/schema\/person\/ccfb3d2be2ec7fa389608eb6da0b38d6"},"description":"Ang\u00e8le a captiv\u00e9 l'attention au d\u00e9fil\u00e9 Chanel avec une coiffure sublime : une m\u00e8che sur le c\u00f4t\u00e9 et un chignon glamour.","breadcrumb":{"@id":"https:\/\/elukelele.com\/fr\/divertissement\/angele-coiffure-glamour-au-defile-chanel-a-new-york\/#breadcrumb"},"inLanguage":"fr-FR","potentialAction":[{"@type":"ReadAction","target":["https:\/\/elukelele.com\/fr\/divertissement\/angele-coiffure-glamour-au-defile-chanel-a-new-york\/"]}]},{"@type":"ImageObject","inLanguage":"fr-FR","@id":"https:\/\/elukelele.com\/fr\/divertissement\/angele-coiffure-glamour-au-defile-chanel-a-new-york\/#primaryimage","url":"https:\/\/elukelele.com\/fr\/wp-content\/uploads\/2025\/12\/framed_only-74.png","contentUrl":"https:\/\/elukelele.com\/fr\/wp-content\/uploads\/2025\/12\/framed_only-74.png","width":1200,"height":628,"caption":"Ang\u00e8le"},{"@type":"BreadcrumbList","@id":"https:\/\/elukelele.com\/fr\/divertissement\/angele-coiffure-glamour-au-defile-chanel-a-new-york\/#breadcrumb","itemListElement":[{"@type":"ListItem","position":1,"name":"Home","item":"https:\/\/elukelele.com\/fr\/"},{"@type":"ListItem","position":2,"name":"Ang\u00e8le : Coiffure glamour au d\u00e9fil\u00e9 Chanel \u00e0 New York"}]},{"@type":"WebSite","@id":"https:\/\/elukelele.com\/fr\/#website","url":"https:\/\/elukelele.com\/fr\/","name":"El Ukelele","description":"Musique au-del\u00e0 de l&#039;indie","potentialAction":[{"@type":"SearchAction","target":{"@type":"EntryPoint","urlTemplate":"https:\/\/elukelele.com\/fr\/?s={search_term_string}"},"query-input":{"@type":"PropertyValueSpecification","valueRequired":true,"valueName":"search_term_string"}}],"inLanguage":"fr-FR"},{"@type":"Person","@id":"https:\/\/elukelele.com\/fr\/#\/schema\/person\/ccfb3d2be2ec7fa389608eb6da0b38d6","name":"Daniel Perrin","image":{"@type":"ImageObject","inLanguage":"fr-FR","@id":"https:\/\/elukelele.com\/fr\/#\/schema\/person\/image\/","url":"https:\/\/secure.gravatar.com\/avatar\/37f9d9ffa29ce5640a0d9c6ca8bbd90afb854014296ecaa0e3a558ac716e6fe4?s=96&d=mm&r=g","contentUrl":"https:\/\/secure.gravatar.com\/avatar\/37f9d9ffa29ce5640a0d9c6ca8bbd90afb854014296ecaa0e3a558ac716e6fe4?s=96&d=mm&r=g","caption":"Daniel Perrin"},"sameAs":["https:\/\/elukelele.com\/fr"],"url":"https:\/\/elukelele.com\/fr\/author\/daniel-perrin\/"}]}},"_links":{"self":[{"href":"https:\/\/elukelele.com\/fr\/wp-json\/wp\/v2\/posts\/47027","targetHints":{"allow":["GET"]}}],"collection":[{"href":"https:\/\/elukelele.com\/fr\/wp-json\/wp\/v2\/posts"}],"about":[{"href":"https:\/\/elukelele.com\/fr\/wp-json\/wp\/v2\/types\/post"}],"author":[{"embeddable":true,"href":"https:\/\/elukelele.com\/fr\/wp-json\/wp\/v2\/users\/4"}],"replies":[{"embeddable":true,"href":"https:\/\/elukelele.com\/fr\/wp-json\/wp\/v2\/comments?post=47027"}],"version-history":[{"count":1,"href":"https:\/\/elukelele.com\/fr\/wp-json\/wp\/v2\/posts\/47027\/revisions"}],"predecessor-version":[{"id":47440,"href":"https:\/\/elukelele.com\/fr\/wp-json\/wp\/v2\/posts\/47027\/revisions\/47440"}],"wp:featuredmedia":[{"embeddable":true,"href":"https:\/\/elukelele.com\/fr\/wp-json\/wp\/v2\/media\/47026"}],"wp:attachment":[{"href":"https:\/\/elukelele.com\/fr\/wp-json\/wp\/v2\/media?parent=47027"}],"wp:term":[{"taxonomy":"category","embeddable":true,"href":"https:\/\/elukelele.com\/fr\/wp-json\/wp\/v2\/categories?post=47027"},{"taxonomy":"post_tag","embeddable":true,"href":"https:\/\/elukelele.com\/fr\/wp-json\/wp\/v2\/tags?post=47027"}],"curies":[{"name":"wp","href":"https:\/\/api.w.org\/{rel}","templated":true}]}}