{"id":47015,"date":"2025-12-04T04:12:05","date_gmt":"2025-12-04T04:12:05","guid":{"rendered":"https:\/\/elukelele.com\/fr\/?p=47015"},"modified":"2025-12-04T04:12:42","modified_gmt":"2025-12-04T04:12:42","slug":"thibault-garcia-sa-verite-choc-sur-sa-rupture-avec-jessica","status":"publish","type":"post","link":"https:\/\/elukelele.com\/fr\/divertissement\/thibault-garcia-sa-verite-choc-sur-sa-rupture-avec-jessica\/","title":{"rendered":"Thibault Garcia : Sa v\u00e9rit\u00e9 choc sur sa rupture avec Jessica"},"content":{"rendered":"<p>Les ruptures amoureuses de personnalit\u00e9s publiques suscitent invariablement un vif int\u00e9r\u00eat et d&rsquo;intenses d\u00e9bats sur les r\u00e9seaux sociaux. Lorsqu&rsquo;un couple tr\u00e8s m\u00e9diatis\u00e9, tel que Jessica Thivenin et Thibault Garcia, annonce la fin de sa relation, chaque silence et chaque d\u00e9claration publique sont scrut\u00e9s et interpr\u00e9t\u00e9s. Apr\u00e8s huit ann\u00e9es d&rsquo;une idylle largement document\u00e9e \u00e0 travers les \u00e9missions de t\u00e9l\u00e9r\u00e9alit\u00e9 et les plateformes num\u00e9riques, l&rsquo;annonce de leur s\u00e9paration a secou\u00e9 leurs millions d&rsquo;abonn\u00e9s. Tandis que Jessica Thivenin avait choisi de s&rsquo;exprimer assez rapidement, Thibault Garcia a opt\u00e9 pour une discr\u00e9tion totale, alimentant ainsi de nombreuses sp\u00e9culations et un flot de critiques. Aujourd&rsquo;hui, Thibault Garcia a finalement bris\u00e9 le silence, offrant une perspective inattendue sur cette rupture en d\u00e9clarant : \u00ab\u00a0Je suis le m\u00e9chant de l&rsquo;histoire\u00a0\u00bb.<\/p>\n<h2>Jessica Thivenin : La Qu\u00eate de la S\u00e9r\u00e9nit\u00e9 Apr\u00e8s la Rupture<\/h2>\n<p>Quelques semaines apr\u00e8s l&rsquo;annonce de sa s\u00e9paration d&rsquo;avec Thibault Garcia, Jessica Thivenin s&rsquo;est exprim\u00e9e sur ses r\u00e9seaux sociaux, partageant avec sa communaut\u00e9 son cheminement vers un nouvel \u00e9quilibre. L&rsquo;influenceuse a notamment \u00e9voqu\u00e9 un retour \u00e0 des pratiques personnelles significatives. Elle a r\u00e9v\u00e9l\u00e9 avoir renou\u00e9 avec son \u00ab\u00a0livre de gratitude\u00a0\u00bb, une habitude qu&rsquo;elle avait mise de c\u00f4t\u00e9 et qui est devenue un pilier essentiel de sa reconstruction personnelle. Jessica a partag\u00e9 que cette d\u00e9marche l&rsquo;avait \u00ab\u00a0apais\u00e9e\u00a0\u00bb et \u00ab\u00a0recentr\u00e9e\u00a0\u00bb, lui rappelant \u00ab\u00a0que m\u00eame au milieu du chaos, il y a toujours de la lumi\u00e8re\u00a0\u00bb. Ce message, porteur d&rsquo;espoir, a d\u00e9montr\u00e9 sa volont\u00e9 de tourner la page avec dignit\u00e9, tout en soulignant la p\u00e9riode difficile qu&rsquo;elle traversait. Pendant ce temps, le silence de Thibault Garcia continuait d&rsquo;alimenter les interrogations.<\/p>\n<h2>Thibault Garcia Brise le Silence et Endosse le R\u00f4le du \u00ab\u00a0M\u00e9chant\u00a0\u00bb<\/h2>\n<p>L&rsquo;annonce de la rupture entre Thibault Garcia et Jessica Thivenin, survenue le 23 octobre dernier, a eu un retentissement consid\u00e9rable parmi leurs abonn\u00e9s. Si Jessica avait rapidement partag\u00e9 ses sentiments sur Snapchat, Thibault avait choisi de se retirer de la sph\u00e8re m\u00e9diatique. Ce silence prolong\u00e9 l&rsquo;a expos\u00e9 \u00e0 une vague de critiques, le transformant en la cible principale des internautes. Le 2 d\u00e9cembre, Thibault Garcia a finalement pris la parole dans une vid\u00e9o YouTube en compagnie du cr\u00e9ateur de contenu Le Bouseuh. C&rsquo;est \u00e0 cette occasion qu&rsquo;il a abord\u00e9 sans d\u00e9tour sa situation actuelle et les raisons de son retrait. Il a confi\u00e9 \u00eatre \u00ab\u00a0un peu moins\u00a0\u00bb pr\u00e9sent sur les r\u00e9seaux sociaux. Expliquant les dynamiques post-rupture, il a d\u00e9clar\u00e9 : \u00ab\u00a0J&rsquo;ai quitt\u00e9 ma femme. Donc le probl\u00e8me, c&rsquo;est que du coup, je suis le mauvais, je suis le m\u00e9chant de l&rsquo;histoire.\u00a0\u00bb Ces mots ont r\u00e9v\u00e9l\u00e9 le poids \u00e9motionnel et la perception publique qu&rsquo;il ressentait depuis l&rsquo;officialisation de la fin de leur relation.<\/p>\n<h2>L&rsquo;Image Publique Face \u00e0 la R\u00e9alit\u00e9 d&rsquo;un Couple d&rsquo;Influenceurs<\/h2>\n<p>Avec une rare sinc\u00e9rit\u00e9, Thibault Garcia a \u00e9galement offert un aper\u00e7u des coulisses de leur relation, contrastant l&rsquo;image qu&rsquo;ils projetaient sur les r\u00e9seaux sociaux avec leur quotidien. L&rsquo;ancien candidat de t\u00e9l\u00e9r\u00e9alit\u00e9 a admis que leur couple pr\u00e9sentait souvent une fa\u00e7ade id\u00e9alis\u00e9e. Il a affirm\u00e9 : \u00ab\u00a0On est des \u00eatres humains, on est comme tout le monde. C&rsquo;est vrai que quand tu regardes les r\u00e9seaux sociaux, tu vois un couple parfait parce que c&rsquo;est ce qu&rsquo;on montre aussi.\u00a0\u00bb Cette confession met en lumi\u00e8re la dichotomie fr\u00e9quente entre la perception publique et la v\u00e9rit\u00e9 intime des personnalit\u00e9s m\u00e9diatis\u00e9es. Il a ajout\u00e9 avec pragmatisme : \u00ab\u00a0Attention, on ne va pas se montrer quand on se dispute.\u00a0\u00bb Actuellement, Thibault Garcia semble embrasser sa nouvelle vie de c\u00e9libataire et est apparu en charmante compagnie. Des rumeurs, relay\u00e9es notamment par le compte TMZfr, sugg\u00e8rent qu&rsquo;il se rapprocherait d&rsquo;une femme myst\u00e9rieuse \u00e0 Duba\u00ef, ouvrant ainsi un nouveau chapitre de sp\u00e9culations autour de sa vie personnelle.<\/p>\n<h2>FAQ<\/h2>\n<h3>Pourquoi Thibault Garcia a-t-il d\u00e9clar\u00e9 \u00eatre \u00ab\u00a0le m\u00e9chant de l&rsquo;histoire\u00a0\u00bb ?<\/h3>\n<p>Thibault Garcia a fait cette d\u00e9claration pour expliquer le silence qu&rsquo;il a maintenu apr\u00e8s l&rsquo;annonce de sa rupture avec Jessica Thivenin. Il a indiqu\u00e9 que, \u00e9tant celui qui a initi\u00e9 la s\u00e9paration, il \u00e9tait per\u00e7u par le public comme le responsable ou le \u00ab\u00a0m\u00e9chant\u00a0\u00bb dans cette situation.<\/p>\n<h3>Quelle \u00e9tait l&rsquo;image du couple Thibault Garcia et Jessica Thivenin sur les r\u00e9seaux sociaux ?<\/h3>\n<p>Selon Thibault Garcia lui-m\u00eame, leur couple \u00e9tait souvent per\u00e7u comme \u00ab\u00a0parfait\u00a0\u00bb sur les r\u00e9seaux sociaux. Il a pr\u00e9cis\u00e9 que cette image \u00e9tait intentionnellement construite, car ils choisissaient de montrer les moments positifs de leur relation et non leurs disputes ou difficult\u00e9s, comme la plupart des couples influents.<\/p>\n<h2>Conclusion<\/h2>\n<p>Les r\u00e9v\u00e9lations de Thibault Garcia apportent un \u00e9clairage nouveau sur la complexit\u00e9 des ruptures m\u00e9diatis\u00e9es et la pression inh\u00e9rente \u00e0 l&rsquo;exposition publique. Sa confession sur le r\u00f4le de \u00ab\u00a0m\u00e9chant\u00a0\u00bb qu&rsquo;il a ressenti et la distinction entre l&rsquo;image publique et la r\u00e9alit\u00e9 intime de son couple avec Jessica Thivenin rappellent que derri\u00e8re les \u00e9crans, les personnalit\u00e9s publiques sont confront\u00e9es aux m\u00eames d\u00e9fis \u00e9motionnels que chacun. Cette prise de parole, apr\u00e8s une p\u00e9riode de silence, permet de nuancer les perceptions h\u00e2tives et invite \u00e0 une meilleure compr\u00e9hension des dynamiques souvent invisibles qui se jouent dans les relations sous les projecteurs.<\/p>\n","protected":false},"excerpt":{"rendered":"<p>Les ruptures amoureuses de personnalit\u00e9s publiques suscitent invariablement un vif int\u00e9r\u00eat et d&rsquo;intenses d\u00e9bats sur les r\u00e9seaux sociaux. Lorsqu&rsquo;un couple tr\u00e8s m\u00e9diatis\u00e9, tel que Jessica Thivenin et Thibault Garcia, annonce la fin de sa relation, chaque silence et chaque d\u00e9claration publique sont scrut\u00e9s et interpr\u00e9t\u00e9s. Apr\u00e8s huit ann\u00e9es d&rsquo;une idylle largement document\u00e9e \u00e0 travers les [&hellip;]<\/p>\n","protected":false},"author":4,"featured_media":47014,"comment_status":"open","ping_status":"open","sticky":false,"template":"","format":"standard","meta":{"_yoast_wpseo_title":"Thibault Garcia : \"Je suis le m\u00e9chant\" apr\u00e8s rupture","_yoast_wpseo_metadesc":"D\u00e9couvrez les r\u00e9v\u00e9lations de Thibault Garcia sur sa rupture avec Jessica Thivenin. Il avoue \u00eatre \"le m\u00e9chant de l'histoire\" apr\u00e8s des mois de silence.","_yoast_wpseo_focuskw":"Garcia"},"categories":[5],"tags":[],"class_list":["post-47015","post","type-post","status-publish","format-standard","has-post-thumbnail","hentry","category-divertissement"],"yoast_head":"<!-- This site is optimized with the Yoast SEO plugin v26.3 - https:\/\/yoast.com\/wordpress\/plugins\/seo\/ -->\n<title>Thibault Garcia : &quot;Je suis le m\u00e9chant&quot; apr\u00e8s rupture<\/title>\n<meta name=\"description\" content=\"D\u00e9couvrez les r\u00e9v\u00e9lations de Thibault Garcia sur sa rupture avec Jessica Thivenin. Il avoue \u00eatre &quot;le m\u00e9chant de l&#039;histoire&quot; apr\u00e8s des mois de silence.\" \/>\n<meta name=\"robots\" content=\"index, follow, max-snippet:-1, max-image-preview:large, max-video-preview:-1\" \/>\n<link rel=\"canonical\" href=\"https:\/\/elukelele.com\/fr\/divertissement\/thibault-garcia-sa-verite-choc-sur-sa-rupture-avec-jessica\/\" \/>\n<meta property=\"og:locale\" content=\"fr_FR\" \/>\n<meta property=\"og:type\" content=\"article\" \/>\n<meta property=\"og:title\" content=\"Thibault Garcia : &quot;Je suis le m\u00e9chant&quot; apr\u00e8s rupture\" \/>\n<meta property=\"og:description\" content=\"D\u00e9couvrez les r\u00e9v\u00e9lations de Thibault Garcia sur sa rupture avec Jessica Thivenin. Il avoue \u00eatre &quot;le m\u00e9chant de l&#039;histoire&quot; apr\u00e8s des mois de silence.\" \/>\n<meta property=\"og:url\" content=\"https:\/\/elukelele.com\/fr\/divertissement\/thibault-garcia-sa-verite-choc-sur-sa-rupture-avec-jessica\/\" \/>\n<meta property=\"og:site_name\" content=\"El Ukelele\" \/>\n<meta property=\"article:published_time\" content=\"2025-12-04T04:12:05+00:00\" \/>\n<meta property=\"article:modified_time\" content=\"2025-12-04T04:12:42+00:00\" \/>\n<meta property=\"og:image\" content=\"https:\/\/elukelele.com\/fr\/wp-content\/uploads\/2025\/12\/framed_only-68.png\" \/>\n\t<meta property=\"og:image:width\" content=\"1200\" \/>\n\t<meta property=\"og:image:height\" content=\"628\" \/>\n\t<meta property=\"og:image:type\" content=\"image\/png\" \/>\n<meta name=\"author\" content=\"Daniel Perrin\" \/>\n<meta name=\"twitter:card\" content=\"summary_large_image\" \/>\n<meta name=\"twitter:label1\" content=\"\u00c9crit par\" \/>\n\t<meta name=\"twitter:data1\" content=\"Daniel Perrin\" \/>\n\t<meta name=\"twitter:label2\" content=\"Dur\u00e9e de lecture estim\u00e9e\" \/>\n\t<meta name=\"twitter:data2\" content=\"5 minutes\" \/>\n<script type=\"application\/ld+json\" class=\"yoast-schema-graph\">{\"@context\":\"https:\/\/schema.org\",\"@graph\":[{\"@type\":\"WebPage\",\"@id\":\"https:\/\/elukelele.com\/fr\/divertissement\/thibault-garcia-sa-verite-choc-sur-sa-rupture-avec-jessica\/\",\"url\":\"https:\/\/elukelele.com\/fr\/divertissement\/thibault-garcia-sa-verite-choc-sur-sa-rupture-avec-jessica\/\",\"name\":\"Thibault Garcia : \\\"Je suis le m\u00e9chant\\\" apr\u00e8s rupture\",\"isPartOf\":{\"@id\":\"https:\/\/elukelele.com\/fr\/#website\"},\"primaryImageOfPage\":{\"@id\":\"https:\/\/elukelele.com\/fr\/divertissement\/thibault-garcia-sa-verite-choc-sur-sa-rupture-avec-jessica\/#primaryimage\"},\"image\":{\"@id\":\"https:\/\/elukelele.com\/fr\/divertissement\/thibault-garcia-sa-verite-choc-sur-sa-rupture-avec-jessica\/#primaryimage\"},\"thumbnailUrl\":\"https:\/\/elukelele.com\/fr\/wp-content\/uploads\/2025\/12\/framed_only-68.png\",\"datePublished\":\"2025-12-04T04:12:05+00:00\",\"dateModified\":\"2025-12-04T04:12:42+00:00\",\"author\":{\"@id\":\"https:\/\/elukelele.com\/fr\/#\/schema\/person\/ccfb3d2be2ec7fa389608eb6da0b38d6\"},\"description\":\"D\u00e9couvrez les r\u00e9v\u00e9lations de Thibault Garcia sur sa rupture avec Jessica Thivenin. Il avoue \u00eatre \\\"le m\u00e9chant de l'histoire\\\" apr\u00e8s des mois de silence.\",\"breadcrumb\":{\"@id\":\"https:\/\/elukelele.com\/fr\/divertissement\/thibault-garcia-sa-verite-choc-sur-sa-rupture-avec-jessica\/#breadcrumb\"},\"inLanguage\":\"fr-FR\",\"potentialAction\":[{\"@type\":\"ReadAction\",\"target\":[\"https:\/\/elukelele.com\/fr\/divertissement\/thibault-garcia-sa-verite-choc-sur-sa-rupture-avec-jessica\/\"]}]},{\"@type\":\"ImageObject\",\"inLanguage\":\"fr-FR\",\"@id\":\"https:\/\/elukelele.com\/fr\/divertissement\/thibault-garcia-sa-verite-choc-sur-sa-rupture-avec-jessica\/#primaryimage\",\"url\":\"https:\/\/elukelele.com\/fr\/wp-content\/uploads\/2025\/12\/framed_only-68.png\",\"contentUrl\":\"https:\/\/elukelele.com\/fr\/wp-content\/uploads\/2025\/12\/framed_only-68.png\",\"width\":1200,\"height\":628,\"caption\":\"Garcia\"},{\"@type\":\"BreadcrumbList\",\"@id\":\"https:\/\/elukelele.com\/fr\/divertissement\/thibault-garcia-sa-verite-choc-sur-sa-rupture-avec-jessica\/#breadcrumb\",\"itemListElement\":[{\"@type\":\"ListItem\",\"position\":1,\"name\":\"Home\",\"item\":\"https:\/\/elukelele.com\/fr\/\"},{\"@type\":\"ListItem\",\"position\":2,\"name\":\"Thibault Garcia : Sa v\u00e9rit\u00e9 choc sur sa rupture avec Jessica\"}]},{\"@type\":\"WebSite\",\"@id\":\"https:\/\/elukelele.com\/fr\/#website\",\"url\":\"https:\/\/elukelele.com\/fr\/\",\"name\":\"El Ukelele\",\"description\":\"Musique au-del\u00e0 de l&#039;indie\",\"potentialAction\":[{\"@type\":\"SearchAction\",\"target\":{\"@type\":\"EntryPoint\",\"urlTemplate\":\"https:\/\/elukelele.com\/fr\/?s={search_term_string}\"},\"query-input\":{\"@type\":\"PropertyValueSpecification\",\"valueRequired\":true,\"valueName\":\"search_term_string\"}}],\"inLanguage\":\"fr-FR\"},{\"@type\":\"Person\",\"@id\":\"https:\/\/elukelele.com\/fr\/#\/schema\/person\/ccfb3d2be2ec7fa389608eb6da0b38d6\",\"name\":\"Daniel Perrin\",\"image\":{\"@type\":\"ImageObject\",\"inLanguage\":\"fr-FR\",\"@id\":\"https:\/\/elukelele.com\/fr\/#\/schema\/person\/image\/\",\"url\":\"https:\/\/secure.gravatar.com\/avatar\/37f9d9ffa29ce5640a0d9c6ca8bbd90afb854014296ecaa0e3a558ac716e6fe4?s=96&d=mm&r=g\",\"contentUrl\":\"https:\/\/secure.gravatar.com\/avatar\/37f9d9ffa29ce5640a0d9c6ca8bbd90afb854014296ecaa0e3a558ac716e6fe4?s=96&d=mm&r=g\",\"caption\":\"Daniel Perrin\"},\"sameAs\":[\"https:\/\/elukelele.com\/fr\"],\"url\":\"https:\/\/elukelele.com\/fr\/author\/daniel-perrin\/\"}]}<\/script>\n<!-- \/ Yoast SEO plugin. -->","yoast_head_json":{"title":"Thibault Garcia : \"Je suis le m\u00e9chant\" apr\u00e8s rupture","description":"D\u00e9couvrez les r\u00e9v\u00e9lations de Thibault Garcia sur sa rupture avec Jessica Thivenin. Il avoue \u00eatre \"le m\u00e9chant de l'histoire\" apr\u00e8s des mois de silence.","robots":{"index":"index","follow":"follow","max-snippet":"max-snippet:-1","max-image-preview":"max-image-preview:large","max-video-preview":"max-video-preview:-1"},"canonical":"https:\/\/elukelele.com\/fr\/divertissement\/thibault-garcia-sa-verite-choc-sur-sa-rupture-avec-jessica\/","og_locale":"fr_FR","og_type":"article","og_title":"Thibault Garcia : \"Je suis le m\u00e9chant\" apr\u00e8s rupture","og_description":"D\u00e9couvrez les r\u00e9v\u00e9lations de Thibault Garcia sur sa rupture avec Jessica Thivenin. Il avoue \u00eatre \"le m\u00e9chant de l'histoire\" apr\u00e8s des mois de silence.","og_url":"https:\/\/elukelele.com\/fr\/divertissement\/thibault-garcia-sa-verite-choc-sur-sa-rupture-avec-jessica\/","og_site_name":"El Ukelele","article_published_time":"2025-12-04T04:12:05+00:00","article_modified_time":"2025-12-04T04:12:42+00:00","og_image":[{"width":1200,"height":628,"url":"https:\/\/elukelele.com\/fr\/wp-content\/uploads\/2025\/12\/framed_only-68.png","type":"image\/png"}],"author":"Daniel Perrin","twitter_card":"summary_large_image","twitter_misc":{"\u00c9crit par":"Daniel Perrin","Dur\u00e9e de lecture estim\u00e9e":"5 minutes"},"schema":{"@context":"https:\/\/schema.org","@graph":[{"@type":"WebPage","@id":"https:\/\/elukelele.com\/fr\/divertissement\/thibault-garcia-sa-verite-choc-sur-sa-rupture-avec-jessica\/","url":"https:\/\/elukelele.com\/fr\/divertissement\/thibault-garcia-sa-verite-choc-sur-sa-rupture-avec-jessica\/","name":"Thibault Garcia : \"Je suis le m\u00e9chant\" apr\u00e8s rupture","isPartOf":{"@id":"https:\/\/elukelele.com\/fr\/#website"},"primaryImageOfPage":{"@id":"https:\/\/elukelele.com\/fr\/divertissement\/thibault-garcia-sa-verite-choc-sur-sa-rupture-avec-jessica\/#primaryimage"},"image":{"@id":"https:\/\/elukelele.com\/fr\/divertissement\/thibault-garcia-sa-verite-choc-sur-sa-rupture-avec-jessica\/#primaryimage"},"thumbnailUrl":"https:\/\/elukelele.com\/fr\/wp-content\/uploads\/2025\/12\/framed_only-68.png","datePublished":"2025-12-04T04:12:05+00:00","dateModified":"2025-12-04T04:12:42+00:00","author":{"@id":"https:\/\/elukelele.com\/fr\/#\/schema\/person\/ccfb3d2be2ec7fa389608eb6da0b38d6"},"description":"D\u00e9couvrez les r\u00e9v\u00e9lations de Thibault Garcia sur sa rupture avec Jessica Thivenin. Il avoue \u00eatre \"le m\u00e9chant de l'histoire\" apr\u00e8s des mois de silence.","breadcrumb":{"@id":"https:\/\/elukelele.com\/fr\/divertissement\/thibault-garcia-sa-verite-choc-sur-sa-rupture-avec-jessica\/#breadcrumb"},"inLanguage":"fr-FR","potentialAction":[{"@type":"ReadAction","target":["https:\/\/elukelele.com\/fr\/divertissement\/thibault-garcia-sa-verite-choc-sur-sa-rupture-avec-jessica\/"]}]},{"@type":"ImageObject","inLanguage":"fr-FR","@id":"https:\/\/elukelele.com\/fr\/divertissement\/thibault-garcia-sa-verite-choc-sur-sa-rupture-avec-jessica\/#primaryimage","url":"https:\/\/elukelele.com\/fr\/wp-content\/uploads\/2025\/12\/framed_only-68.png","contentUrl":"https:\/\/elukelele.com\/fr\/wp-content\/uploads\/2025\/12\/framed_only-68.png","width":1200,"height":628,"caption":"Garcia"},{"@type":"BreadcrumbList","@id":"https:\/\/elukelele.com\/fr\/divertissement\/thibault-garcia-sa-verite-choc-sur-sa-rupture-avec-jessica\/#breadcrumb","itemListElement":[{"@type":"ListItem","position":1,"name":"Home","item":"https:\/\/elukelele.com\/fr\/"},{"@type":"ListItem","position":2,"name":"Thibault Garcia : Sa v\u00e9rit\u00e9 choc sur sa rupture avec Jessica"}]},{"@type":"WebSite","@id":"https:\/\/elukelele.com\/fr\/#website","url":"https:\/\/elukelele.com\/fr\/","name":"El Ukelele","description":"Musique au-del\u00e0 de l&#039;indie","potentialAction":[{"@type":"SearchAction","target":{"@type":"EntryPoint","urlTemplate":"https:\/\/elukelele.com\/fr\/?s={search_term_string}"},"query-input":{"@type":"PropertyValueSpecification","valueRequired":true,"valueName":"search_term_string"}}],"inLanguage":"fr-FR"},{"@type":"Person","@id":"https:\/\/elukelele.com\/fr\/#\/schema\/person\/ccfb3d2be2ec7fa389608eb6da0b38d6","name":"Daniel Perrin","image":{"@type":"ImageObject","inLanguage":"fr-FR","@id":"https:\/\/elukelele.com\/fr\/#\/schema\/person\/image\/","url":"https:\/\/secure.gravatar.com\/avatar\/37f9d9ffa29ce5640a0d9c6ca8bbd90afb854014296ecaa0e3a558ac716e6fe4?s=96&d=mm&r=g","contentUrl":"https:\/\/secure.gravatar.com\/avatar\/37f9d9ffa29ce5640a0d9c6ca8bbd90afb854014296ecaa0e3a558ac716e6fe4?s=96&d=mm&r=g","caption":"Daniel Perrin"},"sameAs":["https:\/\/elukelele.com\/fr"],"url":"https:\/\/elukelele.com\/fr\/author\/daniel-perrin\/"}]}},"_links":{"self":[{"href":"https:\/\/elukelele.com\/fr\/wp-json\/wp\/v2\/posts\/47015","targetHints":{"allow":["GET"]}}],"collection":[{"href":"https:\/\/elukelele.com\/fr\/wp-json\/wp\/v2\/posts"}],"about":[{"href":"https:\/\/elukelele.com\/fr\/wp-json\/wp\/v2\/types\/post"}],"author":[{"embeddable":true,"href":"https:\/\/elukelele.com\/fr\/wp-json\/wp\/v2\/users\/4"}],"replies":[{"embeddable":true,"href":"https:\/\/elukelele.com\/fr\/wp-json\/wp\/v2\/comments?post=47015"}],"version-history":[{"count":1,"href":"https:\/\/elukelele.com\/fr\/wp-json\/wp\/v2\/posts\/47015\/revisions"}],"predecessor-version":[{"id":47437,"href":"https:\/\/elukelele.com\/fr\/wp-json\/wp\/v2\/posts\/47015\/revisions\/47437"}],"wp:featuredmedia":[{"embeddable":true,"href":"https:\/\/elukelele.com\/fr\/wp-json\/wp\/v2\/media\/47014"}],"wp:attachment":[{"href":"https:\/\/elukelele.com\/fr\/wp-json\/wp\/v2\/media?parent=47015"}],"wp:term":[{"taxonomy":"category","embeddable":true,"href":"https:\/\/elukelele.com\/fr\/wp-json\/wp\/v2\/categories?post=47015"},{"taxonomy":"post_tag","embeddable":true,"href":"https:\/\/elukelele.com\/fr\/wp-json\/wp\/v2\/tags?post=47015"}],"curies":[{"name":"wp","href":"https:\/\/api.w.org\/{rel}","templated":true}]}}