{"id":46995,"date":"2025-12-04T04:03:53","date_gmt":"2025-12-04T04:03:53","guid":{"rendered":"https:\/\/elukelele.com\/fr\/?p=46995"},"modified":"2025-12-04T04:03:54","modified_gmt":"2025-12-04T04:03:54","slug":"lea-salame-nouvelle-polemique-au-jt-de-france-2","status":"publish","type":"post","link":"https:\/\/elukelele.com\/fr\/divertissement\/lea-salame-nouvelle-polemique-au-jt-de-france-2\/","title":{"rendered":"L\u00e9a Salam\u00e9 : Nouvelle pol\u00e9mique au JT de France 2"},"content":{"rendered":"<p>L\u00e9a Salam\u00e9, figure embl\u00e9matique de l&rsquo;information sur France 2, se retrouve une fois de plus au c\u0153ur de l&rsquo;actualit\u00e9 m\u00e9diatique apr\u00e8s un incident notable lors de l&rsquo;\u00e9dition du 20 Heures. La journaliste a d\u00fb pr\u00e9senter des excuses en direct, suite \u00e0 la diffusion d&rsquo;un reportage dans lequel un intervenant s&rsquo;\u00e9tait av\u00e9r\u00e9 \u00eatre un humoriste adepte des canulars, ayant falsifi\u00e9 son identit\u00e9. Cet \u00e9v\u00e9nement s&rsquo;inscrit dans une s\u00e9rie de p\u00e9rip\u00e9ties qui ont jalonn\u00e9 la prise de fonction de L\u00e9a Salam\u00e9 \u00e0 la t\u00eate du journal t\u00e9l\u00e9vis\u00e9 de France 2.<\/p>\n<h2>Une Nouvelle Pol\u00e9mique au JT de France 2 : Le Pi\u00e8ge de l&rsquo;Humoriste<\/h2>\n<p>L&rsquo;incident qui a secou\u00e9 le 20 Heures de France 2 a eu lieu le 1er d\u00e9cembre 2025, mais c&rsquo;est le lendemain, le mardi 2 d\u00e9cembre 2025, que L\u00e9a Salam\u00e9 a d\u00fb en faire l&rsquo;annonce et pr\u00e9senter ses excuses aux t\u00e9l\u00e9spectateurs. La r\u00e9daction avait diffus\u00e9 un reportage sur les \u00ab\u00a0bons plans et les promotions dans les supermarch\u00e9s\u00a0\u00bb o\u00f9 un homme, se pr\u00e9sentant sous le nom d&rsquo;Arnaud Rolland, d\u00e9taillait ses astuces pour \u00e9conomiser gr\u00e2ce aux coupons de r\u00e9duction. Il s&rsquo;agissait en r\u00e9alit\u00e9 de Mehdi Jibril, un humoriste connu sur les r\u00e9seaux sociaux sous le pseudonyme \u00ab\u00a0Mehdi tu connais\u00a0\u00bb, qui a ensuite revendiqu\u00e9 son canular en ligne avec une vid\u00e9o intitul\u00e9e \u00ab\u00a0Je prank le JT de 20h\u00a0\u00bb.<\/p>\n<p>L\u00e9a Salam\u00e9 a tenu \u00e0 clarifier la situation en direct, expliquant : \u00ab Nous tenions \u00e0 vous signaler qu&rsquo;hier, lors de notre reportage sur les bons plans et les promotions dans les supermarch\u00e9s, l&rsquo;une des personnes interview\u00e9es a tromp\u00e9 une de nos journalistes en falsifiant son identit\u00e9. Il s&rsquo;agissait en fait d&rsquo;un humoriste adepte de canulars \u00bb. Ce rectificatif a \u00e9galement \u00e9t\u00e9 publi\u00e9 sur le compte X officiel du 20 Heures. L&rsquo;humoriste avait m\u00eame affirm\u00e9 avoir pay\u00e9 \u00ab 10 euros au lieu de 13 \u00bb pour ses achats du jour, renfor\u00e7ant la cr\u00e9dibilit\u00e9 de son personnage fictif. Cet \u00e9pisode a relanc\u00e9 le d\u00e9bat sur la v\u00e9rification des sources et la fiabilit\u00e9 de l&rsquo;information t\u00e9l\u00e9vis\u00e9e.<\/p>\n<h2>Des Audiences en Demi-Teinte et des Pr\u00e9c\u00e9dents Controvers\u00e9s<\/h2>\n<p>Au-del\u00e0 de cette pol\u00e9mique r\u00e9cente, la p\u00e9riode de L\u00e9a Salam\u00e9 \u00e0 la pr\u00e9sentation du 20 Heures de France 2, qu&rsquo;elle a repris en septembre 2025, a \u00e9t\u00e9 marqu\u00e9e par d&rsquo;autres \u00e9pisodes d\u00e9licats. En octobre 2025, la cha\u00eene publique avait d\u00e9j\u00e0 d\u00fb s&rsquo;excuser apr\u00e8s une confusion jug\u00e9e grave concernant les circonstances de l&rsquo;assassinat de Dominique Bernard et Samuel Paty. Lors d&rsquo;un reportage, il avait \u00e9t\u00e9 erron\u00e9ment affirm\u00e9 que Dominique Bernard avait \u00e9t\u00e9 tu\u00e9 pour avoir montr\u00e9 des caricatures de Charlie Hebdo, alors que ces faits concernent Samuel Paty. Cette erreur, commise \u00e9galement dans le 13 Heures par Julian Bugier, avait conduit France T\u00e9l\u00e9visions \u00e0 lancer une enqu\u00eate interne et \u00e0 r\u00e9organiser son \u00e9tat-major.<\/p>\n<p>Sur le plan des audiences, l&rsquo;\u00e9dition du 20 Heures du mardi 2 d\u00e9cembre 2025, pr\u00e9sent\u00e9e par L\u00e9a Salam\u00e9, a rassembl\u00e9 3,60 millions de t\u00e9l\u00e9spectateurs, soit 19,2% de part de march\u00e9 aupr\u00e8s de l&rsquo;ensemble du public. Ces chiffres montrent une baisse par rapport \u00e0 l&rsquo;ann\u00e9e pr\u00e9c\u00e9dente, o\u00f9 Anne-Sophie Lapix, sa pr\u00e9d\u00e9cesseure, avait attir\u00e9 4,35 millions de Fran\u00e7ais, soit 21,5% du public. Cela repr\u00e9sente une perte de 2,3 points de part d&rsquo;audience sur un an pour ce cr\u00e9neau. Cependant, il est \u00e0 noter que la veille, le lundi 1er d\u00e9cembre 2025, L\u00e9a Salam\u00e9 avait r\u00e9alis\u00e9 un bon score avec 4,04 millions de t\u00e9l\u00e9spectateurs et 20,5% de part de march\u00e9, atteignant son meilleur niveau depuis fin octobre.<\/p>\n<h2>Conclusion<\/h2>\n<p>Les r\u00e9centes controverses autour de L\u00e9a Salam\u00e9, notamment l&rsquo;incident avec l&rsquo;humoriste et la confusion sur l&rsquo;assassinat de Dominique Bernard et Samuel Paty, mettent en lumi\u00e8re les d\u00e9fis auxquels est confront\u00e9e la pr\u00e9sentation de l&rsquo;information en direct. Ces \u00e9v\u00e9nements, bien que rapidement rectifi\u00e9s par la journaliste et la cha\u00eene, soul\u00e8vent des questions sur la rigueur journalistique et l&rsquo;impact sur la cr\u00e9dibilit\u00e9 des journaux t\u00e9l\u00e9vis\u00e9s. Les fluctuations d&rsquo;audience observ\u00e9es ajoutent une dimension suppl\u00e9mentaire \u00e0 l&rsquo;analyse de cette p\u00e9riode pour L\u00e9a Salam\u00e9 et France 2, alors que la cha\u00eene continue d&rsquo;adapter son offre d&rsquo;information dans un paysage m\u00e9diatique en constante \u00e9volution.<\/p>\n","protected":false},"excerpt":{"rendered":"<p>L\u00e9a Salam\u00e9, figure embl\u00e9matique de l&rsquo;information sur France 2, se retrouve une fois de plus au c\u0153ur de l&rsquo;actualit\u00e9 m\u00e9diatique apr\u00e8s un incident notable lors de l&rsquo;\u00e9dition du 20 Heures. La journaliste a d\u00fb pr\u00e9senter des excuses en direct, suite \u00e0 la diffusion d&rsquo;un reportage dans lequel un intervenant s&rsquo;\u00e9tait av\u00e9r\u00e9 \u00eatre un humoriste adepte [&hellip;]<\/p>\n","protected":false},"author":4,"featured_media":46994,"comment_status":"open","ping_status":"open","sticky":false,"template":"","format":"standard","meta":{"_yoast_wpseo_title":"L\u00e9a Salam\u00e9 : Nouvelle pol\u00e9mique au JT de France 2","_yoast_wpseo_metadesc":"D\u00e9couvrez la nouvelle pol\u00e9mique impliquant L\u00e9a Salam\u00e9 sur France 2 ! Un incident survenu au JT a forc\u00e9 la journaliste \u00e0 s'excuser.","_yoast_wpseo_focuskw":"France"},"categories":[5],"tags":[],"class_list":["post-46995","post","type-post","status-publish","format-standard","has-post-thumbnail","hentry","category-divertissement"],"yoast_head":"<!-- This site is optimized with the Yoast SEO plugin v26.3 - https:\/\/yoast.com\/wordpress\/plugins\/seo\/ -->\n<title>L\u00e9a Salam\u00e9 : Nouvelle pol\u00e9mique au JT de France 2<\/title>\n<meta name=\"description\" content=\"D\u00e9couvrez la nouvelle pol\u00e9mique impliquant L\u00e9a Salam\u00e9 sur France 2 ! Un incident survenu au JT a forc\u00e9 la journaliste \u00e0 s&#039;excuser.\" \/>\n<meta name=\"robots\" content=\"index, follow, max-snippet:-1, max-image-preview:large, max-video-preview:-1\" \/>\n<link rel=\"canonical\" href=\"https:\/\/elukelele.com\/fr\/divertissement\/lea-salame-nouvelle-polemique-au-jt-de-france-2\/\" \/>\n<meta property=\"og:locale\" content=\"fr_FR\" \/>\n<meta property=\"og:type\" content=\"article\" \/>\n<meta property=\"og:title\" content=\"L\u00e9a Salam\u00e9 : Nouvelle pol\u00e9mique au JT de France 2\" \/>\n<meta property=\"og:description\" content=\"D\u00e9couvrez la nouvelle pol\u00e9mique impliquant L\u00e9a Salam\u00e9 sur France 2 ! Un incident survenu au JT a forc\u00e9 la journaliste \u00e0 s&#039;excuser.\" \/>\n<meta property=\"og:url\" content=\"https:\/\/elukelele.com\/fr\/divertissement\/lea-salame-nouvelle-polemique-au-jt-de-france-2\/\" \/>\n<meta property=\"og:site_name\" content=\"El Ukelele\" \/>\n<meta property=\"article:published_time\" content=\"2025-12-04T04:03:53+00:00\" \/>\n<meta property=\"article:modified_time\" content=\"2025-12-04T04:03:54+00:00\" \/>\n<meta property=\"og:image\" content=\"https:\/\/elukelele.com\/fr\/wp-content\/uploads\/2025\/12\/framed_only-58.png\" \/>\n\t<meta property=\"og:image:width\" content=\"1200\" \/>\n\t<meta property=\"og:image:height\" content=\"628\" \/>\n\t<meta property=\"og:image:type\" content=\"image\/png\" \/>\n<meta name=\"author\" content=\"Daniel Perrin\" \/>\n<meta name=\"twitter:card\" content=\"summary_large_image\" \/>\n<meta name=\"twitter:label1\" content=\"\u00c9crit par\" \/>\n\t<meta name=\"twitter:data1\" content=\"Daniel Perrin\" \/>\n\t<meta name=\"twitter:label2\" content=\"Dur\u00e9e de lecture estim\u00e9e\" \/>\n\t<meta name=\"twitter:data2\" content=\"4 minutes\" \/>\n<script type=\"application\/ld+json\" class=\"yoast-schema-graph\">{\"@context\":\"https:\/\/schema.org\",\"@graph\":[{\"@type\":\"WebPage\",\"@id\":\"https:\/\/elukelele.com\/fr\/divertissement\/lea-salame-nouvelle-polemique-au-jt-de-france-2\/\",\"url\":\"https:\/\/elukelele.com\/fr\/divertissement\/lea-salame-nouvelle-polemique-au-jt-de-france-2\/\",\"name\":\"L\u00e9a Salam\u00e9 : Nouvelle pol\u00e9mique au JT de France 2\",\"isPartOf\":{\"@id\":\"https:\/\/elukelele.com\/fr\/#website\"},\"primaryImageOfPage\":{\"@id\":\"https:\/\/elukelele.com\/fr\/divertissement\/lea-salame-nouvelle-polemique-au-jt-de-france-2\/#primaryimage\"},\"image\":{\"@id\":\"https:\/\/elukelele.com\/fr\/divertissement\/lea-salame-nouvelle-polemique-au-jt-de-france-2\/#primaryimage\"},\"thumbnailUrl\":\"https:\/\/elukelele.com\/fr\/wp-content\/uploads\/2025\/12\/framed_only-58.png\",\"datePublished\":\"2025-12-04T04:03:53+00:00\",\"dateModified\":\"2025-12-04T04:03:54+00:00\",\"author\":{\"@id\":\"https:\/\/elukelele.com\/fr\/#\/schema\/person\/ccfb3d2be2ec7fa389608eb6da0b38d6\"},\"description\":\"D\u00e9couvrez la nouvelle pol\u00e9mique impliquant L\u00e9a Salam\u00e9 sur France 2 ! Un incident survenu au JT a forc\u00e9 la journaliste \u00e0 s'excuser.\",\"breadcrumb\":{\"@id\":\"https:\/\/elukelele.com\/fr\/divertissement\/lea-salame-nouvelle-polemique-au-jt-de-france-2\/#breadcrumb\"},\"inLanguage\":\"fr-FR\",\"potentialAction\":[{\"@type\":\"ReadAction\",\"target\":[\"https:\/\/elukelele.com\/fr\/divertissement\/lea-salame-nouvelle-polemique-au-jt-de-france-2\/\"]}]},{\"@type\":\"ImageObject\",\"inLanguage\":\"fr-FR\",\"@id\":\"https:\/\/elukelele.com\/fr\/divertissement\/lea-salame-nouvelle-polemique-au-jt-de-france-2\/#primaryimage\",\"url\":\"https:\/\/elukelele.com\/fr\/wp-content\/uploads\/2025\/12\/framed_only-58.png\",\"contentUrl\":\"https:\/\/elukelele.com\/fr\/wp-content\/uploads\/2025\/12\/framed_only-58.png\",\"width\":1200,\"height\":628,\"caption\":\"France\"},{\"@type\":\"BreadcrumbList\",\"@id\":\"https:\/\/elukelele.com\/fr\/divertissement\/lea-salame-nouvelle-polemique-au-jt-de-france-2\/#breadcrumb\",\"itemListElement\":[{\"@type\":\"ListItem\",\"position\":1,\"name\":\"Home\",\"item\":\"https:\/\/elukelele.com\/fr\/\"},{\"@type\":\"ListItem\",\"position\":2,\"name\":\"L\u00e9a Salam\u00e9 : Nouvelle pol\u00e9mique au JT de France 2\"}]},{\"@type\":\"WebSite\",\"@id\":\"https:\/\/elukelele.com\/fr\/#website\",\"url\":\"https:\/\/elukelele.com\/fr\/\",\"name\":\"El Ukelele\",\"description\":\"Musique au-del\u00e0 de l&#039;indie\",\"potentialAction\":[{\"@type\":\"SearchAction\",\"target\":{\"@type\":\"EntryPoint\",\"urlTemplate\":\"https:\/\/elukelele.com\/fr\/?s={search_term_string}\"},\"query-input\":{\"@type\":\"PropertyValueSpecification\",\"valueRequired\":true,\"valueName\":\"search_term_string\"}}],\"inLanguage\":\"fr-FR\"},{\"@type\":\"Person\",\"@id\":\"https:\/\/elukelele.com\/fr\/#\/schema\/person\/ccfb3d2be2ec7fa389608eb6da0b38d6\",\"name\":\"Daniel Perrin\",\"image\":{\"@type\":\"ImageObject\",\"inLanguage\":\"fr-FR\",\"@id\":\"https:\/\/elukelele.com\/fr\/#\/schema\/person\/image\/\",\"url\":\"https:\/\/secure.gravatar.com\/avatar\/37f9d9ffa29ce5640a0d9c6ca8bbd90afb854014296ecaa0e3a558ac716e6fe4?s=96&d=mm&r=g\",\"contentUrl\":\"https:\/\/secure.gravatar.com\/avatar\/37f9d9ffa29ce5640a0d9c6ca8bbd90afb854014296ecaa0e3a558ac716e6fe4?s=96&d=mm&r=g\",\"caption\":\"Daniel Perrin\"},\"sameAs\":[\"https:\/\/elukelele.com\/fr\"],\"url\":\"https:\/\/elukelele.com\/fr\/author\/daniel-perrin\/\"}]}<\/script>\n<!-- \/ Yoast SEO plugin. -->","yoast_head_json":{"title":"L\u00e9a Salam\u00e9 : Nouvelle pol\u00e9mique au JT de France 2","description":"D\u00e9couvrez la nouvelle pol\u00e9mique impliquant L\u00e9a Salam\u00e9 sur France 2 ! Un incident survenu au JT a forc\u00e9 la journaliste \u00e0 s'excuser.","robots":{"index":"index","follow":"follow","max-snippet":"max-snippet:-1","max-image-preview":"max-image-preview:large","max-video-preview":"max-video-preview:-1"},"canonical":"https:\/\/elukelele.com\/fr\/divertissement\/lea-salame-nouvelle-polemique-au-jt-de-france-2\/","og_locale":"fr_FR","og_type":"article","og_title":"L\u00e9a Salam\u00e9 : Nouvelle pol\u00e9mique au JT de France 2","og_description":"D\u00e9couvrez la nouvelle pol\u00e9mique impliquant L\u00e9a Salam\u00e9 sur France 2 ! Un incident survenu au JT a forc\u00e9 la journaliste \u00e0 s'excuser.","og_url":"https:\/\/elukelele.com\/fr\/divertissement\/lea-salame-nouvelle-polemique-au-jt-de-france-2\/","og_site_name":"El Ukelele","article_published_time":"2025-12-04T04:03:53+00:00","article_modified_time":"2025-12-04T04:03:54+00:00","og_image":[{"width":1200,"height":628,"url":"https:\/\/elukelele.com\/fr\/wp-content\/uploads\/2025\/12\/framed_only-58.png","type":"image\/png"}],"author":"Daniel Perrin","twitter_card":"summary_large_image","twitter_misc":{"\u00c9crit par":"Daniel Perrin","Dur\u00e9e de lecture estim\u00e9e":"4 minutes"},"schema":{"@context":"https:\/\/schema.org","@graph":[{"@type":"WebPage","@id":"https:\/\/elukelele.com\/fr\/divertissement\/lea-salame-nouvelle-polemique-au-jt-de-france-2\/","url":"https:\/\/elukelele.com\/fr\/divertissement\/lea-salame-nouvelle-polemique-au-jt-de-france-2\/","name":"L\u00e9a Salam\u00e9 : Nouvelle pol\u00e9mique au JT de France 2","isPartOf":{"@id":"https:\/\/elukelele.com\/fr\/#website"},"primaryImageOfPage":{"@id":"https:\/\/elukelele.com\/fr\/divertissement\/lea-salame-nouvelle-polemique-au-jt-de-france-2\/#primaryimage"},"image":{"@id":"https:\/\/elukelele.com\/fr\/divertissement\/lea-salame-nouvelle-polemique-au-jt-de-france-2\/#primaryimage"},"thumbnailUrl":"https:\/\/elukelele.com\/fr\/wp-content\/uploads\/2025\/12\/framed_only-58.png","datePublished":"2025-12-04T04:03:53+00:00","dateModified":"2025-12-04T04:03:54+00:00","author":{"@id":"https:\/\/elukelele.com\/fr\/#\/schema\/person\/ccfb3d2be2ec7fa389608eb6da0b38d6"},"description":"D\u00e9couvrez la nouvelle pol\u00e9mique impliquant L\u00e9a Salam\u00e9 sur France 2 ! Un incident survenu au JT a forc\u00e9 la journaliste \u00e0 s'excuser.","breadcrumb":{"@id":"https:\/\/elukelele.com\/fr\/divertissement\/lea-salame-nouvelle-polemique-au-jt-de-france-2\/#breadcrumb"},"inLanguage":"fr-FR","potentialAction":[{"@type":"ReadAction","target":["https:\/\/elukelele.com\/fr\/divertissement\/lea-salame-nouvelle-polemique-au-jt-de-france-2\/"]}]},{"@type":"ImageObject","inLanguage":"fr-FR","@id":"https:\/\/elukelele.com\/fr\/divertissement\/lea-salame-nouvelle-polemique-au-jt-de-france-2\/#primaryimage","url":"https:\/\/elukelele.com\/fr\/wp-content\/uploads\/2025\/12\/framed_only-58.png","contentUrl":"https:\/\/elukelele.com\/fr\/wp-content\/uploads\/2025\/12\/framed_only-58.png","width":1200,"height":628,"caption":"France"},{"@type":"BreadcrumbList","@id":"https:\/\/elukelele.com\/fr\/divertissement\/lea-salame-nouvelle-polemique-au-jt-de-france-2\/#breadcrumb","itemListElement":[{"@type":"ListItem","position":1,"name":"Home","item":"https:\/\/elukelele.com\/fr\/"},{"@type":"ListItem","position":2,"name":"L\u00e9a Salam\u00e9 : Nouvelle pol\u00e9mique au JT de France 2"}]},{"@type":"WebSite","@id":"https:\/\/elukelele.com\/fr\/#website","url":"https:\/\/elukelele.com\/fr\/","name":"El Ukelele","description":"Musique au-del\u00e0 de l&#039;indie","potentialAction":[{"@type":"SearchAction","target":{"@type":"EntryPoint","urlTemplate":"https:\/\/elukelele.com\/fr\/?s={search_term_string}"},"query-input":{"@type":"PropertyValueSpecification","valueRequired":true,"valueName":"search_term_string"}}],"inLanguage":"fr-FR"},{"@type":"Person","@id":"https:\/\/elukelele.com\/fr\/#\/schema\/person\/ccfb3d2be2ec7fa389608eb6da0b38d6","name":"Daniel Perrin","image":{"@type":"ImageObject","inLanguage":"fr-FR","@id":"https:\/\/elukelele.com\/fr\/#\/schema\/person\/image\/","url":"https:\/\/secure.gravatar.com\/avatar\/37f9d9ffa29ce5640a0d9c6ca8bbd90afb854014296ecaa0e3a558ac716e6fe4?s=96&d=mm&r=g","contentUrl":"https:\/\/secure.gravatar.com\/avatar\/37f9d9ffa29ce5640a0d9c6ca8bbd90afb854014296ecaa0e3a558ac716e6fe4?s=96&d=mm&r=g","caption":"Daniel Perrin"},"sameAs":["https:\/\/elukelele.com\/fr"],"url":"https:\/\/elukelele.com\/fr\/author\/daniel-perrin\/"}]}},"_links":{"self":[{"href":"https:\/\/elukelele.com\/fr\/wp-json\/wp\/v2\/posts\/46995","targetHints":{"allow":["GET"]}}],"collection":[{"href":"https:\/\/elukelele.com\/fr\/wp-json\/wp\/v2\/posts"}],"about":[{"href":"https:\/\/elukelele.com\/fr\/wp-json\/wp\/v2\/types\/post"}],"author":[{"embeddable":true,"href":"https:\/\/elukelele.com\/fr\/wp-json\/wp\/v2\/users\/4"}],"replies":[{"embeddable":true,"href":"https:\/\/elukelele.com\/fr\/wp-json\/wp\/v2\/comments?post=46995"}],"version-history":[{"count":1,"href":"https:\/\/elukelele.com\/fr\/wp-json\/wp\/v2\/posts\/46995\/revisions"}],"predecessor-version":[{"id":47432,"href":"https:\/\/elukelele.com\/fr\/wp-json\/wp\/v2\/posts\/46995\/revisions\/47432"}],"wp:featuredmedia":[{"embeddable":true,"href":"https:\/\/elukelele.com\/fr\/wp-json\/wp\/v2\/media\/46994"}],"wp:attachment":[{"href":"https:\/\/elukelele.com\/fr\/wp-json\/wp\/v2\/media?parent=46995"}],"wp:term":[{"taxonomy":"category","embeddable":true,"href":"https:\/\/elukelele.com\/fr\/wp-json\/wp\/v2\/categories?post=46995"},{"taxonomy":"post_tag","embeddable":true,"href":"https:\/\/elukelele.com\/fr\/wp-json\/wp\/v2\/tags?post=46995"}],"curies":[{"name":"wp","href":"https:\/\/api.w.org\/{rel}","templated":true}]}}