{"id":46955,"date":"2025-12-02T18:24:27","date_gmt":"2025-12-02T18:24:27","guid":{"rendered":"https:\/\/elukelele.com\/fr\/?p=46955"},"modified":"2025-12-02T18:24:28","modified_gmt":"2025-12-02T18:24:28","slug":"gabriella-de-monaco-un-look-dior-pour-les-fetes","status":"publish","type":"post","link":"https:\/\/elukelele.com\/fr\/divertissement\/gabriella-de-monaco-un-look-dior-pour-les-fetes\/","title":{"rendered":"Gabriella de Monaco : Un look Dior pour les f\u00eates !"},"content":{"rendered":"<p>La princesse Gabriella de Monaco, duchesse de Carlad\u00e8s, ne cesse de d\u00e9montrer son go\u00fbt inn\u00e9 pour la mode, se positionnant d\u00e9j\u00e0 comme une v\u00e9ritable ic\u00f4ne de style. Lors des r\u00e9centes festivit\u00e9s marquant le coup d&rsquo;envoi de la saison de No\u00ebl \u00e0 Monaco, la jeune princesse a brill\u00e9 par son \u00e9l\u00e9gance, arborant un nouveau look de f\u00eate luxueux, si chic en Dior, qui n&rsquo;a pas manqu\u00e9 de captiver l&rsquo;attention.<\/p>\n<h2>Une Apparition F\u00e9erique pour les F\u00eates de Fin d&rsquo;Ann\u00e9e<\/h2>\n<p>La principaut\u00e9 de Monaco s&rsquo;est illumin\u00e9e pour lancer officiellement les c\u00e9l\u00e9brations de fin d&rsquo;ann\u00e9e, et la famille princi\u00e8re \u00e9tait au c\u0153ur de cet \u00e9v\u00e9nement magique. Le samedi 29 novembre 2025, sur la prestigieuse Place du Casino, le prince Albert II, la princesse Charlene, le prince h\u00e9r\u00e9ditaire Jacques et la princesse Gabriella ont proc\u00e9d\u00e9 \u00e0 l&rsquo;inauguration des illuminations de No\u00ebl. Quelques jours auparavant, le 27 novembre, ils avaient d\u00e9j\u00e0 lanc\u00e9 les festivit\u00e9s dans le quartier de la Condamine. Ces moments, empreints de f\u00e9erie, ont offert \u00e0 la princesse Gabriella, \u00e2g\u00e9e de 10 ans, une plateforme id\u00e9ale pour r\u00e9v\u00e9ler son sens aigu de la mode.<\/p>\n<h2>L&rsquo;\u00c9l\u00e9gance Discr\u00e8te d&rsquo;un Total Look Dior<\/h2>\n<p>Pour cette occasion sp\u00e9ciale, la princesse Gabriella a opt\u00e9 pour un ensemble qui a fait sensation. Elle portait un \u00ab\u00a0total look Dior Kids\u00a0\u00bb, compos\u00e9 d&rsquo;un manteau et d&rsquo;une robe assortie, tous deux en laine et alpaga de couleur ivoire. Cette tenue, \u00e0 la fois sophistiqu\u00e9e et adapt\u00e9e \u00e0 son jeune \u00e2ge, refl\u00e9tait une \u00e9l\u00e9gance intemporelle. Pour compl\u00e9ter son allure raffin\u00e9e, la princesse avait choisi des ballerines Marcie en cuir blanc cass\u00e9 de la maison Chlo\u00e9. Ce choix d\u00e9montre une attention particuli\u00e8re aux d\u00e9tails et une pr\u00e9f\u00e9rence pour les grandes maisons de couture fran\u00e7aises, soulignant la dimension luxueuse et chic de son style.<\/p>\n<h2>Gabriella, une Ic\u00f4ne de Style en Devenir<\/h2>\n<p>Il n&rsquo;est pas surprenant de voir la princesse Gabriella s&rsquo;afficher dans des tenues de designers de renom. Fille de la princesse Charlene, elle semble h\u00e9riter de l&rsquo;\u00e9l\u00e9gance naturelle de sa m\u00e8re et d\u00e9veloppe un attrait certain pour la mode. Ses apparitions publiques sont souvent scrut\u00e9es, et ses choix vestimentaires sont r\u00e9guli\u00e8rement salu\u00e9s pour leur raffinement. Que ce soit avec des sandales Dior lors d&rsquo;\u00e9v\u00e9nements estivaux en juin ou juillet 2025, o\u00f9 elle portait des mod\u00e8les nude \u00e0 effet raphia orn\u00e9s du cannage iconique, ou avec des sacs \u00e0 main Lady Dior remarqu\u00e9s par le pass\u00e9, Gabriella affiche une constance dans son penchant pour le luxe discret et les pi\u00e8ces de cr\u00e9ateurs. Elle se positionne ainsi comme une \u00ab\u00a0mini style muse\u00a0\u00bb, d\u00e9montrant une aisance et une assurance remarquables dans ses choix vestimentaires, qui annoncent une future figure incontournable de la mode royale.<\/p>\n<h2>Conclusion<\/h2>\n<p>Le nouveau look de f\u00eate de la princesse Gabriella, r\u00e9solument chic en Dior, a marqu\u00e9 le lancement des festivit\u00e9s de fin d&rsquo;ann\u00e9e \u00e0 Monaco. Son ensemble \u00e9l\u00e9gant et luxueux, alli\u00e9 \u00e0 son assurance naturelle, confirme son statut d&rsquo;ic\u00f4ne de style en devenir. La jeune princesse, \u00e0 l&rsquo;instar de sa m\u00e8re, la princesse Charlene, continue d&rsquo;impressionner par ses choix mode, m\u00ealant sophistication et fra\u00eecheur, et promet de nous offrir encore de nombreux moments de mode m\u00e9morables.<\/p>\n","protected":false},"excerpt":{"rendered":"<p>La princesse Gabriella de Monaco, duchesse de Carlad\u00e8s, ne cesse de d\u00e9montrer son go\u00fbt inn\u00e9 pour la mode, se positionnant d\u00e9j\u00e0 comme une v\u00e9ritable ic\u00f4ne de style. Lors des r\u00e9centes festivit\u00e9s marquant le coup d&rsquo;envoi de la saison de No\u00ebl \u00e0 Monaco, la jeune princesse a brill\u00e9 par son \u00e9l\u00e9gance, arborant un nouveau look de [&hellip;]<\/p>\n","protected":false},"author":4,"featured_media":46954,"comment_status":"open","ping_status":"open","sticky":false,"template":"","format":"standard","meta":{"_yoast_wpseo_title":"Gabriella de Monaco : Un look Dior pour les f\u00eates","_yoast_wpseo_metadesc":"D\u00e9couvrez le nouveau look de f\u00eate luxueux de la princesse Gabriella ! Elle \u00e9blouit en Dior, devenant une ic\u00f4ne de style lors des festivit\u00e9s de No\u00ebl \u00e0 Monaco.","_yoast_wpseo_focuskw":"Gabriella"},"categories":[5],"tags":[],"class_list":["post-46955","post","type-post","status-publish","format-standard","has-post-thumbnail","hentry","category-divertissement"],"yoast_head":"<!-- This site is optimized with the Yoast SEO plugin v26.3 - https:\/\/yoast.com\/wordpress\/plugins\/seo\/ -->\n<title>Gabriella de Monaco : Un look Dior pour les f\u00eates<\/title>\n<meta name=\"description\" content=\"D\u00e9couvrez le nouveau look de f\u00eate luxueux de la princesse Gabriella ! Elle \u00e9blouit en Dior, devenant une ic\u00f4ne de style lors des festivit\u00e9s de No\u00ebl \u00e0 Monaco.\" \/>\n<meta name=\"robots\" content=\"index, follow, max-snippet:-1, max-image-preview:large, max-video-preview:-1\" \/>\n<link rel=\"canonical\" href=\"https:\/\/elukelele.com\/fr\/divertissement\/gabriella-de-monaco-un-look-dior-pour-les-fetes\/\" \/>\n<meta property=\"og:locale\" content=\"fr_FR\" \/>\n<meta property=\"og:type\" content=\"article\" \/>\n<meta property=\"og:title\" content=\"Gabriella de Monaco : Un look Dior pour les f\u00eates\" \/>\n<meta property=\"og:description\" content=\"D\u00e9couvrez le nouveau look de f\u00eate luxueux de la princesse Gabriella ! Elle \u00e9blouit en Dior, devenant une ic\u00f4ne de style lors des festivit\u00e9s de No\u00ebl \u00e0 Monaco.\" \/>\n<meta property=\"og:url\" content=\"https:\/\/elukelele.com\/fr\/divertissement\/gabriella-de-monaco-un-look-dior-pour-les-fetes\/\" \/>\n<meta property=\"og:site_name\" content=\"El Ukelele\" \/>\n<meta property=\"article:published_time\" content=\"2025-12-02T18:24:27+00:00\" \/>\n<meta property=\"article:modified_time\" content=\"2025-12-02T18:24:28+00:00\" \/>\n<meta property=\"og:image\" content=\"https:\/\/elukelele.com\/fr\/wp-content\/uploads\/2025\/12\/framed_only-51.png\" \/>\n\t<meta property=\"og:image:width\" content=\"1200\" \/>\n\t<meta property=\"og:image:height\" content=\"628\" \/>\n\t<meta property=\"og:image:type\" content=\"image\/png\" \/>\n<meta name=\"author\" content=\"Daniel Perrin\" \/>\n<meta name=\"twitter:card\" content=\"summary_large_image\" \/>\n<meta name=\"twitter:label1\" content=\"\u00c9crit par\" \/>\n\t<meta name=\"twitter:data1\" content=\"Daniel Perrin\" \/>\n\t<meta name=\"twitter:label2\" content=\"Dur\u00e9e de lecture estim\u00e9e\" \/>\n\t<meta name=\"twitter:data2\" content=\"3 minutes\" \/>\n<script type=\"application\/ld+json\" class=\"yoast-schema-graph\">{\"@context\":\"https:\/\/schema.org\",\"@graph\":[{\"@type\":\"WebPage\",\"@id\":\"https:\/\/elukelele.com\/fr\/divertissement\/gabriella-de-monaco-un-look-dior-pour-les-fetes\/\",\"url\":\"https:\/\/elukelele.com\/fr\/divertissement\/gabriella-de-monaco-un-look-dior-pour-les-fetes\/\",\"name\":\"Gabriella de Monaco : Un look Dior pour les f\u00eates\",\"isPartOf\":{\"@id\":\"https:\/\/elukelele.com\/fr\/#website\"},\"primaryImageOfPage\":{\"@id\":\"https:\/\/elukelele.com\/fr\/divertissement\/gabriella-de-monaco-un-look-dior-pour-les-fetes\/#primaryimage\"},\"image\":{\"@id\":\"https:\/\/elukelele.com\/fr\/divertissement\/gabriella-de-monaco-un-look-dior-pour-les-fetes\/#primaryimage\"},\"thumbnailUrl\":\"https:\/\/elukelele.com\/fr\/wp-content\/uploads\/2025\/12\/framed_only-51.png\",\"datePublished\":\"2025-12-02T18:24:27+00:00\",\"dateModified\":\"2025-12-02T18:24:28+00:00\",\"author\":{\"@id\":\"https:\/\/elukelele.com\/fr\/#\/schema\/person\/ccfb3d2be2ec7fa389608eb6da0b38d6\"},\"description\":\"D\u00e9couvrez le nouveau look de f\u00eate luxueux de la princesse Gabriella ! Elle \u00e9blouit en Dior, devenant une ic\u00f4ne de style lors des festivit\u00e9s de No\u00ebl \u00e0 Monaco.\",\"breadcrumb\":{\"@id\":\"https:\/\/elukelele.com\/fr\/divertissement\/gabriella-de-monaco-un-look-dior-pour-les-fetes\/#breadcrumb\"},\"inLanguage\":\"fr-FR\",\"potentialAction\":[{\"@type\":\"ReadAction\",\"target\":[\"https:\/\/elukelele.com\/fr\/divertissement\/gabriella-de-monaco-un-look-dior-pour-les-fetes\/\"]}]},{\"@type\":\"ImageObject\",\"inLanguage\":\"fr-FR\",\"@id\":\"https:\/\/elukelele.com\/fr\/divertissement\/gabriella-de-monaco-un-look-dior-pour-les-fetes\/#primaryimage\",\"url\":\"https:\/\/elukelele.com\/fr\/wp-content\/uploads\/2025\/12\/framed_only-51.png\",\"contentUrl\":\"https:\/\/elukelele.com\/fr\/wp-content\/uploads\/2025\/12\/framed_only-51.png\",\"width\":1200,\"height\":628,\"caption\":\"Gabriella\"},{\"@type\":\"BreadcrumbList\",\"@id\":\"https:\/\/elukelele.com\/fr\/divertissement\/gabriella-de-monaco-un-look-dior-pour-les-fetes\/#breadcrumb\",\"itemListElement\":[{\"@type\":\"ListItem\",\"position\":1,\"name\":\"Home\",\"item\":\"https:\/\/elukelele.com\/fr\/\"},{\"@type\":\"ListItem\",\"position\":2,\"name\":\"Gabriella de Monaco : Un look Dior pour les f\u00eates !\"}]},{\"@type\":\"WebSite\",\"@id\":\"https:\/\/elukelele.com\/fr\/#website\",\"url\":\"https:\/\/elukelele.com\/fr\/\",\"name\":\"El Ukelele\",\"description\":\"Musique au-del\u00e0 de l&#039;indie\",\"potentialAction\":[{\"@type\":\"SearchAction\",\"target\":{\"@type\":\"EntryPoint\",\"urlTemplate\":\"https:\/\/elukelele.com\/fr\/?s={search_term_string}\"},\"query-input\":{\"@type\":\"PropertyValueSpecification\",\"valueRequired\":true,\"valueName\":\"search_term_string\"}}],\"inLanguage\":\"fr-FR\"},{\"@type\":\"Person\",\"@id\":\"https:\/\/elukelele.com\/fr\/#\/schema\/person\/ccfb3d2be2ec7fa389608eb6da0b38d6\",\"name\":\"Daniel Perrin\",\"image\":{\"@type\":\"ImageObject\",\"inLanguage\":\"fr-FR\",\"@id\":\"https:\/\/elukelele.com\/fr\/#\/schema\/person\/image\/\",\"url\":\"https:\/\/secure.gravatar.com\/avatar\/37f9d9ffa29ce5640a0d9c6ca8bbd90afb854014296ecaa0e3a558ac716e6fe4?s=96&d=mm&r=g\",\"contentUrl\":\"https:\/\/secure.gravatar.com\/avatar\/37f9d9ffa29ce5640a0d9c6ca8bbd90afb854014296ecaa0e3a558ac716e6fe4?s=96&d=mm&r=g\",\"caption\":\"Daniel Perrin\"},\"sameAs\":[\"https:\/\/elukelele.com\/fr\"],\"url\":\"https:\/\/elukelele.com\/fr\/author\/daniel-perrin\/\"}]}<\/script>\n<!-- \/ Yoast SEO plugin. -->","yoast_head_json":{"title":"Gabriella de Monaco : Un look Dior pour les f\u00eates","description":"D\u00e9couvrez le nouveau look de f\u00eate luxueux de la princesse Gabriella ! Elle \u00e9blouit en Dior, devenant une ic\u00f4ne de style lors des festivit\u00e9s de No\u00ebl \u00e0 Monaco.","robots":{"index":"index","follow":"follow","max-snippet":"max-snippet:-1","max-image-preview":"max-image-preview:large","max-video-preview":"max-video-preview:-1"},"canonical":"https:\/\/elukelele.com\/fr\/divertissement\/gabriella-de-monaco-un-look-dior-pour-les-fetes\/","og_locale":"fr_FR","og_type":"article","og_title":"Gabriella de Monaco : Un look Dior pour les f\u00eates","og_description":"D\u00e9couvrez le nouveau look de f\u00eate luxueux de la princesse Gabriella ! Elle \u00e9blouit en Dior, devenant une ic\u00f4ne de style lors des festivit\u00e9s de No\u00ebl \u00e0 Monaco.","og_url":"https:\/\/elukelele.com\/fr\/divertissement\/gabriella-de-monaco-un-look-dior-pour-les-fetes\/","og_site_name":"El Ukelele","article_published_time":"2025-12-02T18:24:27+00:00","article_modified_time":"2025-12-02T18:24:28+00:00","og_image":[{"width":1200,"height":628,"url":"https:\/\/elukelele.com\/fr\/wp-content\/uploads\/2025\/12\/framed_only-51.png","type":"image\/png"}],"author":"Daniel Perrin","twitter_card":"summary_large_image","twitter_misc":{"\u00c9crit par":"Daniel Perrin","Dur\u00e9e de lecture estim\u00e9e":"3 minutes"},"schema":{"@context":"https:\/\/schema.org","@graph":[{"@type":"WebPage","@id":"https:\/\/elukelele.com\/fr\/divertissement\/gabriella-de-monaco-un-look-dior-pour-les-fetes\/","url":"https:\/\/elukelele.com\/fr\/divertissement\/gabriella-de-monaco-un-look-dior-pour-les-fetes\/","name":"Gabriella de Monaco : Un look Dior pour les f\u00eates","isPartOf":{"@id":"https:\/\/elukelele.com\/fr\/#website"},"primaryImageOfPage":{"@id":"https:\/\/elukelele.com\/fr\/divertissement\/gabriella-de-monaco-un-look-dior-pour-les-fetes\/#primaryimage"},"image":{"@id":"https:\/\/elukelele.com\/fr\/divertissement\/gabriella-de-monaco-un-look-dior-pour-les-fetes\/#primaryimage"},"thumbnailUrl":"https:\/\/elukelele.com\/fr\/wp-content\/uploads\/2025\/12\/framed_only-51.png","datePublished":"2025-12-02T18:24:27+00:00","dateModified":"2025-12-02T18:24:28+00:00","author":{"@id":"https:\/\/elukelele.com\/fr\/#\/schema\/person\/ccfb3d2be2ec7fa389608eb6da0b38d6"},"description":"D\u00e9couvrez le nouveau look de f\u00eate luxueux de la princesse Gabriella ! Elle \u00e9blouit en Dior, devenant une ic\u00f4ne de style lors des festivit\u00e9s de No\u00ebl \u00e0 Monaco.","breadcrumb":{"@id":"https:\/\/elukelele.com\/fr\/divertissement\/gabriella-de-monaco-un-look-dior-pour-les-fetes\/#breadcrumb"},"inLanguage":"fr-FR","potentialAction":[{"@type":"ReadAction","target":["https:\/\/elukelele.com\/fr\/divertissement\/gabriella-de-monaco-un-look-dior-pour-les-fetes\/"]}]},{"@type":"ImageObject","inLanguage":"fr-FR","@id":"https:\/\/elukelele.com\/fr\/divertissement\/gabriella-de-monaco-un-look-dior-pour-les-fetes\/#primaryimage","url":"https:\/\/elukelele.com\/fr\/wp-content\/uploads\/2025\/12\/framed_only-51.png","contentUrl":"https:\/\/elukelele.com\/fr\/wp-content\/uploads\/2025\/12\/framed_only-51.png","width":1200,"height":628,"caption":"Gabriella"},{"@type":"BreadcrumbList","@id":"https:\/\/elukelele.com\/fr\/divertissement\/gabriella-de-monaco-un-look-dior-pour-les-fetes\/#breadcrumb","itemListElement":[{"@type":"ListItem","position":1,"name":"Home","item":"https:\/\/elukelele.com\/fr\/"},{"@type":"ListItem","position":2,"name":"Gabriella de Monaco : Un look Dior pour les f\u00eates !"}]},{"@type":"WebSite","@id":"https:\/\/elukelele.com\/fr\/#website","url":"https:\/\/elukelele.com\/fr\/","name":"El Ukelele","description":"Musique au-del\u00e0 de l&#039;indie","potentialAction":[{"@type":"SearchAction","target":{"@type":"EntryPoint","urlTemplate":"https:\/\/elukelele.com\/fr\/?s={search_term_string}"},"query-input":{"@type":"PropertyValueSpecification","valueRequired":true,"valueName":"search_term_string"}}],"inLanguage":"fr-FR"},{"@type":"Person","@id":"https:\/\/elukelele.com\/fr\/#\/schema\/person\/ccfb3d2be2ec7fa389608eb6da0b38d6","name":"Daniel Perrin","image":{"@type":"ImageObject","inLanguage":"fr-FR","@id":"https:\/\/elukelele.com\/fr\/#\/schema\/person\/image\/","url":"https:\/\/secure.gravatar.com\/avatar\/37f9d9ffa29ce5640a0d9c6ca8bbd90afb854014296ecaa0e3a558ac716e6fe4?s=96&d=mm&r=g","contentUrl":"https:\/\/secure.gravatar.com\/avatar\/37f9d9ffa29ce5640a0d9c6ca8bbd90afb854014296ecaa0e3a558ac716e6fe4?s=96&d=mm&r=g","caption":"Daniel Perrin"},"sameAs":["https:\/\/elukelele.com\/fr"],"url":"https:\/\/elukelele.com\/fr\/author\/daniel-perrin\/"}]}},"_links":{"self":[{"href":"https:\/\/elukelele.com\/fr\/wp-json\/wp\/v2\/posts\/46955","targetHints":{"allow":["GET"]}}],"collection":[{"href":"https:\/\/elukelele.com\/fr\/wp-json\/wp\/v2\/posts"}],"about":[{"href":"https:\/\/elukelele.com\/fr\/wp-json\/wp\/v2\/types\/post"}],"author":[{"embeddable":true,"href":"https:\/\/elukelele.com\/fr\/wp-json\/wp\/v2\/users\/4"}],"replies":[{"embeddable":true,"href":"https:\/\/elukelele.com\/fr\/wp-json\/wp\/v2\/comments?post=46955"}],"version-history":[{"count":1,"href":"https:\/\/elukelele.com\/fr\/wp-json\/wp\/v2\/posts\/46955\/revisions"}],"predecessor-version":[{"id":46972,"href":"https:\/\/elukelele.com\/fr\/wp-json\/wp\/v2\/posts\/46955\/revisions\/46972"}],"wp:featuredmedia":[{"embeddable":true,"href":"https:\/\/elukelele.com\/fr\/wp-json\/wp\/v2\/media\/46954"}],"wp:attachment":[{"href":"https:\/\/elukelele.com\/fr\/wp-json\/wp\/v2\/media?parent=46955"}],"wp:term":[{"taxonomy":"category","embeddable":true,"href":"https:\/\/elukelele.com\/fr\/wp-json\/wp\/v2\/categories?post=46955"},{"taxonomy":"post_tag","embeddable":true,"href":"https:\/\/elukelele.com\/fr\/wp-json\/wp\/v2\/tags?post=46955"}],"curies":[{"name":"wp","href":"https:\/\/api.w.org\/{rel}","templated":true}]}}