{"id":46943,"date":"2025-12-01T09:20:11","date_gmt":"2025-12-01T09:20:11","guid":{"rendered":"https:\/\/elukelele.com\/fr\/?p=46943"},"modified":"2025-12-01T09:20:13","modified_gmt":"2025-12-01T09:20:13","slug":"jean-pierre-foucault-ce-quil-reproche-a-son-ancien-employeur","status":"publish","type":"post","link":"https:\/\/elukelele.com\/fr\/divertissement\/jean-pierre-foucault-ce-quil-reproche-a-son-ancien-employeur\/","title":{"rendered":"Jean-Pierre Foucault : Ce qu&rsquo;il reproche \u00e0 son ancien employeur"},"content":{"rendered":"<p>Jean-Pierre Foucault, figure embl\u00e9matique du paysage audiovisuel fran\u00e7ais, est connu pour son professionnalisme et son sourire communicatif. Cependant, derri\u00e8re cette fa\u00e7ade d&rsquo;homme affable se cache une blessure professionnelle qui, des ann\u00e9es apr\u00e8s les faits, continue de le marquer. L&rsquo;animateur est revenu r\u00e9cemment sur son d\u00e9part de la station RTL, un \u00e9pisode qu&rsquo;il a qualifi\u00e9 de \u00ab\u00a0maltraitance\u00a0\u00bb, n&rsquo;h\u00e9sitant pas \u00e0 pointer du doigt son ancien employeur.<\/p>\n<h2 class=\"wp-block-heading\">Le d\u00e9part inattendu de Jean-Pierre Foucault de RTL<\/h2>\n<p>L&rsquo;ann\u00e9e 2014 a \u00e9t\u00e9 un tournant inattendu dans la carri\u00e8re radiophonique de Jean-Pierre Foucault. Alors qu&rsquo;il animait avec succ\u00e8s \u00ab\u00a0La Bonne Touche\u00a0\u00bb chaque week-end depuis 2001, son d\u00e9part de RTL a pris tout le monde de court, y compris lui-m\u00eame. Quelques semaines avant cette annonce, Foucault se montrait pourtant confiant quant \u00e0 son avenir au sein de la station. Il avait m\u00eame d\u00e9clar\u00e9 \u00e0 <em>TV Mag<\/em> qu&rsquo;il n&rsquo;\u00e9tait pas question pour lui de quitter RTL et qu&rsquo;il serait pr\u00e9sent \u00e0 la rentr\u00e9e, \u00e9cartant les rumeurs avec conviction. Ces affirmations, avec le recul, soulignent le d\u00e9calage entre ses attentes et les d\u00e9cisions prises en coulisses.<\/p>\n<h2 class=\"wp-block-heading\">Les coulisses d&rsquo;une r\u00e9organisation contest\u00e9e<\/h2>\n<p>La raison derri\u00e8re ce d\u00e9part pr\u00e9cipit\u00e9 r\u00e9sidait dans une r\u00e9organisation strat\u00e9gique de la grille des programmes de RTL. L&rsquo;objectif \u00e9tait de marquer le grand retour de Philippe Bouvard, une autre figure historique de la radio. Pour ce faire, Philippe Bouvard a r\u00e9cup\u00e9r\u00e9 la case horaire pr\u00e9c\u00e9demment occup\u00e9e par \u00ab\u00a0La Bonne Touche\u00a0\u00bb avec une nouvelle \u00e9mission intitul\u00e9e \u00ab\u00a0All\u00f4 Bouvard\u00a0\u00bb. Cette d\u00e9cision, prise dans le plus grand secret, a eu pour cons\u00e9quence directe l&rsquo;\u00e9viction de Jean-Pierre Foucault.<\/p>\n<h2 class=\"wp-block-heading\">Des accusations de \u00ab\u00a0maltraitance\u00a0\u00bb et un sentiment d&rsquo;injustice<\/h2>\n<p>Dimanche 30 novembre, dans les colonnes de <em>La Tribune Dimanche<\/em>, Jean-Pierre Foucault a bris\u00e9 le silence sur cet \u00e9pisode douloureux de sa carri\u00e8re. Interrog\u00e9 sur d&rsquo;\u00e9ventuelles ranc\u0153urs dans le milieu, il a affirm\u00e9 n&rsquo;avoir \u00ab\u00a0aucun ennemi\u00a0\u00bb, \u00e0 l&rsquo;exception d&rsquo;une personne : Christopher Baldelli, alors patron de RTL. Foucault n&rsquo;a pas m\u00e2ch\u00e9 ses mots, d\u00e9clarant : \u00ab\u00a0J\u2019ai \u00e9t\u00e9 tr\u00e8s maltrait\u00e9 \u00e0 la fin, alors que notre \u00e9mission marchait tr\u00e8s bien\u00a0\u00bb.<\/p>\n<p>Ce sentiment d&rsquo;injustice est palpable dans ses propos. Il a exprim\u00e9 son incompr\u00e9hension face \u00e0 cette d\u00e9cision, insistant sur sa fid\u00e9lit\u00e9 et son respect envers la station. \u00ab\u00a0Ce n\u2019est pas juste. J\u2019ai toujours \u00e9t\u00e9 respectueux de la maison, fid\u00e8le, loyal\u2026 et je n\u2019ai jamais compris pourquoi il m\u2019a mis dehors\u00a0\u00bb.<\/p>\n<h2 class=\"wp-block-heading\">Loyaut\u00e9 versus strat\u00e9gies de direction<\/h2>\n<p>L&rsquo;animateur, malgr\u00e9 son amertume, a \u00e9galement fait preuve d&rsquo;une certaine lucidit\u00e9 quant \u00e0 son parcours et au fonctionnement du milieu m\u00e9diatique. Il a reconnu que sa gentillesse et son caract\u00e8re \u00ab\u00a0brave\u00a0\u00bb, comme il le dit, ont parfois pu \u00eatre per\u00e7us comme une faiblesse dans un environnement fortement comp\u00e9titif. Cependant, il consid\u00e8re cette qualit\u00e9 comme une force.<\/p>\n<p>Cet \u00e9pisode met en lumi\u00e8re la tension parfois existante entre la loyaut\u00e9 des animateurs envers leur employeur et les d\u00e9cisions strat\u00e9giques des directions, qui peuvent parfois sembler arbitraires ou injustes pour les personnes directement concern\u00e9es. Pour Jean-Pierre Foucault, cette fin d&rsquo;aventure avec RTL reste une cicatrice, t\u00e9moignant d&rsquo;une rupture professionnelle qu&rsquo;il n&rsquo;a manifestement pas dig\u00e9r\u00e9e.<\/p>\n<h2 class=\"wp-block-heading\">Conclusion<\/h2>\n<p>L&rsquo;amertume exprim\u00e9e par Jean-Pierre Foucault concernant son d\u00e9part de RTL r\u00e9v\u00e8le les dessous parfois complexes et douloureux des relations professionnelles dans le monde des m\u00e9dias. Malgr\u00e9 une carri\u00e8re longue et jalonn\u00e9e de succ\u00e8s, l&rsquo;animateur reste marqu\u00e9 par ce qu&rsquo;il per\u00e7oit comme une \u00ab\u00a0maltraitance\u00a0\u00bb de la part de son ancien employeur. Son t\u00e9moignage offre un aper\u00e7u rare de la vuln\u00e9rabilit\u00e9 des personnalit\u00e9s publiques face aux d\u00e9cisions de direction, m\u00eame apr\u00e8s des ann\u00e9es de bons et loyaux services.<\/p>\n","protected":false},"excerpt":{"rendered":"<p>Jean-Pierre Foucault, figure embl\u00e9matique du paysage audiovisuel fran\u00e7ais, est connu pour son professionnalisme et son sourire communicatif. Cependant, derri\u00e8re cette fa\u00e7ade d&rsquo;homme affable se cache une blessure professionnelle qui, des ann\u00e9es apr\u00e8s les faits, continue de le marquer. L&rsquo;animateur est revenu r\u00e9cemment sur son d\u00e9part de la station RTL, un \u00e9pisode qu&rsquo;il a qualifi\u00e9 de [&hellip;]<\/p>\n","protected":false},"author":4,"featured_media":46942,"comment_status":"open","ping_status":"open","sticky":false,"template":"","format":"standard","meta":{"_yoast_wpseo_title":"Jean-Pierre Foucault: RTL Departure & \"Maltraitance\"","_yoast_wpseo_metadesc":"D\u00e9couvrez la v\u00e9rit\u00e9 sur le d\u00e9part de Jean-Pierre Foucault de RTL. L'animateur r\u00e9v\u00e8le une \"maltraitance\" et accuse son ancien employeur.","_yoast_wpseo_focuskw":"Jean"},"categories":[5],"tags":[],"class_list":["post-46943","post","type-post","status-publish","format-standard","has-post-thumbnail","hentry","category-divertissement"],"yoast_head":"<!-- This site is optimized with the Yoast SEO plugin v26.3 - https:\/\/yoast.com\/wordpress\/plugins\/seo\/ -->\n<title>Jean-Pierre Foucault: RTL Departure &amp; &quot;Maltraitance&quot;<\/title>\n<meta name=\"description\" content=\"D\u00e9couvrez la v\u00e9rit\u00e9 sur le d\u00e9part de Jean-Pierre Foucault de RTL. L&#039;animateur r\u00e9v\u00e8le une &quot;maltraitance&quot; et accuse son ancien employeur.\" \/>\n<meta name=\"robots\" content=\"index, follow, max-snippet:-1, max-image-preview:large, max-video-preview:-1\" \/>\n<link rel=\"canonical\" href=\"https:\/\/elukelele.com\/fr\/divertissement\/jean-pierre-foucault-ce-quil-reproche-a-son-ancien-employeur\/\" \/>\n<meta property=\"og:locale\" content=\"fr_FR\" \/>\n<meta property=\"og:type\" content=\"article\" \/>\n<meta property=\"og:title\" content=\"Jean-Pierre Foucault: RTL Departure &amp; &quot;Maltraitance&quot;\" \/>\n<meta property=\"og:description\" content=\"D\u00e9couvrez la v\u00e9rit\u00e9 sur le d\u00e9part de Jean-Pierre Foucault de RTL. L&#039;animateur r\u00e9v\u00e8le une &quot;maltraitance&quot; et accuse son ancien employeur.\" \/>\n<meta property=\"og:url\" content=\"https:\/\/elukelele.com\/fr\/divertissement\/jean-pierre-foucault-ce-quil-reproche-a-son-ancien-employeur\/\" \/>\n<meta property=\"og:site_name\" content=\"El Ukelele\" \/>\n<meta property=\"article:published_time\" content=\"2025-12-01T09:20:11+00:00\" \/>\n<meta property=\"article:modified_time\" content=\"2025-12-01T09:20:13+00:00\" \/>\n<meta property=\"og:image\" content=\"https:\/\/elukelele.com\/fr\/wp-content\/uploads\/2025\/12\/framed_only-46.png\" \/>\n\t<meta property=\"og:image:width\" content=\"1200\" \/>\n\t<meta property=\"og:image:height\" content=\"628\" \/>\n\t<meta property=\"og:image:type\" content=\"image\/png\" \/>\n<meta name=\"author\" content=\"Daniel Perrin\" \/>\n<meta name=\"twitter:card\" content=\"summary_large_image\" \/>\n<meta name=\"twitter:label1\" content=\"\u00c9crit par\" \/>\n\t<meta name=\"twitter:data1\" content=\"Daniel Perrin\" \/>\n\t<meta name=\"twitter:label2\" content=\"Dur\u00e9e de lecture estim\u00e9e\" \/>\n\t<meta name=\"twitter:data2\" content=\"4 minutes\" \/>\n<script type=\"application\/ld+json\" class=\"yoast-schema-graph\">{\"@context\":\"https:\/\/schema.org\",\"@graph\":[{\"@type\":\"WebPage\",\"@id\":\"https:\/\/elukelele.com\/fr\/divertissement\/jean-pierre-foucault-ce-quil-reproche-a-son-ancien-employeur\/\",\"url\":\"https:\/\/elukelele.com\/fr\/divertissement\/jean-pierre-foucault-ce-quil-reproche-a-son-ancien-employeur\/\",\"name\":\"Jean-Pierre Foucault: RTL Departure & \\\"Maltraitance\\\"\",\"isPartOf\":{\"@id\":\"https:\/\/elukelele.com\/fr\/#website\"},\"primaryImageOfPage\":{\"@id\":\"https:\/\/elukelele.com\/fr\/divertissement\/jean-pierre-foucault-ce-quil-reproche-a-son-ancien-employeur\/#primaryimage\"},\"image\":{\"@id\":\"https:\/\/elukelele.com\/fr\/divertissement\/jean-pierre-foucault-ce-quil-reproche-a-son-ancien-employeur\/#primaryimage\"},\"thumbnailUrl\":\"https:\/\/elukelele.com\/fr\/wp-content\/uploads\/2025\/12\/framed_only-46.png\",\"datePublished\":\"2025-12-01T09:20:11+00:00\",\"dateModified\":\"2025-12-01T09:20:13+00:00\",\"author\":{\"@id\":\"https:\/\/elukelele.com\/fr\/#\/schema\/person\/ccfb3d2be2ec7fa389608eb6da0b38d6\"},\"description\":\"D\u00e9couvrez la v\u00e9rit\u00e9 sur le d\u00e9part de Jean-Pierre Foucault de RTL. L'animateur r\u00e9v\u00e8le une \\\"maltraitance\\\" et accuse son ancien employeur.\",\"breadcrumb\":{\"@id\":\"https:\/\/elukelele.com\/fr\/divertissement\/jean-pierre-foucault-ce-quil-reproche-a-son-ancien-employeur\/#breadcrumb\"},\"inLanguage\":\"fr-FR\",\"potentialAction\":[{\"@type\":\"ReadAction\",\"target\":[\"https:\/\/elukelele.com\/fr\/divertissement\/jean-pierre-foucault-ce-quil-reproche-a-son-ancien-employeur\/\"]}]},{\"@type\":\"ImageObject\",\"inLanguage\":\"fr-FR\",\"@id\":\"https:\/\/elukelele.com\/fr\/divertissement\/jean-pierre-foucault-ce-quil-reproche-a-son-ancien-employeur\/#primaryimage\",\"url\":\"https:\/\/elukelele.com\/fr\/wp-content\/uploads\/2025\/12\/framed_only-46.png\",\"contentUrl\":\"https:\/\/elukelele.com\/fr\/wp-content\/uploads\/2025\/12\/framed_only-46.png\",\"width\":1200,\"height\":628,\"caption\":\"Jean\"},{\"@type\":\"BreadcrumbList\",\"@id\":\"https:\/\/elukelele.com\/fr\/divertissement\/jean-pierre-foucault-ce-quil-reproche-a-son-ancien-employeur\/#breadcrumb\",\"itemListElement\":[{\"@type\":\"ListItem\",\"position\":1,\"name\":\"Home\",\"item\":\"https:\/\/elukelele.com\/fr\/\"},{\"@type\":\"ListItem\",\"position\":2,\"name\":\"Jean-Pierre Foucault : Ce qu&rsquo;il reproche \u00e0 son ancien employeur\"}]},{\"@type\":\"WebSite\",\"@id\":\"https:\/\/elukelele.com\/fr\/#website\",\"url\":\"https:\/\/elukelele.com\/fr\/\",\"name\":\"El Ukelele\",\"description\":\"Musique au-del\u00e0 de l&#039;indie\",\"potentialAction\":[{\"@type\":\"SearchAction\",\"target\":{\"@type\":\"EntryPoint\",\"urlTemplate\":\"https:\/\/elukelele.com\/fr\/?s={search_term_string}\"},\"query-input\":{\"@type\":\"PropertyValueSpecification\",\"valueRequired\":true,\"valueName\":\"search_term_string\"}}],\"inLanguage\":\"fr-FR\"},{\"@type\":\"Person\",\"@id\":\"https:\/\/elukelele.com\/fr\/#\/schema\/person\/ccfb3d2be2ec7fa389608eb6da0b38d6\",\"name\":\"Daniel Perrin\",\"image\":{\"@type\":\"ImageObject\",\"inLanguage\":\"fr-FR\",\"@id\":\"https:\/\/elukelele.com\/fr\/#\/schema\/person\/image\/\",\"url\":\"https:\/\/secure.gravatar.com\/avatar\/37f9d9ffa29ce5640a0d9c6ca8bbd90afb854014296ecaa0e3a558ac716e6fe4?s=96&d=mm&r=g\",\"contentUrl\":\"https:\/\/secure.gravatar.com\/avatar\/37f9d9ffa29ce5640a0d9c6ca8bbd90afb854014296ecaa0e3a558ac716e6fe4?s=96&d=mm&r=g\",\"caption\":\"Daniel Perrin\"},\"sameAs\":[\"https:\/\/elukelele.com\/fr\"],\"url\":\"https:\/\/elukelele.com\/fr\/author\/daniel-perrin\/\"}]}<\/script>\n<!-- \/ Yoast SEO plugin. -->","yoast_head_json":{"title":"Jean-Pierre Foucault: RTL Departure & \"Maltraitance\"","description":"D\u00e9couvrez la v\u00e9rit\u00e9 sur le d\u00e9part de Jean-Pierre Foucault de RTL. L'animateur r\u00e9v\u00e8le une \"maltraitance\" et accuse son ancien employeur.","robots":{"index":"index","follow":"follow","max-snippet":"max-snippet:-1","max-image-preview":"max-image-preview:large","max-video-preview":"max-video-preview:-1"},"canonical":"https:\/\/elukelele.com\/fr\/divertissement\/jean-pierre-foucault-ce-quil-reproche-a-son-ancien-employeur\/","og_locale":"fr_FR","og_type":"article","og_title":"Jean-Pierre Foucault: RTL Departure & \"Maltraitance\"","og_description":"D\u00e9couvrez la v\u00e9rit\u00e9 sur le d\u00e9part de Jean-Pierre Foucault de RTL. L'animateur r\u00e9v\u00e8le une \"maltraitance\" et accuse son ancien employeur.","og_url":"https:\/\/elukelele.com\/fr\/divertissement\/jean-pierre-foucault-ce-quil-reproche-a-son-ancien-employeur\/","og_site_name":"El Ukelele","article_published_time":"2025-12-01T09:20:11+00:00","article_modified_time":"2025-12-01T09:20:13+00:00","og_image":[{"width":1200,"height":628,"url":"https:\/\/elukelele.com\/fr\/wp-content\/uploads\/2025\/12\/framed_only-46.png","type":"image\/png"}],"author":"Daniel Perrin","twitter_card":"summary_large_image","twitter_misc":{"\u00c9crit par":"Daniel Perrin","Dur\u00e9e de lecture estim\u00e9e":"4 minutes"},"schema":{"@context":"https:\/\/schema.org","@graph":[{"@type":"WebPage","@id":"https:\/\/elukelele.com\/fr\/divertissement\/jean-pierre-foucault-ce-quil-reproche-a-son-ancien-employeur\/","url":"https:\/\/elukelele.com\/fr\/divertissement\/jean-pierre-foucault-ce-quil-reproche-a-son-ancien-employeur\/","name":"Jean-Pierre Foucault: RTL Departure & \"Maltraitance\"","isPartOf":{"@id":"https:\/\/elukelele.com\/fr\/#website"},"primaryImageOfPage":{"@id":"https:\/\/elukelele.com\/fr\/divertissement\/jean-pierre-foucault-ce-quil-reproche-a-son-ancien-employeur\/#primaryimage"},"image":{"@id":"https:\/\/elukelele.com\/fr\/divertissement\/jean-pierre-foucault-ce-quil-reproche-a-son-ancien-employeur\/#primaryimage"},"thumbnailUrl":"https:\/\/elukelele.com\/fr\/wp-content\/uploads\/2025\/12\/framed_only-46.png","datePublished":"2025-12-01T09:20:11+00:00","dateModified":"2025-12-01T09:20:13+00:00","author":{"@id":"https:\/\/elukelele.com\/fr\/#\/schema\/person\/ccfb3d2be2ec7fa389608eb6da0b38d6"},"description":"D\u00e9couvrez la v\u00e9rit\u00e9 sur le d\u00e9part de Jean-Pierre Foucault de RTL. L'animateur r\u00e9v\u00e8le une \"maltraitance\" et accuse son ancien employeur.","breadcrumb":{"@id":"https:\/\/elukelele.com\/fr\/divertissement\/jean-pierre-foucault-ce-quil-reproche-a-son-ancien-employeur\/#breadcrumb"},"inLanguage":"fr-FR","potentialAction":[{"@type":"ReadAction","target":["https:\/\/elukelele.com\/fr\/divertissement\/jean-pierre-foucault-ce-quil-reproche-a-son-ancien-employeur\/"]}]},{"@type":"ImageObject","inLanguage":"fr-FR","@id":"https:\/\/elukelele.com\/fr\/divertissement\/jean-pierre-foucault-ce-quil-reproche-a-son-ancien-employeur\/#primaryimage","url":"https:\/\/elukelele.com\/fr\/wp-content\/uploads\/2025\/12\/framed_only-46.png","contentUrl":"https:\/\/elukelele.com\/fr\/wp-content\/uploads\/2025\/12\/framed_only-46.png","width":1200,"height":628,"caption":"Jean"},{"@type":"BreadcrumbList","@id":"https:\/\/elukelele.com\/fr\/divertissement\/jean-pierre-foucault-ce-quil-reproche-a-son-ancien-employeur\/#breadcrumb","itemListElement":[{"@type":"ListItem","position":1,"name":"Home","item":"https:\/\/elukelele.com\/fr\/"},{"@type":"ListItem","position":2,"name":"Jean-Pierre Foucault : Ce qu&rsquo;il reproche \u00e0 son ancien employeur"}]},{"@type":"WebSite","@id":"https:\/\/elukelele.com\/fr\/#website","url":"https:\/\/elukelele.com\/fr\/","name":"El Ukelele","description":"Musique au-del\u00e0 de l&#039;indie","potentialAction":[{"@type":"SearchAction","target":{"@type":"EntryPoint","urlTemplate":"https:\/\/elukelele.com\/fr\/?s={search_term_string}"},"query-input":{"@type":"PropertyValueSpecification","valueRequired":true,"valueName":"search_term_string"}}],"inLanguage":"fr-FR"},{"@type":"Person","@id":"https:\/\/elukelele.com\/fr\/#\/schema\/person\/ccfb3d2be2ec7fa389608eb6da0b38d6","name":"Daniel Perrin","image":{"@type":"ImageObject","inLanguage":"fr-FR","@id":"https:\/\/elukelele.com\/fr\/#\/schema\/person\/image\/","url":"https:\/\/secure.gravatar.com\/avatar\/37f9d9ffa29ce5640a0d9c6ca8bbd90afb854014296ecaa0e3a558ac716e6fe4?s=96&d=mm&r=g","contentUrl":"https:\/\/secure.gravatar.com\/avatar\/37f9d9ffa29ce5640a0d9c6ca8bbd90afb854014296ecaa0e3a558ac716e6fe4?s=96&d=mm&r=g","caption":"Daniel Perrin"},"sameAs":["https:\/\/elukelele.com\/fr"],"url":"https:\/\/elukelele.com\/fr\/author\/daniel-perrin\/"}]}},"_links":{"self":[{"href":"https:\/\/elukelele.com\/fr\/wp-json\/wp\/v2\/posts\/46943","targetHints":{"allow":["GET"]}}],"collection":[{"href":"https:\/\/elukelele.com\/fr\/wp-json\/wp\/v2\/posts"}],"about":[{"href":"https:\/\/elukelele.com\/fr\/wp-json\/wp\/v2\/types\/post"}],"author":[{"embeddable":true,"href":"https:\/\/elukelele.com\/fr\/wp-json\/wp\/v2\/users\/4"}],"replies":[{"embeddable":true,"href":"https:\/\/elukelele.com\/fr\/wp-json\/wp\/v2\/comments?post=46943"}],"version-history":[{"count":1,"href":"https:\/\/elukelele.com\/fr\/wp-json\/wp\/v2\/posts\/46943\/revisions"}],"predecessor-version":[{"id":46957,"href":"https:\/\/elukelele.com\/fr\/wp-json\/wp\/v2\/posts\/46943\/revisions\/46957"}],"wp:featuredmedia":[{"embeddable":true,"href":"https:\/\/elukelele.com\/fr\/wp-json\/wp\/v2\/media\/46942"}],"wp:attachment":[{"href":"https:\/\/elukelele.com\/fr\/wp-json\/wp\/v2\/media?parent=46943"}],"wp:term":[{"taxonomy":"category","embeddable":true,"href":"https:\/\/elukelele.com\/fr\/wp-json\/wp\/v2\/categories?post=46943"},{"taxonomy":"post_tag","embeddable":true,"href":"https:\/\/elukelele.com\/fr\/wp-json\/wp\/v2\/tags?post=46943"}],"curies":[{"name":"wp","href":"https:\/\/api.w.org\/{rel}","templated":true}]}}