{"id":46937,"date":"2025-12-01T09:18:54","date_gmt":"2025-12-01T09:18:54","guid":{"rendered":"https:\/\/elukelele.com\/fr\/?p=46937"},"modified":"2025-12-01T09:18:55","modified_gmt":"2025-12-01T09:18:55","slug":"drucker-sexcuse-apres-un-derapage-sur-france-3","status":"publish","type":"post","link":"https:\/\/elukelele.com\/fr\/divertissement\/drucker-sexcuse-apres-un-derapage-sur-france-3\/","title":{"rendered":"Drucker s&rsquo;excuse apr\u00e8s un d\u00e9rapage sur France 3"},"content":{"rendered":"<p>L&rsquo;\u00e9mission embl\u00e9matique de France 3, \u00ab\u00a0Vivement dimanche\u00a0\u00bb, pr\u00e9sent\u00e9e par Michel Drucker, a \u00e9t\u00e9 le th\u00e9\u00e2tre d&rsquo;un moment inattendu le 30 novembre 2025, contraignant l&rsquo;animateur \u00e0 pr\u00e9senter ses excuses en direct. Un \u00e9change jug\u00e9 \u00ab\u00a0d\u00e9licat\u00a0\u00bb entre deux invit\u00e9es, Lio et Corinne Masiero, a marqu\u00e9 les esprits et suscit\u00e9 une r\u00e9action imm\u00e9diate de l&rsquo;animateur historique du service public.<\/p>\n<h2>Un \u00e9change inattendu et des excuses en direct<\/h2>\n<p>Lors de la premi\u00e8re partie de \u00ab\u00a0Vivement dimanche\u00a0\u00bb diffus\u00e9e le 30 novembre 2025, Michel Drucker recevait une s\u00e9rie d&rsquo;invit\u00e9s, dont la chanteuse Lio, mise \u00e0 l&rsquo;honneur pour la promotion de son nouvel album \u00ab\u00a0Geoid Party in the Sky\u00a0\u00bb. Aux c\u00f4t\u00e9s de Lio se trouvaient \u00e9galement les Demoiselles de Rochefort, Philippe Geluck, le magicien Gus, et l&rsquo;actrice Corinne Masiero.<\/p>\n<p>C&rsquo;est au cours de cette section de l&rsquo;\u00e9mission qu&rsquo;un \u00e9change jug\u00e9 os\u00e9 a eu lieu. Michel Drucker avait soulign\u00e9 les points communs entre Lio et Corinne Masiero. En r\u00e9ponse, Lio a alors l\u00e2ch\u00e9 : \u00ab\u00a0Bah d\u00e9j\u00e0 un clitoris !\u00a0\u00bb. Corinne Masiero a aussit\u00f4t rebondi sur cette remarque en ajoutant : \u00ab\u00a0On a de beaux clitoris toutes les deux\u00a0\u00bb. Ces propos ont conduit Michel Drucker \u00e0 intervenir. Face \u00e0 la cam\u00e9ra, l&rsquo;animateur a \u00e9t\u00e9 contraint de s&rsquo;excuser, d\u00e9clarant avec humour que \u00ab\u00a0Le public de France 3 est tr\u00e8s sensible \u00e0 tout ce qu\u2019on dit\u00a0\u00bb.<\/p>\n<h2>R\u00e9ception de l&rsquo;\u00e9mission et performances d&rsquo;audience<\/h2>\n<p>Malgr\u00e9 cet incident, la premi\u00e8re partie de \u00ab\u00a0Vivement dimanche\u00a0\u00bb, diffus\u00e9e entre 13h34 et 14h30, a rassembl\u00e9 723 000 t\u00e9l\u00e9spectateurs, repr\u00e9sentant une part de march\u00e9 de 6,4% aupr\u00e8s de l&rsquo;ensemble du public de quatre ans et plus. Cette performance a permis \u00e0 France 3 de se classer comme la troisi\u00e8me cha\u00eene nationale. Par rapport \u00e0 l&rsquo;\u00e9mission pr\u00e9c\u00e9dente, qui avait accueilli Julien Clerc, le programme dominical a m\u00eame enregistr\u00e9 une l\u00e9g\u00e8re progression de 0,1 point de part d&rsquo;audience, attirant 27 000 t\u00e9l\u00e9spectateurs suppl\u00e9mentaires.<\/p>\n<p>La seconde partie de l&rsquo;\u00e9mission a vu Michel Drucker recevoir l&rsquo;humoriste Booder en invit\u00e9 d&rsquo;honneur, accompagn\u00e9 de personnalit\u00e9s comme Lou Deleuze, Linda Hardy (qui appara\u00eetra prochainement dans la s\u00e9rie \u00ab\u00a0Le Nounou\u00a0\u00bb sur TF1), Bernard Montiel, et Kamel Le Magicien. Le dessinateur Emmanuel Chaunu a \u00e9galement, comme \u00e0 son habitude, illustr\u00e9 la carri\u00e8re de l&rsquo;invit\u00e9 principal.<\/p>\n<p>Cette deuxi\u00e8me partie, diffus\u00e9e entre 14h37 et 15h33, a attir\u00e9 735 000 personnes, soit 7,6% de part de march\u00e9 sur l&rsquo;ensemble du public. France 3 a maintenu sa troisi\u00e8me position au classement des cha\u00eenes nationales. Cependant, cette section a enregistr\u00e9 une l\u00e9g\u00e8re baisse d&rsquo;audience par rapport \u00e0 la semaine pr\u00e9c\u00e9dente, perdant 0,3 point de part d&rsquo;audience et 35 000 fid\u00e8les, lorsque Julian Bugier \u00e9tait l&rsquo;invit\u00e9.<\/p>\n<h2>Prochaine d\u00e9programmation pour le rugby<\/h2>\n<p>Les t\u00e9l\u00e9spectateurs de \u00ab\u00a0Vivement dimanche\u00a0\u00bb devront noter une interruption dans la diffusion de leur programme dominical. L&rsquo;\u00e9mission ne sera pas \u00e0 l&rsquo;antenne le 7 d\u00e9cembre 2025. Cette suppression est due \u00e0 la diffusion de la \u00ab\u00a0Challenge Cup de rugby\u00a0\u00bb sur France 3, qui prendra la place habituelle de l&rsquo;\u00e9mission de Michel Drucker.<\/p>\n","protected":false},"excerpt":{"rendered":"<p>L&rsquo;\u00e9mission embl\u00e9matique de France 3, \u00ab\u00a0Vivement dimanche\u00a0\u00bb, pr\u00e9sent\u00e9e par Michel Drucker, a \u00e9t\u00e9 le th\u00e9\u00e2tre d&rsquo;un moment inattendu le 30 novembre 2025, contraignant l&rsquo;animateur \u00e0 pr\u00e9senter ses excuses en direct. Un \u00e9change jug\u00e9 \u00ab\u00a0d\u00e9licat\u00a0\u00bb entre deux invit\u00e9es, Lio et Corinne Masiero, a marqu\u00e9 les esprits et suscit\u00e9 une r\u00e9action imm\u00e9diate de l&rsquo;animateur historique du service [&hellip;]<\/p>\n","protected":false},"author":4,"featured_media":46936,"comment_status":"open","ping_status":"open","sticky":false,"template":"","format":"standard","meta":{"_yoast_wpseo_title":"Vivement Dimanche : Drucker s'excuse apr\u00e8s un \u00e9change","_yoast_wpseo_metadesc":"D\u00e9couvrez le moment inattendu sur \"Vivement dimanche\" avec Michel Drucker ! Un \u00e9change os\u00e9 entre Lio et Corinne Masiero a forc\u00e9 l'animateur \u00e0 s'excuser.","_yoast_wpseo_focuskw":"Drucker"},"categories":[5],"tags":[],"class_list":["post-46937","post","type-post","status-publish","format-standard","has-post-thumbnail","hentry","category-divertissement"],"yoast_head":"<!-- This site is optimized with the Yoast SEO plugin v26.3 - https:\/\/yoast.com\/wordpress\/plugins\/seo\/ -->\n<title>Vivement Dimanche : Drucker s&#039;excuse apr\u00e8s un \u00e9change<\/title>\n<meta name=\"description\" content=\"D\u00e9couvrez le moment inattendu sur &quot;Vivement dimanche&quot; avec Michel Drucker ! Un \u00e9change os\u00e9 entre Lio et Corinne Masiero a forc\u00e9 l&#039;animateur \u00e0 s&#039;excuser.\" \/>\n<meta name=\"robots\" content=\"index, follow, max-snippet:-1, max-image-preview:large, max-video-preview:-1\" \/>\n<link rel=\"canonical\" href=\"https:\/\/elukelele.com\/fr\/divertissement\/drucker-sexcuse-apres-un-derapage-sur-france-3\/\" \/>\n<meta property=\"og:locale\" content=\"fr_FR\" \/>\n<meta property=\"og:type\" content=\"article\" \/>\n<meta property=\"og:title\" content=\"Vivement Dimanche : Drucker s&#039;excuse apr\u00e8s un \u00e9change\" \/>\n<meta property=\"og:description\" content=\"D\u00e9couvrez le moment inattendu sur &quot;Vivement dimanche&quot; avec Michel Drucker ! Un \u00e9change os\u00e9 entre Lio et Corinne Masiero a forc\u00e9 l&#039;animateur \u00e0 s&#039;excuser.\" \/>\n<meta property=\"og:url\" content=\"https:\/\/elukelele.com\/fr\/divertissement\/drucker-sexcuse-apres-un-derapage-sur-france-3\/\" \/>\n<meta property=\"og:site_name\" content=\"El Ukelele\" \/>\n<meta property=\"article:published_time\" content=\"2025-12-01T09:18:54+00:00\" \/>\n<meta property=\"article:modified_time\" content=\"2025-12-01T09:18:55+00:00\" \/>\n<meta property=\"og:image\" content=\"https:\/\/elukelele.com\/fr\/wp-content\/uploads\/2025\/12\/framed_only-43.png\" \/>\n\t<meta property=\"og:image:width\" content=\"1200\" \/>\n\t<meta property=\"og:image:height\" content=\"628\" \/>\n\t<meta property=\"og:image:type\" content=\"image\/png\" \/>\n<meta name=\"author\" content=\"Daniel Perrin\" \/>\n<meta name=\"twitter:card\" content=\"summary_large_image\" \/>\n<meta name=\"twitter:label1\" content=\"\u00c9crit par\" \/>\n\t<meta name=\"twitter:data1\" content=\"Daniel Perrin\" \/>\n\t<meta name=\"twitter:label2\" content=\"Dur\u00e9e de lecture estim\u00e9e\" \/>\n\t<meta name=\"twitter:data2\" content=\"3 minutes\" \/>\n<script type=\"application\/ld+json\" class=\"yoast-schema-graph\">{\"@context\":\"https:\/\/schema.org\",\"@graph\":[{\"@type\":\"WebPage\",\"@id\":\"https:\/\/elukelele.com\/fr\/divertissement\/drucker-sexcuse-apres-un-derapage-sur-france-3\/\",\"url\":\"https:\/\/elukelele.com\/fr\/divertissement\/drucker-sexcuse-apres-un-derapage-sur-france-3\/\",\"name\":\"Vivement Dimanche : Drucker s'excuse apr\u00e8s un \u00e9change\",\"isPartOf\":{\"@id\":\"https:\/\/elukelele.com\/fr\/#website\"},\"primaryImageOfPage\":{\"@id\":\"https:\/\/elukelele.com\/fr\/divertissement\/drucker-sexcuse-apres-un-derapage-sur-france-3\/#primaryimage\"},\"image\":{\"@id\":\"https:\/\/elukelele.com\/fr\/divertissement\/drucker-sexcuse-apres-un-derapage-sur-france-3\/#primaryimage\"},\"thumbnailUrl\":\"https:\/\/elukelele.com\/fr\/wp-content\/uploads\/2025\/12\/framed_only-43.png\",\"datePublished\":\"2025-12-01T09:18:54+00:00\",\"dateModified\":\"2025-12-01T09:18:55+00:00\",\"author\":{\"@id\":\"https:\/\/elukelele.com\/fr\/#\/schema\/person\/ccfb3d2be2ec7fa389608eb6da0b38d6\"},\"description\":\"D\u00e9couvrez le moment inattendu sur \\\"Vivement dimanche\\\" avec Michel Drucker ! Un \u00e9change os\u00e9 entre Lio et Corinne Masiero a forc\u00e9 l'animateur \u00e0 s'excuser.\",\"breadcrumb\":{\"@id\":\"https:\/\/elukelele.com\/fr\/divertissement\/drucker-sexcuse-apres-un-derapage-sur-france-3\/#breadcrumb\"},\"inLanguage\":\"fr-FR\",\"potentialAction\":[{\"@type\":\"ReadAction\",\"target\":[\"https:\/\/elukelele.com\/fr\/divertissement\/drucker-sexcuse-apres-un-derapage-sur-france-3\/\"]}]},{\"@type\":\"ImageObject\",\"inLanguage\":\"fr-FR\",\"@id\":\"https:\/\/elukelele.com\/fr\/divertissement\/drucker-sexcuse-apres-un-derapage-sur-france-3\/#primaryimage\",\"url\":\"https:\/\/elukelele.com\/fr\/wp-content\/uploads\/2025\/12\/framed_only-43.png\",\"contentUrl\":\"https:\/\/elukelele.com\/fr\/wp-content\/uploads\/2025\/12\/framed_only-43.png\",\"width\":1200,\"height\":628,\"caption\":\"Drucker\"},{\"@type\":\"BreadcrumbList\",\"@id\":\"https:\/\/elukelele.com\/fr\/divertissement\/drucker-sexcuse-apres-un-derapage-sur-france-3\/#breadcrumb\",\"itemListElement\":[{\"@type\":\"ListItem\",\"position\":1,\"name\":\"Home\",\"item\":\"https:\/\/elukelele.com\/fr\/\"},{\"@type\":\"ListItem\",\"position\":2,\"name\":\"Drucker s&rsquo;excuse apr\u00e8s un d\u00e9rapage sur France 3\"}]},{\"@type\":\"WebSite\",\"@id\":\"https:\/\/elukelele.com\/fr\/#website\",\"url\":\"https:\/\/elukelele.com\/fr\/\",\"name\":\"El Ukelele\",\"description\":\"Musique au-del\u00e0 de l&#039;indie\",\"potentialAction\":[{\"@type\":\"SearchAction\",\"target\":{\"@type\":\"EntryPoint\",\"urlTemplate\":\"https:\/\/elukelele.com\/fr\/?s={search_term_string}\"},\"query-input\":{\"@type\":\"PropertyValueSpecification\",\"valueRequired\":true,\"valueName\":\"search_term_string\"}}],\"inLanguage\":\"fr-FR\"},{\"@type\":\"Person\",\"@id\":\"https:\/\/elukelele.com\/fr\/#\/schema\/person\/ccfb3d2be2ec7fa389608eb6da0b38d6\",\"name\":\"Daniel Perrin\",\"image\":{\"@type\":\"ImageObject\",\"inLanguage\":\"fr-FR\",\"@id\":\"https:\/\/elukelele.com\/fr\/#\/schema\/person\/image\/\",\"url\":\"https:\/\/secure.gravatar.com\/avatar\/37f9d9ffa29ce5640a0d9c6ca8bbd90afb854014296ecaa0e3a558ac716e6fe4?s=96&d=mm&r=g\",\"contentUrl\":\"https:\/\/secure.gravatar.com\/avatar\/37f9d9ffa29ce5640a0d9c6ca8bbd90afb854014296ecaa0e3a558ac716e6fe4?s=96&d=mm&r=g\",\"caption\":\"Daniel Perrin\"},\"sameAs\":[\"https:\/\/elukelele.com\/fr\"],\"url\":\"https:\/\/elukelele.com\/fr\/author\/daniel-perrin\/\"}]}<\/script>\n<!-- \/ Yoast SEO plugin. -->","yoast_head_json":{"title":"Vivement Dimanche : Drucker s'excuse apr\u00e8s un \u00e9change","description":"D\u00e9couvrez le moment inattendu sur \"Vivement dimanche\" avec Michel Drucker ! Un \u00e9change os\u00e9 entre Lio et Corinne Masiero a forc\u00e9 l'animateur \u00e0 s'excuser.","robots":{"index":"index","follow":"follow","max-snippet":"max-snippet:-1","max-image-preview":"max-image-preview:large","max-video-preview":"max-video-preview:-1"},"canonical":"https:\/\/elukelele.com\/fr\/divertissement\/drucker-sexcuse-apres-un-derapage-sur-france-3\/","og_locale":"fr_FR","og_type":"article","og_title":"Vivement Dimanche : Drucker s'excuse apr\u00e8s un \u00e9change","og_description":"D\u00e9couvrez le moment inattendu sur \"Vivement dimanche\" avec Michel Drucker ! Un \u00e9change os\u00e9 entre Lio et Corinne Masiero a forc\u00e9 l'animateur \u00e0 s'excuser.","og_url":"https:\/\/elukelele.com\/fr\/divertissement\/drucker-sexcuse-apres-un-derapage-sur-france-3\/","og_site_name":"El Ukelele","article_published_time":"2025-12-01T09:18:54+00:00","article_modified_time":"2025-12-01T09:18:55+00:00","og_image":[{"width":1200,"height":628,"url":"https:\/\/elukelele.com\/fr\/wp-content\/uploads\/2025\/12\/framed_only-43.png","type":"image\/png"}],"author":"Daniel Perrin","twitter_card":"summary_large_image","twitter_misc":{"\u00c9crit par":"Daniel Perrin","Dur\u00e9e de lecture estim\u00e9e":"3 minutes"},"schema":{"@context":"https:\/\/schema.org","@graph":[{"@type":"WebPage","@id":"https:\/\/elukelele.com\/fr\/divertissement\/drucker-sexcuse-apres-un-derapage-sur-france-3\/","url":"https:\/\/elukelele.com\/fr\/divertissement\/drucker-sexcuse-apres-un-derapage-sur-france-3\/","name":"Vivement Dimanche : Drucker s'excuse apr\u00e8s un \u00e9change","isPartOf":{"@id":"https:\/\/elukelele.com\/fr\/#website"},"primaryImageOfPage":{"@id":"https:\/\/elukelele.com\/fr\/divertissement\/drucker-sexcuse-apres-un-derapage-sur-france-3\/#primaryimage"},"image":{"@id":"https:\/\/elukelele.com\/fr\/divertissement\/drucker-sexcuse-apres-un-derapage-sur-france-3\/#primaryimage"},"thumbnailUrl":"https:\/\/elukelele.com\/fr\/wp-content\/uploads\/2025\/12\/framed_only-43.png","datePublished":"2025-12-01T09:18:54+00:00","dateModified":"2025-12-01T09:18:55+00:00","author":{"@id":"https:\/\/elukelele.com\/fr\/#\/schema\/person\/ccfb3d2be2ec7fa389608eb6da0b38d6"},"description":"D\u00e9couvrez le moment inattendu sur \"Vivement dimanche\" avec Michel Drucker ! Un \u00e9change os\u00e9 entre Lio et Corinne Masiero a forc\u00e9 l'animateur \u00e0 s'excuser.","breadcrumb":{"@id":"https:\/\/elukelele.com\/fr\/divertissement\/drucker-sexcuse-apres-un-derapage-sur-france-3\/#breadcrumb"},"inLanguage":"fr-FR","potentialAction":[{"@type":"ReadAction","target":["https:\/\/elukelele.com\/fr\/divertissement\/drucker-sexcuse-apres-un-derapage-sur-france-3\/"]}]},{"@type":"ImageObject","inLanguage":"fr-FR","@id":"https:\/\/elukelele.com\/fr\/divertissement\/drucker-sexcuse-apres-un-derapage-sur-france-3\/#primaryimage","url":"https:\/\/elukelele.com\/fr\/wp-content\/uploads\/2025\/12\/framed_only-43.png","contentUrl":"https:\/\/elukelele.com\/fr\/wp-content\/uploads\/2025\/12\/framed_only-43.png","width":1200,"height":628,"caption":"Drucker"},{"@type":"BreadcrumbList","@id":"https:\/\/elukelele.com\/fr\/divertissement\/drucker-sexcuse-apres-un-derapage-sur-france-3\/#breadcrumb","itemListElement":[{"@type":"ListItem","position":1,"name":"Home","item":"https:\/\/elukelele.com\/fr\/"},{"@type":"ListItem","position":2,"name":"Drucker s&rsquo;excuse apr\u00e8s un d\u00e9rapage sur France 3"}]},{"@type":"WebSite","@id":"https:\/\/elukelele.com\/fr\/#website","url":"https:\/\/elukelele.com\/fr\/","name":"El Ukelele","description":"Musique au-del\u00e0 de l&#039;indie","potentialAction":[{"@type":"SearchAction","target":{"@type":"EntryPoint","urlTemplate":"https:\/\/elukelele.com\/fr\/?s={search_term_string}"},"query-input":{"@type":"PropertyValueSpecification","valueRequired":true,"valueName":"search_term_string"}}],"inLanguage":"fr-FR"},{"@type":"Person","@id":"https:\/\/elukelele.com\/fr\/#\/schema\/person\/ccfb3d2be2ec7fa389608eb6da0b38d6","name":"Daniel Perrin","image":{"@type":"ImageObject","inLanguage":"fr-FR","@id":"https:\/\/elukelele.com\/fr\/#\/schema\/person\/image\/","url":"https:\/\/secure.gravatar.com\/avatar\/37f9d9ffa29ce5640a0d9c6ca8bbd90afb854014296ecaa0e3a558ac716e6fe4?s=96&d=mm&r=g","contentUrl":"https:\/\/secure.gravatar.com\/avatar\/37f9d9ffa29ce5640a0d9c6ca8bbd90afb854014296ecaa0e3a558ac716e6fe4?s=96&d=mm&r=g","caption":"Daniel Perrin"},"sameAs":["https:\/\/elukelele.com\/fr"],"url":"https:\/\/elukelele.com\/fr\/author\/daniel-perrin\/"}]}},"_links":{"self":[{"href":"https:\/\/elukelele.com\/fr\/wp-json\/wp\/v2\/posts\/46937","targetHints":{"allow":["GET"]}}],"collection":[{"href":"https:\/\/elukelele.com\/fr\/wp-json\/wp\/v2\/posts"}],"about":[{"href":"https:\/\/elukelele.com\/fr\/wp-json\/wp\/v2\/types\/post"}],"author":[{"embeddable":true,"href":"https:\/\/elukelele.com\/fr\/wp-json\/wp\/v2\/users\/4"}],"replies":[{"embeddable":true,"href":"https:\/\/elukelele.com\/fr\/wp-json\/wp\/v2\/comments?post=46937"}],"version-history":[{"count":1,"href":"https:\/\/elukelele.com\/fr\/wp-json\/wp\/v2\/posts\/46937\/revisions"}],"predecessor-version":[{"id":46953,"href":"https:\/\/elukelele.com\/fr\/wp-json\/wp\/v2\/posts\/46937\/revisions\/46953"}],"wp:featuredmedia":[{"embeddable":true,"href":"https:\/\/elukelele.com\/fr\/wp-json\/wp\/v2\/media\/46936"}],"wp:attachment":[{"href":"https:\/\/elukelele.com\/fr\/wp-json\/wp\/v2\/media?parent=46937"}],"wp:term":[{"taxonomy":"category","embeddable":true,"href":"https:\/\/elukelele.com\/fr\/wp-json\/wp\/v2\/categories?post=46937"},{"taxonomy":"post_tag","embeddable":true,"href":"https:\/\/elukelele.com\/fr\/wp-json\/wp\/v2\/tags?post=46937"}],"curies":[{"name":"wp","href":"https:\/\/api.w.org\/{rel}","templated":true}]}}