{"id":46895,"date":"2025-12-01T08:46:26","date_gmt":"2025-12-01T08:46:26","guid":{"rendered":"https:\/\/elukelele.com\/fr\/?p=46895"},"modified":"2025-12-01T08:47:03","modified_gmt":"2025-12-01T08:47:03","slug":"julia-flabat-les-anges-separation-apres-10-ans-avec-eddy","status":"publish","type":"post","link":"https:\/\/elukelele.com\/fr\/divertissement\/julia-flabat-les-anges-separation-apres-10-ans-avec-eddy\/","title":{"rendered":"Julia Flabat (Les Anges) : S\u00e9paration apr\u00e8s 10 ans avec Eddy"},"content":{"rendered":"<p>Le monde de la t\u00e9l\u00e9-r\u00e9alit\u00e9 fran\u00e7aise a \u00e9t\u00e9 r\u00e9cemment secou\u00e9 par une annonce inattendue : <strong>Julia Flabat<\/strong>, figure bien connue des <em>Anges de la t\u00e9l\u00e9-r\u00e9alit\u00e9<\/em>, a officialis\u00e9 sa s\u00e9paration d&rsquo;Eddy, son compagnon depuis une d\u00e9cennie et le p\u00e8re de leurs deux enfants. Cette nouvelle, partag\u00e9e par Julia elle-m\u00eame, met un terme \u00e0 une relation qui semblait particuli\u00e8rement solide aux yeux du public et de sa communaut\u00e9. L&rsquo;annonce, faite avec pudeur et sinc\u00e9rit\u00e9, r\u00e9v\u00e8le les coulisses d&rsquo;une rupture m\u00fbrement r\u00e9fl\u00e9chie, loin des projecteurs.<\/p>\n<h2>Clap de fin pour Julia Flabat et Eddy<\/h2>\n<p>C&rsquo;est via un message \u00e9mouvant publi\u00e9 sur son compte Instagram que Julia Flabat a choisi de r\u00e9v\u00e9ler ce tournant personnel majeur. L&rsquo;ancienne candidate des <em>Anges<\/em> a indiqu\u00e9 que la d\u00e9cision de se s\u00e9parer d&rsquo;Eddy avait \u00e9t\u00e9 prise il y a d\u00e9j\u00e0 \u00ab\u00a0quatre mois\u00a0\u00bb. Ce d\u00e9lai avant l&rsquo;annonce publique t\u00e9moigne d&rsquo;une volont\u00e9 de vivre ce processus dans l&rsquo;intimit\u00e9, offrant ainsi un espace de r\u00e9flexion et de protection pour leur famille, notamment leurs deux jeunes enfants.<\/p>\n<p>Julia a partag\u00e9 une vision r\u00e9aliste et poignante de ce que repr\u00e9sente une rupture, \u00e9loign\u00e9e des repr\u00e9sentations id\u00e9alis\u00e9es. Elle a d\u00e9crit le processus comme \u00e9tant fait de \u00ab\u00a0valises trop pleines, \u00e0 des conversations tard le soir, \u00e0 des larmes, des remises en question, des d\u00e9chirements, des &lsquo;et si\u2026'\u00a0\u00bb, soulignant la complexit\u00e9 \u00e9motionnelle et logistique d&rsquo;une telle \u00e9tape, particuli\u00e8rement avec des enfants.<\/p>\n<h2>Un couple soud\u00e9 malgr\u00e9 la rupture<\/h2>\n<p>Malgr\u00e9 la douleur inh\u00e9rente \u00e0 toute s\u00e9paration, le message de Julia Flabat d\u00e9gage une maturit\u00e9 et un respect mutuel notables. Elle a tenu \u00e0 rendre un vibrant hommage \u00e0 Eddy, reconnaissant et valorisant la d\u00e9cennie qu&rsquo;ils ont pass\u00e9e ensemble et tout ce qu&rsquo;ils ont construit. Loin de l&rsquo;amertume, ses mots expriment une profonde gratitude pour les moments partag\u00e9s et la complicit\u00e9 qui les a unis.<\/p>\n<p>Pour Julia, Eddy demeure \u00ab\u00a0l\u2019homme qui occupe une place unique et sp\u00e9ciale\u00a0\u00bb, celle du p\u00e8re de leurs enfants. Cette affirmation forte souligne l&rsquo;engagement des deux parties \u00e0 maintenir une coparentalit\u00e9 saine et harmonieuse, pla\u00e7ant le bien-\u00eatre de leurs enfants au premier plan. Elle a \u00e9galement partag\u00e9 une pens\u00e9e inspirante pour l&rsquo;avenir, concluant que \u00ab\u00a0Se choisir n\u2019est pas un abandon, mais un acte d\u2019amour envers soi\u00a0\u00bb, un message de force et de r\u00e9silience qui a trouv\u00e9 un \u00e9cho favorable aupr\u00e8s de sa communaut\u00e9.<\/p>\n<h2>FAQ<\/h2>\n<p><strong>Q: Qui sont Julia Flabat et Eddy ?<\/strong><br \/>\nR: Julia Flabat est une ancienne star de la t\u00e9l\u00e9-r\u00e9alit\u00e9 fran\u00e7aise, notamment connue pour sa participation \u00e0 l&rsquo;\u00e9mission <em>Les Anges<\/em>. Eddy \u00e9tait son compagnon depuis dix ans et le p\u00e8re de leurs deux enfants.<\/p>\n<p><strong>Q: Depuis combien de temps Julia Flabat et Eddy \u00e9taient-ils ensemble ?<\/strong><br \/>\nR: Julia Flabat et Eddy \u00e9taient en couple depuis dix ans avant d&rsquo;annoncer leur s\u00e9paration.<\/p>\n<p><strong>Q: Quand la s\u00e9paration a-t-elle \u00e9t\u00e9 annonc\u00e9e ?<\/strong><br \/>\nR: Julia Flabat a annonc\u00e9 sa s\u00e9paration avec Eddy ce dimanche 30 novembre 2025. La rupture elle-m\u00eame est survenue quatre mois auparavant.<\/p>\n<h2>Conclusion<\/h2>\n<p>L&rsquo;annonce de la s\u00e9paration de Julia Flabat et Eddy, apr\u00e8s dix ans d&rsquo;amour et la naissance de deux enfants, marque la fin d&rsquo;un chapitre important pour le couple. La mani\u00e8re dont Julia a choisi de partager cette nouvelle, avec sinc\u00e9rit\u00e9 et un respect profond pour son ancien compagnon, met en lumi\u00e8re une approche mature et consciente de cette \u00e9tape difficile. L&rsquo;accent mis sur la coparentalit\u00e9 et l&rsquo;importance de l&rsquo;amour de soi r\u00e9sonnent comme des messages positifs au-del\u00e0 du cadre d&rsquo;une simple rupture de c\u00e9l\u00e9brit\u00e9s. Ce t\u00e9moignage de r\u00e9silience et de dignit\u00e9 dans l&rsquo;adversit\u00e9 offre une perspective inspirante sur la complexit\u00e9 des relations humaines.<\/p>\n","protected":false},"excerpt":{"rendered":"<p>Le monde de la t\u00e9l\u00e9-r\u00e9alit\u00e9 fran\u00e7aise a \u00e9t\u00e9 r\u00e9cemment secou\u00e9 par une annonce inattendue : Julia Flabat, figure bien connue des Anges de la t\u00e9l\u00e9-r\u00e9alit\u00e9, a officialis\u00e9 sa s\u00e9paration d&rsquo;Eddy, son compagnon depuis une d\u00e9cennie et le p\u00e8re de leurs deux enfants. Cette nouvelle, partag\u00e9e par Julia elle-m\u00eame, met un terme \u00e0 une relation qui [&hellip;]<\/p>\n","protected":false},"author":4,"featured_media":46894,"comment_status":"open","ping_status":"open","sticky":false,"template":"","format":"standard","meta":{"_yoast_wpseo_title":"Julia Flabat & Eddy : S\u00e9paration apr\u00e8s 10 ans et 2 enfants","_yoast_wpseo_metadesc":"Julia Flabat des Anges de la t\u00e9l\u00e9-r\u00e9alit\u00e9 annonce sa s\u00e9paration d'Eddy apr\u00e8s 10 ans d'amour et 2 enfants.","_yoast_wpseo_focuskw":"Julia"},"categories":[5],"tags":[],"class_list":["post-46895","post","type-post","status-publish","format-standard","has-post-thumbnail","hentry","category-divertissement"],"yoast_head":"<!-- This site is optimized with the Yoast SEO plugin v26.3 - https:\/\/yoast.com\/wordpress\/plugins\/seo\/ -->\n<title>Julia Flabat &amp; Eddy : S\u00e9paration apr\u00e8s 10 ans et 2 enfants<\/title>\n<meta name=\"description\" content=\"Julia Flabat des Anges de la t\u00e9l\u00e9-r\u00e9alit\u00e9 annonce sa s\u00e9paration d&#039;Eddy apr\u00e8s 10 ans d&#039;amour et 2 enfants.\" \/>\n<meta name=\"robots\" content=\"index, follow, max-snippet:-1, max-image-preview:large, max-video-preview:-1\" \/>\n<link rel=\"canonical\" href=\"https:\/\/elukelele.com\/fr\/divertissement\/julia-flabat-les-anges-separation-apres-10-ans-avec-eddy\/\" \/>\n<meta property=\"og:locale\" content=\"fr_FR\" \/>\n<meta property=\"og:type\" content=\"article\" \/>\n<meta property=\"og:title\" content=\"Julia Flabat &amp; Eddy : S\u00e9paration apr\u00e8s 10 ans et 2 enfants\" \/>\n<meta property=\"og:description\" content=\"Julia Flabat des Anges de la t\u00e9l\u00e9-r\u00e9alit\u00e9 annonce sa s\u00e9paration d&#039;Eddy apr\u00e8s 10 ans d&#039;amour et 2 enfants.\" \/>\n<meta property=\"og:url\" content=\"https:\/\/elukelele.com\/fr\/divertissement\/julia-flabat-les-anges-separation-apres-10-ans-avec-eddy\/\" \/>\n<meta property=\"og:site_name\" content=\"El Ukelele\" \/>\n<meta property=\"article:published_time\" content=\"2025-12-01T08:46:26+00:00\" \/>\n<meta property=\"article:modified_time\" content=\"2025-12-01T08:47:03+00:00\" \/>\n<meta property=\"og:image\" content=\"https:\/\/elukelele.com\/fr\/wp-content\/uploads\/2025\/12\/framed_only-29.png\" \/>\n\t<meta property=\"og:image:width\" content=\"1200\" \/>\n\t<meta property=\"og:image:height\" content=\"628\" \/>\n\t<meta property=\"og:image:type\" content=\"image\/png\" \/>\n<meta name=\"author\" content=\"Daniel Perrin\" \/>\n<meta name=\"twitter:card\" content=\"summary_large_image\" \/>\n<meta name=\"twitter:label1\" content=\"\u00c9crit par\" \/>\n\t<meta name=\"twitter:data1\" content=\"Daniel Perrin\" \/>\n\t<meta name=\"twitter:label2\" content=\"Dur\u00e9e de lecture estim\u00e9e\" \/>\n\t<meta name=\"twitter:data2\" content=\"4 minutes\" \/>\n<script type=\"application\/ld+json\" class=\"yoast-schema-graph\">{\"@context\":\"https:\/\/schema.org\",\"@graph\":[{\"@type\":\"WebPage\",\"@id\":\"https:\/\/elukelele.com\/fr\/divertissement\/julia-flabat-les-anges-separation-apres-10-ans-avec-eddy\/\",\"url\":\"https:\/\/elukelele.com\/fr\/divertissement\/julia-flabat-les-anges-separation-apres-10-ans-avec-eddy\/\",\"name\":\"Julia Flabat & Eddy : S\u00e9paration apr\u00e8s 10 ans et 2 enfants\",\"isPartOf\":{\"@id\":\"https:\/\/elukelele.com\/fr\/#website\"},\"primaryImageOfPage\":{\"@id\":\"https:\/\/elukelele.com\/fr\/divertissement\/julia-flabat-les-anges-separation-apres-10-ans-avec-eddy\/#primaryimage\"},\"image\":{\"@id\":\"https:\/\/elukelele.com\/fr\/divertissement\/julia-flabat-les-anges-separation-apres-10-ans-avec-eddy\/#primaryimage\"},\"thumbnailUrl\":\"https:\/\/elukelele.com\/fr\/wp-content\/uploads\/2025\/12\/framed_only-29.png\",\"datePublished\":\"2025-12-01T08:46:26+00:00\",\"dateModified\":\"2025-12-01T08:47:03+00:00\",\"author\":{\"@id\":\"https:\/\/elukelele.com\/fr\/#\/schema\/person\/ccfb3d2be2ec7fa389608eb6da0b38d6\"},\"description\":\"Julia Flabat des Anges de la t\u00e9l\u00e9-r\u00e9alit\u00e9 annonce sa s\u00e9paration d'Eddy apr\u00e8s 10 ans d'amour et 2 enfants.\",\"breadcrumb\":{\"@id\":\"https:\/\/elukelele.com\/fr\/divertissement\/julia-flabat-les-anges-separation-apres-10-ans-avec-eddy\/#breadcrumb\"},\"inLanguage\":\"fr-FR\",\"potentialAction\":[{\"@type\":\"ReadAction\",\"target\":[\"https:\/\/elukelele.com\/fr\/divertissement\/julia-flabat-les-anges-separation-apres-10-ans-avec-eddy\/\"]}]},{\"@type\":\"ImageObject\",\"inLanguage\":\"fr-FR\",\"@id\":\"https:\/\/elukelele.com\/fr\/divertissement\/julia-flabat-les-anges-separation-apres-10-ans-avec-eddy\/#primaryimage\",\"url\":\"https:\/\/elukelele.com\/fr\/wp-content\/uploads\/2025\/12\/framed_only-29.png\",\"contentUrl\":\"https:\/\/elukelele.com\/fr\/wp-content\/uploads\/2025\/12\/framed_only-29.png\",\"width\":1200,\"height\":628,\"caption\":\"Julia\"},{\"@type\":\"BreadcrumbList\",\"@id\":\"https:\/\/elukelele.com\/fr\/divertissement\/julia-flabat-les-anges-separation-apres-10-ans-avec-eddy\/#breadcrumb\",\"itemListElement\":[{\"@type\":\"ListItem\",\"position\":1,\"name\":\"Home\",\"item\":\"https:\/\/elukelele.com\/fr\/\"},{\"@type\":\"ListItem\",\"position\":2,\"name\":\"Julia Flabat (Les Anges) : S\u00e9paration apr\u00e8s 10 ans avec Eddy\"}]},{\"@type\":\"WebSite\",\"@id\":\"https:\/\/elukelele.com\/fr\/#website\",\"url\":\"https:\/\/elukelele.com\/fr\/\",\"name\":\"El Ukelele\",\"description\":\"Musique au-del\u00e0 de l&#039;indie\",\"potentialAction\":[{\"@type\":\"SearchAction\",\"target\":{\"@type\":\"EntryPoint\",\"urlTemplate\":\"https:\/\/elukelele.com\/fr\/?s={search_term_string}\"},\"query-input\":{\"@type\":\"PropertyValueSpecification\",\"valueRequired\":true,\"valueName\":\"search_term_string\"}}],\"inLanguage\":\"fr-FR\"},{\"@type\":\"Person\",\"@id\":\"https:\/\/elukelele.com\/fr\/#\/schema\/person\/ccfb3d2be2ec7fa389608eb6da0b38d6\",\"name\":\"Daniel Perrin\",\"image\":{\"@type\":\"ImageObject\",\"inLanguage\":\"fr-FR\",\"@id\":\"https:\/\/elukelele.com\/fr\/#\/schema\/person\/image\/\",\"url\":\"https:\/\/secure.gravatar.com\/avatar\/37f9d9ffa29ce5640a0d9c6ca8bbd90afb854014296ecaa0e3a558ac716e6fe4?s=96&d=mm&r=g\",\"contentUrl\":\"https:\/\/secure.gravatar.com\/avatar\/37f9d9ffa29ce5640a0d9c6ca8bbd90afb854014296ecaa0e3a558ac716e6fe4?s=96&d=mm&r=g\",\"caption\":\"Daniel Perrin\"},\"sameAs\":[\"https:\/\/elukelele.com\/fr\"],\"url\":\"https:\/\/elukelele.com\/fr\/author\/daniel-perrin\/\"}]}<\/script>\n<!-- \/ Yoast SEO plugin. -->","yoast_head_json":{"title":"Julia Flabat & Eddy : S\u00e9paration apr\u00e8s 10 ans et 2 enfants","description":"Julia Flabat des Anges de la t\u00e9l\u00e9-r\u00e9alit\u00e9 annonce sa s\u00e9paration d'Eddy apr\u00e8s 10 ans d'amour et 2 enfants.","robots":{"index":"index","follow":"follow","max-snippet":"max-snippet:-1","max-image-preview":"max-image-preview:large","max-video-preview":"max-video-preview:-1"},"canonical":"https:\/\/elukelele.com\/fr\/divertissement\/julia-flabat-les-anges-separation-apres-10-ans-avec-eddy\/","og_locale":"fr_FR","og_type":"article","og_title":"Julia Flabat & Eddy : S\u00e9paration apr\u00e8s 10 ans et 2 enfants","og_description":"Julia Flabat des Anges de la t\u00e9l\u00e9-r\u00e9alit\u00e9 annonce sa s\u00e9paration d'Eddy apr\u00e8s 10 ans d'amour et 2 enfants.","og_url":"https:\/\/elukelele.com\/fr\/divertissement\/julia-flabat-les-anges-separation-apres-10-ans-avec-eddy\/","og_site_name":"El Ukelele","article_published_time":"2025-12-01T08:46:26+00:00","article_modified_time":"2025-12-01T08:47:03+00:00","og_image":[{"width":1200,"height":628,"url":"https:\/\/elukelele.com\/fr\/wp-content\/uploads\/2025\/12\/framed_only-29.png","type":"image\/png"}],"author":"Daniel Perrin","twitter_card":"summary_large_image","twitter_misc":{"\u00c9crit par":"Daniel Perrin","Dur\u00e9e de lecture estim\u00e9e":"4 minutes"},"schema":{"@context":"https:\/\/schema.org","@graph":[{"@type":"WebPage","@id":"https:\/\/elukelele.com\/fr\/divertissement\/julia-flabat-les-anges-separation-apres-10-ans-avec-eddy\/","url":"https:\/\/elukelele.com\/fr\/divertissement\/julia-flabat-les-anges-separation-apres-10-ans-avec-eddy\/","name":"Julia Flabat & Eddy : S\u00e9paration apr\u00e8s 10 ans et 2 enfants","isPartOf":{"@id":"https:\/\/elukelele.com\/fr\/#website"},"primaryImageOfPage":{"@id":"https:\/\/elukelele.com\/fr\/divertissement\/julia-flabat-les-anges-separation-apres-10-ans-avec-eddy\/#primaryimage"},"image":{"@id":"https:\/\/elukelele.com\/fr\/divertissement\/julia-flabat-les-anges-separation-apres-10-ans-avec-eddy\/#primaryimage"},"thumbnailUrl":"https:\/\/elukelele.com\/fr\/wp-content\/uploads\/2025\/12\/framed_only-29.png","datePublished":"2025-12-01T08:46:26+00:00","dateModified":"2025-12-01T08:47:03+00:00","author":{"@id":"https:\/\/elukelele.com\/fr\/#\/schema\/person\/ccfb3d2be2ec7fa389608eb6da0b38d6"},"description":"Julia Flabat des Anges de la t\u00e9l\u00e9-r\u00e9alit\u00e9 annonce sa s\u00e9paration d'Eddy apr\u00e8s 10 ans d'amour et 2 enfants.","breadcrumb":{"@id":"https:\/\/elukelele.com\/fr\/divertissement\/julia-flabat-les-anges-separation-apres-10-ans-avec-eddy\/#breadcrumb"},"inLanguage":"fr-FR","potentialAction":[{"@type":"ReadAction","target":["https:\/\/elukelele.com\/fr\/divertissement\/julia-flabat-les-anges-separation-apres-10-ans-avec-eddy\/"]}]},{"@type":"ImageObject","inLanguage":"fr-FR","@id":"https:\/\/elukelele.com\/fr\/divertissement\/julia-flabat-les-anges-separation-apres-10-ans-avec-eddy\/#primaryimage","url":"https:\/\/elukelele.com\/fr\/wp-content\/uploads\/2025\/12\/framed_only-29.png","contentUrl":"https:\/\/elukelele.com\/fr\/wp-content\/uploads\/2025\/12\/framed_only-29.png","width":1200,"height":628,"caption":"Julia"},{"@type":"BreadcrumbList","@id":"https:\/\/elukelele.com\/fr\/divertissement\/julia-flabat-les-anges-separation-apres-10-ans-avec-eddy\/#breadcrumb","itemListElement":[{"@type":"ListItem","position":1,"name":"Home","item":"https:\/\/elukelele.com\/fr\/"},{"@type":"ListItem","position":2,"name":"Julia Flabat (Les Anges) : S\u00e9paration apr\u00e8s 10 ans avec Eddy"}]},{"@type":"WebSite","@id":"https:\/\/elukelele.com\/fr\/#website","url":"https:\/\/elukelele.com\/fr\/","name":"El Ukelele","description":"Musique au-del\u00e0 de l&#039;indie","potentialAction":[{"@type":"SearchAction","target":{"@type":"EntryPoint","urlTemplate":"https:\/\/elukelele.com\/fr\/?s={search_term_string}"},"query-input":{"@type":"PropertyValueSpecification","valueRequired":true,"valueName":"search_term_string"}}],"inLanguage":"fr-FR"},{"@type":"Person","@id":"https:\/\/elukelele.com\/fr\/#\/schema\/person\/ccfb3d2be2ec7fa389608eb6da0b38d6","name":"Daniel Perrin","image":{"@type":"ImageObject","inLanguage":"fr-FR","@id":"https:\/\/elukelele.com\/fr\/#\/schema\/person\/image\/","url":"https:\/\/secure.gravatar.com\/avatar\/37f9d9ffa29ce5640a0d9c6ca8bbd90afb854014296ecaa0e3a558ac716e6fe4?s=96&d=mm&r=g","contentUrl":"https:\/\/secure.gravatar.com\/avatar\/37f9d9ffa29ce5640a0d9c6ca8bbd90afb854014296ecaa0e3a558ac716e6fe4?s=96&d=mm&r=g","caption":"Daniel Perrin"},"sameAs":["https:\/\/elukelele.com\/fr"],"url":"https:\/\/elukelele.com\/fr\/author\/daniel-perrin\/"}]}},"_links":{"self":[{"href":"https:\/\/elukelele.com\/fr\/wp-json\/wp\/v2\/posts\/46895","targetHints":{"allow":["GET"]}}],"collection":[{"href":"https:\/\/elukelele.com\/fr\/wp-json\/wp\/v2\/posts"}],"about":[{"href":"https:\/\/elukelele.com\/fr\/wp-json\/wp\/v2\/types\/post"}],"author":[{"embeddable":true,"href":"https:\/\/elukelele.com\/fr\/wp-json\/wp\/v2\/users\/4"}],"replies":[{"embeddable":true,"href":"https:\/\/elukelele.com\/fr\/wp-json\/wp\/v2\/comments?post=46895"}],"version-history":[{"count":1,"href":"https:\/\/elukelele.com\/fr\/wp-json\/wp\/v2\/posts\/46895\/revisions"}],"predecessor-version":[{"id":46926,"href":"https:\/\/elukelele.com\/fr\/wp-json\/wp\/v2\/posts\/46895\/revisions\/46926"}],"wp:featuredmedia":[{"embeddable":true,"href":"https:\/\/elukelele.com\/fr\/wp-json\/wp\/v2\/media\/46894"}],"wp:attachment":[{"href":"https:\/\/elukelele.com\/fr\/wp-json\/wp\/v2\/media?parent=46895"}],"wp:term":[{"taxonomy":"category","embeddable":true,"href":"https:\/\/elukelele.com\/fr\/wp-json\/wp\/v2\/categories?post=46895"},{"taxonomy":"post_tag","embeddable":true,"href":"https:\/\/elukelele.com\/fr\/wp-json\/wp\/v2\/tags?post=46895"}],"curies":[{"name":"wp","href":"https:\/\/api.w.org\/{rel}","templated":true}]}}