{"id":46891,"date":"2025-12-01T08:54:23","date_gmt":"2025-12-01T08:54:23","guid":{"rendered":"https:\/\/elukelele.com\/fr\/?p=46891"},"modified":"2025-12-01T08:54:24","modified_gmt":"2025-12-01T08:54:24","slug":"m-pokora-et-jean-jacques-goldman-le-refus-de-la-reprise","status":"publish","type":"post","link":"https:\/\/elukelele.com\/fr\/divertissement\/m-pokora-et-jean-jacques-goldman-le-refus-de-la-reprise\/","title":{"rendered":"M. Pokora et Jean-Jacques Goldman : Le refus de la reprise"},"content":{"rendered":"<p>La sc\u00e8ne musicale fran\u00e7aise a \u00e9t\u00e9 le th\u00e9\u00e2tre de nombreuses reprises au fil des ans, certaines marquant durablement les esprits. Parmi elles, celle de \u00ab\u00a0\u00c0 nos actes manqu\u00e9s\u00a0\u00bb par M. Pokora a suscit\u00e9 un int\u00e9r\u00eat particulier, non seulement pour son succ\u00e8s commercial mais aussi pour les coulisses de sa gen\u00e8se. Loin d&rsquo;une d\u00e9marche opportuniste, le chanteur a fait preuve d&rsquo;un profond respect envers l&rsquo;auteur-compositeur original, Jean-Jacques Goldman, posant un geste significatif qui peut \u00eatre interpr\u00e9t\u00e9 comme un v\u00e9ritable refus cat\u00e9gorique de proc\u00e9der sans l&rsquo;aval du ma\u00eetre.<\/p>\n<h2 class=\"wp-block-heading\">M. Pokora : Un Principe Fondamental avant la Reprise<\/h2>\n<p>En 2010, M. Pokora, d\u00e9j\u00e0 bien \u00e9tabli dans le paysage musical fran\u00e7ais, s&rsquo;appr\u00eatait \u00e0 d\u00e9voiler sa version du c\u00e9l\u00e8bre titre \u00ab\u00a0\u00c0 nos actes manqu\u00e9s\u00a0\u00bb. Cependant, l&rsquo;artiste avait une condition pr\u00e9alable in\u00e9branlable avant de rendre publique cette nouvelle interpr\u00e9tation. Il avait cat\u00e9goriquement refus\u00e9 de sortir sa reprise sans avoir obtenu la b\u00e9n\u00e9diction de Jean-Jacques Goldman lui-m\u00eame. Cette d\u00e9cision met en lumi\u00e8re le profond respect et l&rsquo;admiration que M. Pokora porte \u00e0 l&rsquo;\u0153uvre et \u00e0 la personne de Goldman, qu&rsquo;il consid\u00e8re comme une figure tut\u00e9laire de la chanson fran\u00e7aise.<\/p>\n<p>Comme il l&rsquo;a lui-m\u00eame exprim\u00e9 lors d&rsquo;une interview sur M Radio, l&rsquo;id\u00e9e de d\u00e9plaire \u00e0 l&rsquo;auteur original ou de le mettre mal \u00e0 l&rsquo;aise avec sa version \u00e9tait inacceptable. \u00ab\u00a0<em>Je me disais que je ne sortirais pas une reprise si je n\u2019avais pas une validation du gars \u00e0 l\u2019origine, je n\u2019avais pas envie que \u00e7a le d\u00e9range ou qu\u2019il n\u2019aime pas. Du coup, je lui avais envoy\u00e9 cette version<\/em>\u00ab\u00a0, a-t-il pr\u00e9cis\u00e9.<\/p>\n<h2 class=\"wp-block-heading\">L&rsquo;\u00c9change avec l&rsquo;Ic\u00f4ne de la Chanson Fran\u00e7aise<\/h2>\n<p>\u00c0 l&rsquo;\u00e9poque, M. Pokora n&rsquo;avait pas encore eu l&rsquo;occasion de rencontrer Jean-Jacques Goldman personnellement, ni m\u00eame de participer aux c\u00e9l\u00e8bres concerts des Enfoir\u00e9s, ce qui rendait la d\u00e9marche d&rsquo;autant plus intimidante. Le jeune chanteur a avou\u00e9 avoir \u00e9t\u00e9 particuli\u00e8rement stress\u00e9 \u00e0 l&rsquo;id\u00e9e de contacter cette l\u00e9gende vivante de la musique. Pour M. Pokora, Goldman se situe au m\u00eame niveau d&rsquo;importance que Johnny Hallyday dans le panth\u00e9on de la chanson fran\u00e7aise, une r\u00e9f\u00e9rence qui souligne l&rsquo;ampleur de son appr\u00e9hension.<\/p>\n<p>La transmission de la d\u00e9mo \u00e0 Jean-Jacques Goldman a donc \u00e9t\u00e9 un moment cl\u00e9, empreint d&rsquo;une certaine tension pour M. Pokora, attendant avec impatience la r\u00e9action de celui qu&rsquo;il respectait tant.<\/p>\n<h2 class=\"wp-block-heading\">L&rsquo;Approbation Chaleureuse de Jean-Jacques Goldman<\/h2>\n<p>Contre toute appr\u00e9hension, la r\u00e9ponse de Jean-Jacques Goldman fut des plus encourageantes. Loin d&rsquo;un \u00ab\u00a0refus cat\u00e9gorique\u00a0\u00bb, l&rsquo;artiste embl\u00e9matique a adress\u00e9 un message positif \u00e0 M. Pokora, validant pleinement sa d\u00e9marche. \u00ab\u00a0<em>Je suis toujours touch\u00e9 de voir mes chansons reprises et la v\u00f4tre me semble fid\u00e8le \u00e0 l\u2019originale, mais en m\u00eame temps actuelle alors je vous souhaite tout le bonheur du monde avec ce titre<\/em>\u00ab\u00a0, aurait \u00e9crit Goldman, selon les dires de M. Pokora. Cette approbation, chaleureuse et sinc\u00e8re, a non seulement lib\u00e9r\u00e9 M. Pokora de son stress, mais a \u00e9galement \u00e9t\u00e9 une immense source de fiert\u00e9 pour lui, confirmant que son intuition de ne pas outrepasser l&rsquo;accord de l&rsquo;auteur \u00e9tait la bonne.<\/p>\n<h2 class=\"wp-block-heading\">Un Hommage Reconnu, M\u00eame aux Enfoir\u00e9s<\/h2>\n<p>Le succ\u00e8s de la reprise de \u00ab\u00a0\u00c0 nos actes manqu\u00e9s\u00a0\u00bb par M. Pokora fut incontestable, le titre cumulant des millions de vues sur YouTube et devenant un tube \u00e0 part enti\u00e8re. L&rsquo;impact de cette version a m\u00eame conduit Jean-Jacques Goldman \u00e0 faire une entorse \u00e0 une r\u00e8gle non \u00e9crite des Enfoir\u00e9s. Habituellement, les chansons de Goldman n&rsquo;\u00e9taient pas interpr\u00e9t\u00e9es par d&rsquo;autres artistes lors des spectacles, mais un jour, il a sugg\u00e9r\u00e9 \u00e0 Michael Jones et \u00e0 M. Pokora de chanter \u00ab\u00a0\u00c0 nos actes manqu\u00e9s\u00a0\u00bb en interlude. Face \u00e0 l&rsquo;\u00e9tonnement g\u00e9n\u00e9ral, Goldman a alors prononc\u00e9 ces mots marquants : \u00ab\u00a0<em>Mais c\u2019est la chanson de Matt maintenant<\/em>\u00ab\u00a0.<\/p>\n<p>Ce moment, consid\u00e9r\u00e9 comme \u00ab\u00a0magnifique\u00a0\u00bb par M. Pokora, a symbolis\u00e9 la reconnaissance ultime de Goldman pour son travail. Chanter le titre avec l&rsquo;approbation du compositeur, et m\u00eame avec sa b\u00e9n\u00e9diction pour en faire \u00ab\u00a0sa chanson\u00a0\u00bb, repr\u00e9sente un souvenir inoubliable et un t\u00e9moignage du lien sp\u00e9cial qui s&rsquo;est tiss\u00e9 entre les deux artistes.<\/p>\n<h2 class=\"wp-block-heading\">Conclusion<\/h2>\n<p>L&rsquo;histoire de la reprise de \u00ab\u00a0\u00c0 nos actes manqu\u00e9s\u00a0\u00bb par M. Pokora illustre parfaitement l&rsquo;importance du respect artistique et de la collaboration dans le monde de la musique. Le \u00ab\u00a0refus cat\u00e9gorique\u00a0\u00bb de M. Pokora de sortir sa version sans l&rsquo;aval de Jean-Jacques Goldman a non seulement men\u00e9 \u00e0 une approbation chaleureuse, mais a \u00e9galement enrichi la carri\u00e8re des deux artistes, cr\u00e9ant un moment m\u00e9morable de reconnaissance et d&rsquo;admiration mutuelle. Cette anecdote souligne que le succ\u00e8s ne se mesure pas seulement en chiffres, mais aussi dans les liens humains et le respect des \u0153uvres originales.<\/p>\n","protected":false},"excerpt":{"rendered":"<p>La sc\u00e8ne musicale fran\u00e7aise a \u00e9t\u00e9 le th\u00e9\u00e2tre de nombreuses reprises au fil des ans, certaines marquant durablement les esprits. Parmi elles, celle de \u00ab\u00a0\u00c0 nos actes manqu\u00e9s\u00a0\u00bb par M. Pokora a suscit\u00e9 un int\u00e9r\u00eat particulier, non seulement pour son succ\u00e8s commercial mais aussi pour les coulisses de sa gen\u00e8se. Loin d&rsquo;une d\u00e9marche opportuniste, le [&hellip;]<\/p>\n","protected":false},"author":4,"featured_media":46890,"comment_status":"open","ping_status":"open","sticky":false,"template":"","format":"standard","meta":{"_yoast_wpseo_title":"M. Pokora & Goldman : La Reprise d'\"\u00c0 nos actes manqu\u00e9s\"","_yoast_wpseo_metadesc":"D\u00e9couvrez pourquoi M. Pokora a cat\u00e9goriquement refus\u00e9 de sortir sa reprise de \"\u00c0 nos actes manqu\u00e9s\" sans l'accord de Jean-Jacques Goldman.","_yoast_wpseo_focuskw":"Pokora"},"categories":[5],"tags":[],"class_list":["post-46891","post","type-post","status-publish","format-standard","has-post-thumbnail","hentry","category-divertissement"],"yoast_head":"<!-- This site is optimized with the Yoast SEO plugin v26.3 - https:\/\/yoast.com\/wordpress\/plugins\/seo\/ -->\n<title>M. Pokora &amp; Goldman : La Reprise d&#039;&quot;\u00c0 nos actes manqu\u00e9s&quot;<\/title>\n<meta name=\"description\" content=\"D\u00e9couvrez pourquoi M. Pokora a cat\u00e9goriquement refus\u00e9 de sortir sa reprise de &quot;\u00c0 nos actes manqu\u00e9s&quot; sans l&#039;accord de Jean-Jacques Goldman.\" \/>\n<meta name=\"robots\" content=\"index, follow, max-snippet:-1, max-image-preview:large, max-video-preview:-1\" \/>\n<link rel=\"canonical\" href=\"https:\/\/elukelele.com\/fr\/divertissement\/m-pokora-et-jean-jacques-goldman-le-refus-de-la-reprise\/\" \/>\n<meta property=\"og:locale\" content=\"fr_FR\" \/>\n<meta property=\"og:type\" content=\"article\" \/>\n<meta property=\"og:title\" content=\"M. Pokora &amp; Goldman : La Reprise d&#039;&quot;\u00c0 nos actes manqu\u00e9s&quot;\" \/>\n<meta property=\"og:description\" content=\"D\u00e9couvrez pourquoi M. Pokora a cat\u00e9goriquement refus\u00e9 de sortir sa reprise de &quot;\u00c0 nos actes manqu\u00e9s&quot; sans l&#039;accord de Jean-Jacques Goldman.\" \/>\n<meta property=\"og:url\" content=\"https:\/\/elukelele.com\/fr\/divertissement\/m-pokora-et-jean-jacques-goldman-le-refus-de-la-reprise\/\" \/>\n<meta property=\"og:site_name\" content=\"El Ukelele\" \/>\n<meta property=\"article:published_time\" content=\"2025-12-01T08:54:23+00:00\" \/>\n<meta property=\"article:modified_time\" content=\"2025-12-01T08:54:24+00:00\" \/>\n<meta property=\"og:image\" content=\"https:\/\/elukelele.com\/fr\/wp-content\/uploads\/2025\/12\/framed_only-27.png\" \/>\n\t<meta property=\"og:image:width\" content=\"1200\" \/>\n\t<meta property=\"og:image:height\" content=\"628\" \/>\n\t<meta property=\"og:image:type\" content=\"image\/png\" \/>\n<meta name=\"author\" content=\"Daniel Perrin\" \/>\n<meta name=\"twitter:card\" content=\"summary_large_image\" \/>\n<meta name=\"twitter:label1\" content=\"\u00c9crit par\" \/>\n\t<meta name=\"twitter:data1\" content=\"Daniel Perrin\" \/>\n\t<meta name=\"twitter:label2\" content=\"Dur\u00e9e de lecture estim\u00e9e\" \/>\n\t<meta name=\"twitter:data2\" content=\"5 minutes\" \/>\n<script type=\"application\/ld+json\" class=\"yoast-schema-graph\">{\"@context\":\"https:\/\/schema.org\",\"@graph\":[{\"@type\":\"WebPage\",\"@id\":\"https:\/\/elukelele.com\/fr\/divertissement\/m-pokora-et-jean-jacques-goldman-le-refus-de-la-reprise\/\",\"url\":\"https:\/\/elukelele.com\/fr\/divertissement\/m-pokora-et-jean-jacques-goldman-le-refus-de-la-reprise\/\",\"name\":\"M. Pokora & Goldman : La Reprise d'\\\"\u00c0 nos actes manqu\u00e9s\\\"\",\"isPartOf\":{\"@id\":\"https:\/\/elukelele.com\/fr\/#website\"},\"primaryImageOfPage\":{\"@id\":\"https:\/\/elukelele.com\/fr\/divertissement\/m-pokora-et-jean-jacques-goldman-le-refus-de-la-reprise\/#primaryimage\"},\"image\":{\"@id\":\"https:\/\/elukelele.com\/fr\/divertissement\/m-pokora-et-jean-jacques-goldman-le-refus-de-la-reprise\/#primaryimage\"},\"thumbnailUrl\":\"https:\/\/elukelele.com\/fr\/wp-content\/uploads\/2025\/12\/framed_only-27.png\",\"datePublished\":\"2025-12-01T08:54:23+00:00\",\"dateModified\":\"2025-12-01T08:54:24+00:00\",\"author\":{\"@id\":\"https:\/\/elukelele.com\/fr\/#\/schema\/person\/ccfb3d2be2ec7fa389608eb6da0b38d6\"},\"description\":\"D\u00e9couvrez pourquoi M. Pokora a cat\u00e9goriquement refus\u00e9 de sortir sa reprise de \\\"\u00c0 nos actes manqu\u00e9s\\\" sans l'accord de Jean-Jacques Goldman.\",\"breadcrumb\":{\"@id\":\"https:\/\/elukelele.com\/fr\/divertissement\/m-pokora-et-jean-jacques-goldman-le-refus-de-la-reprise\/#breadcrumb\"},\"inLanguage\":\"fr-FR\",\"potentialAction\":[{\"@type\":\"ReadAction\",\"target\":[\"https:\/\/elukelele.com\/fr\/divertissement\/m-pokora-et-jean-jacques-goldman-le-refus-de-la-reprise\/\"]}]},{\"@type\":\"ImageObject\",\"inLanguage\":\"fr-FR\",\"@id\":\"https:\/\/elukelele.com\/fr\/divertissement\/m-pokora-et-jean-jacques-goldman-le-refus-de-la-reprise\/#primaryimage\",\"url\":\"https:\/\/elukelele.com\/fr\/wp-content\/uploads\/2025\/12\/framed_only-27.png\",\"contentUrl\":\"https:\/\/elukelele.com\/fr\/wp-content\/uploads\/2025\/12\/framed_only-27.png\",\"width\":1200,\"height\":628,\"caption\":\"Pokora\"},{\"@type\":\"BreadcrumbList\",\"@id\":\"https:\/\/elukelele.com\/fr\/divertissement\/m-pokora-et-jean-jacques-goldman-le-refus-de-la-reprise\/#breadcrumb\",\"itemListElement\":[{\"@type\":\"ListItem\",\"position\":1,\"name\":\"Home\",\"item\":\"https:\/\/elukelele.com\/fr\/\"},{\"@type\":\"ListItem\",\"position\":2,\"name\":\"M. Pokora et Jean-Jacques Goldman : Le refus de la reprise\"}]},{\"@type\":\"WebSite\",\"@id\":\"https:\/\/elukelele.com\/fr\/#website\",\"url\":\"https:\/\/elukelele.com\/fr\/\",\"name\":\"El Ukelele\",\"description\":\"Musique au-del\u00e0 de l&#039;indie\",\"potentialAction\":[{\"@type\":\"SearchAction\",\"target\":{\"@type\":\"EntryPoint\",\"urlTemplate\":\"https:\/\/elukelele.com\/fr\/?s={search_term_string}\"},\"query-input\":{\"@type\":\"PropertyValueSpecification\",\"valueRequired\":true,\"valueName\":\"search_term_string\"}}],\"inLanguage\":\"fr-FR\"},{\"@type\":\"Person\",\"@id\":\"https:\/\/elukelele.com\/fr\/#\/schema\/person\/ccfb3d2be2ec7fa389608eb6da0b38d6\",\"name\":\"Daniel Perrin\",\"image\":{\"@type\":\"ImageObject\",\"inLanguage\":\"fr-FR\",\"@id\":\"https:\/\/elukelele.com\/fr\/#\/schema\/person\/image\/\",\"url\":\"https:\/\/secure.gravatar.com\/avatar\/37f9d9ffa29ce5640a0d9c6ca8bbd90afb854014296ecaa0e3a558ac716e6fe4?s=96&d=mm&r=g\",\"contentUrl\":\"https:\/\/secure.gravatar.com\/avatar\/37f9d9ffa29ce5640a0d9c6ca8bbd90afb854014296ecaa0e3a558ac716e6fe4?s=96&d=mm&r=g\",\"caption\":\"Daniel Perrin\"},\"sameAs\":[\"https:\/\/elukelele.com\/fr\"],\"url\":\"https:\/\/elukelele.com\/fr\/author\/daniel-perrin\/\"}]}<\/script>\n<!-- \/ Yoast SEO plugin. -->","yoast_head_json":{"title":"M. Pokora & Goldman : La Reprise d'\"\u00c0 nos actes manqu\u00e9s\"","description":"D\u00e9couvrez pourquoi M. Pokora a cat\u00e9goriquement refus\u00e9 de sortir sa reprise de \"\u00c0 nos actes manqu\u00e9s\" sans l'accord de Jean-Jacques Goldman.","robots":{"index":"index","follow":"follow","max-snippet":"max-snippet:-1","max-image-preview":"max-image-preview:large","max-video-preview":"max-video-preview:-1"},"canonical":"https:\/\/elukelele.com\/fr\/divertissement\/m-pokora-et-jean-jacques-goldman-le-refus-de-la-reprise\/","og_locale":"fr_FR","og_type":"article","og_title":"M. Pokora & Goldman : La Reprise d'\"\u00c0 nos actes manqu\u00e9s\"","og_description":"D\u00e9couvrez pourquoi M. Pokora a cat\u00e9goriquement refus\u00e9 de sortir sa reprise de \"\u00c0 nos actes manqu\u00e9s\" sans l'accord de Jean-Jacques Goldman.","og_url":"https:\/\/elukelele.com\/fr\/divertissement\/m-pokora-et-jean-jacques-goldman-le-refus-de-la-reprise\/","og_site_name":"El Ukelele","article_published_time":"2025-12-01T08:54:23+00:00","article_modified_time":"2025-12-01T08:54:24+00:00","og_image":[{"width":1200,"height":628,"url":"https:\/\/elukelele.com\/fr\/wp-content\/uploads\/2025\/12\/framed_only-27.png","type":"image\/png"}],"author":"Daniel Perrin","twitter_card":"summary_large_image","twitter_misc":{"\u00c9crit par":"Daniel Perrin","Dur\u00e9e de lecture estim\u00e9e":"5 minutes"},"schema":{"@context":"https:\/\/schema.org","@graph":[{"@type":"WebPage","@id":"https:\/\/elukelele.com\/fr\/divertissement\/m-pokora-et-jean-jacques-goldman-le-refus-de-la-reprise\/","url":"https:\/\/elukelele.com\/fr\/divertissement\/m-pokora-et-jean-jacques-goldman-le-refus-de-la-reprise\/","name":"M. Pokora & Goldman : La Reprise d'\"\u00c0 nos actes manqu\u00e9s\"","isPartOf":{"@id":"https:\/\/elukelele.com\/fr\/#website"},"primaryImageOfPage":{"@id":"https:\/\/elukelele.com\/fr\/divertissement\/m-pokora-et-jean-jacques-goldman-le-refus-de-la-reprise\/#primaryimage"},"image":{"@id":"https:\/\/elukelele.com\/fr\/divertissement\/m-pokora-et-jean-jacques-goldman-le-refus-de-la-reprise\/#primaryimage"},"thumbnailUrl":"https:\/\/elukelele.com\/fr\/wp-content\/uploads\/2025\/12\/framed_only-27.png","datePublished":"2025-12-01T08:54:23+00:00","dateModified":"2025-12-01T08:54:24+00:00","author":{"@id":"https:\/\/elukelele.com\/fr\/#\/schema\/person\/ccfb3d2be2ec7fa389608eb6da0b38d6"},"description":"D\u00e9couvrez pourquoi M. Pokora a cat\u00e9goriquement refus\u00e9 de sortir sa reprise de \"\u00c0 nos actes manqu\u00e9s\" sans l'accord de Jean-Jacques Goldman.","breadcrumb":{"@id":"https:\/\/elukelele.com\/fr\/divertissement\/m-pokora-et-jean-jacques-goldman-le-refus-de-la-reprise\/#breadcrumb"},"inLanguage":"fr-FR","potentialAction":[{"@type":"ReadAction","target":["https:\/\/elukelele.com\/fr\/divertissement\/m-pokora-et-jean-jacques-goldman-le-refus-de-la-reprise\/"]}]},{"@type":"ImageObject","inLanguage":"fr-FR","@id":"https:\/\/elukelele.com\/fr\/divertissement\/m-pokora-et-jean-jacques-goldman-le-refus-de-la-reprise\/#primaryimage","url":"https:\/\/elukelele.com\/fr\/wp-content\/uploads\/2025\/12\/framed_only-27.png","contentUrl":"https:\/\/elukelele.com\/fr\/wp-content\/uploads\/2025\/12\/framed_only-27.png","width":1200,"height":628,"caption":"Pokora"},{"@type":"BreadcrumbList","@id":"https:\/\/elukelele.com\/fr\/divertissement\/m-pokora-et-jean-jacques-goldman-le-refus-de-la-reprise\/#breadcrumb","itemListElement":[{"@type":"ListItem","position":1,"name":"Home","item":"https:\/\/elukelele.com\/fr\/"},{"@type":"ListItem","position":2,"name":"M. Pokora et Jean-Jacques Goldman : Le refus de la reprise"}]},{"@type":"WebSite","@id":"https:\/\/elukelele.com\/fr\/#website","url":"https:\/\/elukelele.com\/fr\/","name":"El Ukelele","description":"Musique au-del\u00e0 de l&#039;indie","potentialAction":[{"@type":"SearchAction","target":{"@type":"EntryPoint","urlTemplate":"https:\/\/elukelele.com\/fr\/?s={search_term_string}"},"query-input":{"@type":"PropertyValueSpecification","valueRequired":true,"valueName":"search_term_string"}}],"inLanguage":"fr-FR"},{"@type":"Person","@id":"https:\/\/elukelele.com\/fr\/#\/schema\/person\/ccfb3d2be2ec7fa389608eb6da0b38d6","name":"Daniel Perrin","image":{"@type":"ImageObject","inLanguage":"fr-FR","@id":"https:\/\/elukelele.com\/fr\/#\/schema\/person\/image\/","url":"https:\/\/secure.gravatar.com\/avatar\/37f9d9ffa29ce5640a0d9c6ca8bbd90afb854014296ecaa0e3a558ac716e6fe4?s=96&d=mm&r=g","contentUrl":"https:\/\/secure.gravatar.com\/avatar\/37f9d9ffa29ce5640a0d9c6ca8bbd90afb854014296ecaa0e3a558ac716e6fe4?s=96&d=mm&r=g","caption":"Daniel Perrin"},"sameAs":["https:\/\/elukelele.com\/fr"],"url":"https:\/\/elukelele.com\/fr\/author\/daniel-perrin\/"}]}},"_links":{"self":[{"href":"https:\/\/elukelele.com\/fr\/wp-json\/wp\/v2\/posts\/46891","targetHints":{"allow":["GET"]}}],"collection":[{"href":"https:\/\/elukelele.com\/fr\/wp-json\/wp\/v2\/posts"}],"about":[{"href":"https:\/\/elukelele.com\/fr\/wp-json\/wp\/v2\/types\/post"}],"author":[{"embeddable":true,"href":"https:\/\/elukelele.com\/fr\/wp-json\/wp\/v2\/users\/4"}],"replies":[{"embeddable":true,"href":"https:\/\/elukelele.com\/fr\/wp-json\/wp\/v2\/comments?post=46891"}],"version-history":[{"count":1,"href":"https:\/\/elukelele.com\/fr\/wp-json\/wp\/v2\/posts\/46891\/revisions"}],"predecessor-version":[{"id":46928,"href":"https:\/\/elukelele.com\/fr\/wp-json\/wp\/v2\/posts\/46891\/revisions\/46928"}],"wp:featuredmedia":[{"embeddable":true,"href":"https:\/\/elukelele.com\/fr\/wp-json\/wp\/v2\/media\/46890"}],"wp:attachment":[{"href":"https:\/\/elukelele.com\/fr\/wp-json\/wp\/v2\/media?parent=46891"}],"wp:term":[{"taxonomy":"category","embeddable":true,"href":"https:\/\/elukelele.com\/fr\/wp-json\/wp\/v2\/categories?post=46891"},{"taxonomy":"post_tag","embeddable":true,"href":"https:\/\/elukelele.com\/fr\/wp-json\/wp\/v2\/tags?post=46891"}],"curies":[{"name":"wp","href":"https:\/\/api.w.org\/{rel}","templated":true}]}}