{"id":46881,"date":"2025-12-01T09:00:31","date_gmt":"2025-12-01T09:00:31","guid":{"rendered":"https:\/\/elukelele.com\/fr\/?p=46881"},"modified":"2025-12-01T09:00:32","modified_gmt":"2025-12-01T09:00:32","slug":"louane-son-enfance-et-le-trouble-qui-la-isolee","status":"publish","type":"post","link":"https:\/\/elukelele.com\/fr\/divertissement\/louane-son-enfance-et-le-trouble-qui-la-isolee\/","title":{"rendered":"Louane : Son enfance et le trouble qui l&rsquo;a isol\u00e9e"},"content":{"rendered":"<p>La chanteuse Louane, connue pour son parcours artistique \u00e9clatant, a r\u00e9cemment partag\u00e9 un t\u00e9moignage poignant sur un trouble neurod\u00e9veloppemental qui a marqu\u00e9 son enfance : le trouble du d\u00e9ficit de l&rsquo;attention avec ou sans hyperactivit\u00e9 (TDAH). Diagnostiqu\u00e9e \u00e0 l&rsquo;\u00e2ge de huit ans, elle a r\u00e9v\u00e9l\u00e9 les d\u00e9fis que cette condition lui a pos\u00e9s, notamment l&rsquo;isolement et la difficult\u00e9 \u00e0 \u00ab\u00a0se tenir\u00a0\u00bb. Ce partage met en lumi\u00e8re une r\u00e9alit\u00e9 souvent m\u00e9connue du grand public, offrant une perspective intime sur les r\u00e9percussions du TDAH et la mani\u00e8re dont elle a appris \u00e0 en faire une force.<\/p>\n<h2>Un parcours marqu\u00e9 par des d\u00e9fis invisibles<\/h2>\n<p>Avant d&rsquo;aborder son TDAH, Louane avait d\u00e9j\u00e0 \u00e9voqu\u00e9 publiquement une autre pathologie qui influence son quotidien : la spondylarthrite ankylosante. Il s&rsquo;agit d&rsquo;une maladie inflammatoire chronique qui affecte principalement les articulations, notamment celles de la colonne vert\u00e9brale, et peut entra\u00eener des douleurs constantes et un enraidissement progressif. La chanteuse a d\u00e9crit les traitements lourds qu&rsquo;elle doit suivre, incluant des anti-inflammatoires et parfois des infiltrations, et a confi\u00e9 ressentir \u00ab\u00a0mal tout le temps\u00a0\u00bb en raison de l&rsquo;inflammation axiale pr\u00e9sente dans son dos, ses genoux, ses chevilles et ses poignets.<\/p>\n<p>Ces \u00e9preuves de sant\u00e9, conjugu\u00e9es au deuil de ses parents durant son adolescence, ont fa\u00e7onn\u00e9 une partie de son histoire. Malgr\u00e9 un environnement aimant, Louane a d\u00fb composer avec ces difficult\u00e9s invisibles. Sa c\u00e9l\u00e9brit\u00e9 pr\u00e9coce, apparue d\u00e8s ses douze ans, n&rsquo;a pas effac\u00e9 les fragilit\u00e9s d&rsquo;une enfance boulevers\u00e9e par ces r\u00e9alit\u00e9s complexes. C&rsquo;est dans ce contexte de d\u00e9fis personnels que le diagnostic de TDAH est venu apporter une explication \u00e0 certains aspects de sa personnalit\u00e9 et de son comportement.<\/p>\n<h2>Le TDAH : un diagnostic et une enfance isol\u00e9e<\/h2>\n<p>Louane a \u00e9t\u00e9 diagnostiqu\u00e9e avec un TDAH \u00e0 l&rsquo;\u00e2ge de huit ans. Ce trouble, qui touche des millions de personnes en France, se caract\u00e9rise par des difficult\u00e9s de concentration, une impulsivit\u00e9 et parfois une hyperactivit\u00e9. Chez l&rsquo;enfant, il peut se manifester par un comportement excessif dans les situations n\u00e9cessitant du calme, une concentration tr\u00e8s limit\u00e9e qui demande une stimulation constante, et un sentiment d&rsquo;isolement.<\/p>\n<p>L&rsquo;artiste a racont\u00e9 \u00e0 quel point ce d\u00e9calage l&rsquo;a isol\u00e9e durant son enfance. Elle se souvient n&rsquo;avoir \u00ab\u00a0pas de potes\u00a0\u00bb parce qu&rsquo;elle \u00e9tait per\u00e7ue comme \u00ab\u00a0insupportable\u00a0\u00bb par les autres enfants. Elle expliquait : \u00ab\u00a0Je bouge, je parle \u00e0 voix haute pendant les cours comme si j&rsquo;\u00e9tais toute seule. Je suis incapable de me tenir\u00a0\u00bb. Cette diff\u00e9rence, souvent mal comprise \u00e0 l&rsquo;\u00e9poque, l&rsquo;a \u00e9galement expos\u00e9e au harc\u00e8lement. Les enfants atteints de TDAH peuvent en effet \u00e9prouver de la solitude et des difficult\u00e9s \u00e0 \u00e9tablir des relations sociales, \u00e9tant parfois per\u00e7us comme \u00ab\u00a0fauteurs de troubles\u00a0\u00bb ou perturbateurs. Louane a \u00e9galement mentionn\u00e9 avoir eu du mal \u00e0 se concentrer lors de la lecture, perdant le fil malgr\u00e9 ses efforts.<\/p>\n<h2>Transformer la difficult\u00e9 en force<\/h2>\n<p>Malgr\u00e9 la souffrance et la solitude v\u00e9cues dans son enfance, Louane refuse aujourd&rsquo;hui de consid\u00e9rer son TDAH uniquement sous un angle n\u00e9gatif. Elle a choisi de transformer son t\u00e9moignage en un message d&rsquo;espoir, affirmant que ce trouble est devenu \u00ab\u00a0l&rsquo;une de [ses] plus grandes forces\u00a0\u00bb. Ce changement de perspective est essentiel, car il souligne la r\u00e9silience et la capacit\u00e9 \u00e0 s&rsquo;adapter face aux d\u00e9fis neurod\u00e9veloppementaux.<\/p>\n<p>En parlant ouvertement de son TDAH, Louane contribue \u00e0 sensibiliser le public et \u00e0 offrir une repr\u00e9sentation positive aux enfants et adultes concern\u00e9s. Son t\u00e9moignage montre que le TDAH, bien que pr\u00e9sentant des d\u00e9fis, n&rsquo;est pas un obstacle insurmontable \u00e0 la r\u00e9ussite et \u00e0 l&rsquo;\u00e9panouissement personnel. Elle souhaite ainsi encourager tous les enfants TDAH \u00e0 embrasser leur singularit\u00e9. Elle a \u00e9galement soulign\u00e9 l&rsquo;importance d&rsquo;en parler et de consulter, comparant le fait d&rsquo;aller voir un professionnel pour des troubles psychiques \u00e0 celui de consulter un m\u00e9decin pour un mal de ventre.<\/p>\n<h2>Conclusion<\/h2>\n<p>Le cheminement de Louane, de son enfance marqu\u00e9e par l&rsquo;isolement d\u00fb au TDAH et la douleur de la spondylarthrite ankylosante, \u00e0 sa carri\u00e8re \u00e9panouie et son r\u00f4le de porte-parole, est un exemple inspirant. Son courage de partager ces aspects intimes de sa vie contribue non seulement \u00e0 d\u00e9stigmatiser ces troubles, mais aussi \u00e0 rappeler l&rsquo;importance de la compr\u00e9hension, de la bienveillance et de la recherche de soutien. En transformant ses vuln\u00e9rabilit\u00e9s en sources de force, Louane offre un message puissant de r\u00e9silience et d&rsquo;acceptation, montrant que les diff\u00e9rences peuvent, avec le temps, devenir des atouts pr\u00e9cieux.<\/p>\n","protected":false},"excerpt":{"rendered":"<p>La chanteuse Louane, connue pour son parcours artistique \u00e9clatant, a r\u00e9cemment partag\u00e9 un t\u00e9moignage poignant sur un trouble neurod\u00e9veloppemental qui a marqu\u00e9 son enfance : le trouble du d\u00e9ficit de l&rsquo;attention avec ou sans hyperactivit\u00e9 (TDAH). Diagnostiqu\u00e9e \u00e0 l&rsquo;\u00e2ge de huit ans, elle a r\u00e9v\u00e9l\u00e9 les d\u00e9fis que cette condition lui a pos\u00e9s, notamment l&rsquo;isolement [&hellip;]<\/p>\n","protected":false},"author":4,"featured_media":46880,"comment_status":"open","ping_status":"open","sticky":false,"template":"","format":"standard","meta":{"_yoast_wpseo_title":"Louane : TDAH et enfance, les d\u00e9fis r\u00e9v\u00e9l\u00e9s","_yoast_wpseo_metadesc":"D\u00e9couvrez le t\u00e9moignage de Louane sur le TDAH, trouble qui a isol\u00e9 l'artiste durant son enfance. Elle r\u00e9v\u00e8le les d\u00e9fis et comment elle a transform\u00e9 cette condit","_yoast_wpseo_focuskw":"Louane"},"categories":[5],"tags":[],"class_list":["post-46881","post","type-post","status-publish","format-standard","has-post-thumbnail","hentry","category-divertissement"],"yoast_head":"<!-- This site is optimized with the Yoast SEO plugin v26.3 - https:\/\/yoast.com\/wordpress\/plugins\/seo\/ -->\n<title>Louane : TDAH et enfance, les d\u00e9fis r\u00e9v\u00e9l\u00e9s<\/title>\n<meta name=\"description\" content=\"D\u00e9couvrez le t\u00e9moignage de Louane sur le TDAH, trouble qui a isol\u00e9 l&#039;artiste durant son enfance. Elle r\u00e9v\u00e8le les d\u00e9fis et comment elle a transform\u00e9 cette condit\" \/>\n<meta name=\"robots\" content=\"index, follow, max-snippet:-1, max-image-preview:large, max-video-preview:-1\" \/>\n<link rel=\"canonical\" href=\"https:\/\/elukelele.com\/fr\/divertissement\/louane-son-enfance-et-le-trouble-qui-la-isolee\/\" \/>\n<meta property=\"og:locale\" content=\"fr_FR\" \/>\n<meta property=\"og:type\" content=\"article\" \/>\n<meta property=\"og:title\" content=\"Louane : TDAH et enfance, les d\u00e9fis r\u00e9v\u00e9l\u00e9s\" \/>\n<meta property=\"og:description\" content=\"D\u00e9couvrez le t\u00e9moignage de Louane sur le TDAH, trouble qui a isol\u00e9 l&#039;artiste durant son enfance. Elle r\u00e9v\u00e8le les d\u00e9fis et comment elle a transform\u00e9 cette condit\" \/>\n<meta property=\"og:url\" content=\"https:\/\/elukelele.com\/fr\/divertissement\/louane-son-enfance-et-le-trouble-qui-la-isolee\/\" \/>\n<meta property=\"og:site_name\" content=\"El Ukelele\" \/>\n<meta property=\"article:published_time\" content=\"2025-12-01T09:00:31+00:00\" \/>\n<meta property=\"article:modified_time\" content=\"2025-12-01T09:00:32+00:00\" \/>\n<meta property=\"og:image\" content=\"https:\/\/elukelele.com\/fr\/wp-content\/uploads\/2025\/12\/framed_only-22.png\" \/>\n\t<meta property=\"og:image:width\" content=\"1200\" \/>\n\t<meta property=\"og:image:height\" content=\"628\" \/>\n\t<meta property=\"og:image:type\" content=\"image\/png\" \/>\n<meta name=\"author\" content=\"Daniel Perrin\" \/>\n<meta name=\"twitter:card\" content=\"summary_large_image\" \/>\n<meta name=\"twitter:label1\" content=\"\u00c9crit par\" \/>\n\t<meta name=\"twitter:data1\" content=\"Daniel Perrin\" \/>\n\t<meta name=\"twitter:label2\" content=\"Dur\u00e9e de lecture estim\u00e9e\" \/>\n\t<meta name=\"twitter:data2\" content=\"4 minutes\" \/>\n<script type=\"application\/ld+json\" class=\"yoast-schema-graph\">{\"@context\":\"https:\/\/schema.org\",\"@graph\":[{\"@type\":\"WebPage\",\"@id\":\"https:\/\/elukelele.com\/fr\/divertissement\/louane-son-enfance-et-le-trouble-qui-la-isolee\/\",\"url\":\"https:\/\/elukelele.com\/fr\/divertissement\/louane-son-enfance-et-le-trouble-qui-la-isolee\/\",\"name\":\"Louane : TDAH et enfance, les d\u00e9fis r\u00e9v\u00e9l\u00e9s\",\"isPartOf\":{\"@id\":\"https:\/\/elukelele.com\/fr\/#website\"},\"primaryImageOfPage\":{\"@id\":\"https:\/\/elukelele.com\/fr\/divertissement\/louane-son-enfance-et-le-trouble-qui-la-isolee\/#primaryimage\"},\"image\":{\"@id\":\"https:\/\/elukelele.com\/fr\/divertissement\/louane-son-enfance-et-le-trouble-qui-la-isolee\/#primaryimage\"},\"thumbnailUrl\":\"https:\/\/elukelele.com\/fr\/wp-content\/uploads\/2025\/12\/framed_only-22.png\",\"datePublished\":\"2025-12-01T09:00:31+00:00\",\"dateModified\":\"2025-12-01T09:00:32+00:00\",\"author\":{\"@id\":\"https:\/\/elukelele.com\/fr\/#\/schema\/person\/ccfb3d2be2ec7fa389608eb6da0b38d6\"},\"description\":\"D\u00e9couvrez le t\u00e9moignage de Louane sur le TDAH, trouble qui a isol\u00e9 l'artiste durant son enfance. Elle r\u00e9v\u00e8le les d\u00e9fis et comment elle a transform\u00e9 cette condit\",\"breadcrumb\":{\"@id\":\"https:\/\/elukelele.com\/fr\/divertissement\/louane-son-enfance-et-le-trouble-qui-la-isolee\/#breadcrumb\"},\"inLanguage\":\"fr-FR\",\"potentialAction\":[{\"@type\":\"ReadAction\",\"target\":[\"https:\/\/elukelele.com\/fr\/divertissement\/louane-son-enfance-et-le-trouble-qui-la-isolee\/\"]}]},{\"@type\":\"ImageObject\",\"inLanguage\":\"fr-FR\",\"@id\":\"https:\/\/elukelele.com\/fr\/divertissement\/louane-son-enfance-et-le-trouble-qui-la-isolee\/#primaryimage\",\"url\":\"https:\/\/elukelele.com\/fr\/wp-content\/uploads\/2025\/12\/framed_only-22.png\",\"contentUrl\":\"https:\/\/elukelele.com\/fr\/wp-content\/uploads\/2025\/12\/framed_only-22.png\",\"width\":1200,\"height\":628,\"caption\":\"Louane\"},{\"@type\":\"BreadcrumbList\",\"@id\":\"https:\/\/elukelele.com\/fr\/divertissement\/louane-son-enfance-et-le-trouble-qui-la-isolee\/#breadcrumb\",\"itemListElement\":[{\"@type\":\"ListItem\",\"position\":1,\"name\":\"Home\",\"item\":\"https:\/\/elukelele.com\/fr\/\"},{\"@type\":\"ListItem\",\"position\":2,\"name\":\"Louane : Son enfance et le trouble qui l&rsquo;a isol\u00e9e\"}]},{\"@type\":\"WebSite\",\"@id\":\"https:\/\/elukelele.com\/fr\/#website\",\"url\":\"https:\/\/elukelele.com\/fr\/\",\"name\":\"El Ukelele\",\"description\":\"Musique au-del\u00e0 de l&#039;indie\",\"potentialAction\":[{\"@type\":\"SearchAction\",\"target\":{\"@type\":\"EntryPoint\",\"urlTemplate\":\"https:\/\/elukelele.com\/fr\/?s={search_term_string}\"},\"query-input\":{\"@type\":\"PropertyValueSpecification\",\"valueRequired\":true,\"valueName\":\"search_term_string\"}}],\"inLanguage\":\"fr-FR\"},{\"@type\":\"Person\",\"@id\":\"https:\/\/elukelele.com\/fr\/#\/schema\/person\/ccfb3d2be2ec7fa389608eb6da0b38d6\",\"name\":\"Daniel Perrin\",\"image\":{\"@type\":\"ImageObject\",\"inLanguage\":\"fr-FR\",\"@id\":\"https:\/\/elukelele.com\/fr\/#\/schema\/person\/image\/\",\"url\":\"https:\/\/secure.gravatar.com\/avatar\/37f9d9ffa29ce5640a0d9c6ca8bbd90afb854014296ecaa0e3a558ac716e6fe4?s=96&d=mm&r=g\",\"contentUrl\":\"https:\/\/secure.gravatar.com\/avatar\/37f9d9ffa29ce5640a0d9c6ca8bbd90afb854014296ecaa0e3a558ac716e6fe4?s=96&d=mm&r=g\",\"caption\":\"Daniel Perrin\"},\"sameAs\":[\"https:\/\/elukelele.com\/fr\"],\"url\":\"https:\/\/elukelele.com\/fr\/author\/daniel-perrin\/\"}]}<\/script>\n<!-- \/ Yoast SEO plugin. -->","yoast_head_json":{"title":"Louane : TDAH et enfance, les d\u00e9fis r\u00e9v\u00e9l\u00e9s","description":"D\u00e9couvrez le t\u00e9moignage de Louane sur le TDAH, trouble qui a isol\u00e9 l'artiste durant son enfance. Elle r\u00e9v\u00e8le les d\u00e9fis et comment elle a transform\u00e9 cette condit","robots":{"index":"index","follow":"follow","max-snippet":"max-snippet:-1","max-image-preview":"max-image-preview:large","max-video-preview":"max-video-preview:-1"},"canonical":"https:\/\/elukelele.com\/fr\/divertissement\/louane-son-enfance-et-le-trouble-qui-la-isolee\/","og_locale":"fr_FR","og_type":"article","og_title":"Louane : TDAH et enfance, les d\u00e9fis r\u00e9v\u00e9l\u00e9s","og_description":"D\u00e9couvrez le t\u00e9moignage de Louane sur le TDAH, trouble qui a isol\u00e9 l'artiste durant son enfance. Elle r\u00e9v\u00e8le les d\u00e9fis et comment elle a transform\u00e9 cette condit","og_url":"https:\/\/elukelele.com\/fr\/divertissement\/louane-son-enfance-et-le-trouble-qui-la-isolee\/","og_site_name":"El Ukelele","article_published_time":"2025-12-01T09:00:31+00:00","article_modified_time":"2025-12-01T09:00:32+00:00","og_image":[{"width":1200,"height":628,"url":"https:\/\/elukelele.com\/fr\/wp-content\/uploads\/2025\/12\/framed_only-22.png","type":"image\/png"}],"author":"Daniel Perrin","twitter_card":"summary_large_image","twitter_misc":{"\u00c9crit par":"Daniel Perrin","Dur\u00e9e de lecture estim\u00e9e":"4 minutes"},"schema":{"@context":"https:\/\/schema.org","@graph":[{"@type":"WebPage","@id":"https:\/\/elukelele.com\/fr\/divertissement\/louane-son-enfance-et-le-trouble-qui-la-isolee\/","url":"https:\/\/elukelele.com\/fr\/divertissement\/louane-son-enfance-et-le-trouble-qui-la-isolee\/","name":"Louane : TDAH et enfance, les d\u00e9fis r\u00e9v\u00e9l\u00e9s","isPartOf":{"@id":"https:\/\/elukelele.com\/fr\/#website"},"primaryImageOfPage":{"@id":"https:\/\/elukelele.com\/fr\/divertissement\/louane-son-enfance-et-le-trouble-qui-la-isolee\/#primaryimage"},"image":{"@id":"https:\/\/elukelele.com\/fr\/divertissement\/louane-son-enfance-et-le-trouble-qui-la-isolee\/#primaryimage"},"thumbnailUrl":"https:\/\/elukelele.com\/fr\/wp-content\/uploads\/2025\/12\/framed_only-22.png","datePublished":"2025-12-01T09:00:31+00:00","dateModified":"2025-12-01T09:00:32+00:00","author":{"@id":"https:\/\/elukelele.com\/fr\/#\/schema\/person\/ccfb3d2be2ec7fa389608eb6da0b38d6"},"description":"D\u00e9couvrez le t\u00e9moignage de Louane sur le TDAH, trouble qui a isol\u00e9 l'artiste durant son enfance. Elle r\u00e9v\u00e8le les d\u00e9fis et comment elle a transform\u00e9 cette condit","breadcrumb":{"@id":"https:\/\/elukelele.com\/fr\/divertissement\/louane-son-enfance-et-le-trouble-qui-la-isolee\/#breadcrumb"},"inLanguage":"fr-FR","potentialAction":[{"@type":"ReadAction","target":["https:\/\/elukelele.com\/fr\/divertissement\/louane-son-enfance-et-le-trouble-qui-la-isolee\/"]}]},{"@type":"ImageObject","inLanguage":"fr-FR","@id":"https:\/\/elukelele.com\/fr\/divertissement\/louane-son-enfance-et-le-trouble-qui-la-isolee\/#primaryimage","url":"https:\/\/elukelele.com\/fr\/wp-content\/uploads\/2025\/12\/framed_only-22.png","contentUrl":"https:\/\/elukelele.com\/fr\/wp-content\/uploads\/2025\/12\/framed_only-22.png","width":1200,"height":628,"caption":"Louane"},{"@type":"BreadcrumbList","@id":"https:\/\/elukelele.com\/fr\/divertissement\/louane-son-enfance-et-le-trouble-qui-la-isolee\/#breadcrumb","itemListElement":[{"@type":"ListItem","position":1,"name":"Home","item":"https:\/\/elukelele.com\/fr\/"},{"@type":"ListItem","position":2,"name":"Louane : Son enfance et le trouble qui l&rsquo;a isol\u00e9e"}]},{"@type":"WebSite","@id":"https:\/\/elukelele.com\/fr\/#website","url":"https:\/\/elukelele.com\/fr\/","name":"El Ukelele","description":"Musique au-del\u00e0 de l&#039;indie","potentialAction":[{"@type":"SearchAction","target":{"@type":"EntryPoint","urlTemplate":"https:\/\/elukelele.com\/fr\/?s={search_term_string}"},"query-input":{"@type":"PropertyValueSpecification","valueRequired":true,"valueName":"search_term_string"}}],"inLanguage":"fr-FR"},{"@type":"Person","@id":"https:\/\/elukelele.com\/fr\/#\/schema\/person\/ccfb3d2be2ec7fa389608eb6da0b38d6","name":"Daniel Perrin","image":{"@type":"ImageObject","inLanguage":"fr-FR","@id":"https:\/\/elukelele.com\/fr\/#\/schema\/person\/image\/","url":"https:\/\/secure.gravatar.com\/avatar\/37f9d9ffa29ce5640a0d9c6ca8bbd90afb854014296ecaa0e3a558ac716e6fe4?s=96&d=mm&r=g","contentUrl":"https:\/\/secure.gravatar.com\/avatar\/37f9d9ffa29ce5640a0d9c6ca8bbd90afb854014296ecaa0e3a558ac716e6fe4?s=96&d=mm&r=g","caption":"Daniel Perrin"},"sameAs":["https:\/\/elukelele.com\/fr"],"url":"https:\/\/elukelele.com\/fr\/author\/daniel-perrin\/"}]}},"_links":{"self":[{"href":"https:\/\/elukelele.com\/fr\/wp-json\/wp\/v2\/posts\/46881","targetHints":{"allow":["GET"]}}],"collection":[{"href":"https:\/\/elukelele.com\/fr\/wp-json\/wp\/v2\/posts"}],"about":[{"href":"https:\/\/elukelele.com\/fr\/wp-json\/wp\/v2\/types\/post"}],"author":[{"embeddable":true,"href":"https:\/\/elukelele.com\/fr\/wp-json\/wp\/v2\/users\/4"}],"replies":[{"embeddable":true,"href":"https:\/\/elukelele.com\/fr\/wp-json\/wp\/v2\/comments?post=46881"}],"version-history":[{"count":1,"href":"https:\/\/elukelele.com\/fr\/wp-json\/wp\/v2\/posts\/46881\/revisions"}],"predecessor-version":[{"id":46931,"href":"https:\/\/elukelele.com\/fr\/wp-json\/wp\/v2\/posts\/46881\/revisions\/46931"}],"wp:featuredmedia":[{"embeddable":true,"href":"https:\/\/elukelele.com\/fr\/wp-json\/wp\/v2\/media\/46880"}],"wp:attachment":[{"href":"https:\/\/elukelele.com\/fr\/wp-json\/wp\/v2\/media?parent=46881"}],"wp:term":[{"taxonomy":"category","embeddable":true,"href":"https:\/\/elukelele.com\/fr\/wp-json\/wp\/v2\/categories?post=46881"},{"taxonomy":"post_tag","embeddable":true,"href":"https:\/\/elukelele.com\/fr\/wp-json\/wp\/v2\/tags?post=46881"}],"curies":[{"name":"wp","href":"https:\/\/api.w.org\/{rel}","templated":true}]}}