{"id":46879,"date":"2025-12-01T09:02:27","date_gmt":"2025-12-01T09:02:27","guid":{"rendered":"https:\/\/elukelele.com\/fr\/?p=46879"},"modified":"2025-12-01T09:02:28","modified_gmt":"2025-12-01T09:02:28","slug":"patrick-bruel-ses-fils-oscar-et-leon-et-leurs-carrieres","status":"publish","type":"post","link":"https:\/\/elukelele.com\/fr\/divertissement\/patrick-bruel-ses-fils-oscar-et-leon-et-leurs-carrieres\/","title":{"rendered":"Patrick Bruel : Ses fils Oscar et L\u00e9on et leurs carri\u00e8res"},"content":{"rendered":"<p>Patrick Bruel, figure embl\u00e9matique de la chanson fran\u00e7aise et acteur reconnu, a r\u00e9cemment partag\u00e9 des d\u00e9tails intimes sur les chemins professionnels de ses deux fils, Oscar et L\u00e9on. Lors d&rsquo;un entretien, l&rsquo;artiste a mis en lumi\u00e8re la singularit\u00e9 des carri\u00e8res distinctes que chacun de ses enfants a choisi d&#8217;embrasser, offrant une perspective sur l&rsquo;\u00e9quilibre entre h\u00e9ritage familial et aspirations personnelles.<\/p>\n<h2>Des parcours bien d\u00e9finis : neuroscience et musique<\/h2>\n<p>Au cours d&rsquo;une r\u00e9cente intervention sur RFM, invit\u00e9 par Bernard Montiel, Patrick Bruel s&rsquo;est ouvert sur les orientations professionnelles de ses fils. Il a r\u00e9v\u00e9l\u00e9 qu&rsquo;Oscar, son a\u00een\u00e9, s&rsquo;est tourn\u00e9 vers le monde scientifique en devenant neuroscientifique. Ce choix marque une direction r\u00e9solument diff\u00e9rente de celle de son p\u00e8re, t\u00e9moignant d&rsquo;une passion pour la recherche et la compr\u00e9hension du cerveau humain.<\/p>\n<p>\u00c0 l&rsquo;oppos\u00e9, L\u00e9on, le cadet de la famille, semble avoir \u00e9t\u00e9 davantage attir\u00e9 par le domaine artistique, suivant ainsi une voie plus proche de celle de Patrick Bruel. L\u00e9on s&rsquo;est lanc\u00e9 dans une carri\u00e8re musicale, composant et sortant ses propres chansons. En parall\u00e8le, il explore \u00e9galement l&rsquo;univers des platines en tant que DJ. Patrick Bruel a exprim\u00e9 sa fiert\u00e9 face \u00e0 l&rsquo;\u00e9panouissement de L\u00e9on dans ce milieu, soulignant la qualit\u00e9 de son travail et son engagement dans la musique.<\/p>\n<h2>Fiert\u00e9 paternelle et passions partag\u00e9es<\/h2>\n<p>Patrick Bruel n&rsquo;a pas cach\u00e9 son admiration pour la trajectoire de ses fils. Il a \u00e9voqu\u00e9 la fiert\u00e9 qu&rsquo;il ressent de voir L\u00e9on s&rsquo;\u00e9panouir dans la musique, un art qu&rsquo;ils partagent. Au-del\u00e0 de la sc\u00e8ne et des studios, une autre passion unit le p\u00e8re et le fils : le tennis de table. Patrick Bruel a en effet une longue histoire avec ce sport, ayant m\u00eame particip\u00e9 \u00e0 des championnats de France scolaires et universitaires \u00e0 un niveau respectable. Il a confi\u00e9 s&rsquo;entra\u00eener r\u00e9guli\u00e8rement, un passe-temps qu&rsquo;il partage visiblement avec L\u00e9on.<\/p>\n<p>Cette anecdote illustre comment, m\u00eame avec des choix de carri\u00e8re vari\u00e9s, des liens et des int\u00e9r\u00eats communs peuvent perdurer et renforcer les relations familiales. La diversit\u00e9 des parcours d&rsquo;Oscar et L\u00e9on d\u00e9montre que, malgr\u00e9 l&rsquo;ombre et l&rsquo;h\u00e9ritage d&rsquo;un p\u00e8re c\u00e9l\u00e8bre, chacun trace son propre chemin, guid\u00e9 par ses aptitudes et ses d\u00e9sirs.<\/p>\n<h2>Conclusion<\/h2>\n<p>Les confidences de Patrick Bruel offrent un aper\u00e7u touchant d&rsquo;une famille o\u00f9 l&rsquo;individualit\u00e9 et la poursuite de passions distinctes sont encourag\u00e9es. Que ce soit dans la rigueur de la neuroscience pour Oscar ou dans la cr\u00e9ativit\u00e9 de la musique pour L\u00e9on, les fils de l&rsquo;artiste construisent leurs propres identit\u00e9s professionnelles. Ces parcours, bien que diff\u00e9rents, sont unis par le soutien et la fiert\u00e9 d&rsquo;un p\u00e8re qui les accompagne dans leurs choix respectifs, tout en partageant des moments privil\u00e9gi\u00e9s autour de passions communes.<\/p>\n","protected":false},"excerpt":{"rendered":"<p>Patrick Bruel, figure embl\u00e9matique de la chanson fran\u00e7aise et acteur reconnu, a r\u00e9cemment partag\u00e9 des d\u00e9tails intimes sur les chemins professionnels de ses deux fils, Oscar et L\u00e9on. Lors d&rsquo;un entretien, l&rsquo;artiste a mis en lumi\u00e8re la singularit\u00e9 des carri\u00e8res distinctes que chacun de ses enfants a choisi d&#8217;embrasser, offrant une perspective sur l&rsquo;\u00e9quilibre entre [&hellip;]<\/p>\n","protected":false},"author":4,"featured_media":46878,"comment_status":"open","ping_status":"open","sticky":false,"template":"","format":"standard","meta":{"_yoast_wpseo_title":"Bruel: Les carri\u00e8res d'Oscar & L\u00e9on d\u00e9voil\u00e9es","_yoast_wpseo_metadesc":"D\u00e9couvrez les parcours uniques d'Oscar et L\u00e9on, les fils de Patrick Bruel, entre neuroscience et musique.","_yoast_wpseo_focuskw":"Patrick"},"categories":[5],"tags":[],"class_list":["post-46879","post","type-post","status-publish","format-standard","has-post-thumbnail","hentry","category-divertissement"],"yoast_head":"<!-- This site is optimized with the Yoast SEO plugin v26.3 - https:\/\/yoast.com\/wordpress\/plugins\/seo\/ -->\n<title>Bruel: Les carri\u00e8res d&#039;Oscar &amp; L\u00e9on d\u00e9voil\u00e9es<\/title>\n<meta name=\"description\" content=\"D\u00e9couvrez les parcours uniques d&#039;Oscar et L\u00e9on, les fils de Patrick Bruel, entre neuroscience et musique.\" \/>\n<meta name=\"robots\" content=\"index, follow, max-snippet:-1, max-image-preview:large, max-video-preview:-1\" \/>\n<link rel=\"canonical\" href=\"https:\/\/elukelele.com\/fr\/divertissement\/patrick-bruel-ses-fils-oscar-et-leon-et-leurs-carrieres\/\" \/>\n<meta property=\"og:locale\" content=\"fr_FR\" \/>\n<meta property=\"og:type\" content=\"article\" \/>\n<meta property=\"og:title\" content=\"Bruel: Les carri\u00e8res d&#039;Oscar &amp; L\u00e9on d\u00e9voil\u00e9es\" \/>\n<meta property=\"og:description\" content=\"D\u00e9couvrez les parcours uniques d&#039;Oscar et L\u00e9on, les fils de Patrick Bruel, entre neuroscience et musique.\" \/>\n<meta property=\"og:url\" content=\"https:\/\/elukelele.com\/fr\/divertissement\/patrick-bruel-ses-fils-oscar-et-leon-et-leurs-carrieres\/\" \/>\n<meta property=\"og:site_name\" content=\"El Ukelele\" \/>\n<meta property=\"article:published_time\" content=\"2025-12-01T09:02:27+00:00\" \/>\n<meta property=\"article:modified_time\" content=\"2025-12-01T09:02:28+00:00\" \/>\n<meta property=\"og:image\" content=\"https:\/\/elukelele.com\/fr\/wp-content\/uploads\/2025\/12\/framed_only-21.png\" \/>\n\t<meta property=\"og:image:width\" content=\"1200\" \/>\n\t<meta property=\"og:image:height\" content=\"628\" \/>\n\t<meta property=\"og:image:type\" content=\"image\/png\" \/>\n<meta name=\"author\" content=\"Daniel Perrin\" \/>\n<meta name=\"twitter:card\" content=\"summary_large_image\" \/>\n<meta name=\"twitter:label1\" content=\"\u00c9crit par\" \/>\n\t<meta name=\"twitter:data1\" content=\"Daniel Perrin\" \/>\n\t<meta name=\"twitter:label2\" content=\"Dur\u00e9e de lecture estim\u00e9e\" \/>\n\t<meta name=\"twitter:data2\" content=\"3 minutes\" \/>\n<script type=\"application\/ld+json\" class=\"yoast-schema-graph\">{\"@context\":\"https:\/\/schema.org\",\"@graph\":[{\"@type\":\"WebPage\",\"@id\":\"https:\/\/elukelele.com\/fr\/divertissement\/patrick-bruel-ses-fils-oscar-et-leon-et-leurs-carrieres\/\",\"url\":\"https:\/\/elukelele.com\/fr\/divertissement\/patrick-bruel-ses-fils-oscar-et-leon-et-leurs-carrieres\/\",\"name\":\"Bruel: Les carri\u00e8res d'Oscar & L\u00e9on d\u00e9voil\u00e9es\",\"isPartOf\":{\"@id\":\"https:\/\/elukelele.com\/fr\/#website\"},\"primaryImageOfPage\":{\"@id\":\"https:\/\/elukelele.com\/fr\/divertissement\/patrick-bruel-ses-fils-oscar-et-leon-et-leurs-carrieres\/#primaryimage\"},\"image\":{\"@id\":\"https:\/\/elukelele.com\/fr\/divertissement\/patrick-bruel-ses-fils-oscar-et-leon-et-leurs-carrieres\/#primaryimage\"},\"thumbnailUrl\":\"https:\/\/elukelele.com\/fr\/wp-content\/uploads\/2025\/12\/framed_only-21.png\",\"datePublished\":\"2025-12-01T09:02:27+00:00\",\"dateModified\":\"2025-12-01T09:02:28+00:00\",\"author\":{\"@id\":\"https:\/\/elukelele.com\/fr\/#\/schema\/person\/ccfb3d2be2ec7fa389608eb6da0b38d6\"},\"description\":\"D\u00e9couvrez les parcours uniques d'Oscar et L\u00e9on, les fils de Patrick Bruel, entre neuroscience et musique.\",\"breadcrumb\":{\"@id\":\"https:\/\/elukelele.com\/fr\/divertissement\/patrick-bruel-ses-fils-oscar-et-leon-et-leurs-carrieres\/#breadcrumb\"},\"inLanguage\":\"fr-FR\",\"potentialAction\":[{\"@type\":\"ReadAction\",\"target\":[\"https:\/\/elukelele.com\/fr\/divertissement\/patrick-bruel-ses-fils-oscar-et-leon-et-leurs-carrieres\/\"]}]},{\"@type\":\"ImageObject\",\"inLanguage\":\"fr-FR\",\"@id\":\"https:\/\/elukelele.com\/fr\/divertissement\/patrick-bruel-ses-fils-oscar-et-leon-et-leurs-carrieres\/#primaryimage\",\"url\":\"https:\/\/elukelele.com\/fr\/wp-content\/uploads\/2025\/12\/framed_only-21.png\",\"contentUrl\":\"https:\/\/elukelele.com\/fr\/wp-content\/uploads\/2025\/12\/framed_only-21.png\",\"width\":1200,\"height\":628,\"caption\":\"Patrick\"},{\"@type\":\"BreadcrumbList\",\"@id\":\"https:\/\/elukelele.com\/fr\/divertissement\/patrick-bruel-ses-fils-oscar-et-leon-et-leurs-carrieres\/#breadcrumb\",\"itemListElement\":[{\"@type\":\"ListItem\",\"position\":1,\"name\":\"Home\",\"item\":\"https:\/\/elukelele.com\/fr\/\"},{\"@type\":\"ListItem\",\"position\":2,\"name\":\"Patrick Bruel : Ses fils Oscar et L\u00e9on et leurs carri\u00e8res\"}]},{\"@type\":\"WebSite\",\"@id\":\"https:\/\/elukelele.com\/fr\/#website\",\"url\":\"https:\/\/elukelele.com\/fr\/\",\"name\":\"El Ukelele\",\"description\":\"Musique au-del\u00e0 de l&#039;indie\",\"potentialAction\":[{\"@type\":\"SearchAction\",\"target\":{\"@type\":\"EntryPoint\",\"urlTemplate\":\"https:\/\/elukelele.com\/fr\/?s={search_term_string}\"},\"query-input\":{\"@type\":\"PropertyValueSpecification\",\"valueRequired\":true,\"valueName\":\"search_term_string\"}}],\"inLanguage\":\"fr-FR\"},{\"@type\":\"Person\",\"@id\":\"https:\/\/elukelele.com\/fr\/#\/schema\/person\/ccfb3d2be2ec7fa389608eb6da0b38d6\",\"name\":\"Daniel Perrin\",\"image\":{\"@type\":\"ImageObject\",\"inLanguage\":\"fr-FR\",\"@id\":\"https:\/\/elukelele.com\/fr\/#\/schema\/person\/image\/\",\"url\":\"https:\/\/secure.gravatar.com\/avatar\/37f9d9ffa29ce5640a0d9c6ca8bbd90afb854014296ecaa0e3a558ac716e6fe4?s=96&d=mm&r=g\",\"contentUrl\":\"https:\/\/secure.gravatar.com\/avatar\/37f9d9ffa29ce5640a0d9c6ca8bbd90afb854014296ecaa0e3a558ac716e6fe4?s=96&d=mm&r=g\",\"caption\":\"Daniel Perrin\"},\"sameAs\":[\"https:\/\/elukelele.com\/fr\"],\"url\":\"https:\/\/elukelele.com\/fr\/author\/daniel-perrin\/\"}]}<\/script>\n<!-- \/ Yoast SEO plugin. -->","yoast_head_json":{"title":"Bruel: Les carri\u00e8res d'Oscar & L\u00e9on d\u00e9voil\u00e9es","description":"D\u00e9couvrez les parcours uniques d'Oscar et L\u00e9on, les fils de Patrick Bruel, entre neuroscience et musique.","robots":{"index":"index","follow":"follow","max-snippet":"max-snippet:-1","max-image-preview":"max-image-preview:large","max-video-preview":"max-video-preview:-1"},"canonical":"https:\/\/elukelele.com\/fr\/divertissement\/patrick-bruel-ses-fils-oscar-et-leon-et-leurs-carrieres\/","og_locale":"fr_FR","og_type":"article","og_title":"Bruel: Les carri\u00e8res d'Oscar & L\u00e9on d\u00e9voil\u00e9es","og_description":"D\u00e9couvrez les parcours uniques d'Oscar et L\u00e9on, les fils de Patrick Bruel, entre neuroscience et musique.","og_url":"https:\/\/elukelele.com\/fr\/divertissement\/patrick-bruel-ses-fils-oscar-et-leon-et-leurs-carrieres\/","og_site_name":"El Ukelele","article_published_time":"2025-12-01T09:02:27+00:00","article_modified_time":"2025-12-01T09:02:28+00:00","og_image":[{"width":1200,"height":628,"url":"https:\/\/elukelele.com\/fr\/wp-content\/uploads\/2025\/12\/framed_only-21.png","type":"image\/png"}],"author":"Daniel Perrin","twitter_card":"summary_large_image","twitter_misc":{"\u00c9crit par":"Daniel Perrin","Dur\u00e9e de lecture estim\u00e9e":"3 minutes"},"schema":{"@context":"https:\/\/schema.org","@graph":[{"@type":"WebPage","@id":"https:\/\/elukelele.com\/fr\/divertissement\/patrick-bruel-ses-fils-oscar-et-leon-et-leurs-carrieres\/","url":"https:\/\/elukelele.com\/fr\/divertissement\/patrick-bruel-ses-fils-oscar-et-leon-et-leurs-carrieres\/","name":"Bruel: Les carri\u00e8res d'Oscar & L\u00e9on d\u00e9voil\u00e9es","isPartOf":{"@id":"https:\/\/elukelele.com\/fr\/#website"},"primaryImageOfPage":{"@id":"https:\/\/elukelele.com\/fr\/divertissement\/patrick-bruel-ses-fils-oscar-et-leon-et-leurs-carrieres\/#primaryimage"},"image":{"@id":"https:\/\/elukelele.com\/fr\/divertissement\/patrick-bruel-ses-fils-oscar-et-leon-et-leurs-carrieres\/#primaryimage"},"thumbnailUrl":"https:\/\/elukelele.com\/fr\/wp-content\/uploads\/2025\/12\/framed_only-21.png","datePublished":"2025-12-01T09:02:27+00:00","dateModified":"2025-12-01T09:02:28+00:00","author":{"@id":"https:\/\/elukelele.com\/fr\/#\/schema\/person\/ccfb3d2be2ec7fa389608eb6da0b38d6"},"description":"D\u00e9couvrez les parcours uniques d'Oscar et L\u00e9on, les fils de Patrick Bruel, entre neuroscience et musique.","breadcrumb":{"@id":"https:\/\/elukelele.com\/fr\/divertissement\/patrick-bruel-ses-fils-oscar-et-leon-et-leurs-carrieres\/#breadcrumb"},"inLanguage":"fr-FR","potentialAction":[{"@type":"ReadAction","target":["https:\/\/elukelele.com\/fr\/divertissement\/patrick-bruel-ses-fils-oscar-et-leon-et-leurs-carrieres\/"]}]},{"@type":"ImageObject","inLanguage":"fr-FR","@id":"https:\/\/elukelele.com\/fr\/divertissement\/patrick-bruel-ses-fils-oscar-et-leon-et-leurs-carrieres\/#primaryimage","url":"https:\/\/elukelele.com\/fr\/wp-content\/uploads\/2025\/12\/framed_only-21.png","contentUrl":"https:\/\/elukelele.com\/fr\/wp-content\/uploads\/2025\/12\/framed_only-21.png","width":1200,"height":628,"caption":"Patrick"},{"@type":"BreadcrumbList","@id":"https:\/\/elukelele.com\/fr\/divertissement\/patrick-bruel-ses-fils-oscar-et-leon-et-leurs-carrieres\/#breadcrumb","itemListElement":[{"@type":"ListItem","position":1,"name":"Home","item":"https:\/\/elukelele.com\/fr\/"},{"@type":"ListItem","position":2,"name":"Patrick Bruel : Ses fils Oscar et L\u00e9on et leurs carri\u00e8res"}]},{"@type":"WebSite","@id":"https:\/\/elukelele.com\/fr\/#website","url":"https:\/\/elukelele.com\/fr\/","name":"El Ukelele","description":"Musique au-del\u00e0 de l&#039;indie","potentialAction":[{"@type":"SearchAction","target":{"@type":"EntryPoint","urlTemplate":"https:\/\/elukelele.com\/fr\/?s={search_term_string}"},"query-input":{"@type":"PropertyValueSpecification","valueRequired":true,"valueName":"search_term_string"}}],"inLanguage":"fr-FR"},{"@type":"Person","@id":"https:\/\/elukelele.com\/fr\/#\/schema\/person\/ccfb3d2be2ec7fa389608eb6da0b38d6","name":"Daniel Perrin","image":{"@type":"ImageObject","inLanguage":"fr-FR","@id":"https:\/\/elukelele.com\/fr\/#\/schema\/person\/image\/","url":"https:\/\/secure.gravatar.com\/avatar\/37f9d9ffa29ce5640a0d9c6ca8bbd90afb854014296ecaa0e3a558ac716e6fe4?s=96&d=mm&r=g","contentUrl":"https:\/\/secure.gravatar.com\/avatar\/37f9d9ffa29ce5640a0d9c6ca8bbd90afb854014296ecaa0e3a558ac716e6fe4?s=96&d=mm&r=g","caption":"Daniel Perrin"},"sameAs":["https:\/\/elukelele.com\/fr"],"url":"https:\/\/elukelele.com\/fr\/author\/daniel-perrin\/"}]}},"_links":{"self":[{"href":"https:\/\/elukelele.com\/fr\/wp-json\/wp\/v2\/posts\/46879","targetHints":{"allow":["GET"]}}],"collection":[{"href":"https:\/\/elukelele.com\/fr\/wp-json\/wp\/v2\/posts"}],"about":[{"href":"https:\/\/elukelele.com\/fr\/wp-json\/wp\/v2\/types\/post"}],"author":[{"embeddable":true,"href":"https:\/\/elukelele.com\/fr\/wp-json\/wp\/v2\/users\/4"}],"replies":[{"embeddable":true,"href":"https:\/\/elukelele.com\/fr\/wp-json\/wp\/v2\/comments?post=46879"}],"version-history":[{"count":1,"href":"https:\/\/elukelele.com\/fr\/wp-json\/wp\/v2\/posts\/46879\/revisions"}],"predecessor-version":[{"id":46932,"href":"https:\/\/elukelele.com\/fr\/wp-json\/wp\/v2\/posts\/46879\/revisions\/46932"}],"wp:featuredmedia":[{"embeddable":true,"href":"https:\/\/elukelele.com\/fr\/wp-json\/wp\/v2\/media\/46878"}],"wp:attachment":[{"href":"https:\/\/elukelele.com\/fr\/wp-json\/wp\/v2\/media?parent=46879"}],"wp:term":[{"taxonomy":"category","embeddable":true,"href":"https:\/\/elukelele.com\/fr\/wp-json\/wp\/v2\/categories?post=46879"},{"taxonomy":"post_tag","embeddable":true,"href":"https:\/\/elukelele.com\/fr\/wp-json\/wp\/v2\/tags?post=46879"}],"curies":[{"name":"wp","href":"https:\/\/api.w.org\/{rel}","templated":true}]}}