{"id":46859,"date":"2025-12-01T09:05:15","date_gmt":"2025-12-01T09:05:15","guid":{"rendered":"https:\/\/elukelele.com\/fr\/?p=46859"},"modified":"2025-12-01T09:05:16","modified_gmt":"2025-12-01T09:05:16","slug":"lio-et-corinne-masiero-le-clash-qui-a-choque-drucker","status":"publish","type":"post","link":"https:\/\/elukelele.com\/fr\/divertissement\/lio-et-corinne-masiero-le-clash-qui-a-choque-drucker\/","title":{"rendered":"Lio et Corinne Masiero : le clash qui a choqu\u00e9 Drucker"},"content":{"rendered":"<p>Un moment de t\u00e9l\u00e9vision inattendu a r\u00e9cemment anim\u00e9 le plateau de \u00ab\u00a0Vivement dimanche\u00a0\u00bb, l&rsquo;\u00e9mission embl\u00e9matique pr\u00e9sent\u00e9e par Michel Drucker. L&rsquo;animateur, pourtant habitu\u00e9 aux rebondissements et aux personnalit\u00e9s fortes, s&rsquo;est retrouv\u00e9 visiblement d\u00e9pass\u00e9 par la spontan\u00e9it\u00e9 et le franc-parler de ses invit\u00e9es, Lio et Corinne Masiero. Leur \u00e9change, marqu\u00e9 par une phrase d\u00e9sormais culte, a offert aux t\u00e9l\u00e9spectateurs une s\u00e9quence m\u00e9morable, m\u00e9langeant humour, f\u00e9minisme et une touche de provocation.<\/p>\n<h2>\u00ab\u00a0On a des beaux clitoris toutes les deux\u00a0\u00bb : L&rsquo;\u00e9change qui a d\u00e9stabilis\u00e9 Michel Drucker<\/h2>\n<p>L&rsquo;\u00e9mission du 30 novembre a vu Lio venir pr\u00e9senter son nouvel album, \u00ab\u00a0Geoid Party in the Sky\u00a0\u00bb. Cet opus, teint\u00e9 de f\u00e9minisme et de r\u00e9silience, rend un hommage personnel et \u00e9mouvant \u00e0 son fils disparu en mars dernier, Diego, dont l&rsquo;anagramme est \u00ab\u00a0Geoid\u00a0\u00bb. L&rsquo;artiste, connue pour son engagement et sa libert\u00e9 de ton, \u00e9tait d\u00e9j\u00e0 une invit\u00e9e qui promettait des \u00e9changes riches de sens.<\/p>\n<p>Cependant, le cours de l&rsquo;\u00e9mission a pris une tournure impr\u00e9vue avec l&rsquo;arriv\u00e9e surprise de Corinne Masiero. L&rsquo;actrice, c\u00e9l\u00e8bre pour son r\u00f4le dans la s\u00e9rie \u00ab\u00a0Capitaine Marleau\u00a0\u00bb et son caract\u00e8re bien tremp\u00e9, avait exprim\u00e9 le d\u00e9sir de rencontrer la chanteuse.<\/p>\n<h3>Une Rencontre D\u00e9tonante sur le Canap\u00e9 Rouge<\/h3>\n<p>Michel Drucker, cherchant \u00e0 cr\u00e9er un lien entre ses deux invit\u00e9es, a soulign\u00e9 qu&rsquo;elles avaient \u00ab\u00a0beaucoup de choses en commun\u00a0\u00bb. C&rsquo;est alors que l&rsquo;\u00e9change a bascul\u00e9 dans l&rsquo;inattendu. Lio a d&rsquo;abord lanc\u00e9 avec humour : \u00ab\u00a0Ben d\u00e9j\u00e0, on a un clitoris\u00a0\u00bb. Une affirmation \u00e0 laquelle Corinne Masiero a aussit\u00f4t r\u00e9pliqu\u00e9, non sans panache : \u00ab\u00a0On a de beaux clitoris toutes les deux\u00a0\u00bb.<\/p>\n<p>Cette joute verbale, \u00e0 la fois os\u00e9e et complice, a visiblement pris de court Michel Drucker. L&rsquo;animateur, manifestement d\u00e9stabilis\u00e9 par cette audace, a tent\u00e9 de reprendre le contr\u00f4le de son plateau avec un l\u00e9ger embarras, glissant un \u00ab\u00a0Je salue le public de France 3, qui est tr\u00e8s sensible \u00e0 tout ce qu&rsquo;on se dit\u00a0\u00bb. Loin d&rsquo;apaiser l&rsquo;atmosph\u00e8re, Lio et Corinne Masiero ont continu\u00e9 sur leur lanc\u00e9e, renfor\u00e7ant l&rsquo;impression d&rsquo;un duo indomptable et savoureux.<\/p>\n<h2>L&rsquo;Engagement et le Franc-Parler des Deux Artistes<\/h2>\n<p>Au-del\u00e0 de l&rsquo;anecdote humoristique, cet \u00e9change est r\u00e9v\u00e9lateur des personnalit\u00e9s de Lio et Corinne Masiero. Toutes deux sont connues pour leur ind\u00e9pendance d&rsquo;esprit, leur militantisme et leur capacit\u00e9 \u00e0 s&rsquo;exprimer sans filtre. Lio, \u00e0 travers son nouvel album \u00ab\u00a0Geoid Party in the Sky\u00a0\u00bb, aborde des th\u00e8mes comme le f\u00e9minisme, le sexisme et la r\u00e9silience, des sujets qui r\u00e9sonnent avec ses engagements de longue date contre les violences conjugales et pour les droits des femmes.<\/p>\n<p>Corinne Masiero, quant \u00e0 elle, a profit\u00e9 de sa pr\u00e9sence pour saluer le parcours de Lio, la d\u00e9crivant comme une \u00ab\u00a0bagarreuse\u00a0\u00bb, une \u00ab\u00a0militante\u00a0\u00bb qui \u00ab\u00a0sait ouvrir sa gueule\u00a0\u00bb. Elle a mis en avant la capacit\u00e9 de Lio \u00e0 \u00ab\u00a0ne rien l\u00e2cher\u00a0\u00bb m\u00eame face \u00e0 l&rsquo;adversit\u00e9, un trait de caract\u00e8re que l&rsquo;actrice de \u00ab\u00a0Capitaine Marleau\u00a0\u00bb semble partager pleinement. Corinne Masiero est elle-m\u00eame une figure engag\u00e9e, notamment sur les questions politiques de gauche et le f\u00e9minisme.<\/p>\n<p>Ce moment de t\u00e9l\u00e9vision a ainsi mis en lumi\u00e8re une complicit\u00e9 inattendue entre les deux femmes, unies par un humour d\u00e9capant et une vision du monde sans concession. Elles ont su transformer un direct t\u00e9l\u00e9visuel en une tribune pour leur libert\u00e9 d&rsquo;expression, laissant un Michel Drucker charm\u00e9, mais l\u00e9g\u00e8rement d\u00e9pass\u00e9 par tant de spontan\u00e9it\u00e9.<\/p>\n<h2>Conclusion<\/h2>\n<p>La s\u00e9quence impliquant Lio et Corinne Masiero sur le canap\u00e9 rouge de Michel Drucker restera sans doute comme un moment marquant de la t\u00e9l\u00e9vision r\u00e9cente. Loin des discours polic\u00e9s, les deux artistes ont offert une bouff\u00e9e d&rsquo;air frais, d\u00e9montrant qu&rsquo;il est possible d&rsquo;aborder des sujets avec l\u00e9g\u00e8ret\u00e9 tout en affirmant des convictions profondes. Cet \u00e9change, au-del\u00e0 de sa nature surprenante, a soulign\u00e9 la force de caract\u00e8re et l&rsquo;engagement f\u00e9ministe de ces deux figures embl\u00e9matiques, prouvant que l&rsquo;authenticit\u00e9 et le franc-parler peuvent toujours faire mouche, m\u00eame sur un plateau de t\u00e9l\u00e9vision aussi institutionnel que \u00ab\u00a0Vivement dimanche\u00a0\u00bb.<\/p>\n","protected":false},"excerpt":{"rendered":"<p>Un moment de t\u00e9l\u00e9vision inattendu a r\u00e9cemment anim\u00e9 le plateau de \u00ab\u00a0Vivement dimanche\u00a0\u00bb, l&rsquo;\u00e9mission embl\u00e9matique pr\u00e9sent\u00e9e par Michel Drucker. L&rsquo;animateur, pourtant habitu\u00e9 aux rebondissements et aux personnalit\u00e9s fortes, s&rsquo;est retrouv\u00e9 visiblement d\u00e9pass\u00e9 par la spontan\u00e9it\u00e9 et le franc-parler de ses invit\u00e9es, Lio et Corinne Masiero. Leur \u00e9change, marqu\u00e9 par une phrase d\u00e9sormais culte, a offert [&hellip;]<\/p>\n","protected":false},"author":4,"featured_media":46858,"comment_status":"open","ping_status":"open","sticky":false,"template":"","format":"standard","meta":{"_yoast_wpseo_title":"\"On a des beaux clitoris toutes les deux\" : Michel Drucker d\u00e9pass\u00e9 par Lio et Corinne Masiero intenables sur son canap\u00e9 rouge","_yoast_wpseo_metadesc":"","_yoast_wpseo_focuskw":"Lio"},"categories":[5],"tags":[],"class_list":["post-46859","post","type-post","status-publish","format-standard","has-post-thumbnail","hentry","category-divertissement"],"yoast_head":"<!-- This site is optimized with the Yoast SEO plugin v26.3 - https:\/\/yoast.com\/wordpress\/plugins\/seo\/ -->\n<title>&quot;On a des beaux clitoris toutes les deux&quot; : Michel Drucker d\u00e9pass\u00e9 par Lio et Corinne Masiero intenables sur son canap\u00e9 rouge<\/title>\n<meta name=\"robots\" content=\"index, follow, max-snippet:-1, max-image-preview:large, max-video-preview:-1\" \/>\n<link rel=\"canonical\" href=\"https:\/\/elukelele.com\/fr\/divertissement\/lio-et-corinne-masiero-le-clash-qui-a-choque-drucker\/\" \/>\n<meta property=\"og:locale\" content=\"fr_FR\" \/>\n<meta property=\"og:type\" content=\"article\" \/>\n<meta property=\"og:title\" content=\"&quot;On a des beaux clitoris toutes les deux&quot; : Michel Drucker d\u00e9pass\u00e9 par Lio et Corinne Masiero intenables sur son canap\u00e9 rouge\" \/>\n<meta property=\"og:description\" content=\"Un moment de t\u00e9l\u00e9vision inattendu a r\u00e9cemment anim\u00e9 le plateau de \u00ab\u00a0Vivement dimanche\u00a0\u00bb, l&rsquo;\u00e9mission embl\u00e9matique pr\u00e9sent\u00e9e par Michel Drucker. L&rsquo;animateur, pourtant habitu\u00e9 aux rebondissements et aux personnalit\u00e9s fortes, s&rsquo;est retrouv\u00e9 visiblement d\u00e9pass\u00e9 par la spontan\u00e9it\u00e9 et le franc-parler de ses invit\u00e9es, Lio et Corinne Masiero. Leur \u00e9change, marqu\u00e9 par une phrase d\u00e9sormais culte, a offert [&hellip;]\" \/>\n<meta property=\"og:url\" content=\"https:\/\/elukelele.com\/fr\/divertissement\/lio-et-corinne-masiero-le-clash-qui-a-choque-drucker\/\" \/>\n<meta property=\"og:site_name\" content=\"El Ukelele\" \/>\n<meta property=\"article:published_time\" content=\"2025-12-01T09:05:15+00:00\" \/>\n<meta property=\"article:modified_time\" content=\"2025-12-01T09:05:16+00:00\" \/>\n<meta property=\"og:image\" content=\"https:\/\/elukelele.com\/fr\/wp-content\/uploads\/2025\/12\/framed_only-11.png\" \/>\n\t<meta property=\"og:image:width\" content=\"1200\" \/>\n\t<meta property=\"og:image:height\" content=\"628\" \/>\n\t<meta property=\"og:image:type\" content=\"image\/png\" \/>\n<meta name=\"author\" content=\"Daniel Perrin\" \/>\n<meta name=\"twitter:card\" content=\"summary_large_image\" \/>\n<meta name=\"twitter:label1\" content=\"\u00c9crit par\" \/>\n\t<meta name=\"twitter:data1\" content=\"Daniel Perrin\" \/>\n\t<meta name=\"twitter:label2\" content=\"Dur\u00e9e de lecture estim\u00e9e\" \/>\n\t<meta name=\"twitter:data2\" content=\"4 minutes\" \/>\n<script type=\"application\/ld+json\" class=\"yoast-schema-graph\">{\"@context\":\"https:\/\/schema.org\",\"@graph\":[{\"@type\":\"WebPage\",\"@id\":\"https:\/\/elukelele.com\/fr\/divertissement\/lio-et-corinne-masiero-le-clash-qui-a-choque-drucker\/\",\"url\":\"https:\/\/elukelele.com\/fr\/divertissement\/lio-et-corinne-masiero-le-clash-qui-a-choque-drucker\/\",\"name\":\"\\\"On a des beaux clitoris toutes les deux\\\" : Michel Drucker d\u00e9pass\u00e9 par Lio et Corinne Masiero intenables sur son canap\u00e9 rouge\",\"isPartOf\":{\"@id\":\"https:\/\/elukelele.com\/fr\/#website\"},\"primaryImageOfPage\":{\"@id\":\"https:\/\/elukelele.com\/fr\/divertissement\/lio-et-corinne-masiero-le-clash-qui-a-choque-drucker\/#primaryimage\"},\"image\":{\"@id\":\"https:\/\/elukelele.com\/fr\/divertissement\/lio-et-corinne-masiero-le-clash-qui-a-choque-drucker\/#primaryimage\"},\"thumbnailUrl\":\"https:\/\/elukelele.com\/fr\/wp-content\/uploads\/2025\/12\/framed_only-11.png\",\"datePublished\":\"2025-12-01T09:05:15+00:00\",\"dateModified\":\"2025-12-01T09:05:16+00:00\",\"author\":{\"@id\":\"https:\/\/elukelele.com\/fr\/#\/schema\/person\/ccfb3d2be2ec7fa389608eb6da0b38d6\"},\"breadcrumb\":{\"@id\":\"https:\/\/elukelele.com\/fr\/divertissement\/lio-et-corinne-masiero-le-clash-qui-a-choque-drucker\/#breadcrumb\"},\"inLanguage\":\"fr-FR\",\"potentialAction\":[{\"@type\":\"ReadAction\",\"target\":[\"https:\/\/elukelele.com\/fr\/divertissement\/lio-et-corinne-masiero-le-clash-qui-a-choque-drucker\/\"]}]},{\"@type\":\"ImageObject\",\"inLanguage\":\"fr-FR\",\"@id\":\"https:\/\/elukelele.com\/fr\/divertissement\/lio-et-corinne-masiero-le-clash-qui-a-choque-drucker\/#primaryimage\",\"url\":\"https:\/\/elukelele.com\/fr\/wp-content\/uploads\/2025\/12\/framed_only-11.png\",\"contentUrl\":\"https:\/\/elukelele.com\/fr\/wp-content\/uploads\/2025\/12\/framed_only-11.png\",\"width\":1200,\"height\":628,\"caption\":\"Lio\"},{\"@type\":\"BreadcrumbList\",\"@id\":\"https:\/\/elukelele.com\/fr\/divertissement\/lio-et-corinne-masiero-le-clash-qui-a-choque-drucker\/#breadcrumb\",\"itemListElement\":[{\"@type\":\"ListItem\",\"position\":1,\"name\":\"Home\",\"item\":\"https:\/\/elukelele.com\/fr\/\"},{\"@type\":\"ListItem\",\"position\":2,\"name\":\"Lio et Corinne Masiero : le clash qui a choqu\u00e9 Drucker\"}]},{\"@type\":\"WebSite\",\"@id\":\"https:\/\/elukelele.com\/fr\/#website\",\"url\":\"https:\/\/elukelele.com\/fr\/\",\"name\":\"El Ukelele\",\"description\":\"Musique au-del\u00e0 de l&#039;indie\",\"potentialAction\":[{\"@type\":\"SearchAction\",\"target\":{\"@type\":\"EntryPoint\",\"urlTemplate\":\"https:\/\/elukelele.com\/fr\/?s={search_term_string}\"},\"query-input\":{\"@type\":\"PropertyValueSpecification\",\"valueRequired\":true,\"valueName\":\"search_term_string\"}}],\"inLanguage\":\"fr-FR\"},{\"@type\":\"Person\",\"@id\":\"https:\/\/elukelele.com\/fr\/#\/schema\/person\/ccfb3d2be2ec7fa389608eb6da0b38d6\",\"name\":\"Daniel Perrin\",\"image\":{\"@type\":\"ImageObject\",\"inLanguage\":\"fr-FR\",\"@id\":\"https:\/\/elukelele.com\/fr\/#\/schema\/person\/image\/\",\"url\":\"https:\/\/secure.gravatar.com\/avatar\/37f9d9ffa29ce5640a0d9c6ca8bbd90afb854014296ecaa0e3a558ac716e6fe4?s=96&d=mm&r=g\",\"contentUrl\":\"https:\/\/secure.gravatar.com\/avatar\/37f9d9ffa29ce5640a0d9c6ca8bbd90afb854014296ecaa0e3a558ac716e6fe4?s=96&d=mm&r=g\",\"caption\":\"Daniel Perrin\"},\"sameAs\":[\"https:\/\/elukelele.com\/fr\"],\"url\":\"https:\/\/elukelele.com\/fr\/author\/daniel-perrin\/\"}]}<\/script>\n<!-- \/ Yoast SEO plugin. -->","yoast_head_json":{"title":"\"On a des beaux clitoris toutes les deux\" : Michel Drucker d\u00e9pass\u00e9 par Lio et Corinne Masiero intenables sur son canap\u00e9 rouge","robots":{"index":"index","follow":"follow","max-snippet":"max-snippet:-1","max-image-preview":"max-image-preview:large","max-video-preview":"max-video-preview:-1"},"canonical":"https:\/\/elukelele.com\/fr\/divertissement\/lio-et-corinne-masiero-le-clash-qui-a-choque-drucker\/","og_locale":"fr_FR","og_type":"article","og_title":"\"On a des beaux clitoris toutes les deux\" : Michel Drucker d\u00e9pass\u00e9 par Lio et Corinne Masiero intenables sur son canap\u00e9 rouge","og_description":"Un moment de t\u00e9l\u00e9vision inattendu a r\u00e9cemment anim\u00e9 le plateau de \u00ab\u00a0Vivement dimanche\u00a0\u00bb, l&rsquo;\u00e9mission embl\u00e9matique pr\u00e9sent\u00e9e par Michel Drucker. L&rsquo;animateur, pourtant habitu\u00e9 aux rebondissements et aux personnalit\u00e9s fortes, s&rsquo;est retrouv\u00e9 visiblement d\u00e9pass\u00e9 par la spontan\u00e9it\u00e9 et le franc-parler de ses invit\u00e9es, Lio et Corinne Masiero. Leur \u00e9change, marqu\u00e9 par une phrase d\u00e9sormais culte, a offert [&hellip;]","og_url":"https:\/\/elukelele.com\/fr\/divertissement\/lio-et-corinne-masiero-le-clash-qui-a-choque-drucker\/","og_site_name":"El Ukelele","article_published_time":"2025-12-01T09:05:15+00:00","article_modified_time":"2025-12-01T09:05:16+00:00","og_image":[{"width":1200,"height":628,"url":"https:\/\/elukelele.com\/fr\/wp-content\/uploads\/2025\/12\/framed_only-11.png","type":"image\/png"}],"author":"Daniel Perrin","twitter_card":"summary_large_image","twitter_misc":{"\u00c9crit par":"Daniel Perrin","Dur\u00e9e de lecture estim\u00e9e":"4 minutes"},"schema":{"@context":"https:\/\/schema.org","@graph":[{"@type":"WebPage","@id":"https:\/\/elukelele.com\/fr\/divertissement\/lio-et-corinne-masiero-le-clash-qui-a-choque-drucker\/","url":"https:\/\/elukelele.com\/fr\/divertissement\/lio-et-corinne-masiero-le-clash-qui-a-choque-drucker\/","name":"\"On a des beaux clitoris toutes les deux\" : Michel Drucker d\u00e9pass\u00e9 par Lio et Corinne Masiero intenables sur son canap\u00e9 rouge","isPartOf":{"@id":"https:\/\/elukelele.com\/fr\/#website"},"primaryImageOfPage":{"@id":"https:\/\/elukelele.com\/fr\/divertissement\/lio-et-corinne-masiero-le-clash-qui-a-choque-drucker\/#primaryimage"},"image":{"@id":"https:\/\/elukelele.com\/fr\/divertissement\/lio-et-corinne-masiero-le-clash-qui-a-choque-drucker\/#primaryimage"},"thumbnailUrl":"https:\/\/elukelele.com\/fr\/wp-content\/uploads\/2025\/12\/framed_only-11.png","datePublished":"2025-12-01T09:05:15+00:00","dateModified":"2025-12-01T09:05:16+00:00","author":{"@id":"https:\/\/elukelele.com\/fr\/#\/schema\/person\/ccfb3d2be2ec7fa389608eb6da0b38d6"},"breadcrumb":{"@id":"https:\/\/elukelele.com\/fr\/divertissement\/lio-et-corinne-masiero-le-clash-qui-a-choque-drucker\/#breadcrumb"},"inLanguage":"fr-FR","potentialAction":[{"@type":"ReadAction","target":["https:\/\/elukelele.com\/fr\/divertissement\/lio-et-corinne-masiero-le-clash-qui-a-choque-drucker\/"]}]},{"@type":"ImageObject","inLanguage":"fr-FR","@id":"https:\/\/elukelele.com\/fr\/divertissement\/lio-et-corinne-masiero-le-clash-qui-a-choque-drucker\/#primaryimage","url":"https:\/\/elukelele.com\/fr\/wp-content\/uploads\/2025\/12\/framed_only-11.png","contentUrl":"https:\/\/elukelele.com\/fr\/wp-content\/uploads\/2025\/12\/framed_only-11.png","width":1200,"height":628,"caption":"Lio"},{"@type":"BreadcrumbList","@id":"https:\/\/elukelele.com\/fr\/divertissement\/lio-et-corinne-masiero-le-clash-qui-a-choque-drucker\/#breadcrumb","itemListElement":[{"@type":"ListItem","position":1,"name":"Home","item":"https:\/\/elukelele.com\/fr\/"},{"@type":"ListItem","position":2,"name":"Lio et Corinne Masiero : le clash qui a choqu\u00e9 Drucker"}]},{"@type":"WebSite","@id":"https:\/\/elukelele.com\/fr\/#website","url":"https:\/\/elukelele.com\/fr\/","name":"El Ukelele","description":"Musique au-del\u00e0 de l&#039;indie","potentialAction":[{"@type":"SearchAction","target":{"@type":"EntryPoint","urlTemplate":"https:\/\/elukelele.com\/fr\/?s={search_term_string}"},"query-input":{"@type":"PropertyValueSpecification","valueRequired":true,"valueName":"search_term_string"}}],"inLanguage":"fr-FR"},{"@type":"Person","@id":"https:\/\/elukelele.com\/fr\/#\/schema\/person\/ccfb3d2be2ec7fa389608eb6da0b38d6","name":"Daniel Perrin","image":{"@type":"ImageObject","inLanguage":"fr-FR","@id":"https:\/\/elukelele.com\/fr\/#\/schema\/person\/image\/","url":"https:\/\/secure.gravatar.com\/avatar\/37f9d9ffa29ce5640a0d9c6ca8bbd90afb854014296ecaa0e3a558ac716e6fe4?s=96&d=mm&r=g","contentUrl":"https:\/\/secure.gravatar.com\/avatar\/37f9d9ffa29ce5640a0d9c6ca8bbd90afb854014296ecaa0e3a558ac716e6fe4?s=96&d=mm&r=g","caption":"Daniel Perrin"},"sameAs":["https:\/\/elukelele.com\/fr"],"url":"https:\/\/elukelele.com\/fr\/author\/daniel-perrin\/"}]}},"_links":{"self":[{"href":"https:\/\/elukelele.com\/fr\/wp-json\/wp\/v2\/posts\/46859","targetHints":{"allow":["GET"]}}],"collection":[{"href":"https:\/\/elukelele.com\/fr\/wp-json\/wp\/v2\/posts"}],"about":[{"href":"https:\/\/elukelele.com\/fr\/wp-json\/wp\/v2\/types\/post"}],"author":[{"embeddable":true,"href":"https:\/\/elukelele.com\/fr\/wp-json\/wp\/v2\/users\/4"}],"replies":[{"embeddable":true,"href":"https:\/\/elukelele.com\/fr\/wp-json\/wp\/v2\/comments?post=46859"}],"version-history":[{"count":1,"href":"https:\/\/elukelele.com\/fr\/wp-json\/wp\/v2\/posts\/46859\/revisions"}],"predecessor-version":[{"id":46933,"href":"https:\/\/elukelele.com\/fr\/wp-json\/wp\/v2\/posts\/46859\/revisions\/46933"}],"wp:featuredmedia":[{"embeddable":true,"href":"https:\/\/elukelele.com\/fr\/wp-json\/wp\/v2\/media\/46858"}],"wp:attachment":[{"href":"https:\/\/elukelele.com\/fr\/wp-json\/wp\/v2\/media?parent=46859"}],"wp:term":[{"taxonomy":"category","embeddable":true,"href":"https:\/\/elukelele.com\/fr\/wp-json\/wp\/v2\/categories?post=46859"},{"taxonomy":"post_tag","embeddable":true,"href":"https:\/\/elukelele.com\/fr\/wp-json\/wp\/v2\/tags?post=46859"}],"curies":[{"name":"wp","href":"https:\/\/api.w.org\/{rel}","templated":true}]}}