{"id":46831,"date":"2025-12-01T05:07:44","date_gmt":"2025-12-01T05:07:44","guid":{"rendered":"https:\/\/elukelele.com\/fr\/?p=46831"},"modified":"2025-12-01T05:07:45","modified_gmt":"2025-12-01T05:07:45","slug":"tina-arena-victor-un-duo-star-academy-inoubliable","status":"publish","type":"post","link":"https:\/\/elukelele.com\/fr\/divertissement\/tina-arena-victor-un-duo-star-academy-inoubliable\/","title":{"rendered":"Tina Arena &amp; Victor : Un duo Star Academy inoubliable"},"content":{"rendered":"<h1 class=\"wp-block-heading\">Un Duo Envo\u00fbtant : Tina Arena et Victor Captivent le C\u0153ur des Fans et du Jury<\/h1>\n<p>La sc\u00e8ne d&rsquo;un c\u00e9l\u00e8bre t\u00e9l\u00e9-crochet est souvent le th\u00e9\u00e2tre de moments intenses, mais certains duos parviennent \u00e0 transcender l&rsquo;attente pour cr\u00e9er une v\u00e9ritable magie. R\u00e9cemment, l&rsquo;\u00e9mission Star Academy, diffus\u00e9e sur TF1, a offert au public et aux jur\u00e9s une performance particuli\u00e8rement \u00e9mouvante. Le candidat Victor a eu le privil\u00e8ge de partager la sc\u00e8ne avec l&rsquo;ic\u00f4ne de la chanson, Tina Arena, livrant une interpr\u00e9tation qui a non seulement captiv\u00e9, mais aussi profond\u00e9ment touch\u00e9 les spectateurs et les professionnels du milieu.<\/p>\n<p>Leur prestation sur le titre embl\u00e9matique \u00ab\u00a0I Want to Spend My Lifetime Loving You\u00a0\u00bb, tir\u00e9 de la bande originale du film <em>La L\u00e9gende de Zorro<\/em>, a illustr\u00e9 une connexion artistique rare, transformant le plateau en un espace d&rsquo;\u00e9motion pure et sinc\u00e8re. Ce moment est rapidement devenu un sujet de conversation, soulignant \u00e0 quel point <strong>Tina Arena et Victor ont captiv\u00e9 le c\u0153ur des fans et du jury<\/strong>, marquant les esprits bien au-del\u00e0 de la comp\u00e9tition.<\/p>\n<h2 class=\"wp-block-heading\">Une Alchimie Sc\u00e9nique Inoubliable<\/h2>\n<p>Le duo form\u00e9 par Victor et Tina Arena a \u00e9t\u00e9 un point culminant de la soir\u00e9e. D\u00e8s les premi\u00e8res notes, l&rsquo;harmonie de leurs voix a cr\u00e9\u00e9 une atmosph\u00e8re palpable d&rsquo;intimit\u00e9 et de profondeur. Tina Arena, artiste aguerrie de 58 ans, n&rsquo;a pas cach\u00e9 son \u00e9motion face \u00e0 cette collaboration. Apr\u00e8s leur interpr\u00e9tation, ses commentaires ont r\u00e9sonn\u00e9 avec une sinc\u00e9rit\u00e9 rare, t\u00e9moignant d&rsquo;une connexion au-del\u00e0 de la simple performance vocale. \u00ab J&rsquo;ai eu plusieurs exp\u00e9riences artistiques au cours de ma carri\u00e8re. Parfois, l&rsquo;alchimie fonctionne, parfois non, mais avec toi, Victor\u2026 Mon c\u0153ur bat comme jamais. Tu es vraiment fabuleux \u00bb, a-t-elle d\u00e9clar\u00e9, visiblement touch\u00e9e.<\/p>\n<p>Cette r\u00e9action a mis en lumi\u00e8re la puissance de leur \u00e9change, d\u00e9montrant comment un duo peut v\u00e9ritablement envo\u00fbter une audience. L&rsquo;\u00e9motion de la chanteuse australienne a \u00e9t\u00e9 partag\u00e9e par le public et a \u00e9galement impressionn\u00e9 les membres du jury, saluant l&rsquo;authenticit\u00e9 et la qualit\u00e9 de ce moment musical.<\/p>\n<h2 class=\"wp-block-heading\">L&rsquo;\u00c9motion au C\u0153ur de la Performance<\/h2>\n<p>Au-del\u00e0 de la technique vocale irr\u00e9prochable, ce qui a v\u00e9ritablement distingu\u00e9 ce duo, c&rsquo;est la charge \u00e9motionnelle qu&rsquo;il a port\u00e9e. Tina Arena, dont la carri\u00e8re est jalonn\u00e9e de succ\u00e8s internationaux, a soulign\u00e9 l&rsquo;impact de Victor sur sc\u00e8ne, \u00e9voquant un sentiment profond et une rare alchimie. Ces paroles, venant d&rsquo;une artiste de son calibre, repr\u00e9sentent un t\u00e9moignage puissant du talent et du potentiel de Victor.<\/p>\n<p>La chanteuse a \u00e9galement saisi l&rsquo;occasion de remercier chaleureusement toute l&rsquo;\u00e9quipe de production de l&rsquo;\u00e9mission. \u00ab Je suis impressionn\u00e9e par votre professionnalisme. Vous cr\u00e9ez quelque chose de sp\u00e9cial ici, mes f\u00e9licitations \u00e0 tous : les musiciens, toi Nikos, et bien s\u00fbr, toi Victor. Les t\u00e9l\u00e9spectateurs, vous \u00eates incroyables \u00bb, a-t-elle affirm\u00e9, reconnaissant ainsi le travail collectif qui contribue \u00e0 la magie de chaque prime.<\/p>\n<p>Des images des coulisses, partag\u00e9es par la production, ont r\u00e9v\u00e9l\u00e9 des moments pr\u00e9cieux o\u00f9 Tina Arena prodiguait des conseils \u00e0 Victor, qui a consid\u00e9r\u00e9 cette opportunit\u00e9 comme un immense privil\u00e8ge. Ces interactions en amont de la performance ont sans doute contribu\u00e9 \u00e0 renforcer leur synergie sur sc\u00e8ne, offrant aux t\u00e9l\u00e9spectateurs un aper\u00e7u de la g\u00e9n\u00e9rosit\u00e9 artistique et du mentorat qui peut \u00e9merger dans de tels contextes.<\/p>\n<h2 class=\"wp-block-heading\">Le Contexte de la Star Academy : Entre \u00c9motions et Comp\u00e9tition<\/h2>\n<p>Cette soir\u00e9e m\u00e9morable s&rsquo;inscrivait \u00e9galement dans la dynamique comp\u00e9titive de la Star Academy. Au cours du m\u00eame \u00e9pisode, Th\u00e9o a malheureusement \u00e9t\u00e9 \u00e9limin\u00e9, tandis que Lily a \u00e9t\u00e9 sauv\u00e9e par le vote de ses camarades. Jeanne et L\u00e9o, quant \u00e0 eux, ont pu poursuivre l&rsquo;aventure gr\u00e2ce au soutien ind\u00e9fectible du public.<\/p>\n<p>Ces rebondissements sont intrins\u00e8ques \u00e0 l&rsquo;\u00e9mission et ajoutent une couche de tension et d&rsquo;\u00e9motion au spectacle. Le prochain prime est d&rsquo;ores et d\u00e9j\u00e0 annonc\u00e9 pour le vendredi 5 d\u00e9cembre, TF1 ayant d\u00e9lib\u00e9r\u00e9ment choisi de ne pas diffuser l&rsquo;\u00e9mission le samedi 6 d\u00e9cembre en raison de l&rsquo;\u00e9lection de Miss France.<\/p>\n<h2 class=\"wp-block-heading\">Points Cl\u00e9s de cette Soir\u00e9e M\u00e9morable<\/h2>\n<ul>\n<li><strong>Duo \u00c9mouvant :<\/strong> La collaboration entre Tina Arena et Victor sur \u00ab\u00a0I Want to Spend My Lifetime Loving You\u00a0\u00bb a \u00e9t\u00e9 un m\u00e9lange harmonieux de voix et de styles, cr\u00e9ant un moment inoubliable pour les fans.<\/li>\n<li><strong>\u00c9motions \u00e0 Fleur de Peau :<\/strong> Tina Arena a exprim\u00e9 sa profonde \u00e9motion et son admiration pour Victor, soulignant l&rsquo;alchimie unique de leur performance.<\/li>\n<li><strong>Reconnaissance de l&rsquo;\u00c9quipe :<\/strong> L&rsquo;artiste a tenu \u00e0 saluer le professionnalisme et le travail de l&rsquo;ensemble de la production, des musiciens \u00e0 l&rsquo;animateur, en passant par les techniciens.<\/li>\n<li><strong>Coulisses R\u00e9v\u00e9l\u00e9es :<\/strong> Les moments de pr\u00e9paration en arri\u00e8re-sc\u00e8ne, o\u00f9 Tina partageait ses conseils avec Victor, ont enrichi la perception du public sur la collaboration.<\/li>\n<li><strong>Dynamique de Comp\u00e9tition :<\/strong> L&rsquo;\u00e9pisode a \u00e9galement \u00e9t\u00e9 marqu\u00e9 par l&rsquo;\u00e9limination de Th\u00e9o et les sauvetages de Lily, Jeanne et L\u00e9o, rappelant l&rsquo;enjeu de la comp\u00e9tition.<\/li>\n<li><strong>Prochain Rendez-vous :<\/strong> Le prochain prime est fix\u00e9 au vendredi, anticipant de nouvelles surprises et performances.<\/li>\n<\/ul>\n<h2 class=\"wp-block-heading\">Conclusion<\/h2>\n<p>L&rsquo;interpr\u00e9tation de Tina Arena et Victor restera sans doute grav\u00e9e comme l&rsquo;un des moments forts de cette saison de la Star Academy. Ce duo envo\u00fbtant a non seulement d\u00e9montr\u00e9 la force de la connexion \u00e9motionnelle en musique, mais a \u00e9galement rappel\u00e9 l&rsquo;impact puissant que des performances authentiques peuvent avoir sur un public et un jury. Un tel \u00e9v\u00e9nement souligne la capacit\u00e9 des t\u00e9l\u00e9-crochets \u00e0 cr\u00e9er des instants d&rsquo;exception, o\u00f9 le talent brut rencontre l&rsquo;exp\u00e9rience, pour le plus grand plaisir des t\u00e9l\u00e9spectateurs.<\/p>\n","protected":false},"excerpt":{"rendered":"<p>Un Duo Envo\u00fbtant : Tina Arena et Victor Captivent le C\u0153ur des Fans et du Jury La sc\u00e8ne d&rsquo;un c\u00e9l\u00e8bre t\u00e9l\u00e9-crochet est souvent le th\u00e9\u00e2tre de moments intenses, mais certains duos parviennent \u00e0 transcender l&rsquo;attente pour cr\u00e9er une v\u00e9ritable magie. R\u00e9cemment, l&rsquo;\u00e9mission Star Academy, diffus\u00e9e sur TF1, a offert au public et aux jur\u00e9s une [&hellip;]<\/p>\n","protected":false},"author":4,"featured_media":46830,"comment_status":"open","ping_status":"open","sticky":false,"template":"","format":"standard","meta":{"_yoast_wpseo_title":"Tina Arena & Victor: Duo Star Academy - \u00c9motion & Succ\u00e8s","_yoast_wpseo_metadesc":"D\u00e9couvrez la performance inoubliable de Tina Arena et Victor \u00e0 Star Academy. Leur duo sur \"I Want to Spend My Lifetime Loving You\".","_yoast_wpseo_focuskw":"Tina"},"categories":[5],"tags":[],"class_list":["post-46831","post","type-post","status-publish","format-standard","has-post-thumbnail","hentry","category-divertissement"],"yoast_head":"<!-- This site is optimized with the Yoast SEO plugin v26.3 - https:\/\/yoast.com\/wordpress\/plugins\/seo\/ -->\n<title>Tina Arena &amp; Victor: Duo Star Academy - \u00c9motion &amp; Succ\u00e8s<\/title>\n<meta name=\"description\" content=\"D\u00e9couvrez la performance inoubliable de Tina Arena et Victor \u00e0 Star Academy. Leur duo sur &quot;I Want to Spend My Lifetime Loving You&quot;.\" \/>\n<meta name=\"robots\" content=\"index, follow, max-snippet:-1, max-image-preview:large, max-video-preview:-1\" \/>\n<link rel=\"canonical\" href=\"https:\/\/elukelele.com\/fr\/divertissement\/tina-arena-victor-un-duo-star-academy-inoubliable\/\" \/>\n<meta property=\"og:locale\" content=\"fr_FR\" \/>\n<meta property=\"og:type\" content=\"article\" \/>\n<meta property=\"og:title\" content=\"Tina Arena &amp; Victor: Duo Star Academy - \u00c9motion &amp; Succ\u00e8s\" \/>\n<meta property=\"og:description\" content=\"D\u00e9couvrez la performance inoubliable de Tina Arena et Victor \u00e0 Star Academy. Leur duo sur &quot;I Want to Spend My Lifetime Loving You&quot;.\" \/>\n<meta property=\"og:url\" content=\"https:\/\/elukelele.com\/fr\/divertissement\/tina-arena-victor-un-duo-star-academy-inoubliable\/\" \/>\n<meta property=\"og:site_name\" content=\"El Ukelele\" \/>\n<meta property=\"article:published_time\" content=\"2025-12-01T05:07:44+00:00\" \/>\n<meta property=\"article:modified_time\" content=\"2025-12-01T05:07:45+00:00\" \/>\n<meta property=\"og:image\" content=\"https:\/\/elukelele.com\/fr\/wp-content\/uploads\/2025\/11\/framed_only-1030.png\" \/>\n\t<meta property=\"og:image:width\" content=\"1200\" \/>\n\t<meta property=\"og:image:height\" content=\"628\" \/>\n\t<meta property=\"og:image:type\" content=\"image\/png\" \/>\n<meta name=\"author\" content=\"Daniel Perrin\" \/>\n<meta name=\"twitter:card\" content=\"summary_large_image\" \/>\n<meta name=\"twitter:label1\" content=\"\u00c9crit par\" \/>\n\t<meta name=\"twitter:data1\" content=\"Daniel Perrin\" \/>\n\t<meta name=\"twitter:label2\" content=\"Dur\u00e9e de lecture estim\u00e9e\" \/>\n\t<meta name=\"twitter:data2\" content=\"5 minutes\" \/>\n<script type=\"application\/ld+json\" class=\"yoast-schema-graph\">{\"@context\":\"https:\/\/schema.org\",\"@graph\":[{\"@type\":\"WebPage\",\"@id\":\"https:\/\/elukelele.com\/fr\/divertissement\/tina-arena-victor-un-duo-star-academy-inoubliable\/\",\"url\":\"https:\/\/elukelele.com\/fr\/divertissement\/tina-arena-victor-un-duo-star-academy-inoubliable\/\",\"name\":\"Tina Arena & Victor: Duo Star Academy - \u00c9motion & Succ\u00e8s\",\"isPartOf\":{\"@id\":\"https:\/\/elukelele.com\/fr\/#website\"},\"primaryImageOfPage\":{\"@id\":\"https:\/\/elukelele.com\/fr\/divertissement\/tina-arena-victor-un-duo-star-academy-inoubliable\/#primaryimage\"},\"image\":{\"@id\":\"https:\/\/elukelele.com\/fr\/divertissement\/tina-arena-victor-un-duo-star-academy-inoubliable\/#primaryimage\"},\"thumbnailUrl\":\"https:\/\/elukelele.com\/fr\/wp-content\/uploads\/2025\/11\/framed_only-1030.png\",\"datePublished\":\"2025-12-01T05:07:44+00:00\",\"dateModified\":\"2025-12-01T05:07:45+00:00\",\"author\":{\"@id\":\"https:\/\/elukelele.com\/fr\/#\/schema\/person\/ccfb3d2be2ec7fa389608eb6da0b38d6\"},\"description\":\"D\u00e9couvrez la performance inoubliable de Tina Arena et Victor \u00e0 Star Academy. Leur duo sur \\\"I Want to Spend My Lifetime Loving You\\\".\",\"breadcrumb\":{\"@id\":\"https:\/\/elukelele.com\/fr\/divertissement\/tina-arena-victor-un-duo-star-academy-inoubliable\/#breadcrumb\"},\"inLanguage\":\"fr-FR\",\"potentialAction\":[{\"@type\":\"ReadAction\",\"target\":[\"https:\/\/elukelele.com\/fr\/divertissement\/tina-arena-victor-un-duo-star-academy-inoubliable\/\"]}]},{\"@type\":\"ImageObject\",\"inLanguage\":\"fr-FR\",\"@id\":\"https:\/\/elukelele.com\/fr\/divertissement\/tina-arena-victor-un-duo-star-academy-inoubliable\/#primaryimage\",\"url\":\"https:\/\/elukelele.com\/fr\/wp-content\/uploads\/2025\/11\/framed_only-1030.png\",\"contentUrl\":\"https:\/\/elukelele.com\/fr\/wp-content\/uploads\/2025\/11\/framed_only-1030.png\",\"width\":1200,\"height\":628,\"caption\":\"Tina\"},{\"@type\":\"BreadcrumbList\",\"@id\":\"https:\/\/elukelele.com\/fr\/divertissement\/tina-arena-victor-un-duo-star-academy-inoubliable\/#breadcrumb\",\"itemListElement\":[{\"@type\":\"ListItem\",\"position\":1,\"name\":\"Home\",\"item\":\"https:\/\/elukelele.com\/fr\/\"},{\"@type\":\"ListItem\",\"position\":2,\"name\":\"Tina Arena &amp; Victor : Un duo Star Academy inoubliable\"}]},{\"@type\":\"WebSite\",\"@id\":\"https:\/\/elukelele.com\/fr\/#website\",\"url\":\"https:\/\/elukelele.com\/fr\/\",\"name\":\"El Ukelele\",\"description\":\"Musique au-del\u00e0 de l&#039;indie\",\"potentialAction\":[{\"@type\":\"SearchAction\",\"target\":{\"@type\":\"EntryPoint\",\"urlTemplate\":\"https:\/\/elukelele.com\/fr\/?s={search_term_string}\"},\"query-input\":{\"@type\":\"PropertyValueSpecification\",\"valueRequired\":true,\"valueName\":\"search_term_string\"}}],\"inLanguage\":\"fr-FR\"},{\"@type\":\"Person\",\"@id\":\"https:\/\/elukelele.com\/fr\/#\/schema\/person\/ccfb3d2be2ec7fa389608eb6da0b38d6\",\"name\":\"Daniel Perrin\",\"image\":{\"@type\":\"ImageObject\",\"inLanguage\":\"fr-FR\",\"@id\":\"https:\/\/elukelele.com\/fr\/#\/schema\/person\/image\/\",\"url\":\"https:\/\/secure.gravatar.com\/avatar\/37f9d9ffa29ce5640a0d9c6ca8bbd90afb854014296ecaa0e3a558ac716e6fe4?s=96&d=mm&r=g\",\"contentUrl\":\"https:\/\/secure.gravatar.com\/avatar\/37f9d9ffa29ce5640a0d9c6ca8bbd90afb854014296ecaa0e3a558ac716e6fe4?s=96&d=mm&r=g\",\"caption\":\"Daniel Perrin\"},\"sameAs\":[\"https:\/\/elukelele.com\/fr\"],\"url\":\"https:\/\/elukelele.com\/fr\/author\/daniel-perrin\/\"}]}<\/script>\n<!-- \/ Yoast SEO plugin. -->","yoast_head_json":{"title":"Tina Arena & Victor: Duo Star Academy - \u00c9motion & Succ\u00e8s","description":"D\u00e9couvrez la performance inoubliable de Tina Arena et Victor \u00e0 Star Academy. Leur duo sur \"I Want to Spend My Lifetime Loving You\".","robots":{"index":"index","follow":"follow","max-snippet":"max-snippet:-1","max-image-preview":"max-image-preview:large","max-video-preview":"max-video-preview:-1"},"canonical":"https:\/\/elukelele.com\/fr\/divertissement\/tina-arena-victor-un-duo-star-academy-inoubliable\/","og_locale":"fr_FR","og_type":"article","og_title":"Tina Arena & Victor: Duo Star Academy - \u00c9motion & Succ\u00e8s","og_description":"D\u00e9couvrez la performance inoubliable de Tina Arena et Victor \u00e0 Star Academy. Leur duo sur \"I Want to Spend My Lifetime Loving You\".","og_url":"https:\/\/elukelele.com\/fr\/divertissement\/tina-arena-victor-un-duo-star-academy-inoubliable\/","og_site_name":"El Ukelele","article_published_time":"2025-12-01T05:07:44+00:00","article_modified_time":"2025-12-01T05:07:45+00:00","og_image":[{"width":1200,"height":628,"url":"https:\/\/elukelele.com\/fr\/wp-content\/uploads\/2025\/11\/framed_only-1030.png","type":"image\/png"}],"author":"Daniel Perrin","twitter_card":"summary_large_image","twitter_misc":{"\u00c9crit par":"Daniel Perrin","Dur\u00e9e de lecture estim\u00e9e":"5 minutes"},"schema":{"@context":"https:\/\/schema.org","@graph":[{"@type":"WebPage","@id":"https:\/\/elukelele.com\/fr\/divertissement\/tina-arena-victor-un-duo-star-academy-inoubliable\/","url":"https:\/\/elukelele.com\/fr\/divertissement\/tina-arena-victor-un-duo-star-academy-inoubliable\/","name":"Tina Arena & Victor: Duo Star Academy - \u00c9motion & Succ\u00e8s","isPartOf":{"@id":"https:\/\/elukelele.com\/fr\/#website"},"primaryImageOfPage":{"@id":"https:\/\/elukelele.com\/fr\/divertissement\/tina-arena-victor-un-duo-star-academy-inoubliable\/#primaryimage"},"image":{"@id":"https:\/\/elukelele.com\/fr\/divertissement\/tina-arena-victor-un-duo-star-academy-inoubliable\/#primaryimage"},"thumbnailUrl":"https:\/\/elukelele.com\/fr\/wp-content\/uploads\/2025\/11\/framed_only-1030.png","datePublished":"2025-12-01T05:07:44+00:00","dateModified":"2025-12-01T05:07:45+00:00","author":{"@id":"https:\/\/elukelele.com\/fr\/#\/schema\/person\/ccfb3d2be2ec7fa389608eb6da0b38d6"},"description":"D\u00e9couvrez la performance inoubliable de Tina Arena et Victor \u00e0 Star Academy. Leur duo sur \"I Want to Spend My Lifetime Loving You\".","breadcrumb":{"@id":"https:\/\/elukelele.com\/fr\/divertissement\/tina-arena-victor-un-duo-star-academy-inoubliable\/#breadcrumb"},"inLanguage":"fr-FR","potentialAction":[{"@type":"ReadAction","target":["https:\/\/elukelele.com\/fr\/divertissement\/tina-arena-victor-un-duo-star-academy-inoubliable\/"]}]},{"@type":"ImageObject","inLanguage":"fr-FR","@id":"https:\/\/elukelele.com\/fr\/divertissement\/tina-arena-victor-un-duo-star-academy-inoubliable\/#primaryimage","url":"https:\/\/elukelele.com\/fr\/wp-content\/uploads\/2025\/11\/framed_only-1030.png","contentUrl":"https:\/\/elukelele.com\/fr\/wp-content\/uploads\/2025\/11\/framed_only-1030.png","width":1200,"height":628,"caption":"Tina"},{"@type":"BreadcrumbList","@id":"https:\/\/elukelele.com\/fr\/divertissement\/tina-arena-victor-un-duo-star-academy-inoubliable\/#breadcrumb","itemListElement":[{"@type":"ListItem","position":1,"name":"Home","item":"https:\/\/elukelele.com\/fr\/"},{"@type":"ListItem","position":2,"name":"Tina Arena &amp; Victor : Un duo Star Academy inoubliable"}]},{"@type":"WebSite","@id":"https:\/\/elukelele.com\/fr\/#website","url":"https:\/\/elukelele.com\/fr\/","name":"El Ukelele","description":"Musique au-del\u00e0 de l&#039;indie","potentialAction":[{"@type":"SearchAction","target":{"@type":"EntryPoint","urlTemplate":"https:\/\/elukelele.com\/fr\/?s={search_term_string}"},"query-input":{"@type":"PropertyValueSpecification","valueRequired":true,"valueName":"search_term_string"}}],"inLanguage":"fr-FR"},{"@type":"Person","@id":"https:\/\/elukelele.com\/fr\/#\/schema\/person\/ccfb3d2be2ec7fa389608eb6da0b38d6","name":"Daniel Perrin","image":{"@type":"ImageObject","inLanguage":"fr-FR","@id":"https:\/\/elukelele.com\/fr\/#\/schema\/person\/image\/","url":"https:\/\/secure.gravatar.com\/avatar\/37f9d9ffa29ce5640a0d9c6ca8bbd90afb854014296ecaa0e3a558ac716e6fe4?s=96&d=mm&r=g","contentUrl":"https:\/\/secure.gravatar.com\/avatar\/37f9d9ffa29ce5640a0d9c6ca8bbd90afb854014296ecaa0e3a558ac716e6fe4?s=96&d=mm&r=g","caption":"Daniel Perrin"},"sameAs":["https:\/\/elukelele.com\/fr"],"url":"https:\/\/elukelele.com\/fr\/author\/daniel-perrin\/"}]}},"_links":{"self":[{"href":"https:\/\/elukelele.com\/fr\/wp-json\/wp\/v2\/posts\/46831","targetHints":{"allow":["GET"]}}],"collection":[{"href":"https:\/\/elukelele.com\/fr\/wp-json\/wp\/v2\/posts"}],"about":[{"href":"https:\/\/elukelele.com\/fr\/wp-json\/wp\/v2\/types\/post"}],"author":[{"embeddable":true,"href":"https:\/\/elukelele.com\/fr\/wp-json\/wp\/v2\/users\/4"}],"replies":[{"embeddable":true,"href":"https:\/\/elukelele.com\/fr\/wp-json\/wp\/v2\/comments?post=46831"}],"version-history":[{"count":1,"href":"https:\/\/elukelele.com\/fr\/wp-json\/wp\/v2\/posts\/46831\/revisions"}],"predecessor-version":[{"id":46835,"href":"https:\/\/elukelele.com\/fr\/wp-json\/wp\/v2\/posts\/46831\/revisions\/46835"}],"wp:featuredmedia":[{"embeddable":true,"href":"https:\/\/elukelele.com\/fr\/wp-json\/wp\/v2\/media\/46830"}],"wp:attachment":[{"href":"https:\/\/elukelele.com\/fr\/wp-json\/wp\/v2\/media?parent=46831"}],"wp:term":[{"taxonomy":"category","embeddable":true,"href":"https:\/\/elukelele.com\/fr\/wp-json\/wp\/v2\/categories?post=46831"},{"taxonomy":"post_tag","embeddable":true,"href":"https:\/\/elukelele.com\/fr\/wp-json\/wp\/v2\/tags?post=46831"}],"curies":[{"name":"wp","href":"https:\/\/api.w.org\/{rel}","templated":true}]}}