{"id":46750,"date":"2025-12-02T18:29:13","date_gmt":"2025-12-02T18:29:13","guid":{"rendered":"https:\/\/elukelele.com\/fr\/?p=46750"},"modified":"2025-12-02T18:29:14","modified_gmt":"2025-12-02T18:29:14","slug":"vous-navez-pas-le-droit-nagui-recadre-la-maestro-angelique","status":"publish","type":"post","link":"https:\/\/elukelele.com\/fr\/divertissement\/vous-navez-pas-le-droit-nagui-recadre-la-maestro-angelique\/","title":{"rendered":"\u00ab\u00a0Vous n\u2019avez pas le droit\u00a0!\u00a0\u00bb Nagui recadre la maestro Ang\u00e9lique"},"content":{"rendered":"<p>Le jeu t\u00e9l\u00e9vis\u00e9 musical \u00ab N&rsquo;oubliez pas les paroles \u00bb, diffus\u00e9 sur France 2 et anim\u00e9 par Nagui, est r\u00e9guli\u00e8rement le th\u00e9\u00e2tre de moments m\u00e9morables, qu&rsquo;ils soient \u00e9mouvants, dr\u00f4les ou inattendus. Le mercredi 26 novembre 2025, l&rsquo;\u00e9mission a \u00e9t\u00e9 marqu\u00e9e par une s\u00e9quence o\u00f9 l&rsquo;animateur a d\u00fb recadrer la maestro en titre, Ang\u00e9lique, suite \u00e0 des propos \u00e9chang\u00e9s avec un candidat. Cet \u00e9v\u00e9nement souligne la dynamique particuli\u00e8re de l&rsquo;\u00e9mission, o\u00f9 l&rsquo;interactivit\u00e9 entre Nagui et les participants est un \u00e9l\u00e9ment central du programme.<\/p>\n<h2>L&rsquo;incident qui a men\u00e9 au recadrage de la maestro Ang\u00e9lique<\/h2>\n<p>La tension est mont\u00e9e d&rsquo;un cran sur le plateau de \u00ab N&rsquo;oubliez pas les paroles \u00bb lorsque la maestro Ang\u00e9lique a \u00e9t\u00e9 interpell\u00e9e par Nagui. Avant d&rsquo;affronter son adversaire du jour, Paulin, Ang\u00e9lique aurait tenu des propos qui ont \u00e9t\u00e9 per\u00e7us comme une tentative d&rsquo;influence. Paulin a en effet r\u00e9v\u00e9l\u00e9 que la maestro lui avait affirm\u00e9, avant l&rsquo;\u00e9mission, qu&rsquo;elle \u00e9tait \u00ab sa m\u00e8re \u00bb et qu&rsquo;elle devrait donc \u00eatre \u00ab gentille \u00bb avec lui. Ang\u00e9lique a ensuite clarifi\u00e9 ses dires en expliquant qu&rsquo;elle lui avait dit : \u00ab J\u2019ai l\u2019\u00e2ge d\u2019\u00eatre ta m\u00e8re alors un peu de respect ! \u00bb.<\/p>\n<p>Face \u00e0 cette r\u00e9v\u00e9lation, Nagui est intervenu pour rappeler les r\u00e8gles du jeu et l&rsquo;\u00e9thique sportive. Il a ainsi lanc\u00e9 \u00e0 Ang\u00e9lique la phrase qui a fait r\u00e9agir de nombreux t\u00e9l\u00e9spectateurs : \u00ab Vous n\u2019avez pas le droit d\u2019influencer comme \u00e7a les candidats \u00bb. Cet avertissement de l&rsquo;animateur souligne son r\u00f4le de garant de l&rsquo;\u00e9quit\u00e9 et de la bonne marche de l&rsquo;\u00e9mission, o\u00f9 le respect entre candidats est primordial. Nagui est en effet reconnu pour son style d&rsquo;animation m\u00ealant humour, taquinerie et parfois provocation, tout en veillant au bon d\u00e9roulement du jeu.<\/p>\n<h2>Le parcours d&rsquo;Ang\u00e9lique dans l&rsquo;\u00e9mission<\/h2>\n<p>Malgr\u00e9 ce recadrage, Ang\u00e9lique a continu\u00e9 son parcours dans l&rsquo;\u00e9mission, d\u00e9montrant ses comp\u00e9tences musicales. Lors du premier num\u00e9ro de ce mercredi 26 novembre 2025, elle a affront\u00e9 Paulin. Apr\u00e8s avoir pris une avance de 80 \u00e0 0 points, Ang\u00e9lique a consolid\u00e9 sa victoire sur la chanson \u00ab Je te promets \u00bb de Johnny Hallyday. En finale, elle a ajout\u00e9 5 000 euros \u00e0 sa cagnotte en interpr\u00e9tant \u00ab Paradis secret \u00bb de Jenifer.<\/p>\n<p>Dans la seconde partie de l&rsquo;\u00e9mission, Ang\u00e9lique a fait face \u00e0 une autre participante pr\u00e9nomm\u00e9e Ang\u00e9lique. La maestro en titre a de nouveau montr\u00e9 sa ma\u00eetrise en menant 80 \u00e0 60, avant de s&rsquo;imposer sur le titre \u00ab Les p\u2019tites femmes de Pigalle \u00bb de Serge Lama, avec un score final de 124 \u00e0 66. Cependant, elle n&rsquo;a pas r\u00e9ussi \u00e0 augmenter sa cagnotte lors de la finale sur \u00ab Ma solitude \u00bb de Georges Moustaki. \u00c0 ce stade, Ang\u00e9lique comptait 7 victoires et une cagnotte de 40 000 euros.<\/p>\n<h2>Un succ\u00e8s d&rsquo;audience confirm\u00e9 pour Nagui et France 2<\/h2>\n<p>L&rsquo;\u00e9mission \u00ab N&rsquo;oubliez pas les paroles \u00bb continue de s\u00e9duire un large public. Les deux num\u00e9ros diffus\u00e9s ce 26 novembre 2025, entre 18h39 et 19h51, ont attir\u00e9 respectivement 2,06 millions et 2,80 millions de t\u00e9l\u00e9spectateurs, correspondant \u00e0 des parts de march\u00e9 de 15,5% et 17,2% aupr\u00e8s de l&rsquo;ensemble du public de quatre ans et plus. Ces chiffres ont permis \u00e0 France 2 de se positionner en t\u00eate des audiences sur cette tranche horaire, face aux concurrents tels que \u00ab Ici tout commence \u00bb et \u00ab Demain nous appartient \u00bb diffus\u00e9s sur TF1.<\/p>\n<p>Ce succ\u00e8s d&rsquo;audience s&rsquo;inscrit dans une tendance positive pour le programme, qui a enregistr\u00e9 une hausse de 1,4 et 0,5 point de part d&rsquo;audience sur un an. Le jeu musical, bas\u00e9 sur le karaok\u00e9 et la reconnaissance des paroles, est un rendez-vous incontournable pour de nombreux t\u00e9l\u00e9spectateurs. Nagui, en tant qu&rsquo;animateur et producteur, a su fid\u00e9liser son public gr\u00e2ce \u00e0 son charisme et la formule dynamique de l&rsquo;\u00e9mission.<\/p>\n<h2>Conclusion<\/h2>\n<p>L&rsquo;intervention de Nagui aupr\u00e8s de la maestro Ang\u00e9lique dans \u00ab N&rsquo;oubliez pas les paroles \u00bb est un exemple de la vivacit\u00e9 et de l&rsquo;authenticit\u00e9 qui caract\u00e9risent l&rsquo;\u00e9mission. Qu&rsquo;il s&rsquo;agisse de rappeler les r\u00e8gles ou de partager des moments de rire, l&rsquo;animateur joue un r\u00f4le cl\u00e9 dans l&rsquo;ambiance du programme. Ang\u00e9lique, quant \u00e0 elle, poursuit son parcours de maestro, d\u00e9fiant les chansons et les adversaires, sous l&rsquo;\u0153il attentif des t\u00e9l\u00e9spectateurs, confirmant ainsi le succ\u00e8s continu de ce jeu musical sur France 2.<\/p>\n","protected":false},"excerpt":{"rendered":"<p>Le jeu t\u00e9l\u00e9vis\u00e9 musical \u00ab N&rsquo;oubliez pas les paroles \u00bb, diffus\u00e9 sur France 2 et anim\u00e9 par Nagui, est r\u00e9guli\u00e8rement le th\u00e9\u00e2tre de moments m\u00e9morables, qu&rsquo;ils soient \u00e9mouvants, dr\u00f4les ou inattendus. Le mercredi 26 novembre 2025, l&rsquo;\u00e9mission a \u00e9t\u00e9 marqu\u00e9e par une s\u00e9quence o\u00f9 l&rsquo;animateur a d\u00fb recadrer la maestro en titre, Ang\u00e9lique, suite \u00e0 [&hellip;]<\/p>\n","protected":false},"author":4,"featured_media":46749,"comment_status":"open","ping_status":"open","sticky":false,"template":"","format":"standard","meta":{"_yoast_wpseo_title":"\u00ab\u00a0Vous n\u2019avez pas le droit\u00a0!\u00a0\u00bb Nagui recadre la maestro Ang\u00e9lique","_yoast_wpseo_metadesc":"","_yoast_wpseo_focuskw":"Nagui"},"categories":[5],"tags":[],"class_list":["post-46750","post","type-post","status-publish","format-standard","has-post-thumbnail","hentry","category-divertissement"],"yoast_head":"<!-- This site is optimized with the Yoast SEO plugin v26.3 - https:\/\/yoast.com\/wordpress\/plugins\/seo\/ -->\n<title>\u00ab\u00a0Vous n\u2019avez pas le droit\u00a0!\u00a0\u00bb Nagui recadre la maestro Ang\u00e9lique<\/title>\n<meta name=\"robots\" content=\"index, follow, max-snippet:-1, max-image-preview:large, max-video-preview:-1\" \/>\n<link rel=\"canonical\" href=\"https:\/\/elukelele.com\/fr\/divertissement\/vous-navez-pas-le-droit-nagui-recadre-la-maestro-angelique\/\" \/>\n<meta property=\"og:locale\" content=\"fr_FR\" \/>\n<meta property=\"og:type\" content=\"article\" \/>\n<meta property=\"og:title\" content=\"\u00ab\u00a0Vous n\u2019avez pas le droit\u00a0!\u00a0\u00bb Nagui recadre la maestro Ang\u00e9lique\" \/>\n<meta property=\"og:description\" content=\"Le jeu t\u00e9l\u00e9vis\u00e9 musical \u00ab N&rsquo;oubliez pas les paroles \u00bb, diffus\u00e9 sur France 2 et anim\u00e9 par Nagui, est r\u00e9guli\u00e8rement le th\u00e9\u00e2tre de moments m\u00e9morables, qu&rsquo;ils soient \u00e9mouvants, dr\u00f4les ou inattendus. Le mercredi 26 novembre 2025, l&rsquo;\u00e9mission a \u00e9t\u00e9 marqu\u00e9e par une s\u00e9quence o\u00f9 l&rsquo;animateur a d\u00fb recadrer la maestro en titre, Ang\u00e9lique, suite \u00e0 [&hellip;]\" \/>\n<meta property=\"og:url\" content=\"https:\/\/elukelele.com\/fr\/divertissement\/vous-navez-pas-le-droit-nagui-recadre-la-maestro-angelique\/\" \/>\n<meta property=\"og:site_name\" content=\"El Ukelele\" \/>\n<meta property=\"article:published_time\" content=\"2025-12-02T18:29:13+00:00\" \/>\n<meta property=\"article:modified_time\" content=\"2025-12-02T18:29:14+00:00\" \/>\n<meta property=\"og:image\" content=\"https:\/\/elukelele.com\/fr\/wp-content\/uploads\/2025\/11\/framed_only-1011.png\" \/>\n\t<meta property=\"og:image:width\" content=\"1200\" \/>\n\t<meta property=\"og:image:height\" content=\"628\" \/>\n\t<meta property=\"og:image:type\" content=\"image\/png\" \/>\n<meta name=\"author\" content=\"Daniel Perrin\" \/>\n<meta name=\"twitter:card\" content=\"summary_large_image\" \/>\n<meta name=\"twitter:label1\" content=\"\u00c9crit par\" \/>\n\t<meta name=\"twitter:data1\" content=\"Daniel Perrin\" \/>\n\t<meta name=\"twitter:label2\" content=\"Dur\u00e9e de lecture estim\u00e9e\" \/>\n\t<meta name=\"twitter:data2\" content=\"4 minutes\" \/>\n<script type=\"application\/ld+json\" class=\"yoast-schema-graph\">{\"@context\":\"https:\/\/schema.org\",\"@graph\":[{\"@type\":\"WebPage\",\"@id\":\"https:\/\/elukelele.com\/fr\/divertissement\/vous-navez-pas-le-droit-nagui-recadre-la-maestro-angelique\/\",\"url\":\"https:\/\/elukelele.com\/fr\/divertissement\/vous-navez-pas-le-droit-nagui-recadre-la-maestro-angelique\/\",\"name\":\"\u00ab\u00a0Vous n\u2019avez pas le droit\u00a0!\u00a0\u00bb Nagui recadre la maestro Ang\u00e9lique\",\"isPartOf\":{\"@id\":\"https:\/\/elukelele.com\/fr\/#website\"},\"primaryImageOfPage\":{\"@id\":\"https:\/\/elukelele.com\/fr\/divertissement\/vous-navez-pas-le-droit-nagui-recadre-la-maestro-angelique\/#primaryimage\"},\"image\":{\"@id\":\"https:\/\/elukelele.com\/fr\/divertissement\/vous-navez-pas-le-droit-nagui-recadre-la-maestro-angelique\/#primaryimage\"},\"thumbnailUrl\":\"https:\/\/elukelele.com\/fr\/wp-content\/uploads\/2025\/11\/framed_only-1011.png\",\"datePublished\":\"2025-12-02T18:29:13+00:00\",\"dateModified\":\"2025-12-02T18:29:14+00:00\",\"author\":{\"@id\":\"https:\/\/elukelele.com\/fr\/#\/schema\/person\/ccfb3d2be2ec7fa389608eb6da0b38d6\"},\"breadcrumb\":{\"@id\":\"https:\/\/elukelele.com\/fr\/divertissement\/vous-navez-pas-le-droit-nagui-recadre-la-maestro-angelique\/#breadcrumb\"},\"inLanguage\":\"fr-FR\",\"potentialAction\":[{\"@type\":\"ReadAction\",\"target\":[\"https:\/\/elukelele.com\/fr\/divertissement\/vous-navez-pas-le-droit-nagui-recadre-la-maestro-angelique\/\"]}]},{\"@type\":\"ImageObject\",\"inLanguage\":\"fr-FR\",\"@id\":\"https:\/\/elukelele.com\/fr\/divertissement\/vous-navez-pas-le-droit-nagui-recadre-la-maestro-angelique\/#primaryimage\",\"url\":\"https:\/\/elukelele.com\/fr\/wp-content\/uploads\/2025\/11\/framed_only-1011.png\",\"contentUrl\":\"https:\/\/elukelele.com\/fr\/wp-content\/uploads\/2025\/11\/framed_only-1011.png\",\"width\":1200,\"height\":628,\"caption\":\"Nagui\"},{\"@type\":\"BreadcrumbList\",\"@id\":\"https:\/\/elukelele.com\/fr\/divertissement\/vous-navez-pas-le-droit-nagui-recadre-la-maestro-angelique\/#breadcrumb\",\"itemListElement\":[{\"@type\":\"ListItem\",\"position\":1,\"name\":\"Home\",\"item\":\"https:\/\/elukelele.com\/fr\/\"},{\"@type\":\"ListItem\",\"position\":2,\"name\":\"\u00ab\u00a0Vous n\u2019avez pas le droit\u00a0!\u00a0\u00bb Nagui recadre la maestro Ang\u00e9lique\"}]},{\"@type\":\"WebSite\",\"@id\":\"https:\/\/elukelele.com\/fr\/#website\",\"url\":\"https:\/\/elukelele.com\/fr\/\",\"name\":\"El Ukelele\",\"description\":\"Musique au-del\u00e0 de l&#039;indie\",\"potentialAction\":[{\"@type\":\"SearchAction\",\"target\":{\"@type\":\"EntryPoint\",\"urlTemplate\":\"https:\/\/elukelele.com\/fr\/?s={search_term_string}\"},\"query-input\":{\"@type\":\"PropertyValueSpecification\",\"valueRequired\":true,\"valueName\":\"search_term_string\"}}],\"inLanguage\":\"fr-FR\"},{\"@type\":\"Person\",\"@id\":\"https:\/\/elukelele.com\/fr\/#\/schema\/person\/ccfb3d2be2ec7fa389608eb6da0b38d6\",\"name\":\"Daniel Perrin\",\"image\":{\"@type\":\"ImageObject\",\"inLanguage\":\"fr-FR\",\"@id\":\"https:\/\/elukelele.com\/fr\/#\/schema\/person\/image\/\",\"url\":\"https:\/\/secure.gravatar.com\/avatar\/37f9d9ffa29ce5640a0d9c6ca8bbd90afb854014296ecaa0e3a558ac716e6fe4?s=96&d=mm&r=g\",\"contentUrl\":\"https:\/\/secure.gravatar.com\/avatar\/37f9d9ffa29ce5640a0d9c6ca8bbd90afb854014296ecaa0e3a558ac716e6fe4?s=96&d=mm&r=g\",\"caption\":\"Daniel Perrin\"},\"sameAs\":[\"https:\/\/elukelele.com\/fr\"],\"url\":\"https:\/\/elukelele.com\/fr\/author\/daniel-perrin\/\"}]}<\/script>\n<!-- \/ Yoast SEO plugin. -->","yoast_head_json":{"title":"\u00ab\u00a0Vous n\u2019avez pas le droit\u00a0!\u00a0\u00bb Nagui recadre la maestro Ang\u00e9lique","robots":{"index":"index","follow":"follow","max-snippet":"max-snippet:-1","max-image-preview":"max-image-preview:large","max-video-preview":"max-video-preview:-1"},"canonical":"https:\/\/elukelele.com\/fr\/divertissement\/vous-navez-pas-le-droit-nagui-recadre-la-maestro-angelique\/","og_locale":"fr_FR","og_type":"article","og_title":"\u00ab\u00a0Vous n\u2019avez pas le droit\u00a0!\u00a0\u00bb Nagui recadre la maestro Ang\u00e9lique","og_description":"Le jeu t\u00e9l\u00e9vis\u00e9 musical \u00ab N&rsquo;oubliez pas les paroles \u00bb, diffus\u00e9 sur France 2 et anim\u00e9 par Nagui, est r\u00e9guli\u00e8rement le th\u00e9\u00e2tre de moments m\u00e9morables, qu&rsquo;ils soient \u00e9mouvants, dr\u00f4les ou inattendus. Le mercredi 26 novembre 2025, l&rsquo;\u00e9mission a \u00e9t\u00e9 marqu\u00e9e par une s\u00e9quence o\u00f9 l&rsquo;animateur a d\u00fb recadrer la maestro en titre, Ang\u00e9lique, suite \u00e0 [&hellip;]","og_url":"https:\/\/elukelele.com\/fr\/divertissement\/vous-navez-pas-le-droit-nagui-recadre-la-maestro-angelique\/","og_site_name":"El Ukelele","article_published_time":"2025-12-02T18:29:13+00:00","article_modified_time":"2025-12-02T18:29:14+00:00","og_image":[{"width":1200,"height":628,"url":"https:\/\/elukelele.com\/fr\/wp-content\/uploads\/2025\/11\/framed_only-1011.png","type":"image\/png"}],"author":"Daniel Perrin","twitter_card":"summary_large_image","twitter_misc":{"\u00c9crit par":"Daniel Perrin","Dur\u00e9e de lecture estim\u00e9e":"4 minutes"},"schema":{"@context":"https:\/\/schema.org","@graph":[{"@type":"WebPage","@id":"https:\/\/elukelele.com\/fr\/divertissement\/vous-navez-pas-le-droit-nagui-recadre-la-maestro-angelique\/","url":"https:\/\/elukelele.com\/fr\/divertissement\/vous-navez-pas-le-droit-nagui-recadre-la-maestro-angelique\/","name":"\u00ab\u00a0Vous n\u2019avez pas le droit\u00a0!\u00a0\u00bb Nagui recadre la maestro Ang\u00e9lique","isPartOf":{"@id":"https:\/\/elukelele.com\/fr\/#website"},"primaryImageOfPage":{"@id":"https:\/\/elukelele.com\/fr\/divertissement\/vous-navez-pas-le-droit-nagui-recadre-la-maestro-angelique\/#primaryimage"},"image":{"@id":"https:\/\/elukelele.com\/fr\/divertissement\/vous-navez-pas-le-droit-nagui-recadre-la-maestro-angelique\/#primaryimage"},"thumbnailUrl":"https:\/\/elukelele.com\/fr\/wp-content\/uploads\/2025\/11\/framed_only-1011.png","datePublished":"2025-12-02T18:29:13+00:00","dateModified":"2025-12-02T18:29:14+00:00","author":{"@id":"https:\/\/elukelele.com\/fr\/#\/schema\/person\/ccfb3d2be2ec7fa389608eb6da0b38d6"},"breadcrumb":{"@id":"https:\/\/elukelele.com\/fr\/divertissement\/vous-navez-pas-le-droit-nagui-recadre-la-maestro-angelique\/#breadcrumb"},"inLanguage":"fr-FR","potentialAction":[{"@type":"ReadAction","target":["https:\/\/elukelele.com\/fr\/divertissement\/vous-navez-pas-le-droit-nagui-recadre-la-maestro-angelique\/"]}]},{"@type":"ImageObject","inLanguage":"fr-FR","@id":"https:\/\/elukelele.com\/fr\/divertissement\/vous-navez-pas-le-droit-nagui-recadre-la-maestro-angelique\/#primaryimage","url":"https:\/\/elukelele.com\/fr\/wp-content\/uploads\/2025\/11\/framed_only-1011.png","contentUrl":"https:\/\/elukelele.com\/fr\/wp-content\/uploads\/2025\/11\/framed_only-1011.png","width":1200,"height":628,"caption":"Nagui"},{"@type":"BreadcrumbList","@id":"https:\/\/elukelele.com\/fr\/divertissement\/vous-navez-pas-le-droit-nagui-recadre-la-maestro-angelique\/#breadcrumb","itemListElement":[{"@type":"ListItem","position":1,"name":"Home","item":"https:\/\/elukelele.com\/fr\/"},{"@type":"ListItem","position":2,"name":"\u00ab\u00a0Vous n\u2019avez pas le droit\u00a0!\u00a0\u00bb Nagui recadre la maestro Ang\u00e9lique"}]},{"@type":"WebSite","@id":"https:\/\/elukelele.com\/fr\/#website","url":"https:\/\/elukelele.com\/fr\/","name":"El Ukelele","description":"Musique au-del\u00e0 de l&#039;indie","potentialAction":[{"@type":"SearchAction","target":{"@type":"EntryPoint","urlTemplate":"https:\/\/elukelele.com\/fr\/?s={search_term_string}"},"query-input":{"@type":"PropertyValueSpecification","valueRequired":true,"valueName":"search_term_string"}}],"inLanguage":"fr-FR"},{"@type":"Person","@id":"https:\/\/elukelele.com\/fr\/#\/schema\/person\/ccfb3d2be2ec7fa389608eb6da0b38d6","name":"Daniel Perrin","image":{"@type":"ImageObject","inLanguage":"fr-FR","@id":"https:\/\/elukelele.com\/fr\/#\/schema\/person\/image\/","url":"https:\/\/secure.gravatar.com\/avatar\/37f9d9ffa29ce5640a0d9c6ca8bbd90afb854014296ecaa0e3a558ac716e6fe4?s=96&d=mm&r=g","contentUrl":"https:\/\/secure.gravatar.com\/avatar\/37f9d9ffa29ce5640a0d9c6ca8bbd90afb854014296ecaa0e3a558ac716e6fe4?s=96&d=mm&r=g","caption":"Daniel Perrin"},"sameAs":["https:\/\/elukelele.com\/fr"],"url":"https:\/\/elukelele.com\/fr\/author\/daniel-perrin\/"}]}},"_links":{"self":[{"href":"https:\/\/elukelele.com\/fr\/wp-json\/wp\/v2\/posts\/46750","targetHints":{"allow":["GET"]}}],"collection":[{"href":"https:\/\/elukelele.com\/fr\/wp-json\/wp\/v2\/posts"}],"about":[{"href":"https:\/\/elukelele.com\/fr\/wp-json\/wp\/v2\/types\/post"}],"author":[{"embeddable":true,"href":"https:\/\/elukelele.com\/fr\/wp-json\/wp\/v2\/users\/4"}],"replies":[{"embeddable":true,"href":"https:\/\/elukelele.com\/fr\/wp-json\/wp\/v2\/comments?post=46750"}],"version-history":[{"count":1,"href":"https:\/\/elukelele.com\/fr\/wp-json\/wp\/v2\/posts\/46750\/revisions"}],"predecessor-version":[{"id":46973,"href":"https:\/\/elukelele.com\/fr\/wp-json\/wp\/v2\/posts\/46750\/revisions\/46973"}],"wp:featuredmedia":[{"embeddable":true,"href":"https:\/\/elukelele.com\/fr\/wp-json\/wp\/v2\/media\/46749"}],"wp:attachment":[{"href":"https:\/\/elukelele.com\/fr\/wp-json\/wp\/v2\/media?parent=46750"}],"wp:term":[{"taxonomy":"category","embeddable":true,"href":"https:\/\/elukelele.com\/fr\/wp-json\/wp\/v2\/categories?post=46750"},{"taxonomy":"post_tag","embeddable":true,"href":"https:\/\/elukelele.com\/fr\/wp-json\/wp\/v2\/tags?post=46750"}],"curies":[{"name":"wp","href":"https:\/\/api.w.org\/{rel}","templated":true}]}}