{"id":46744,"date":"2025-12-02T18:33:21","date_gmt":"2025-12-02T18:33:21","guid":{"rendered":"https:\/\/elukelele.com\/fr\/?p=46744"},"modified":"2025-12-02T18:33:22","modified_gmt":"2025-12-02T18:33:22","slug":"tout-le-monde-a-son-mot-a-dire-bruno-guillon-confronte-a-la-baisse-des-audiences","status":"publish","type":"post","link":"https:\/\/elukelele.com\/fr\/divertissement\/tout-le-monde-a-son-mot-a-dire-bruno-guillon-confronte-a-la-baisse-des-audiences\/","title":{"rendered":"Tout le monde a son mot \u00e0 dire\u00a0: Bruno Guillon confront\u00e9 \u00e0 la baisse des audiences"},"content":{"rendered":"<p>L&rsquo;\u00e9mission quotidienne \u00ab\u00a0Tout le monde a son mot \u00e0 dire\u00a0\u00bb, anim\u00e9e par Bruno Guillon et Sidonie Bonnec sur France 2, se trouve actuellement face \u00e0 des d\u00e9fis d&rsquo;audience. Le programme, appr\u00e9ci\u00e9 pour son format divertissant et \u00e9ducatif, semble traverser une p\u00e9riode o\u00f9 les chiffres peinent \u00e0 atteindre les sommets connus auparavant, pla\u00e7ant l&rsquo;animateur Bruno Guillon au c\u0153ur de cette confrontation avec la baisse des audiences.<\/p>\n<h2 id=\"une-analyse-des-audiences-du-26-novembre-2025\">Une Analyse des Audiences du 26 Novembre 2025<\/h2>\n<p>Le mercredi 26 novembre 2025, une nouvelle \u00e9dition de \u00ab\u00a0Tout le monde a son mot \u00e0 dire\u00a0\u00bb \u00e9tait diffus\u00e9e sur France 2. Anim\u00e9e par le duo Bruno Guillon et Sidonie Bonnec, cette \u00e9mission a vu la championne Amandine, d\u00e9tentrice d&rsquo;une cagnotte de 4 800 euros, revenir pour affronter V\u00e9ronique. Accompagn\u00e9e de personnalit\u00e9s telles que Donel Jack\u2019sman, Armelle, Camille Cerf et Antoine Pineau, la comp\u00e9tition s&rsquo;est sold\u00e9e par la victoire d&rsquo;Amandine, portant sa cagnotte \u00e0 6 200 euros.<\/p>\n<p>Cependant, en termes d&rsquo;audience, les r\u00e9sultats ont \u00e9t\u00e9 plus mitig\u00e9s. Diffus\u00e9e entre 18h03 et 18h33, l&rsquo;\u00e9mission a rassembl\u00e9 1,26 million de t\u00e9l\u00e9spectateurs, correspondant \u00e0 une part de march\u00e9 de 12,2% aupr\u00e8s de l&rsquo;ensemble du public. Ce score place \u00ab\u00a0Tout le monde a son mot \u00e0 dire\u00a0\u00bb derri\u00e8re la quotidienne de la \u00ab\u00a0Star Academy\u00a0\u00bb sur TF1 et \u00e0 un niveau comparable \u00e0 \u00ab\u00a0Slam\u00a0\u00bb sur France 3.<\/p>\n<h2 id=\"le-contexte-d-une-baisse-sur-un-an\">Le Contexte d&rsquo;une Baisse sur un An<\/h2>\n<p>La performance du 26 novembre 2025 s&rsquo;inscrit dans une tendance observ\u00e9e sur un an. En effet, \u00e0 la m\u00eame p\u00e9riode l&rsquo;ann\u00e9e pr\u00e9c\u00e9dente, lorsque Olivier Minne assurait la pr\u00e9sentation aux c\u00f4t\u00e9s de Sidonie Bonnec, l&rsquo;\u00e9mission r\u00e9alisait de meilleurs scores, avec 1,52 million de t\u00e9l\u00e9spectateurs et 13% de part d&rsquo;audience. La comparaison r\u00e9v\u00e8le une diminution de 0,8 point de part d&rsquo;audience sur cette p\u00e9riode.<\/p>\n<p>Cette baisse est d&rsquo;autant plus notable que le programme pr\u00e9c\u00e9dent, \u00ab\u00a0Affaire conclue\u00a0\u00bb, diffus\u00e9 juste avant \u00ab\u00a0Tout le monde a son mot \u00e0 dire\u00a0\u00bb, a enregistr\u00e9 une solide performance. Le second num\u00e9ro de l&rsquo;\u00e9mission de ventes aux ench\u00e8res, pr\u00e9sent\u00e9 par Julia Vignali, a attir\u00e9 1,39 million de Fran\u00e7ais, soit 16,9% de part de march\u00e9. Il semblerait donc que le succ\u00e8s d'\u00a0\u00bbAffaire conclue\u00a0\u00bb ne se r\u00e9percute pas syst\u00e9matiquement sur les audiences du jeu de Bruno Guillon et Sidonie Bonnec.<\/p>\n<h2 id=\"bruno-guillon-face-au-defi\">Bruno Guillon Face au D\u00e9fi<\/h2>\n<p>Depuis plusieurs semaines, \u00ab\u00a0Tout le monde a son mot \u00e0 dire\u00a0\u00bb enregistre des scores inf\u00e9rieurs \u00e0 ceux de son \u00ab\u00a0lead-in\u00a0\u00bb, ce qui n&rsquo;\u00e9tait pas le cas lors de la saison pr\u00e9c\u00e9dente. L&rsquo;ann\u00e9e derni\u00e8re, avec Olivier Minne \u00e0 la pr\u00e9sentation, l&rsquo;\u00e9mission atteignait des audiences plus favorables. Cette situation met en lumi\u00e8re un d\u00e9fi pour Bruno Guillon et l&rsquo;\u00e9quipe de production, confront\u00e9s \u00e0 la n\u00e9cessit\u00e9 de maintenir l&rsquo;attrait du public et d&rsquo;inverser cette tendance \u00e0 la baisse.<\/p>\n<h2 id=\"conclusion\">Conclusion<\/h2>\n<p>\u00ab\u00a0Tout le monde a son mot \u00e0 dire\u00a0\u00bb reste un rendez-vous quotidien sur France 2, diffus\u00e9 du lundi au samedi d\u00e8s 18h05. Bien que l&rsquo;\u00e9mission continue d&rsquo;offrir son lot de divertissement et de comp\u00e9tition, les chiffres d&rsquo;audience r\u00e9cents indiquent une p\u00e9riode de moindre affluence. Bruno Guillon, en tant qu&rsquo;animateur principal, est au c\u0153ur de cette conjoncture, et l&rsquo;\u00e9volution des audiences du programme dans les semaines \u00e0 venir sera sans doute un indicateur cl\u00e9 de la capacit\u00e9 de l&rsquo;\u00e9mission \u00e0 retrouver un nouveau souffle.<\/p>\n","protected":false},"excerpt":{"rendered":"<p>L&rsquo;\u00e9mission quotidienne \u00ab\u00a0Tout le monde a son mot \u00e0 dire\u00a0\u00bb, anim\u00e9e par Bruno Guillon et Sidonie Bonnec sur France 2, se trouve actuellement face \u00e0 des d\u00e9fis d&rsquo;audience. Le programme, appr\u00e9ci\u00e9 pour son format divertissant et \u00e9ducatif, semble traverser une p\u00e9riode o\u00f9 les chiffres peinent \u00e0 atteindre les sommets connus auparavant, pla\u00e7ant l&rsquo;animateur Bruno Guillon [&hellip;]<\/p>\n","protected":false},"author":4,"featured_media":46743,"comment_status":"open","ping_status":"open","sticky":false,"template":"","format":"standard","meta":{"_yoast_wpseo_title":"Tout le monde a son mot \u00e0 dire\u00a0: Bruno Guillon confront\u00e9 \u00e0 la baisse des audiences","_yoast_wpseo_metadesc":"","_yoast_wpseo_focuskw":"Tout"},"categories":[5],"tags":[],"class_list":["post-46744","post","type-post","status-publish","format-standard","has-post-thumbnail","hentry","category-divertissement"],"yoast_head":"<!-- This site is optimized with the Yoast SEO plugin v26.3 - https:\/\/yoast.com\/wordpress\/plugins\/seo\/ -->\n<title>Tout le monde a son mot \u00e0 dire\u00a0: Bruno Guillon confront\u00e9 \u00e0 la baisse des audiences<\/title>\n<meta name=\"robots\" content=\"index, follow, max-snippet:-1, max-image-preview:large, max-video-preview:-1\" \/>\n<link rel=\"canonical\" href=\"https:\/\/elukelele.com\/fr\/divertissement\/tout-le-monde-a-son-mot-a-dire-bruno-guillon-confronte-a-la-baisse-des-audiences\/\" \/>\n<meta property=\"og:locale\" content=\"fr_FR\" \/>\n<meta property=\"og:type\" content=\"article\" \/>\n<meta property=\"og:title\" content=\"Tout le monde a son mot \u00e0 dire\u00a0: Bruno Guillon confront\u00e9 \u00e0 la baisse des audiences\" \/>\n<meta property=\"og:description\" content=\"L&rsquo;\u00e9mission quotidienne \u00ab\u00a0Tout le monde a son mot \u00e0 dire\u00a0\u00bb, anim\u00e9e par Bruno Guillon et Sidonie Bonnec sur France 2, se trouve actuellement face \u00e0 des d\u00e9fis d&rsquo;audience. Le programme, appr\u00e9ci\u00e9 pour son format divertissant et \u00e9ducatif, semble traverser une p\u00e9riode o\u00f9 les chiffres peinent \u00e0 atteindre les sommets connus auparavant, pla\u00e7ant l&rsquo;animateur Bruno Guillon [&hellip;]\" \/>\n<meta property=\"og:url\" content=\"https:\/\/elukelele.com\/fr\/divertissement\/tout-le-monde-a-son-mot-a-dire-bruno-guillon-confronte-a-la-baisse-des-audiences\/\" \/>\n<meta property=\"og:site_name\" content=\"El Ukelele\" \/>\n<meta property=\"article:published_time\" content=\"2025-12-02T18:33:21+00:00\" \/>\n<meta property=\"article:modified_time\" content=\"2025-12-02T18:33:22+00:00\" \/>\n<meta property=\"og:image\" content=\"https:\/\/elukelele.com\/fr\/wp-content\/uploads\/2025\/11\/framed_only-1008.png\" \/>\n\t<meta property=\"og:image:width\" content=\"1200\" \/>\n\t<meta property=\"og:image:height\" content=\"628\" \/>\n\t<meta property=\"og:image:type\" content=\"image\/png\" \/>\n<meta name=\"author\" content=\"Daniel Perrin\" \/>\n<meta name=\"twitter:card\" content=\"summary_large_image\" \/>\n<meta name=\"twitter:label1\" content=\"\u00c9crit par\" \/>\n\t<meta name=\"twitter:data1\" content=\"Daniel Perrin\" \/>\n\t<meta name=\"twitter:label2\" content=\"Dur\u00e9e de lecture estim\u00e9e\" \/>\n\t<meta name=\"twitter:data2\" content=\"3 minutes\" \/>\n<script type=\"application\/ld+json\" class=\"yoast-schema-graph\">{\"@context\":\"https:\/\/schema.org\",\"@graph\":[{\"@type\":\"WebPage\",\"@id\":\"https:\/\/elukelele.com\/fr\/divertissement\/tout-le-monde-a-son-mot-a-dire-bruno-guillon-confronte-a-la-baisse-des-audiences\/\",\"url\":\"https:\/\/elukelele.com\/fr\/divertissement\/tout-le-monde-a-son-mot-a-dire-bruno-guillon-confronte-a-la-baisse-des-audiences\/\",\"name\":\"Tout le monde a son mot \u00e0 dire\u00a0: Bruno Guillon confront\u00e9 \u00e0 la baisse des audiences\",\"isPartOf\":{\"@id\":\"https:\/\/elukelele.com\/fr\/#website\"},\"primaryImageOfPage\":{\"@id\":\"https:\/\/elukelele.com\/fr\/divertissement\/tout-le-monde-a-son-mot-a-dire-bruno-guillon-confronte-a-la-baisse-des-audiences\/#primaryimage\"},\"image\":{\"@id\":\"https:\/\/elukelele.com\/fr\/divertissement\/tout-le-monde-a-son-mot-a-dire-bruno-guillon-confronte-a-la-baisse-des-audiences\/#primaryimage\"},\"thumbnailUrl\":\"https:\/\/elukelele.com\/fr\/wp-content\/uploads\/2025\/11\/framed_only-1008.png\",\"datePublished\":\"2025-12-02T18:33:21+00:00\",\"dateModified\":\"2025-12-02T18:33:22+00:00\",\"author\":{\"@id\":\"https:\/\/elukelele.com\/fr\/#\/schema\/person\/ccfb3d2be2ec7fa389608eb6da0b38d6\"},\"breadcrumb\":{\"@id\":\"https:\/\/elukelele.com\/fr\/divertissement\/tout-le-monde-a-son-mot-a-dire-bruno-guillon-confronte-a-la-baisse-des-audiences\/#breadcrumb\"},\"inLanguage\":\"fr-FR\",\"potentialAction\":[{\"@type\":\"ReadAction\",\"target\":[\"https:\/\/elukelele.com\/fr\/divertissement\/tout-le-monde-a-son-mot-a-dire-bruno-guillon-confronte-a-la-baisse-des-audiences\/\"]}]},{\"@type\":\"ImageObject\",\"inLanguage\":\"fr-FR\",\"@id\":\"https:\/\/elukelele.com\/fr\/divertissement\/tout-le-monde-a-son-mot-a-dire-bruno-guillon-confronte-a-la-baisse-des-audiences\/#primaryimage\",\"url\":\"https:\/\/elukelele.com\/fr\/wp-content\/uploads\/2025\/11\/framed_only-1008.png\",\"contentUrl\":\"https:\/\/elukelele.com\/fr\/wp-content\/uploads\/2025\/11\/framed_only-1008.png\",\"width\":1200,\"height\":628,\"caption\":\"Tout\"},{\"@type\":\"BreadcrumbList\",\"@id\":\"https:\/\/elukelele.com\/fr\/divertissement\/tout-le-monde-a-son-mot-a-dire-bruno-guillon-confronte-a-la-baisse-des-audiences\/#breadcrumb\",\"itemListElement\":[{\"@type\":\"ListItem\",\"position\":1,\"name\":\"Home\",\"item\":\"https:\/\/elukelele.com\/fr\/\"},{\"@type\":\"ListItem\",\"position\":2,\"name\":\"Tout le monde a son mot \u00e0 dire\u00a0: Bruno Guillon confront\u00e9 \u00e0 la baisse des audiences\"}]},{\"@type\":\"WebSite\",\"@id\":\"https:\/\/elukelele.com\/fr\/#website\",\"url\":\"https:\/\/elukelele.com\/fr\/\",\"name\":\"El Ukelele\",\"description\":\"Musique au-del\u00e0 de l&#039;indie\",\"potentialAction\":[{\"@type\":\"SearchAction\",\"target\":{\"@type\":\"EntryPoint\",\"urlTemplate\":\"https:\/\/elukelele.com\/fr\/?s={search_term_string}\"},\"query-input\":{\"@type\":\"PropertyValueSpecification\",\"valueRequired\":true,\"valueName\":\"search_term_string\"}}],\"inLanguage\":\"fr-FR\"},{\"@type\":\"Person\",\"@id\":\"https:\/\/elukelele.com\/fr\/#\/schema\/person\/ccfb3d2be2ec7fa389608eb6da0b38d6\",\"name\":\"Daniel Perrin\",\"image\":{\"@type\":\"ImageObject\",\"inLanguage\":\"fr-FR\",\"@id\":\"https:\/\/elukelele.com\/fr\/#\/schema\/person\/image\/\",\"url\":\"https:\/\/secure.gravatar.com\/avatar\/37f9d9ffa29ce5640a0d9c6ca8bbd90afb854014296ecaa0e3a558ac716e6fe4?s=96&d=mm&r=g\",\"contentUrl\":\"https:\/\/secure.gravatar.com\/avatar\/37f9d9ffa29ce5640a0d9c6ca8bbd90afb854014296ecaa0e3a558ac716e6fe4?s=96&d=mm&r=g\",\"caption\":\"Daniel Perrin\"},\"sameAs\":[\"https:\/\/elukelele.com\/fr\"],\"url\":\"https:\/\/elukelele.com\/fr\/author\/daniel-perrin\/\"}]}<\/script>\n<!-- \/ Yoast SEO plugin. -->","yoast_head_json":{"title":"Tout le monde a son mot \u00e0 dire\u00a0: Bruno Guillon confront\u00e9 \u00e0 la baisse des audiences","robots":{"index":"index","follow":"follow","max-snippet":"max-snippet:-1","max-image-preview":"max-image-preview:large","max-video-preview":"max-video-preview:-1"},"canonical":"https:\/\/elukelele.com\/fr\/divertissement\/tout-le-monde-a-son-mot-a-dire-bruno-guillon-confronte-a-la-baisse-des-audiences\/","og_locale":"fr_FR","og_type":"article","og_title":"Tout le monde a son mot \u00e0 dire\u00a0: Bruno Guillon confront\u00e9 \u00e0 la baisse des audiences","og_description":"L&rsquo;\u00e9mission quotidienne \u00ab\u00a0Tout le monde a son mot \u00e0 dire\u00a0\u00bb, anim\u00e9e par Bruno Guillon et Sidonie Bonnec sur France 2, se trouve actuellement face \u00e0 des d\u00e9fis d&rsquo;audience. Le programme, appr\u00e9ci\u00e9 pour son format divertissant et \u00e9ducatif, semble traverser une p\u00e9riode o\u00f9 les chiffres peinent \u00e0 atteindre les sommets connus auparavant, pla\u00e7ant l&rsquo;animateur Bruno Guillon [&hellip;]","og_url":"https:\/\/elukelele.com\/fr\/divertissement\/tout-le-monde-a-son-mot-a-dire-bruno-guillon-confronte-a-la-baisse-des-audiences\/","og_site_name":"El Ukelele","article_published_time":"2025-12-02T18:33:21+00:00","article_modified_time":"2025-12-02T18:33:22+00:00","og_image":[{"width":1200,"height":628,"url":"https:\/\/elukelele.com\/fr\/wp-content\/uploads\/2025\/11\/framed_only-1008.png","type":"image\/png"}],"author":"Daniel Perrin","twitter_card":"summary_large_image","twitter_misc":{"\u00c9crit par":"Daniel Perrin","Dur\u00e9e de lecture estim\u00e9e":"3 minutes"},"schema":{"@context":"https:\/\/schema.org","@graph":[{"@type":"WebPage","@id":"https:\/\/elukelele.com\/fr\/divertissement\/tout-le-monde-a-son-mot-a-dire-bruno-guillon-confronte-a-la-baisse-des-audiences\/","url":"https:\/\/elukelele.com\/fr\/divertissement\/tout-le-monde-a-son-mot-a-dire-bruno-guillon-confronte-a-la-baisse-des-audiences\/","name":"Tout le monde a son mot \u00e0 dire\u00a0: Bruno Guillon confront\u00e9 \u00e0 la baisse des audiences","isPartOf":{"@id":"https:\/\/elukelele.com\/fr\/#website"},"primaryImageOfPage":{"@id":"https:\/\/elukelele.com\/fr\/divertissement\/tout-le-monde-a-son-mot-a-dire-bruno-guillon-confronte-a-la-baisse-des-audiences\/#primaryimage"},"image":{"@id":"https:\/\/elukelele.com\/fr\/divertissement\/tout-le-monde-a-son-mot-a-dire-bruno-guillon-confronte-a-la-baisse-des-audiences\/#primaryimage"},"thumbnailUrl":"https:\/\/elukelele.com\/fr\/wp-content\/uploads\/2025\/11\/framed_only-1008.png","datePublished":"2025-12-02T18:33:21+00:00","dateModified":"2025-12-02T18:33:22+00:00","author":{"@id":"https:\/\/elukelele.com\/fr\/#\/schema\/person\/ccfb3d2be2ec7fa389608eb6da0b38d6"},"breadcrumb":{"@id":"https:\/\/elukelele.com\/fr\/divertissement\/tout-le-monde-a-son-mot-a-dire-bruno-guillon-confronte-a-la-baisse-des-audiences\/#breadcrumb"},"inLanguage":"fr-FR","potentialAction":[{"@type":"ReadAction","target":["https:\/\/elukelele.com\/fr\/divertissement\/tout-le-monde-a-son-mot-a-dire-bruno-guillon-confronte-a-la-baisse-des-audiences\/"]}]},{"@type":"ImageObject","inLanguage":"fr-FR","@id":"https:\/\/elukelele.com\/fr\/divertissement\/tout-le-monde-a-son-mot-a-dire-bruno-guillon-confronte-a-la-baisse-des-audiences\/#primaryimage","url":"https:\/\/elukelele.com\/fr\/wp-content\/uploads\/2025\/11\/framed_only-1008.png","contentUrl":"https:\/\/elukelele.com\/fr\/wp-content\/uploads\/2025\/11\/framed_only-1008.png","width":1200,"height":628,"caption":"Tout"},{"@type":"BreadcrumbList","@id":"https:\/\/elukelele.com\/fr\/divertissement\/tout-le-monde-a-son-mot-a-dire-bruno-guillon-confronte-a-la-baisse-des-audiences\/#breadcrumb","itemListElement":[{"@type":"ListItem","position":1,"name":"Home","item":"https:\/\/elukelele.com\/fr\/"},{"@type":"ListItem","position":2,"name":"Tout le monde a son mot \u00e0 dire\u00a0: Bruno Guillon confront\u00e9 \u00e0 la baisse des audiences"}]},{"@type":"WebSite","@id":"https:\/\/elukelele.com\/fr\/#website","url":"https:\/\/elukelele.com\/fr\/","name":"El Ukelele","description":"Musique au-del\u00e0 de l&#039;indie","potentialAction":[{"@type":"SearchAction","target":{"@type":"EntryPoint","urlTemplate":"https:\/\/elukelele.com\/fr\/?s={search_term_string}"},"query-input":{"@type":"PropertyValueSpecification","valueRequired":true,"valueName":"search_term_string"}}],"inLanguage":"fr-FR"},{"@type":"Person","@id":"https:\/\/elukelele.com\/fr\/#\/schema\/person\/ccfb3d2be2ec7fa389608eb6da0b38d6","name":"Daniel Perrin","image":{"@type":"ImageObject","inLanguage":"fr-FR","@id":"https:\/\/elukelele.com\/fr\/#\/schema\/person\/image\/","url":"https:\/\/secure.gravatar.com\/avatar\/37f9d9ffa29ce5640a0d9c6ca8bbd90afb854014296ecaa0e3a558ac716e6fe4?s=96&d=mm&r=g","contentUrl":"https:\/\/secure.gravatar.com\/avatar\/37f9d9ffa29ce5640a0d9c6ca8bbd90afb854014296ecaa0e3a558ac716e6fe4?s=96&d=mm&r=g","caption":"Daniel Perrin"},"sameAs":["https:\/\/elukelele.com\/fr"],"url":"https:\/\/elukelele.com\/fr\/author\/daniel-perrin\/"}]}},"_links":{"self":[{"href":"https:\/\/elukelele.com\/fr\/wp-json\/wp\/v2\/posts\/46744","targetHints":{"allow":["GET"]}}],"collection":[{"href":"https:\/\/elukelele.com\/fr\/wp-json\/wp\/v2\/posts"}],"about":[{"href":"https:\/\/elukelele.com\/fr\/wp-json\/wp\/v2\/types\/post"}],"author":[{"embeddable":true,"href":"https:\/\/elukelele.com\/fr\/wp-json\/wp\/v2\/users\/4"}],"replies":[{"embeddable":true,"href":"https:\/\/elukelele.com\/fr\/wp-json\/wp\/v2\/comments?post=46744"}],"version-history":[{"count":1,"href":"https:\/\/elukelele.com\/fr\/wp-json\/wp\/v2\/posts\/46744\/revisions"}],"predecessor-version":[{"id":46974,"href":"https:\/\/elukelele.com\/fr\/wp-json\/wp\/v2\/posts\/46744\/revisions\/46974"}],"wp:featuredmedia":[{"embeddable":true,"href":"https:\/\/elukelele.com\/fr\/wp-json\/wp\/v2\/media\/46743"}],"wp:attachment":[{"href":"https:\/\/elukelele.com\/fr\/wp-json\/wp\/v2\/media?parent=46744"}],"wp:term":[{"taxonomy":"category","embeddable":true,"href":"https:\/\/elukelele.com\/fr\/wp-json\/wp\/v2\/categories?post=46744"},{"taxonomy":"post_tag","embeddable":true,"href":"https:\/\/elukelele.com\/fr\/wp-json\/wp\/v2\/tags?post=46744"}],"curies":[{"name":"wp","href":"https:\/\/api.w.org\/{rel}","templated":true}]}}