{"id":46728,"date":"2025-12-02T18:36:28","date_gmt":"2025-12-02T18:36:28","guid":{"rendered":"https:\/\/elukelele.com\/fr\/?p=46728"},"modified":"2025-12-02T18:36:29","modified_gmt":"2025-12-02T18:36:29","slug":"judith-godreche-et-sa-fille-intimidees-etserieusement-menacees-lactrice-sexprime-et-publie-une-photochoc","status":"publish","type":"post","link":"https:\/\/elukelele.com\/fr\/divertissement\/judith-godreche-et-sa-fille-intimidees-etserieusement-menacees-lactrice-sexprime-et-publie-une-photochoc\/","title":{"rendered":"Judith Godr\u00e8che et sa fille intimid\u00e9es et\ns\u00e9rieusement menac\u00e9es, l\u2019actrice s\u2019exprime et publie une photo\nchoc"},"content":{"rendered":"<p>L&rsquo;actrice et r\u00e9alisatrice Judith Godr\u00e8che a r\u00e9cemment pris la parole, r\u00e9v\u00e9lant avoir \u00e9t\u00e9 la cible de menaces et d&rsquo;intimidations choquantes visant \u00e0 la fois sa personne et sa fille. Ces \u00e9v\u00e9nements, survenus sous la forme de tags injurieux inscrits \u00e0 l&rsquo;entr\u00e9e de son immeuble, ont pouss\u00e9 la com\u00e9dienne \u00e0 d\u00e9poser plainte, illustrant la persistance des violences auxquelles sont confront\u00e9es les figures du mouvement #MeToo en France.<\/p>\n<h2>Des Menaces Directes et Une Photo Choc<\/h2>\n<p>C&rsquo;est via une publication partag\u00e9e sur son compte Instagram que Judith Godr\u00e8che a d\u00e9nonc\u00e9 l&rsquo;acte d&rsquo;intimidation. Elle y a r\u00e9v\u00e9l\u00e9 la d\u00e9couverte de graffitis mena\u00e7ants sur la fa\u00e7ade de son domicile, incluant des insultes et des appels explicites au viol la ciblant elle et sa fille. La publication, accompagn\u00e9e d&rsquo;une photo de ces inscriptions, a soulign\u00e9 la gravit\u00e9 et la l\u00e2chet\u00e9 de ces attaques.<\/p>\n<p>Dans son message, l&rsquo;actrice a exprim\u00e9 son indignation face \u00e0 cette \u00ab\u00a0entreprise d&rsquo;intimidation\u00a0\u00bb, qualifiant l&rsquo;auteur de ces tags de \u00ab\u00a0tr\u00e8s organis\u00e9\u00a0\u00bb avec un \u00ab\u00a0coup de crayon assur\u00e9\u00a0\u00bb. Elle s&rsquo;est interrog\u00e9e sur la nature des personnes capables de s&rsquo;en prendre \u00e0 des enfants et \u00e0 une famille, tout en r\u00e9affirmant sa d\u00e9termination \u00e0 ne pas se laisser \u00ab\u00a0terroriser\u00a0\u00bb.<\/p>\n<h2>Judith Godr\u00e8che : Symbole de la Lib\u00e9ration de la Parole<\/h2>\n<p>Cet incident s&rsquo;inscrit dans un contexte o\u00f9 Judith Godr\u00e8che est devenue une figure embl\u00e9matique de la \u00ab\u00a0lib\u00e9ration de la parole\u00a0\u00bb en France, en particulier dans l&rsquo;industrie cin\u00e9matographique. Son t\u00e9moignage courageux et ses plaintes contre les r\u00e9alisateurs Beno\u00eet Jacquot et Jacques Doillon pour viol et agressions sexuelles ont eu un impact significatif, contribuant \u00e0 un \u00e9veil des consciences au sein du mouvement #MeToo fran\u00e7ais.<\/p>\n<p>Ses prises de position publiques, notamment lors des C\u00e9sar, ont fait d&rsquo;elle une voix influente dans la lutte contre les violences sexuelles. Les menaces dont elle fait l&rsquo;objet peuvent \u00eatre per\u00e7ues comme une tentative de la faire taire et de discr\u00e9diter son engagement.<\/p>\n<h2>La R\u00e9ponse Ferme de l&rsquo;Actrice : Une Plainte D\u00e9pos\u00e9e<\/h2>\n<p>Face \u00e0 la violence de ces intimidations, Judith Godr\u00e8che a pris la d\u00e9cision de porter plainte. Elle a clairement indiqu\u00e9 que cette d\u00e9marche vise avant tout \u00e0 prot\u00e9ger sa famille et \u00e0 \u00e9tablir des limites.<\/p>\n<p>L&rsquo;actrice a insist\u00e9 sur le fait que de tels actes ne resteront pas impunis, d\u00e9clarant qu&rsquo;il faudra \u00ab\u00a0assumer leurs actes, \u00e0 la lumi\u00e8re du jour\u00a0\u00bb. Malgr\u00e9 la peur et l&rsquo;incompr\u00e9hension, elle refuse de c\u00e9der au silence, affirmant sa volont\u00e9 et celle de ses soutiens de continuer \u00e0 parler.<\/p>\n<p>Actuellement en tournage en Normandie pour son prochain film, une adaptation du roman \u00ab\u00a0M\u00e9moire de fille\u00a0\u00bb d&rsquo;Annie Ernaux, Judith Godr\u00e8che d\u00e9montre que ces attaques ne freineront pas son travail ni son engagement.<\/p>\n<h2>Conclusion<\/h2>\n<p>Les menaces subies par Judith Godr\u00e8che et sa fille rappellent la r\u00e9alit\u00e9 des d\u00e9fis auxquels sont confront\u00e9es les victimes et les figures publiques qui osent d\u00e9noncer les violences. En d\u00e9posant plainte et en s&rsquo;exprimant publiquement, l&rsquo;actrice envoie un message fort : l&rsquo;intimidation ne l&#8217;emp\u00eachera pas de poursuivre son combat pour une soci\u00e9t\u00e9 plus juste et respectueuse. Cet acte de courage renforce l&rsquo;importance de la solidarit\u00e9 et de la pers\u00e9v\u00e9rance face \u00e0 ceux qui cherchent \u00e0 \u00e9touffer la parole des victimes.<\/p>\n","protected":false},"excerpt":{"rendered":"<p>L&rsquo;actrice et r\u00e9alisatrice Judith Godr\u00e8che a r\u00e9cemment pris la parole, r\u00e9v\u00e9lant avoir \u00e9t\u00e9 la cible de menaces et d&rsquo;intimidations choquantes visant \u00e0 la fois sa personne et sa fille. Ces \u00e9v\u00e9nements, survenus sous la forme de tags injurieux inscrits \u00e0 l&rsquo;entr\u00e9e de son immeuble, ont pouss\u00e9 la com\u00e9dienne \u00e0 d\u00e9poser plainte, illustrant la persistance des [&hellip;]<\/p>\n","protected":false},"author":4,"featured_media":46727,"comment_status":"open","ping_status":"open","sticky":false,"template":"","format":"standard","meta":{"_yoast_wpseo_title":"Judith Godr\u00e8che et sa fille intimid\u00e9es et s\u00e9rieusement menac\u00e9es","_yoast_wpseo_metadesc":"","_yoast_wpseo_focuskw":"Judith"},"categories":[5],"tags":[],"class_list":["post-46728","post","type-post","status-publish","format-standard","has-post-thumbnail","hentry","category-divertissement"],"yoast_head":"<!-- This site is optimized with the Yoast SEO plugin v26.3 - https:\/\/yoast.com\/wordpress\/plugins\/seo\/ -->\n<title>Judith Godr\u00e8che et sa fille intimid\u00e9es et s\u00e9rieusement menac\u00e9es<\/title>\n<meta name=\"robots\" content=\"index, follow, max-snippet:-1, max-image-preview:large, max-video-preview:-1\" \/>\n<link rel=\"canonical\" href=\"https:\/\/elukelele.com\/fr\/divertissement\/judith-godreche-et-sa-fille-intimidees-etserieusement-menacees-lactrice-sexprime-et-publie-une-photochoc\/\" \/>\n<meta property=\"og:locale\" content=\"fr_FR\" \/>\n<meta property=\"og:type\" content=\"article\" \/>\n<meta property=\"og:title\" content=\"Judith Godr\u00e8che et sa fille intimid\u00e9es et s\u00e9rieusement menac\u00e9es\" \/>\n<meta property=\"og:description\" content=\"L&rsquo;actrice et r\u00e9alisatrice Judith Godr\u00e8che a r\u00e9cemment pris la parole, r\u00e9v\u00e9lant avoir \u00e9t\u00e9 la cible de menaces et d&rsquo;intimidations choquantes visant \u00e0 la fois sa personne et sa fille. Ces \u00e9v\u00e9nements, survenus sous la forme de tags injurieux inscrits \u00e0 l&rsquo;entr\u00e9e de son immeuble, ont pouss\u00e9 la com\u00e9dienne \u00e0 d\u00e9poser plainte, illustrant la persistance des [&hellip;]\" \/>\n<meta property=\"og:url\" content=\"https:\/\/elukelele.com\/fr\/divertissement\/judith-godreche-et-sa-fille-intimidees-etserieusement-menacees-lactrice-sexprime-et-publie-une-photochoc\/\" \/>\n<meta property=\"og:site_name\" content=\"El Ukelele\" \/>\n<meta property=\"article:published_time\" content=\"2025-12-02T18:36:28+00:00\" \/>\n<meta property=\"article:modified_time\" content=\"2025-12-02T18:36:29+00:00\" \/>\n<meta property=\"og:image\" content=\"https:\/\/elukelele.com\/fr\/wp-content\/uploads\/2025\/11\/framed_only-1000.png\" \/>\n\t<meta property=\"og:image:width\" content=\"1200\" \/>\n\t<meta property=\"og:image:height\" content=\"628\" \/>\n\t<meta property=\"og:image:type\" content=\"image\/png\" \/>\n<meta name=\"author\" content=\"Daniel Perrin\" \/>\n<meta name=\"twitter:card\" content=\"summary_large_image\" \/>\n<meta name=\"twitter:label1\" content=\"\u00c9crit par\" \/>\n\t<meta name=\"twitter:data1\" content=\"Daniel Perrin\" \/>\n\t<meta name=\"twitter:label2\" content=\"Dur\u00e9e de lecture estim\u00e9e\" \/>\n\t<meta name=\"twitter:data2\" content=\"3 minutes\" \/>\n<script type=\"application\/ld+json\" class=\"yoast-schema-graph\">{\"@context\":\"https:\/\/schema.org\",\"@graph\":[{\"@type\":\"WebPage\",\"@id\":\"https:\/\/elukelele.com\/fr\/divertissement\/judith-godreche-et-sa-fille-intimidees-etserieusement-menacees-lactrice-sexprime-et-publie-une-photochoc\/\",\"url\":\"https:\/\/elukelele.com\/fr\/divertissement\/judith-godreche-et-sa-fille-intimidees-etserieusement-menacees-lactrice-sexprime-et-publie-une-photochoc\/\",\"name\":\"Judith Godr\u00e8che et sa fille intimid\u00e9es et s\u00e9rieusement menac\u00e9es\",\"isPartOf\":{\"@id\":\"https:\/\/elukelele.com\/fr\/#website\"},\"primaryImageOfPage\":{\"@id\":\"https:\/\/elukelele.com\/fr\/divertissement\/judith-godreche-et-sa-fille-intimidees-etserieusement-menacees-lactrice-sexprime-et-publie-une-photochoc\/#primaryimage\"},\"image\":{\"@id\":\"https:\/\/elukelele.com\/fr\/divertissement\/judith-godreche-et-sa-fille-intimidees-etserieusement-menacees-lactrice-sexprime-et-publie-une-photochoc\/#primaryimage\"},\"thumbnailUrl\":\"https:\/\/elukelele.com\/fr\/wp-content\/uploads\/2025\/11\/framed_only-1000.png\",\"datePublished\":\"2025-12-02T18:36:28+00:00\",\"dateModified\":\"2025-12-02T18:36:29+00:00\",\"author\":{\"@id\":\"https:\/\/elukelele.com\/fr\/#\/schema\/person\/ccfb3d2be2ec7fa389608eb6da0b38d6\"},\"breadcrumb\":{\"@id\":\"https:\/\/elukelele.com\/fr\/divertissement\/judith-godreche-et-sa-fille-intimidees-etserieusement-menacees-lactrice-sexprime-et-publie-une-photochoc\/#breadcrumb\"},\"inLanguage\":\"fr-FR\",\"potentialAction\":[{\"@type\":\"ReadAction\",\"target\":[\"https:\/\/elukelele.com\/fr\/divertissement\/judith-godreche-et-sa-fille-intimidees-etserieusement-menacees-lactrice-sexprime-et-publie-une-photochoc\/\"]}]},{\"@type\":\"ImageObject\",\"inLanguage\":\"fr-FR\",\"@id\":\"https:\/\/elukelele.com\/fr\/divertissement\/judith-godreche-et-sa-fille-intimidees-etserieusement-menacees-lactrice-sexprime-et-publie-une-photochoc\/#primaryimage\",\"url\":\"https:\/\/elukelele.com\/fr\/wp-content\/uploads\/2025\/11\/framed_only-1000.png\",\"contentUrl\":\"https:\/\/elukelele.com\/fr\/wp-content\/uploads\/2025\/11\/framed_only-1000.png\",\"width\":1200,\"height\":628,\"caption\":\"Judith\"},{\"@type\":\"BreadcrumbList\",\"@id\":\"https:\/\/elukelele.com\/fr\/divertissement\/judith-godreche-et-sa-fille-intimidees-etserieusement-menacees-lactrice-sexprime-et-publie-une-photochoc\/#breadcrumb\",\"itemListElement\":[{\"@type\":\"ListItem\",\"position\":1,\"name\":\"Home\",\"item\":\"https:\/\/elukelele.com\/fr\/\"},{\"@type\":\"ListItem\",\"position\":2,\"name\":\"Judith Godr\u00e8che et sa fille intimid\u00e9es et s\u00e9rieusement menac\u00e9es, l\u2019actrice s\u2019exprime et publie une photo choc\"}]},{\"@type\":\"WebSite\",\"@id\":\"https:\/\/elukelele.com\/fr\/#website\",\"url\":\"https:\/\/elukelele.com\/fr\/\",\"name\":\"El Ukelele\",\"description\":\"Musique au-del\u00e0 de l&#039;indie\",\"potentialAction\":[{\"@type\":\"SearchAction\",\"target\":{\"@type\":\"EntryPoint\",\"urlTemplate\":\"https:\/\/elukelele.com\/fr\/?s={search_term_string}\"},\"query-input\":{\"@type\":\"PropertyValueSpecification\",\"valueRequired\":true,\"valueName\":\"search_term_string\"}}],\"inLanguage\":\"fr-FR\"},{\"@type\":\"Person\",\"@id\":\"https:\/\/elukelele.com\/fr\/#\/schema\/person\/ccfb3d2be2ec7fa389608eb6da0b38d6\",\"name\":\"Daniel Perrin\",\"image\":{\"@type\":\"ImageObject\",\"inLanguage\":\"fr-FR\",\"@id\":\"https:\/\/elukelele.com\/fr\/#\/schema\/person\/image\/\",\"url\":\"https:\/\/secure.gravatar.com\/avatar\/37f9d9ffa29ce5640a0d9c6ca8bbd90afb854014296ecaa0e3a558ac716e6fe4?s=96&d=mm&r=g\",\"contentUrl\":\"https:\/\/secure.gravatar.com\/avatar\/37f9d9ffa29ce5640a0d9c6ca8bbd90afb854014296ecaa0e3a558ac716e6fe4?s=96&d=mm&r=g\",\"caption\":\"Daniel Perrin\"},\"sameAs\":[\"https:\/\/elukelele.com\/fr\"],\"url\":\"https:\/\/elukelele.com\/fr\/author\/daniel-perrin\/\"}]}<\/script>\n<!-- \/ Yoast SEO plugin. -->","yoast_head_json":{"title":"Judith Godr\u00e8che et sa fille intimid\u00e9es et s\u00e9rieusement menac\u00e9es","robots":{"index":"index","follow":"follow","max-snippet":"max-snippet:-1","max-image-preview":"max-image-preview:large","max-video-preview":"max-video-preview:-1"},"canonical":"https:\/\/elukelele.com\/fr\/divertissement\/judith-godreche-et-sa-fille-intimidees-etserieusement-menacees-lactrice-sexprime-et-publie-une-photochoc\/","og_locale":"fr_FR","og_type":"article","og_title":"Judith Godr\u00e8che et sa fille intimid\u00e9es et s\u00e9rieusement menac\u00e9es","og_description":"L&rsquo;actrice et r\u00e9alisatrice Judith Godr\u00e8che a r\u00e9cemment pris la parole, r\u00e9v\u00e9lant avoir \u00e9t\u00e9 la cible de menaces et d&rsquo;intimidations choquantes visant \u00e0 la fois sa personne et sa fille. Ces \u00e9v\u00e9nements, survenus sous la forme de tags injurieux inscrits \u00e0 l&rsquo;entr\u00e9e de son immeuble, ont pouss\u00e9 la com\u00e9dienne \u00e0 d\u00e9poser plainte, illustrant la persistance des [&hellip;]","og_url":"https:\/\/elukelele.com\/fr\/divertissement\/judith-godreche-et-sa-fille-intimidees-etserieusement-menacees-lactrice-sexprime-et-publie-une-photochoc\/","og_site_name":"El Ukelele","article_published_time":"2025-12-02T18:36:28+00:00","article_modified_time":"2025-12-02T18:36:29+00:00","og_image":[{"width":1200,"height":628,"url":"https:\/\/elukelele.com\/fr\/wp-content\/uploads\/2025\/11\/framed_only-1000.png","type":"image\/png"}],"author":"Daniel Perrin","twitter_card":"summary_large_image","twitter_misc":{"\u00c9crit par":"Daniel Perrin","Dur\u00e9e de lecture estim\u00e9e":"3 minutes"},"schema":{"@context":"https:\/\/schema.org","@graph":[{"@type":"WebPage","@id":"https:\/\/elukelele.com\/fr\/divertissement\/judith-godreche-et-sa-fille-intimidees-etserieusement-menacees-lactrice-sexprime-et-publie-une-photochoc\/","url":"https:\/\/elukelele.com\/fr\/divertissement\/judith-godreche-et-sa-fille-intimidees-etserieusement-menacees-lactrice-sexprime-et-publie-une-photochoc\/","name":"Judith Godr\u00e8che et sa fille intimid\u00e9es et s\u00e9rieusement menac\u00e9es","isPartOf":{"@id":"https:\/\/elukelele.com\/fr\/#website"},"primaryImageOfPage":{"@id":"https:\/\/elukelele.com\/fr\/divertissement\/judith-godreche-et-sa-fille-intimidees-etserieusement-menacees-lactrice-sexprime-et-publie-une-photochoc\/#primaryimage"},"image":{"@id":"https:\/\/elukelele.com\/fr\/divertissement\/judith-godreche-et-sa-fille-intimidees-etserieusement-menacees-lactrice-sexprime-et-publie-une-photochoc\/#primaryimage"},"thumbnailUrl":"https:\/\/elukelele.com\/fr\/wp-content\/uploads\/2025\/11\/framed_only-1000.png","datePublished":"2025-12-02T18:36:28+00:00","dateModified":"2025-12-02T18:36:29+00:00","author":{"@id":"https:\/\/elukelele.com\/fr\/#\/schema\/person\/ccfb3d2be2ec7fa389608eb6da0b38d6"},"breadcrumb":{"@id":"https:\/\/elukelele.com\/fr\/divertissement\/judith-godreche-et-sa-fille-intimidees-etserieusement-menacees-lactrice-sexprime-et-publie-une-photochoc\/#breadcrumb"},"inLanguage":"fr-FR","potentialAction":[{"@type":"ReadAction","target":["https:\/\/elukelele.com\/fr\/divertissement\/judith-godreche-et-sa-fille-intimidees-etserieusement-menacees-lactrice-sexprime-et-publie-une-photochoc\/"]}]},{"@type":"ImageObject","inLanguage":"fr-FR","@id":"https:\/\/elukelele.com\/fr\/divertissement\/judith-godreche-et-sa-fille-intimidees-etserieusement-menacees-lactrice-sexprime-et-publie-une-photochoc\/#primaryimage","url":"https:\/\/elukelele.com\/fr\/wp-content\/uploads\/2025\/11\/framed_only-1000.png","contentUrl":"https:\/\/elukelele.com\/fr\/wp-content\/uploads\/2025\/11\/framed_only-1000.png","width":1200,"height":628,"caption":"Judith"},{"@type":"BreadcrumbList","@id":"https:\/\/elukelele.com\/fr\/divertissement\/judith-godreche-et-sa-fille-intimidees-etserieusement-menacees-lactrice-sexprime-et-publie-une-photochoc\/#breadcrumb","itemListElement":[{"@type":"ListItem","position":1,"name":"Home","item":"https:\/\/elukelele.com\/fr\/"},{"@type":"ListItem","position":2,"name":"Judith Godr\u00e8che et sa fille intimid\u00e9es et s\u00e9rieusement menac\u00e9es, l\u2019actrice s\u2019exprime et publie une photo choc"}]},{"@type":"WebSite","@id":"https:\/\/elukelele.com\/fr\/#website","url":"https:\/\/elukelele.com\/fr\/","name":"El Ukelele","description":"Musique au-del\u00e0 de l&#039;indie","potentialAction":[{"@type":"SearchAction","target":{"@type":"EntryPoint","urlTemplate":"https:\/\/elukelele.com\/fr\/?s={search_term_string}"},"query-input":{"@type":"PropertyValueSpecification","valueRequired":true,"valueName":"search_term_string"}}],"inLanguage":"fr-FR"},{"@type":"Person","@id":"https:\/\/elukelele.com\/fr\/#\/schema\/person\/ccfb3d2be2ec7fa389608eb6da0b38d6","name":"Daniel Perrin","image":{"@type":"ImageObject","inLanguage":"fr-FR","@id":"https:\/\/elukelele.com\/fr\/#\/schema\/person\/image\/","url":"https:\/\/secure.gravatar.com\/avatar\/37f9d9ffa29ce5640a0d9c6ca8bbd90afb854014296ecaa0e3a558ac716e6fe4?s=96&d=mm&r=g","contentUrl":"https:\/\/secure.gravatar.com\/avatar\/37f9d9ffa29ce5640a0d9c6ca8bbd90afb854014296ecaa0e3a558ac716e6fe4?s=96&d=mm&r=g","caption":"Daniel Perrin"},"sameAs":["https:\/\/elukelele.com\/fr"],"url":"https:\/\/elukelele.com\/fr\/author\/daniel-perrin\/"}]}},"_links":{"self":[{"href":"https:\/\/elukelele.com\/fr\/wp-json\/wp\/v2\/posts\/46728","targetHints":{"allow":["GET"]}}],"collection":[{"href":"https:\/\/elukelele.com\/fr\/wp-json\/wp\/v2\/posts"}],"about":[{"href":"https:\/\/elukelele.com\/fr\/wp-json\/wp\/v2\/types\/post"}],"author":[{"embeddable":true,"href":"https:\/\/elukelele.com\/fr\/wp-json\/wp\/v2\/users\/4"}],"replies":[{"embeddable":true,"href":"https:\/\/elukelele.com\/fr\/wp-json\/wp\/v2\/comments?post=46728"}],"version-history":[{"count":1,"href":"https:\/\/elukelele.com\/fr\/wp-json\/wp\/v2\/posts\/46728\/revisions"}],"predecessor-version":[{"id":46975,"href":"https:\/\/elukelele.com\/fr\/wp-json\/wp\/v2\/posts\/46728\/revisions\/46975"}],"wp:featuredmedia":[{"embeddable":true,"href":"https:\/\/elukelele.com\/fr\/wp-json\/wp\/v2\/media\/46727"}],"wp:attachment":[{"href":"https:\/\/elukelele.com\/fr\/wp-json\/wp\/v2\/media?parent=46728"}],"wp:term":[{"taxonomy":"category","embeddable":true,"href":"https:\/\/elukelele.com\/fr\/wp-json\/wp\/v2\/categories?post=46728"},{"taxonomy":"post_tag","embeddable":true,"href":"https:\/\/elukelele.com\/fr\/wp-json\/wp\/v2\/tags?post=46728"}],"curies":[{"name":"wp","href":"https:\/\/api.w.org\/{rel}","templated":true}]}}