{"id":46724,"date":"2025-12-02T18:40:03","date_gmt":"2025-12-02T18:40:03","guid":{"rendered":"https:\/\/elukelele.com\/fr\/?p=46724"},"modified":"2025-12-02T18:40:04","modified_gmt":"2025-12-02T18:40:04","slug":"ca-na-pas-echappe-a-patrick-anne-elisabethlemoine-tacle-son-chroniqueur-a-propos-dune-celebre-poitrine","status":"publish","type":"post","link":"https:\/\/elukelele.com\/fr\/divertissement\/ca-na-pas-echappe-a-patrick-anne-elisabethlemoine-tacle-son-chroniqueur-a-propos-dune-celebre-poitrine\/","title":{"rendered":"\u201c\u00c7a n\u2019a pas \u00e9chapp\u00e9 \u00e0 Patrick\u201d : Anne-Elisabeth\nLemoine tacle son chroniqueur \u00e0 propos d\u2019une c\u00e9l\u00e8bre poitrine"},"content":{"rendered":"<p>Dans le monde des \u00e9missions t\u00e9l\u00e9visuelles fran\u00e7aises, les interactions entre animateurs et chroniqueurs sont souvent un m\u00e9lange d&rsquo;information s\u00e9rieuse et de moments de l\u00e9g\u00e8ret\u00e9. L&rsquo;\u00e9mission \u00ab\u00a0C \u00e0 Vous\u00a0\u00bb, diffus\u00e9e sur France 5, est particuli\u00e8rement reconnue pour l&rsquo;alchimie entre son animatrice, Anne-Elisabeth Lemoine, et ses chroniqueurs, notamment Patrick Cohen. Leur dynamique est r\u00e9guli\u00e8rement ponctu\u00e9e d&rsquo;\u00e9changes vifs, de taquineries et de r\u00e9parties, pour le plus grand plaisir des t\u00e9l\u00e9spectateurs.<\/p>\n<h2>\u00ab\u00a0\u00c7a n\u2019a pas \u00e9chapp\u00e9 \u00e0 Patrick\u00a0\u00bb : Quand le buste de Dalida s&rsquo;invite sur le plateau<\/h2>\n<p>Un de ces moments a r\u00e9cemment captiv\u00e9 l&rsquo;attention du public lors d&rsquo;une \u00e9mission, au cours de laquelle le chroniqueur Lorrain S\u00e9n\u00e9chal abordait, dans sa rubrique \u00ab\u00a0Le 5 sur 5\u00a0\u00bb, un sujet inattendu : le c\u00e9l\u00e8bre buste de Dalida, situ\u00e9 rue de l&rsquo;Abreuvoir \u00e0 Paris. Cette statue, \u00e9rig\u00e9e en 1997 en hommage \u00e0 l&rsquo;ic\u00f4ne de la chanson, est au c\u0153ur d&rsquo;une tradition populaire persistante : celle de lui toucher la poitrine. Ce geste est r\u00e9put\u00e9 porter chance et, au fil des d\u00e9cennies, il a poli le bronze de la statue \u00e0 cet endroit pr\u00e9cis, t\u00e9moignant de l&rsquo;affluence quotidienne de touristes et admirateurs.<\/p>\n<p>Lorrain S\u00e9n\u00e9chal a \u00e9galement soulign\u00e9 la notori\u00e9t\u00e9 internationale de l&rsquo;\u0153uvre, mentionnant son apparition dans la premi\u00e8re saison de la s\u00e9rie \u00e0 succ\u00e8s \u00ab\u00a0Emily in Paris\u00a0\u00bb. C&rsquo;est \u00e0 ce moment pr\u00e9cis que la c\u00e9l\u00e8bre r\u00e9plique d&rsquo;Anne-Elisabeth Lemoine est survenue. Alors que Patrick Cohen acquies\u00e7ait, visiblement d\u00e9j\u00e0 inform\u00e9 de cette r\u00e9f\u00e9rence, l&rsquo;animatrice n&rsquo;a pas manqu\u00e9 l&rsquo;occasion de le taquiner. Avec un sourire, elle a lanc\u00e9 : \u00ab\u00a0\u00c7a n\u2019a pas \u00e9chapp\u00e9 \u00e0 Patrick\u00a0\u00bb, une pique amus\u00e9e qui a suscit\u00e9 les rires sur le plateau et illustre parfaitement la complicit\u00e9 parfois espi\u00e8gle entre les deux personnalit\u00e9s.<\/p>\n<h2>La tradition du buste de Dalida face aux interrogations contemporaines<\/h2>\n<p>Au-del\u00e0 de l&rsquo;anecdote t\u00e9l\u00e9visuelle, la tradition li\u00e9e au buste de Dalida soul\u00e8ve des questions plus larges dans le d\u00e9bat public. Si pour beaucoup, toucher la poitrine de la statue est un acte inoffensif et porte-bonheur, une autre perspective \u00e9merge. Des \u00e9lus \u00e9cologistes et des associations f\u00e9ministes ont exprim\u00e9 leurs pr\u00e9occupations, arguant que ce geste, bien que motiv\u00e9 par la superstition, pourrait mimer une agression sexuelle et banaliser de tels actes dans l&rsquo;espace public.<\/p>\n<p>Ces voix militent pour des am\u00e9nagements, tels qu&rsquo;un socle plus \u00e9lev\u00e9, l&rsquo;installation de barri\u00e8res de protection ou l&rsquo;ajout d&rsquo;un panneau p\u00e9dagogique, afin de pr\u00e9server l&rsquo;int\u00e9grit\u00e9 de l&rsquo;\u0153uvre tout en sensibilisant le public aux enjeux contemporains. Cependant, cette initiative ne fait pas l&rsquo;unanimit\u00e9. Orlando, le fr\u00e8re de Dalida, a par exemple exprim\u00e9 une position plus nuanc\u00e9e. Il a conc\u00e9d\u00e9 qu&rsquo;une l\u00e9g\u00e8re \u00e9l\u00e9vation de la statue pourrait \u00eatre envisageable pour la rendre moins accessible, mais a \u00e9galement plaid\u00e9 pour une approche empreinte de \u00ab\u00a0l\u00e9g\u00e8ret\u00e9 et d&rsquo;humour\u00a0\u00bb, estimant que les gens ont besoin de r\u00eaver.<\/p>\n<h2>Conclusion<\/h2>\n<p>L&rsquo;\u00e9change l\u00e9ger entre Anne-Elisabeth Lemoine et Patrick Cohen autour du buste de Dalida est un exemple parfait de la mani\u00e8re dont la t\u00e9l\u00e9vision peut aborder des sujets de soci\u00e9t\u00e9. Ce qui d\u00e9bute comme une taquinerie amicale se transforme rapidement en une discussion plus profonde sur le respect des \u0153uvres d&rsquo;art, la persistance des traditions populaires et l&rsquo;\u00e9volution des sensibilit\u00e9s contemporaines. L&rsquo;\u00e9pisode met en lumi\u00e8re un d\u00e9bat plus large sur la place des symboles culturels dans l&rsquo;espace public et la n\u00e9cessit\u00e9 de trouver un \u00e9quilibre entre hommage, tradition et respect des valeurs actuelles.<\/p>\n","protected":false},"excerpt":{"rendered":"<p>Dans le monde des \u00e9missions t\u00e9l\u00e9visuelles fran\u00e7aises, les interactions entre animateurs et chroniqueurs sont souvent un m\u00e9lange d&rsquo;information s\u00e9rieuse et de moments de l\u00e9g\u00e8ret\u00e9. L&rsquo;\u00e9mission \u00ab\u00a0C \u00e0 Vous\u00a0\u00bb, diffus\u00e9e sur France 5, est particuli\u00e8rement reconnue pour l&rsquo;alchimie entre son animatrice, Anne-Elisabeth Lemoine, et ses chroniqueurs, notamment Patrick Cohen. Leur dynamique est r\u00e9guli\u00e8rement ponctu\u00e9e d&rsquo;\u00e9changes vifs, [&hellip;]<\/p>\n","protected":false},"author":4,"featured_media":46723,"comment_status":"open","ping_status":"open","sticky":false,"template":"","format":"standard","meta":{"_yoast_wpseo_title":"\u201c\u00c7a n\u2019a pas \u00e9chapp\u00e9 \u00e0 Patrick\u201d : Anne-Elisabeth Lemoine tacle son chroniqueur \u00e0 propos d\u2019une c\u00e9l\u00e8bre poitrine","_yoast_wpseo_metadesc":"","_yoast_wpseo_focuskw":"Anne"},"categories":[5],"tags":[],"class_list":["post-46724","post","type-post","status-publish","format-standard","has-post-thumbnail","hentry","category-divertissement"],"yoast_head":"<!-- This site is optimized with the Yoast SEO plugin v26.3 - https:\/\/yoast.com\/wordpress\/plugins\/seo\/ -->\n<title>\u201c\u00c7a n\u2019a pas \u00e9chapp\u00e9 \u00e0 Patrick\u201d : Anne-Elisabeth Lemoine tacle son chroniqueur \u00e0 propos d\u2019une c\u00e9l\u00e8bre poitrine<\/title>\n<meta name=\"robots\" content=\"index, follow, max-snippet:-1, max-image-preview:large, max-video-preview:-1\" \/>\n<link rel=\"canonical\" href=\"https:\/\/elukelele.com\/fr\/divertissement\/ca-na-pas-echappe-a-patrick-anne-elisabethlemoine-tacle-son-chroniqueur-a-propos-dune-celebre-poitrine\/\" \/>\n<meta property=\"og:locale\" content=\"fr_FR\" \/>\n<meta property=\"og:type\" content=\"article\" \/>\n<meta property=\"og:title\" content=\"\u201c\u00c7a n\u2019a pas \u00e9chapp\u00e9 \u00e0 Patrick\u201d : Anne-Elisabeth Lemoine tacle son chroniqueur \u00e0 propos d\u2019une c\u00e9l\u00e8bre poitrine\" \/>\n<meta property=\"og:description\" content=\"Dans le monde des \u00e9missions t\u00e9l\u00e9visuelles fran\u00e7aises, les interactions entre animateurs et chroniqueurs sont souvent un m\u00e9lange d&rsquo;information s\u00e9rieuse et de moments de l\u00e9g\u00e8ret\u00e9. L&rsquo;\u00e9mission \u00ab\u00a0C \u00e0 Vous\u00a0\u00bb, diffus\u00e9e sur France 5, est particuli\u00e8rement reconnue pour l&rsquo;alchimie entre son animatrice, Anne-Elisabeth Lemoine, et ses chroniqueurs, notamment Patrick Cohen. Leur dynamique est r\u00e9guli\u00e8rement ponctu\u00e9e d&rsquo;\u00e9changes vifs, [&hellip;]\" \/>\n<meta property=\"og:url\" content=\"https:\/\/elukelele.com\/fr\/divertissement\/ca-na-pas-echappe-a-patrick-anne-elisabethlemoine-tacle-son-chroniqueur-a-propos-dune-celebre-poitrine\/\" \/>\n<meta property=\"og:site_name\" content=\"El Ukelele\" \/>\n<meta property=\"article:published_time\" content=\"2025-12-02T18:40:03+00:00\" \/>\n<meta property=\"article:modified_time\" content=\"2025-12-02T18:40:04+00:00\" \/>\n<meta property=\"og:image\" content=\"https:\/\/elukelele.com\/fr\/wp-content\/uploads\/2025\/11\/framed_only-998.png\" \/>\n\t<meta property=\"og:image:width\" content=\"1200\" \/>\n\t<meta property=\"og:image:height\" content=\"628\" \/>\n\t<meta property=\"og:image:type\" content=\"image\/png\" \/>\n<meta name=\"author\" content=\"Daniel Perrin\" \/>\n<meta name=\"twitter:card\" content=\"summary_large_image\" \/>\n<meta name=\"twitter:label1\" content=\"\u00c9crit par\" \/>\n\t<meta name=\"twitter:data1\" content=\"Daniel Perrin\" \/>\n\t<meta name=\"twitter:label2\" content=\"Dur\u00e9e de lecture estim\u00e9e\" \/>\n\t<meta name=\"twitter:data2\" content=\"3 minutes\" \/>\n<script type=\"application\/ld+json\" class=\"yoast-schema-graph\">{\"@context\":\"https:\/\/schema.org\",\"@graph\":[{\"@type\":\"WebPage\",\"@id\":\"https:\/\/elukelele.com\/fr\/divertissement\/ca-na-pas-echappe-a-patrick-anne-elisabethlemoine-tacle-son-chroniqueur-a-propos-dune-celebre-poitrine\/\",\"url\":\"https:\/\/elukelele.com\/fr\/divertissement\/ca-na-pas-echappe-a-patrick-anne-elisabethlemoine-tacle-son-chroniqueur-a-propos-dune-celebre-poitrine\/\",\"name\":\"\u201c\u00c7a n\u2019a pas \u00e9chapp\u00e9 \u00e0 Patrick\u201d : Anne-Elisabeth Lemoine tacle son chroniqueur \u00e0 propos d\u2019une c\u00e9l\u00e8bre poitrine\",\"isPartOf\":{\"@id\":\"https:\/\/elukelele.com\/fr\/#website\"},\"primaryImageOfPage\":{\"@id\":\"https:\/\/elukelele.com\/fr\/divertissement\/ca-na-pas-echappe-a-patrick-anne-elisabethlemoine-tacle-son-chroniqueur-a-propos-dune-celebre-poitrine\/#primaryimage\"},\"image\":{\"@id\":\"https:\/\/elukelele.com\/fr\/divertissement\/ca-na-pas-echappe-a-patrick-anne-elisabethlemoine-tacle-son-chroniqueur-a-propos-dune-celebre-poitrine\/#primaryimage\"},\"thumbnailUrl\":\"https:\/\/elukelele.com\/fr\/wp-content\/uploads\/2025\/11\/framed_only-998.png\",\"datePublished\":\"2025-12-02T18:40:03+00:00\",\"dateModified\":\"2025-12-02T18:40:04+00:00\",\"author\":{\"@id\":\"https:\/\/elukelele.com\/fr\/#\/schema\/person\/ccfb3d2be2ec7fa389608eb6da0b38d6\"},\"breadcrumb\":{\"@id\":\"https:\/\/elukelele.com\/fr\/divertissement\/ca-na-pas-echappe-a-patrick-anne-elisabethlemoine-tacle-son-chroniqueur-a-propos-dune-celebre-poitrine\/#breadcrumb\"},\"inLanguage\":\"fr-FR\",\"potentialAction\":[{\"@type\":\"ReadAction\",\"target\":[\"https:\/\/elukelele.com\/fr\/divertissement\/ca-na-pas-echappe-a-patrick-anne-elisabethlemoine-tacle-son-chroniqueur-a-propos-dune-celebre-poitrine\/\"]}]},{\"@type\":\"ImageObject\",\"inLanguage\":\"fr-FR\",\"@id\":\"https:\/\/elukelele.com\/fr\/divertissement\/ca-na-pas-echappe-a-patrick-anne-elisabethlemoine-tacle-son-chroniqueur-a-propos-dune-celebre-poitrine\/#primaryimage\",\"url\":\"https:\/\/elukelele.com\/fr\/wp-content\/uploads\/2025\/11\/framed_only-998.png\",\"contentUrl\":\"https:\/\/elukelele.com\/fr\/wp-content\/uploads\/2025\/11\/framed_only-998.png\",\"width\":1200,\"height\":628,\"caption\":\"Anne\"},{\"@type\":\"BreadcrumbList\",\"@id\":\"https:\/\/elukelele.com\/fr\/divertissement\/ca-na-pas-echappe-a-patrick-anne-elisabethlemoine-tacle-son-chroniqueur-a-propos-dune-celebre-poitrine\/#breadcrumb\",\"itemListElement\":[{\"@type\":\"ListItem\",\"position\":1,\"name\":\"Home\",\"item\":\"https:\/\/elukelele.com\/fr\/\"},{\"@type\":\"ListItem\",\"position\":2,\"name\":\"\u201c\u00c7a n\u2019a pas \u00e9chapp\u00e9 \u00e0 Patrick\u201d : Anne-Elisabeth Lemoine tacle son chroniqueur \u00e0 propos d\u2019une c\u00e9l\u00e8bre poitrine\"}]},{\"@type\":\"WebSite\",\"@id\":\"https:\/\/elukelele.com\/fr\/#website\",\"url\":\"https:\/\/elukelele.com\/fr\/\",\"name\":\"El Ukelele\",\"description\":\"Musique au-del\u00e0 de l&#039;indie\",\"potentialAction\":[{\"@type\":\"SearchAction\",\"target\":{\"@type\":\"EntryPoint\",\"urlTemplate\":\"https:\/\/elukelele.com\/fr\/?s={search_term_string}\"},\"query-input\":{\"@type\":\"PropertyValueSpecification\",\"valueRequired\":true,\"valueName\":\"search_term_string\"}}],\"inLanguage\":\"fr-FR\"},{\"@type\":\"Person\",\"@id\":\"https:\/\/elukelele.com\/fr\/#\/schema\/person\/ccfb3d2be2ec7fa389608eb6da0b38d6\",\"name\":\"Daniel Perrin\",\"image\":{\"@type\":\"ImageObject\",\"inLanguage\":\"fr-FR\",\"@id\":\"https:\/\/elukelele.com\/fr\/#\/schema\/person\/image\/\",\"url\":\"https:\/\/secure.gravatar.com\/avatar\/37f9d9ffa29ce5640a0d9c6ca8bbd90afb854014296ecaa0e3a558ac716e6fe4?s=96&d=mm&r=g\",\"contentUrl\":\"https:\/\/secure.gravatar.com\/avatar\/37f9d9ffa29ce5640a0d9c6ca8bbd90afb854014296ecaa0e3a558ac716e6fe4?s=96&d=mm&r=g\",\"caption\":\"Daniel Perrin\"},\"sameAs\":[\"https:\/\/elukelele.com\/fr\"],\"url\":\"https:\/\/elukelele.com\/fr\/author\/daniel-perrin\/\"}]}<\/script>\n<!-- \/ Yoast SEO plugin. -->","yoast_head_json":{"title":"\u201c\u00c7a n\u2019a pas \u00e9chapp\u00e9 \u00e0 Patrick\u201d : Anne-Elisabeth Lemoine tacle son chroniqueur \u00e0 propos d\u2019une c\u00e9l\u00e8bre poitrine","robots":{"index":"index","follow":"follow","max-snippet":"max-snippet:-1","max-image-preview":"max-image-preview:large","max-video-preview":"max-video-preview:-1"},"canonical":"https:\/\/elukelele.com\/fr\/divertissement\/ca-na-pas-echappe-a-patrick-anne-elisabethlemoine-tacle-son-chroniqueur-a-propos-dune-celebre-poitrine\/","og_locale":"fr_FR","og_type":"article","og_title":"\u201c\u00c7a n\u2019a pas \u00e9chapp\u00e9 \u00e0 Patrick\u201d : Anne-Elisabeth Lemoine tacle son chroniqueur \u00e0 propos d\u2019une c\u00e9l\u00e8bre poitrine","og_description":"Dans le monde des \u00e9missions t\u00e9l\u00e9visuelles fran\u00e7aises, les interactions entre animateurs et chroniqueurs sont souvent un m\u00e9lange d&rsquo;information s\u00e9rieuse et de moments de l\u00e9g\u00e8ret\u00e9. L&rsquo;\u00e9mission \u00ab\u00a0C \u00e0 Vous\u00a0\u00bb, diffus\u00e9e sur France 5, est particuli\u00e8rement reconnue pour l&rsquo;alchimie entre son animatrice, Anne-Elisabeth Lemoine, et ses chroniqueurs, notamment Patrick Cohen. Leur dynamique est r\u00e9guli\u00e8rement ponctu\u00e9e d&rsquo;\u00e9changes vifs, [&hellip;]","og_url":"https:\/\/elukelele.com\/fr\/divertissement\/ca-na-pas-echappe-a-patrick-anne-elisabethlemoine-tacle-son-chroniqueur-a-propos-dune-celebre-poitrine\/","og_site_name":"El Ukelele","article_published_time":"2025-12-02T18:40:03+00:00","article_modified_time":"2025-12-02T18:40:04+00:00","og_image":[{"width":1200,"height":628,"url":"https:\/\/elukelele.com\/fr\/wp-content\/uploads\/2025\/11\/framed_only-998.png","type":"image\/png"}],"author":"Daniel Perrin","twitter_card":"summary_large_image","twitter_misc":{"\u00c9crit par":"Daniel Perrin","Dur\u00e9e de lecture estim\u00e9e":"3 minutes"},"schema":{"@context":"https:\/\/schema.org","@graph":[{"@type":"WebPage","@id":"https:\/\/elukelele.com\/fr\/divertissement\/ca-na-pas-echappe-a-patrick-anne-elisabethlemoine-tacle-son-chroniqueur-a-propos-dune-celebre-poitrine\/","url":"https:\/\/elukelele.com\/fr\/divertissement\/ca-na-pas-echappe-a-patrick-anne-elisabethlemoine-tacle-son-chroniqueur-a-propos-dune-celebre-poitrine\/","name":"\u201c\u00c7a n\u2019a pas \u00e9chapp\u00e9 \u00e0 Patrick\u201d : Anne-Elisabeth Lemoine tacle son chroniqueur \u00e0 propos d\u2019une c\u00e9l\u00e8bre poitrine","isPartOf":{"@id":"https:\/\/elukelele.com\/fr\/#website"},"primaryImageOfPage":{"@id":"https:\/\/elukelele.com\/fr\/divertissement\/ca-na-pas-echappe-a-patrick-anne-elisabethlemoine-tacle-son-chroniqueur-a-propos-dune-celebre-poitrine\/#primaryimage"},"image":{"@id":"https:\/\/elukelele.com\/fr\/divertissement\/ca-na-pas-echappe-a-patrick-anne-elisabethlemoine-tacle-son-chroniqueur-a-propos-dune-celebre-poitrine\/#primaryimage"},"thumbnailUrl":"https:\/\/elukelele.com\/fr\/wp-content\/uploads\/2025\/11\/framed_only-998.png","datePublished":"2025-12-02T18:40:03+00:00","dateModified":"2025-12-02T18:40:04+00:00","author":{"@id":"https:\/\/elukelele.com\/fr\/#\/schema\/person\/ccfb3d2be2ec7fa389608eb6da0b38d6"},"breadcrumb":{"@id":"https:\/\/elukelele.com\/fr\/divertissement\/ca-na-pas-echappe-a-patrick-anne-elisabethlemoine-tacle-son-chroniqueur-a-propos-dune-celebre-poitrine\/#breadcrumb"},"inLanguage":"fr-FR","potentialAction":[{"@type":"ReadAction","target":["https:\/\/elukelele.com\/fr\/divertissement\/ca-na-pas-echappe-a-patrick-anne-elisabethlemoine-tacle-son-chroniqueur-a-propos-dune-celebre-poitrine\/"]}]},{"@type":"ImageObject","inLanguage":"fr-FR","@id":"https:\/\/elukelele.com\/fr\/divertissement\/ca-na-pas-echappe-a-patrick-anne-elisabethlemoine-tacle-son-chroniqueur-a-propos-dune-celebre-poitrine\/#primaryimage","url":"https:\/\/elukelele.com\/fr\/wp-content\/uploads\/2025\/11\/framed_only-998.png","contentUrl":"https:\/\/elukelele.com\/fr\/wp-content\/uploads\/2025\/11\/framed_only-998.png","width":1200,"height":628,"caption":"Anne"},{"@type":"BreadcrumbList","@id":"https:\/\/elukelele.com\/fr\/divertissement\/ca-na-pas-echappe-a-patrick-anne-elisabethlemoine-tacle-son-chroniqueur-a-propos-dune-celebre-poitrine\/#breadcrumb","itemListElement":[{"@type":"ListItem","position":1,"name":"Home","item":"https:\/\/elukelele.com\/fr\/"},{"@type":"ListItem","position":2,"name":"\u201c\u00c7a n\u2019a pas \u00e9chapp\u00e9 \u00e0 Patrick\u201d : Anne-Elisabeth Lemoine tacle son chroniqueur \u00e0 propos d\u2019une c\u00e9l\u00e8bre poitrine"}]},{"@type":"WebSite","@id":"https:\/\/elukelele.com\/fr\/#website","url":"https:\/\/elukelele.com\/fr\/","name":"El Ukelele","description":"Musique au-del\u00e0 de l&#039;indie","potentialAction":[{"@type":"SearchAction","target":{"@type":"EntryPoint","urlTemplate":"https:\/\/elukelele.com\/fr\/?s={search_term_string}"},"query-input":{"@type":"PropertyValueSpecification","valueRequired":true,"valueName":"search_term_string"}}],"inLanguage":"fr-FR"},{"@type":"Person","@id":"https:\/\/elukelele.com\/fr\/#\/schema\/person\/ccfb3d2be2ec7fa389608eb6da0b38d6","name":"Daniel Perrin","image":{"@type":"ImageObject","inLanguage":"fr-FR","@id":"https:\/\/elukelele.com\/fr\/#\/schema\/person\/image\/","url":"https:\/\/secure.gravatar.com\/avatar\/37f9d9ffa29ce5640a0d9c6ca8bbd90afb854014296ecaa0e3a558ac716e6fe4?s=96&d=mm&r=g","contentUrl":"https:\/\/secure.gravatar.com\/avatar\/37f9d9ffa29ce5640a0d9c6ca8bbd90afb854014296ecaa0e3a558ac716e6fe4?s=96&d=mm&r=g","caption":"Daniel Perrin"},"sameAs":["https:\/\/elukelele.com\/fr"],"url":"https:\/\/elukelele.com\/fr\/author\/daniel-perrin\/"}]}},"_links":{"self":[{"href":"https:\/\/elukelele.com\/fr\/wp-json\/wp\/v2\/posts\/46724","targetHints":{"allow":["GET"]}}],"collection":[{"href":"https:\/\/elukelele.com\/fr\/wp-json\/wp\/v2\/posts"}],"about":[{"href":"https:\/\/elukelele.com\/fr\/wp-json\/wp\/v2\/types\/post"}],"author":[{"embeddable":true,"href":"https:\/\/elukelele.com\/fr\/wp-json\/wp\/v2\/users\/4"}],"replies":[{"embeddable":true,"href":"https:\/\/elukelele.com\/fr\/wp-json\/wp\/v2\/comments?post=46724"}],"version-history":[{"count":1,"href":"https:\/\/elukelele.com\/fr\/wp-json\/wp\/v2\/posts\/46724\/revisions"}],"predecessor-version":[{"id":46977,"href":"https:\/\/elukelele.com\/fr\/wp-json\/wp\/v2\/posts\/46724\/revisions\/46977"}],"wp:featuredmedia":[{"embeddable":true,"href":"https:\/\/elukelele.com\/fr\/wp-json\/wp\/v2\/media\/46723"}],"wp:attachment":[{"href":"https:\/\/elukelele.com\/fr\/wp-json\/wp\/v2\/media?parent=46724"}],"wp:term":[{"taxonomy":"category","embeddable":true,"href":"https:\/\/elukelele.com\/fr\/wp-json\/wp\/v2\/categories?post=46724"},{"taxonomy":"post_tag","embeddable":true,"href":"https:\/\/elukelele.com\/fr\/wp-json\/wp\/v2\/tags?post=46724"}],"curies":[{"name":"wp","href":"https:\/\/api.w.org\/{rel}","templated":true}]}}