{"id":46718,"date":"2025-12-02T18:45:40","date_gmt":"2025-12-02T18:45:40","guid":{"rendered":"https:\/\/elukelele.com\/fr\/?p=46718"},"modified":"2025-12-02T18:45:40","modified_gmt":"2025-12-02T18:45:40","slug":"lapin-geant-clown-et-panthere-rose-avant-noel-charlene-de-monaco-retombe-en-enfance","status":"publish","type":"post","link":"https:\/\/elukelele.com\/fr\/divertissement\/lapin-geant-clown-et-panthere-rose-avant-noel-charlene-de-monaco-retombe-en-enfance\/","title":{"rendered":"Lapin g\u00e9ant, clown et panth\u00e8re rose : avant No\u00ebl, Charl\u00e8ne de Monaco retombe en enfance"},"content":{"rendered":"<p>Alors que l&rsquo;air se rafra\u00eechit et que les premi\u00e8res lumi\u00e8res de No\u00ebl commencent \u00e0 scintiller, la Principaut\u00e9 de Monaco s&rsquo;anime d&rsquo;une magie particuli\u00e8re. Au c\u0153ur de cette effervescence festive, la Princesse Charl\u00e8ne de Monaco a r\u00e9cemment offert un moment de pure joie, participant \u00e0 un \u00e9v\u00e9nement caritatif qui l&rsquo;a vue \u00ab\u00a0retomber en enfance\u00a0\u00bb au milieu de lapins g\u00e9ants, de clowns et de la Panth\u00e8re rose, marquant ainsi le coup d&rsquo;envoi des c\u00e9l\u00e9brations de fin d&rsquo;ann\u00e9e. Cet engagement t\u00e9moigne de son d\u00e9vouement envers les enfants et de sa capacit\u00e9 \u00e0 partager des instants de bonheur authentique, loin des fastes protocolaires.<\/p>\n<h2>Le \u00ab\u00a0No\u00ebl de Frankie\u00a0\u00bb : Un Spectacle de C\u0153ur<\/h2>\n<p>Le 26 novembre, l&rsquo;Auditorium Rainier III a accueilli la 28\u00e8me \u00e9dition du \u00ab\u00a0No\u00ebl de Frankie\u00a0\u00bb, un \u00e9v\u00e9nement caritatif tr\u00e8s appr\u00e9ci\u00e9 et d\u00e9di\u00e9 aux enfants malades, handicap\u00e9s ou d\u00e9favoris\u00e9s. Organis\u00e9 par l&rsquo;association mon\u00e9gasque \u00ab\u00a0Les Enfants de Frankie\u00a0\u00bb, cet \u00e9v\u00e9nement annuel est devenu un rendez-vous incontournable du calendrier caritatif de la Principaut\u00e9, offrant une parenth\u00e8se enchant\u00e9e aux jeunes participants.<\/p>\n<p>Sous le Haut Patronage du Prince Albert II, qui assure \u00e9galement la Pr\u00e9sidence d&rsquo;honneur de l&rsquo;association depuis 2023, le \u00ab\u00a0No\u00ebl de Frankie\u00a0\u00bb propose chaque ann\u00e9e un spectacle unique. La particularit\u00e9 de cette repr\u00e9sentation r\u00e9side dans ses artistes : de jeunes talents qui, malgr\u00e9 leurs propres d\u00e9fis de sant\u00e9, montent sur sc\u00e8ne pour offrir un moment de r\u00e9silience et de gaiet\u00e9.<\/p>\n<h2>Une Princesse Impliqu\u00e9e et \u00c9mue<\/h2>\n<p>La Princesse Charl\u00e8ne \u00e9tait au c\u0153ur de cet \u00e9v\u00e9nement, affichant une \u00e9motion visible tout au long du spectacle. Son implication ne s&rsquo;est pas limit\u00e9e \u00e0 une pr\u00e9sence protocolaire ; elle est mont\u00e9e sur sc\u00e8ne \u00e0 l&rsquo;issue de la repr\u00e9sentation pour f\u00e9liciter personnellement les jeunes artistes, un geste spontan\u00e9 qui a soulign\u00e9 leur talent et le d\u00e9vouement des nombreux b\u00e9n\u00e9voles qui \u0153uvrent toute l&rsquo;ann\u00e9e. Ce type d&rsquo;engagement r\u00e9v\u00e8le une facette plus douce et accessible de la princesse, qui n&rsquo;h\u00e9site pas \u00e0 se connecter directement avec les causes qu&rsquo;elle soutient.<\/p>\n<p>L&rsquo;\u00e9dition de cette ann\u00e9e, intitul\u00e9e \u00ab\u00a0Danse avec Frankie\u00a0\u00bb, a offert au public un m\u00e9lange vibrant de musique, de mouvement et de narration. C&rsquo;est dans ce cadre joyeux et color\u00e9 que des personnages embl\u00e9matiques de l&rsquo;enfance ont fait leur apparition, notamment un clown, un lapin g\u00e9ant et la c\u00e9l\u00e8bre Panth\u00e8re rose, plongeant l&rsquo;assembl\u00e9e, et par extension la Princesse Charl\u00e8ne, dans une atmosph\u00e8re de pure f\u00e9erie et d&rsquo;insouciance. Cette immersion dans un univers ludique permet \u00e0 la Princesse de se joindre \u00e0 la joie des enfants, partageant avec eux cette \u00ab\u00a0retomb\u00e9e en enfance\u00a0\u00bb si pr\u00e9cieuse avant la fr\u00e9n\u00e9sie de No\u00ebl.<\/p>\n<h2>L&rsquo;Esprit de No\u00ebl \u00e0 Monaco<\/h2>\n<p>Ces \u00e9v\u00e9nements caritatifs sont une composante essentielle des festivit\u00e9s de fin d&rsquo;ann\u00e9e en Principaut\u00e9. Au-del\u00e0 du \u00ab\u00a0No\u00ebl de Frankie\u00a0\u00bb, la famille princi\u00e8re de Monaco a une longue tradition de participation \u00e0 diverses initiatives pour les enfants, comme la distribution annuelle de cadeaux au Palais princier. Ces moments publics offrent une occasion pour la famille royale de se rapprocher des Mon\u00e9gasques et de partager l&rsquo;esprit de g\u00e9n\u00e9rosit\u00e9 et de solidarit\u00e9 qui caract\u00e9rise la p\u00e9riode de No\u00ebl.<\/p>\n<p>La Fondation Princesse Charl\u00e8ne de Monaco elle-m\u00eame soutient des projets d&rsquo;\u00e9ducation par le sport et de pr\u00e9vention de la noyade, et b\u00e9n\u00e9ficie de l&rsquo;aide d&rsquo;\u00e9v\u00e9nements comme le Bal de No\u00ebl, un gala de charit\u00e9 qui l\u00e8ve des fonds chaque ann\u00e9e pour ses missions. Ces initiatives d\u00e9montrent un engagement continu pour le bien-\u00eatre des jeunes, qu&rsquo;il s&rsquo;agisse de leur s\u00e9curit\u00e9, de leur \u00e9ducation ou simplement de leur offrir des moments de bonheur et de r\u00e9confort, surtout en p\u00e9riode de f\u00eates.<\/p>\n<h2>Conclusion<\/h2>\n<p>La participation de la Princesse Charl\u00e8ne au \u00ab\u00a0No\u00ebl de Frankie\u00a0\u00bb, entour\u00e9e d&rsquo;un lapin g\u00e9ant, d&rsquo;un clown et de la Panth\u00e8re rose, est bien plus qu&rsquo;une simple apparition officielle. C&rsquo;est le t\u00e9moignage d&rsquo;une princesse qui, avant m\u00eame les c\u00e9l\u00e9brations officielles de No\u00ebl, choisit de retrouver l&rsquo;\u00e9merveillement de l&rsquo;enfance aux c\u00f4t\u00e9s de ceux qui en ont le plus besoin. Cet \u00e9v\u00e9nement souligne l&rsquo;importance des valeurs de partage, de joie et de soutien communautaire qui animent la Principaut\u00e9 en cette p\u00e9riode magique, rappelant que l&rsquo;esprit de No\u00ebl r\u00e9side avant tout dans la capacit\u00e9 \u00e0 donner et \u00e0 s&rsquo;\u00e9merveiller.<\/p>\n","protected":false},"excerpt":{"rendered":"<p>Alors que l&rsquo;air se rafra\u00eechit et que les premi\u00e8res lumi\u00e8res de No\u00ebl commencent \u00e0 scintiller, la Principaut\u00e9 de Monaco s&rsquo;anime d&rsquo;une magie particuli\u00e8re. Au c\u0153ur de cette effervescence festive, la Princesse Charl\u00e8ne de Monaco a r\u00e9cemment offert un moment de pure joie, participant \u00e0 un \u00e9v\u00e9nement caritatif qui l&rsquo;a vue \u00ab\u00a0retomber en enfance\u00a0\u00bb au milieu [&hellip;]<\/p>\n","protected":false},"author":4,"featured_media":46717,"comment_status":"open","ping_status":"open","sticky":false,"template":"","format":"standard","meta":{"_yoast_wpseo_title":"Lapin g\u00e9ant, clown et panth\u00e8re rose : avant No\u00ebl, Charl\u00e8ne de Monaco retombe en enfance","_yoast_wpseo_metadesc":"","_yoast_wpseo_focuskw":"Lapin"},"categories":[5],"tags":[],"class_list":["post-46718","post","type-post","status-publish","format-standard","has-post-thumbnail","hentry","category-divertissement"],"yoast_head":"<!-- This site is optimized with the Yoast SEO plugin v26.3 - https:\/\/yoast.com\/wordpress\/plugins\/seo\/ -->\n<title>Lapin g\u00e9ant, clown et panth\u00e8re rose : avant No\u00ebl, Charl\u00e8ne de Monaco retombe en enfance<\/title>\n<meta name=\"robots\" content=\"index, follow, max-snippet:-1, max-image-preview:large, max-video-preview:-1\" \/>\n<link rel=\"canonical\" href=\"https:\/\/elukelele.com\/fr\/divertissement\/lapin-geant-clown-et-panthere-rose-avant-noel-charlene-de-monaco-retombe-en-enfance\/\" \/>\n<meta property=\"og:locale\" content=\"fr_FR\" \/>\n<meta property=\"og:type\" content=\"article\" \/>\n<meta property=\"og:title\" content=\"Lapin g\u00e9ant, clown et panth\u00e8re rose : avant No\u00ebl, Charl\u00e8ne de Monaco retombe en enfance\" \/>\n<meta property=\"og:description\" content=\"Alors que l&rsquo;air se rafra\u00eechit et que les premi\u00e8res lumi\u00e8res de No\u00ebl commencent \u00e0 scintiller, la Principaut\u00e9 de Monaco s&rsquo;anime d&rsquo;une magie particuli\u00e8re. Au c\u0153ur de cette effervescence festive, la Princesse Charl\u00e8ne de Monaco a r\u00e9cemment offert un moment de pure joie, participant \u00e0 un \u00e9v\u00e9nement caritatif qui l&rsquo;a vue \u00ab\u00a0retomber en enfance\u00a0\u00bb au milieu [&hellip;]\" \/>\n<meta property=\"og:url\" content=\"https:\/\/elukelele.com\/fr\/divertissement\/lapin-geant-clown-et-panthere-rose-avant-noel-charlene-de-monaco-retombe-en-enfance\/\" \/>\n<meta property=\"og:site_name\" content=\"El Ukelele\" \/>\n<meta property=\"article:published_time\" content=\"2025-12-02T18:45:40+00:00\" \/>\n<meta property=\"og:image\" content=\"https:\/\/elukelele.com\/fr\/wp-content\/uploads\/2025\/11\/framed_only-995.png\" \/>\n\t<meta property=\"og:image:width\" content=\"1200\" \/>\n\t<meta property=\"og:image:height\" content=\"628\" \/>\n\t<meta property=\"og:image:type\" content=\"image\/png\" \/>\n<meta name=\"author\" content=\"Daniel Perrin\" \/>\n<meta name=\"twitter:card\" content=\"summary_large_image\" \/>\n<meta name=\"twitter:label1\" content=\"\u00c9crit par\" \/>\n\t<meta name=\"twitter:data1\" content=\"Daniel Perrin\" \/>\n\t<meta name=\"twitter:label2\" content=\"Dur\u00e9e de lecture estim\u00e9e\" \/>\n\t<meta name=\"twitter:data2\" content=\"4 minutes\" \/>\n<script type=\"application\/ld+json\" class=\"yoast-schema-graph\">{\"@context\":\"https:\/\/schema.org\",\"@graph\":[{\"@type\":\"WebPage\",\"@id\":\"https:\/\/elukelele.com\/fr\/divertissement\/lapin-geant-clown-et-panthere-rose-avant-noel-charlene-de-monaco-retombe-en-enfance\/\",\"url\":\"https:\/\/elukelele.com\/fr\/divertissement\/lapin-geant-clown-et-panthere-rose-avant-noel-charlene-de-monaco-retombe-en-enfance\/\",\"name\":\"Lapin g\u00e9ant, clown et panth\u00e8re rose : avant No\u00ebl, Charl\u00e8ne de Monaco retombe en enfance\",\"isPartOf\":{\"@id\":\"https:\/\/elukelele.com\/fr\/#website\"},\"primaryImageOfPage\":{\"@id\":\"https:\/\/elukelele.com\/fr\/divertissement\/lapin-geant-clown-et-panthere-rose-avant-noel-charlene-de-monaco-retombe-en-enfance\/#primaryimage\"},\"image\":{\"@id\":\"https:\/\/elukelele.com\/fr\/divertissement\/lapin-geant-clown-et-panthere-rose-avant-noel-charlene-de-monaco-retombe-en-enfance\/#primaryimage\"},\"thumbnailUrl\":\"https:\/\/elukelele.com\/fr\/wp-content\/uploads\/2025\/11\/framed_only-995.png\",\"datePublished\":\"2025-12-02T18:45:40+00:00\",\"author\":{\"@id\":\"https:\/\/elukelele.com\/fr\/#\/schema\/person\/ccfb3d2be2ec7fa389608eb6da0b38d6\"},\"breadcrumb\":{\"@id\":\"https:\/\/elukelele.com\/fr\/divertissement\/lapin-geant-clown-et-panthere-rose-avant-noel-charlene-de-monaco-retombe-en-enfance\/#breadcrumb\"},\"inLanguage\":\"fr-FR\",\"potentialAction\":[{\"@type\":\"ReadAction\",\"target\":[\"https:\/\/elukelele.com\/fr\/divertissement\/lapin-geant-clown-et-panthere-rose-avant-noel-charlene-de-monaco-retombe-en-enfance\/\"]}]},{\"@type\":\"ImageObject\",\"inLanguage\":\"fr-FR\",\"@id\":\"https:\/\/elukelele.com\/fr\/divertissement\/lapin-geant-clown-et-panthere-rose-avant-noel-charlene-de-monaco-retombe-en-enfance\/#primaryimage\",\"url\":\"https:\/\/elukelele.com\/fr\/wp-content\/uploads\/2025\/11\/framed_only-995.png\",\"contentUrl\":\"https:\/\/elukelele.com\/fr\/wp-content\/uploads\/2025\/11\/framed_only-995.png\",\"width\":1200,\"height\":628,\"caption\":\"Lapin\"},{\"@type\":\"BreadcrumbList\",\"@id\":\"https:\/\/elukelele.com\/fr\/divertissement\/lapin-geant-clown-et-panthere-rose-avant-noel-charlene-de-monaco-retombe-en-enfance\/#breadcrumb\",\"itemListElement\":[{\"@type\":\"ListItem\",\"position\":1,\"name\":\"Home\",\"item\":\"https:\/\/elukelele.com\/fr\/\"},{\"@type\":\"ListItem\",\"position\":2,\"name\":\"Lapin g\u00e9ant, clown et panth\u00e8re rose : avant No\u00ebl, Charl\u00e8ne de Monaco retombe en enfance\"}]},{\"@type\":\"WebSite\",\"@id\":\"https:\/\/elukelele.com\/fr\/#website\",\"url\":\"https:\/\/elukelele.com\/fr\/\",\"name\":\"El Ukelele\",\"description\":\"Musique au-del\u00e0 de l&#039;indie\",\"potentialAction\":[{\"@type\":\"SearchAction\",\"target\":{\"@type\":\"EntryPoint\",\"urlTemplate\":\"https:\/\/elukelele.com\/fr\/?s={search_term_string}\"},\"query-input\":{\"@type\":\"PropertyValueSpecification\",\"valueRequired\":true,\"valueName\":\"search_term_string\"}}],\"inLanguage\":\"fr-FR\"},{\"@type\":\"Person\",\"@id\":\"https:\/\/elukelele.com\/fr\/#\/schema\/person\/ccfb3d2be2ec7fa389608eb6da0b38d6\",\"name\":\"Daniel Perrin\",\"image\":{\"@type\":\"ImageObject\",\"inLanguage\":\"fr-FR\",\"@id\":\"https:\/\/elukelele.com\/fr\/#\/schema\/person\/image\/\",\"url\":\"https:\/\/secure.gravatar.com\/avatar\/37f9d9ffa29ce5640a0d9c6ca8bbd90afb854014296ecaa0e3a558ac716e6fe4?s=96&d=mm&r=g\",\"contentUrl\":\"https:\/\/secure.gravatar.com\/avatar\/37f9d9ffa29ce5640a0d9c6ca8bbd90afb854014296ecaa0e3a558ac716e6fe4?s=96&d=mm&r=g\",\"caption\":\"Daniel Perrin\"},\"sameAs\":[\"https:\/\/elukelele.com\/fr\"],\"url\":\"https:\/\/elukelele.com\/fr\/author\/daniel-perrin\/\"}]}<\/script>\n<!-- \/ Yoast SEO plugin. -->","yoast_head_json":{"title":"Lapin g\u00e9ant, clown et panth\u00e8re rose : avant No\u00ebl, Charl\u00e8ne de Monaco retombe en enfance","robots":{"index":"index","follow":"follow","max-snippet":"max-snippet:-1","max-image-preview":"max-image-preview:large","max-video-preview":"max-video-preview:-1"},"canonical":"https:\/\/elukelele.com\/fr\/divertissement\/lapin-geant-clown-et-panthere-rose-avant-noel-charlene-de-monaco-retombe-en-enfance\/","og_locale":"fr_FR","og_type":"article","og_title":"Lapin g\u00e9ant, clown et panth\u00e8re rose : avant No\u00ebl, Charl\u00e8ne de Monaco retombe en enfance","og_description":"Alors que l&rsquo;air se rafra\u00eechit et que les premi\u00e8res lumi\u00e8res de No\u00ebl commencent \u00e0 scintiller, la Principaut\u00e9 de Monaco s&rsquo;anime d&rsquo;une magie particuli\u00e8re. Au c\u0153ur de cette effervescence festive, la Princesse Charl\u00e8ne de Monaco a r\u00e9cemment offert un moment de pure joie, participant \u00e0 un \u00e9v\u00e9nement caritatif qui l&rsquo;a vue \u00ab\u00a0retomber en enfance\u00a0\u00bb au milieu [&hellip;]","og_url":"https:\/\/elukelele.com\/fr\/divertissement\/lapin-geant-clown-et-panthere-rose-avant-noel-charlene-de-monaco-retombe-en-enfance\/","og_site_name":"El Ukelele","article_published_time":"2025-12-02T18:45:40+00:00","og_image":[{"width":1200,"height":628,"url":"https:\/\/elukelele.com\/fr\/wp-content\/uploads\/2025\/11\/framed_only-995.png","type":"image\/png"}],"author":"Daniel Perrin","twitter_card":"summary_large_image","twitter_misc":{"\u00c9crit par":"Daniel Perrin","Dur\u00e9e de lecture estim\u00e9e":"4 minutes"},"schema":{"@context":"https:\/\/schema.org","@graph":[{"@type":"WebPage","@id":"https:\/\/elukelele.com\/fr\/divertissement\/lapin-geant-clown-et-panthere-rose-avant-noel-charlene-de-monaco-retombe-en-enfance\/","url":"https:\/\/elukelele.com\/fr\/divertissement\/lapin-geant-clown-et-panthere-rose-avant-noel-charlene-de-monaco-retombe-en-enfance\/","name":"Lapin g\u00e9ant, clown et panth\u00e8re rose : avant No\u00ebl, Charl\u00e8ne de Monaco retombe en enfance","isPartOf":{"@id":"https:\/\/elukelele.com\/fr\/#website"},"primaryImageOfPage":{"@id":"https:\/\/elukelele.com\/fr\/divertissement\/lapin-geant-clown-et-panthere-rose-avant-noel-charlene-de-monaco-retombe-en-enfance\/#primaryimage"},"image":{"@id":"https:\/\/elukelele.com\/fr\/divertissement\/lapin-geant-clown-et-panthere-rose-avant-noel-charlene-de-monaco-retombe-en-enfance\/#primaryimage"},"thumbnailUrl":"https:\/\/elukelele.com\/fr\/wp-content\/uploads\/2025\/11\/framed_only-995.png","datePublished":"2025-12-02T18:45:40+00:00","author":{"@id":"https:\/\/elukelele.com\/fr\/#\/schema\/person\/ccfb3d2be2ec7fa389608eb6da0b38d6"},"breadcrumb":{"@id":"https:\/\/elukelele.com\/fr\/divertissement\/lapin-geant-clown-et-panthere-rose-avant-noel-charlene-de-monaco-retombe-en-enfance\/#breadcrumb"},"inLanguage":"fr-FR","potentialAction":[{"@type":"ReadAction","target":["https:\/\/elukelele.com\/fr\/divertissement\/lapin-geant-clown-et-panthere-rose-avant-noel-charlene-de-monaco-retombe-en-enfance\/"]}]},{"@type":"ImageObject","inLanguage":"fr-FR","@id":"https:\/\/elukelele.com\/fr\/divertissement\/lapin-geant-clown-et-panthere-rose-avant-noel-charlene-de-monaco-retombe-en-enfance\/#primaryimage","url":"https:\/\/elukelele.com\/fr\/wp-content\/uploads\/2025\/11\/framed_only-995.png","contentUrl":"https:\/\/elukelele.com\/fr\/wp-content\/uploads\/2025\/11\/framed_only-995.png","width":1200,"height":628,"caption":"Lapin"},{"@type":"BreadcrumbList","@id":"https:\/\/elukelele.com\/fr\/divertissement\/lapin-geant-clown-et-panthere-rose-avant-noel-charlene-de-monaco-retombe-en-enfance\/#breadcrumb","itemListElement":[{"@type":"ListItem","position":1,"name":"Home","item":"https:\/\/elukelele.com\/fr\/"},{"@type":"ListItem","position":2,"name":"Lapin g\u00e9ant, clown et panth\u00e8re rose : avant No\u00ebl, Charl\u00e8ne de Monaco retombe en enfance"}]},{"@type":"WebSite","@id":"https:\/\/elukelele.com\/fr\/#website","url":"https:\/\/elukelele.com\/fr\/","name":"El Ukelele","description":"Musique au-del\u00e0 de l&#039;indie","potentialAction":[{"@type":"SearchAction","target":{"@type":"EntryPoint","urlTemplate":"https:\/\/elukelele.com\/fr\/?s={search_term_string}"},"query-input":{"@type":"PropertyValueSpecification","valueRequired":true,"valueName":"search_term_string"}}],"inLanguage":"fr-FR"},{"@type":"Person","@id":"https:\/\/elukelele.com\/fr\/#\/schema\/person\/ccfb3d2be2ec7fa389608eb6da0b38d6","name":"Daniel Perrin","image":{"@type":"ImageObject","inLanguage":"fr-FR","@id":"https:\/\/elukelele.com\/fr\/#\/schema\/person\/image\/","url":"https:\/\/secure.gravatar.com\/avatar\/37f9d9ffa29ce5640a0d9c6ca8bbd90afb854014296ecaa0e3a558ac716e6fe4?s=96&d=mm&r=g","contentUrl":"https:\/\/secure.gravatar.com\/avatar\/37f9d9ffa29ce5640a0d9c6ca8bbd90afb854014296ecaa0e3a558ac716e6fe4?s=96&d=mm&r=g","caption":"Daniel Perrin"},"sameAs":["https:\/\/elukelele.com\/fr"],"url":"https:\/\/elukelele.com\/fr\/author\/daniel-perrin\/"}]}},"_links":{"self":[{"href":"https:\/\/elukelele.com\/fr\/wp-json\/wp\/v2\/posts\/46718","targetHints":{"allow":["GET"]}}],"collection":[{"href":"https:\/\/elukelele.com\/fr\/wp-json\/wp\/v2\/posts"}],"about":[{"href":"https:\/\/elukelele.com\/fr\/wp-json\/wp\/v2\/types\/post"}],"author":[{"embeddable":true,"href":"https:\/\/elukelele.com\/fr\/wp-json\/wp\/v2\/users\/4"}],"replies":[{"embeddable":true,"href":"https:\/\/elukelele.com\/fr\/wp-json\/wp\/v2\/comments?post=46718"}],"version-history":[{"count":1,"href":"https:\/\/elukelele.com\/fr\/wp-json\/wp\/v2\/posts\/46718\/revisions"}],"predecessor-version":[{"id":46981,"href":"https:\/\/elukelele.com\/fr\/wp-json\/wp\/v2\/posts\/46718\/revisions\/46981"}],"wp:featuredmedia":[{"embeddable":true,"href":"https:\/\/elukelele.com\/fr\/wp-json\/wp\/v2\/media\/46717"}],"wp:attachment":[{"href":"https:\/\/elukelele.com\/fr\/wp-json\/wp\/v2\/media?parent=46718"}],"wp:term":[{"taxonomy":"category","embeddable":true,"href":"https:\/\/elukelele.com\/fr\/wp-json\/wp\/v2\/categories?post=46718"},{"taxonomy":"post_tag","embeddable":true,"href":"https:\/\/elukelele.com\/fr\/wp-json\/wp\/v2\/tags?post=46718"}],"curies":[{"name":"wp","href":"https:\/\/api.w.org\/{rel}","templated":true}]}}