{"id":46710,"date":"2025-12-02T18:50:37","date_gmt":"2025-12-02T18:50:37","guid":{"rendered":"https:\/\/elukelele.com\/fr\/?p=46710"},"modified":"2025-12-02T18:50:38","modified_gmt":"2025-12-02T18:50:38","slug":"je-ne-laurais-jamais-reconnue-meconnaissable-margot-star-academy-a-bien-change-ses-fans-choques","status":"publish","type":"post","link":"https:\/\/elukelele.com\/fr\/divertissement\/je-ne-laurais-jamais-reconnue-meconnaissable-margot-star-academy-a-bien-change-ses-fans-choques\/","title":{"rendered":"\u00ab\u00a0Je ne l&rsquo;aurais jamais reconnue\u00a0\u00bb, \u00ab\u00a0m\u00e9connaissable\u00a0\u00bb : Margot (Star Academy) a bien chang\u00e9, ses fans choqu\u00e9s"},"content":{"rendered":"<p>Depuis sa participation \u00e0 l&rsquo;\u00e9dition 2023 de la <em>Star Academy<\/em>, Margot Abate continue de faire parler d&rsquo;elle. R\u00e9cemment, un clich\u00e9 de la jeune femme circulant sur les r\u00e9seaux sociaux a provoqu\u00e9 une vague de r\u00e9actions, ses fans la trouvant \u00ab\u00a0m\u00e9connaissable\u00a0\u00bb et d\u00e9clarant \u00ab\u00a0Je ne l&rsquo;aurais jamais reconnue\u00a0\u00bb. Ce changement physique apparent, notamment l&rsquo;absence de ses lunettes habituelles et une nouvelle coiffure, a suscit\u00e9 de nombreux commentaires \u00e9logieux lors d&rsquo;un r\u00e9cent live.<\/p>\n<h2 class=\"wp-block-heading\">Les d\u00e9fis professionnels de Margot Abate apr\u00e8s la Star Academy<\/h2>\n<p>Apr\u00e8s l&rsquo;aventure de la <em>Star Academy 2023<\/em>, qui a vu la victoire de Pierre Garnier et l&rsquo;\u00e9mergence de talents comme Julien Lieb et H\u00e9l\u00e9na Bailly, Margot Abate a \u00e9galement entam\u00e9 son parcours musical. Elle a sorti plusieurs singles et un EP intitul\u00e9 <em>C\u2019est la vie<\/em> en 2025. Cependant, elle a reconnu avec humour que sa carri\u00e8re ne connaissait pas encore le m\u00eame niveau de succ\u00e8s que celle de certains de ses anciens camarades ou de Marguerite de la promotion suivante.<\/p>\n<p>Avec une franchise appr\u00e9ci\u00e9e par sa communaut\u00e9, Margot a r\u00e9cemment partag\u00e9 ses difficult\u00e9s \u00e0 trouver un appartement \u00e0 Paris. Elle a lanc\u00e9 un appel \u00e0 l&rsquo;aide sur les r\u00e9seaux sociaux, expliquant que son statut d&rsquo;intermittente du spectacle rendait la recherche complexe. \u00ab\u00a0<em>En tant qu&rsquo;intermittente du spectacle on n\u2019est pas pris au s\u00e9rieux c&rsquo;est gal\u00e8re et je n\u2019ai pas perc\u00e9 dans la musique donc\u2026<\/em>\u00a0\u00bb confiait-elle avec autod\u00e9rision. Face aux messages de soutien, elle a pr\u00e9cis\u00e9 : \u00ab\u00a0<em>Je suis connue mais qui se rappelle m\u00eame\u2026 Non je rigole. Mais c\u2019est un fait je n\u2019ai pas perc\u00e9. Mais vraiment ravie de lire que je me trouve toujours dans vos coeurs.<\/em>\u00a0\u00bb Cette transparence a \u00e9t\u00e9 salu\u00e9e par ses fans, qui ont appr\u00e9ci\u00e9 son honn\u00eatet\u00e9.<\/p>\n<h2 class=\"wp-block-heading\">Une transformation physique qui surprend les fans lors d&rsquo;un live<\/h2>\n<p>Malgr\u00e9 les al\u00e9as professionnels, Margot Abate reste connect\u00e9e \u00e0 ses anciens camarades de la <em>Star Academy<\/em>. Le mercredi 26 novembre 2025, elle a particip\u00e9 \u00e0 un live sp\u00e9cial \u00ab\u00a0r\u00e9union\u00a0\u00bb diffus\u00e9 sur la cha\u00eene Twitch de NRJ. Cette \u00e9mission r\u00e9unissait plusieurs anciens participants, tels que Jean-Pascal Lacoste, George-Alain, Anisha, Emma, Patrice, Ulysse, Chris, ou encore Clara, qui ont partag\u00e9 anecdotes et coulisses de l&rsquo;\u00e9mission.<\/p>\n<p>Cependant, c&rsquo;est l&rsquo;apparence physique de Margot Abate qui a particuli\u00e8rement retenu l&rsquo;attention des internautes. La jeune artiste est apparue m\u00e9tamorphos\u00e9e, arborant des cheveux plus longs et sans ses lunettes habituelles, un changement largement salu\u00e9 par sa communaut\u00e9. Les commentaires se sont multipli\u00e9s, exprimant la surprise et l&rsquo;admiration : \u00ab\u00a0<em>Je l\u2019aurais jamais reconnue alors que je l\u2019aime trop<\/em>\u00ab\u00a0, \u00ab\u00a0<em>m\u00e9connaissable sans lunettes<\/em>\u00ab\u00a0, \u00ab\u00a0<em>\u00e7a lui va trop bien cette couleur punaise la beaut\u00e9 de la meuf<\/em>\u00ab\u00a0, peut-on lire parmi les r\u00e9actions. Le nouveau look de Margot a visiblement conquis ses fans, validant cette \u00e9volution positive de son image publique.<\/p>\n<h2 class=\"wp-block-heading\">Conclusion<\/h2>\n<p>Margot Abate, r\u00e9v\u00e9l\u00e9e par la <em>Star Academy 2023<\/em>, continue son chemin artistique avec authenticit\u00e9 et humour. Si elle aborde avec franchise les d\u00e9fis de sa carri\u00e8re naissante, sa pr\u00e9sence au sein de la communaut\u00e9 des anciens acad\u00e9miciens reste solide. Sa r\u00e9cente apparition lors d&rsquo;un live, marqu\u00e9e par une transformation physique notable, a non seulement surpris, mais aussi enchant\u00e9 ses fans, qui ont salu\u00e9 unanimement son nouveau style. Cet engouement t\u00e9moigne de l&rsquo;affection durable que le public porte \u00e0 la jeune artiste, au-del\u00e0 des projecteurs de la c\u00e9l\u00e9brit\u00e9 instantan\u00e9e.<\/p>\n","protected":false},"excerpt":{"rendered":"<p>Depuis sa participation \u00e0 l&rsquo;\u00e9dition 2023 de la Star Academy, Margot Abate continue de faire parler d&rsquo;elle. R\u00e9cemment, un clich\u00e9 de la jeune femme circulant sur les r\u00e9seaux sociaux a provoqu\u00e9 une vague de r\u00e9actions, ses fans la trouvant \u00ab\u00a0m\u00e9connaissable\u00a0\u00bb et d\u00e9clarant \u00ab\u00a0Je ne l&rsquo;aurais jamais reconnue\u00a0\u00bb. Ce changement physique apparent, notamment l&rsquo;absence de ses [&hellip;]<\/p>\n","protected":false},"author":4,"featured_media":46709,"comment_status":"open","ping_status":"open","sticky":false,"template":"","format":"standard","meta":{"_yoast_wpseo_title":"\"Je ne l'aurais jamais reconnue\", \"m\u00e9connaissable\" : Margot (Star Academy) a bien chang\u00e9, ses fans choqu\u00e9s","_yoast_wpseo_metadesc":"","_yoast_wpseo_focuskw":"Margot"},"categories":[5],"tags":[],"class_list":["post-46710","post","type-post","status-publish","format-standard","has-post-thumbnail","hentry","category-divertissement"],"yoast_head":"<!-- This site is optimized with the Yoast SEO plugin v26.3 - https:\/\/yoast.com\/wordpress\/plugins\/seo\/ -->\n<title>&quot;Je ne l&#039;aurais jamais reconnue&quot;, &quot;m\u00e9connaissable&quot; : Margot (Star Academy) a bien chang\u00e9, ses fans choqu\u00e9s<\/title>\n<meta name=\"robots\" content=\"index, follow, max-snippet:-1, max-image-preview:large, max-video-preview:-1\" \/>\n<link rel=\"canonical\" href=\"https:\/\/elukelele.com\/fr\/divertissement\/je-ne-laurais-jamais-reconnue-meconnaissable-margot-star-academy-a-bien-change-ses-fans-choques\/\" \/>\n<meta property=\"og:locale\" content=\"fr_FR\" \/>\n<meta property=\"og:type\" content=\"article\" \/>\n<meta property=\"og:title\" content=\"&quot;Je ne l&#039;aurais jamais reconnue&quot;, &quot;m\u00e9connaissable&quot; : Margot (Star Academy) a bien chang\u00e9, ses fans choqu\u00e9s\" \/>\n<meta property=\"og:description\" content=\"Depuis sa participation \u00e0 l&rsquo;\u00e9dition 2023 de la Star Academy, Margot Abate continue de faire parler d&rsquo;elle. R\u00e9cemment, un clich\u00e9 de la jeune femme circulant sur les r\u00e9seaux sociaux a provoqu\u00e9 une vague de r\u00e9actions, ses fans la trouvant \u00ab\u00a0m\u00e9connaissable\u00a0\u00bb et d\u00e9clarant \u00ab\u00a0Je ne l&rsquo;aurais jamais reconnue\u00a0\u00bb. Ce changement physique apparent, notamment l&rsquo;absence de ses [&hellip;]\" \/>\n<meta property=\"og:url\" content=\"https:\/\/elukelele.com\/fr\/divertissement\/je-ne-laurais-jamais-reconnue-meconnaissable-margot-star-academy-a-bien-change-ses-fans-choques\/\" \/>\n<meta property=\"og:site_name\" content=\"El Ukelele\" \/>\n<meta property=\"article:published_time\" content=\"2025-12-02T18:50:37+00:00\" \/>\n<meta property=\"article:modified_time\" content=\"2025-12-02T18:50:38+00:00\" \/>\n<meta property=\"og:image\" content=\"https:\/\/elukelele.com\/fr\/wp-content\/uploads\/2025\/11\/framed_only-991.png\" \/>\n\t<meta property=\"og:image:width\" content=\"1200\" \/>\n\t<meta property=\"og:image:height\" content=\"628\" \/>\n\t<meta property=\"og:image:type\" content=\"image\/png\" \/>\n<meta name=\"author\" content=\"Daniel Perrin\" \/>\n<meta name=\"twitter:card\" content=\"summary_large_image\" \/>\n<meta name=\"twitter:label1\" content=\"\u00c9crit par\" \/>\n\t<meta name=\"twitter:data1\" content=\"Daniel Perrin\" \/>\n\t<meta name=\"twitter:label2\" content=\"Dur\u00e9e de lecture estim\u00e9e\" \/>\n\t<meta name=\"twitter:data2\" content=\"3 minutes\" \/>\n<script type=\"application\/ld+json\" class=\"yoast-schema-graph\">{\"@context\":\"https:\/\/schema.org\",\"@graph\":[{\"@type\":\"WebPage\",\"@id\":\"https:\/\/elukelele.com\/fr\/divertissement\/je-ne-laurais-jamais-reconnue-meconnaissable-margot-star-academy-a-bien-change-ses-fans-choques\/\",\"url\":\"https:\/\/elukelele.com\/fr\/divertissement\/je-ne-laurais-jamais-reconnue-meconnaissable-margot-star-academy-a-bien-change-ses-fans-choques\/\",\"name\":\"\\\"Je ne l'aurais jamais reconnue\\\", \\\"m\u00e9connaissable\\\" : Margot (Star Academy) a bien chang\u00e9, ses fans choqu\u00e9s\",\"isPartOf\":{\"@id\":\"https:\/\/elukelele.com\/fr\/#website\"},\"primaryImageOfPage\":{\"@id\":\"https:\/\/elukelele.com\/fr\/divertissement\/je-ne-laurais-jamais-reconnue-meconnaissable-margot-star-academy-a-bien-change-ses-fans-choques\/#primaryimage\"},\"image\":{\"@id\":\"https:\/\/elukelele.com\/fr\/divertissement\/je-ne-laurais-jamais-reconnue-meconnaissable-margot-star-academy-a-bien-change-ses-fans-choques\/#primaryimage\"},\"thumbnailUrl\":\"https:\/\/elukelele.com\/fr\/wp-content\/uploads\/2025\/11\/framed_only-991.png\",\"datePublished\":\"2025-12-02T18:50:37+00:00\",\"dateModified\":\"2025-12-02T18:50:38+00:00\",\"author\":{\"@id\":\"https:\/\/elukelele.com\/fr\/#\/schema\/person\/ccfb3d2be2ec7fa389608eb6da0b38d6\"},\"breadcrumb\":{\"@id\":\"https:\/\/elukelele.com\/fr\/divertissement\/je-ne-laurais-jamais-reconnue-meconnaissable-margot-star-academy-a-bien-change-ses-fans-choques\/#breadcrumb\"},\"inLanguage\":\"fr-FR\",\"potentialAction\":[{\"@type\":\"ReadAction\",\"target\":[\"https:\/\/elukelele.com\/fr\/divertissement\/je-ne-laurais-jamais-reconnue-meconnaissable-margot-star-academy-a-bien-change-ses-fans-choques\/\"]}]},{\"@type\":\"ImageObject\",\"inLanguage\":\"fr-FR\",\"@id\":\"https:\/\/elukelele.com\/fr\/divertissement\/je-ne-laurais-jamais-reconnue-meconnaissable-margot-star-academy-a-bien-change-ses-fans-choques\/#primaryimage\",\"url\":\"https:\/\/elukelele.com\/fr\/wp-content\/uploads\/2025\/11\/framed_only-991.png\",\"contentUrl\":\"https:\/\/elukelele.com\/fr\/wp-content\/uploads\/2025\/11\/framed_only-991.png\",\"width\":1200,\"height\":628,\"caption\":\"Margot\"},{\"@type\":\"BreadcrumbList\",\"@id\":\"https:\/\/elukelele.com\/fr\/divertissement\/je-ne-laurais-jamais-reconnue-meconnaissable-margot-star-academy-a-bien-change-ses-fans-choques\/#breadcrumb\",\"itemListElement\":[{\"@type\":\"ListItem\",\"position\":1,\"name\":\"Home\",\"item\":\"https:\/\/elukelele.com\/fr\/\"},{\"@type\":\"ListItem\",\"position\":2,\"name\":\"\u00ab\u00a0Je ne l&rsquo;aurais jamais reconnue\u00a0\u00bb, \u00ab\u00a0m\u00e9connaissable\u00a0\u00bb : Margot (Star Academy) a bien chang\u00e9, ses fans choqu\u00e9s\"}]},{\"@type\":\"WebSite\",\"@id\":\"https:\/\/elukelele.com\/fr\/#website\",\"url\":\"https:\/\/elukelele.com\/fr\/\",\"name\":\"El Ukelele\",\"description\":\"Musique au-del\u00e0 de l&#039;indie\",\"potentialAction\":[{\"@type\":\"SearchAction\",\"target\":{\"@type\":\"EntryPoint\",\"urlTemplate\":\"https:\/\/elukelele.com\/fr\/?s={search_term_string}\"},\"query-input\":{\"@type\":\"PropertyValueSpecification\",\"valueRequired\":true,\"valueName\":\"search_term_string\"}}],\"inLanguage\":\"fr-FR\"},{\"@type\":\"Person\",\"@id\":\"https:\/\/elukelele.com\/fr\/#\/schema\/person\/ccfb3d2be2ec7fa389608eb6da0b38d6\",\"name\":\"Daniel Perrin\",\"image\":{\"@type\":\"ImageObject\",\"inLanguage\":\"fr-FR\",\"@id\":\"https:\/\/elukelele.com\/fr\/#\/schema\/person\/image\/\",\"url\":\"https:\/\/secure.gravatar.com\/avatar\/37f9d9ffa29ce5640a0d9c6ca8bbd90afb854014296ecaa0e3a558ac716e6fe4?s=96&d=mm&r=g\",\"contentUrl\":\"https:\/\/secure.gravatar.com\/avatar\/37f9d9ffa29ce5640a0d9c6ca8bbd90afb854014296ecaa0e3a558ac716e6fe4?s=96&d=mm&r=g\",\"caption\":\"Daniel Perrin\"},\"sameAs\":[\"https:\/\/elukelele.com\/fr\"],\"url\":\"https:\/\/elukelele.com\/fr\/author\/daniel-perrin\/\"}]}<\/script>\n<!-- \/ Yoast SEO plugin. -->","yoast_head_json":{"title":"\"Je ne l'aurais jamais reconnue\", \"m\u00e9connaissable\" : Margot (Star Academy) a bien chang\u00e9, ses fans choqu\u00e9s","robots":{"index":"index","follow":"follow","max-snippet":"max-snippet:-1","max-image-preview":"max-image-preview:large","max-video-preview":"max-video-preview:-1"},"canonical":"https:\/\/elukelele.com\/fr\/divertissement\/je-ne-laurais-jamais-reconnue-meconnaissable-margot-star-academy-a-bien-change-ses-fans-choques\/","og_locale":"fr_FR","og_type":"article","og_title":"\"Je ne l'aurais jamais reconnue\", \"m\u00e9connaissable\" : Margot (Star Academy) a bien chang\u00e9, ses fans choqu\u00e9s","og_description":"Depuis sa participation \u00e0 l&rsquo;\u00e9dition 2023 de la Star Academy, Margot Abate continue de faire parler d&rsquo;elle. R\u00e9cemment, un clich\u00e9 de la jeune femme circulant sur les r\u00e9seaux sociaux a provoqu\u00e9 une vague de r\u00e9actions, ses fans la trouvant \u00ab\u00a0m\u00e9connaissable\u00a0\u00bb et d\u00e9clarant \u00ab\u00a0Je ne l&rsquo;aurais jamais reconnue\u00a0\u00bb. Ce changement physique apparent, notamment l&rsquo;absence de ses [&hellip;]","og_url":"https:\/\/elukelele.com\/fr\/divertissement\/je-ne-laurais-jamais-reconnue-meconnaissable-margot-star-academy-a-bien-change-ses-fans-choques\/","og_site_name":"El Ukelele","article_published_time":"2025-12-02T18:50:37+00:00","article_modified_time":"2025-12-02T18:50:38+00:00","og_image":[{"width":1200,"height":628,"url":"https:\/\/elukelele.com\/fr\/wp-content\/uploads\/2025\/11\/framed_only-991.png","type":"image\/png"}],"author":"Daniel Perrin","twitter_card":"summary_large_image","twitter_misc":{"\u00c9crit par":"Daniel Perrin","Dur\u00e9e de lecture estim\u00e9e":"3 minutes"},"schema":{"@context":"https:\/\/schema.org","@graph":[{"@type":"WebPage","@id":"https:\/\/elukelele.com\/fr\/divertissement\/je-ne-laurais-jamais-reconnue-meconnaissable-margot-star-academy-a-bien-change-ses-fans-choques\/","url":"https:\/\/elukelele.com\/fr\/divertissement\/je-ne-laurais-jamais-reconnue-meconnaissable-margot-star-academy-a-bien-change-ses-fans-choques\/","name":"\"Je ne l'aurais jamais reconnue\", \"m\u00e9connaissable\" : Margot (Star Academy) a bien chang\u00e9, ses fans choqu\u00e9s","isPartOf":{"@id":"https:\/\/elukelele.com\/fr\/#website"},"primaryImageOfPage":{"@id":"https:\/\/elukelele.com\/fr\/divertissement\/je-ne-laurais-jamais-reconnue-meconnaissable-margot-star-academy-a-bien-change-ses-fans-choques\/#primaryimage"},"image":{"@id":"https:\/\/elukelele.com\/fr\/divertissement\/je-ne-laurais-jamais-reconnue-meconnaissable-margot-star-academy-a-bien-change-ses-fans-choques\/#primaryimage"},"thumbnailUrl":"https:\/\/elukelele.com\/fr\/wp-content\/uploads\/2025\/11\/framed_only-991.png","datePublished":"2025-12-02T18:50:37+00:00","dateModified":"2025-12-02T18:50:38+00:00","author":{"@id":"https:\/\/elukelele.com\/fr\/#\/schema\/person\/ccfb3d2be2ec7fa389608eb6da0b38d6"},"breadcrumb":{"@id":"https:\/\/elukelele.com\/fr\/divertissement\/je-ne-laurais-jamais-reconnue-meconnaissable-margot-star-academy-a-bien-change-ses-fans-choques\/#breadcrumb"},"inLanguage":"fr-FR","potentialAction":[{"@type":"ReadAction","target":["https:\/\/elukelele.com\/fr\/divertissement\/je-ne-laurais-jamais-reconnue-meconnaissable-margot-star-academy-a-bien-change-ses-fans-choques\/"]}]},{"@type":"ImageObject","inLanguage":"fr-FR","@id":"https:\/\/elukelele.com\/fr\/divertissement\/je-ne-laurais-jamais-reconnue-meconnaissable-margot-star-academy-a-bien-change-ses-fans-choques\/#primaryimage","url":"https:\/\/elukelele.com\/fr\/wp-content\/uploads\/2025\/11\/framed_only-991.png","contentUrl":"https:\/\/elukelele.com\/fr\/wp-content\/uploads\/2025\/11\/framed_only-991.png","width":1200,"height":628,"caption":"Margot"},{"@type":"BreadcrumbList","@id":"https:\/\/elukelele.com\/fr\/divertissement\/je-ne-laurais-jamais-reconnue-meconnaissable-margot-star-academy-a-bien-change-ses-fans-choques\/#breadcrumb","itemListElement":[{"@type":"ListItem","position":1,"name":"Home","item":"https:\/\/elukelele.com\/fr\/"},{"@type":"ListItem","position":2,"name":"\u00ab\u00a0Je ne l&rsquo;aurais jamais reconnue\u00a0\u00bb, \u00ab\u00a0m\u00e9connaissable\u00a0\u00bb : Margot (Star Academy) a bien chang\u00e9, ses fans choqu\u00e9s"}]},{"@type":"WebSite","@id":"https:\/\/elukelele.com\/fr\/#website","url":"https:\/\/elukelele.com\/fr\/","name":"El Ukelele","description":"Musique au-del\u00e0 de l&#039;indie","potentialAction":[{"@type":"SearchAction","target":{"@type":"EntryPoint","urlTemplate":"https:\/\/elukelele.com\/fr\/?s={search_term_string}"},"query-input":{"@type":"PropertyValueSpecification","valueRequired":true,"valueName":"search_term_string"}}],"inLanguage":"fr-FR"},{"@type":"Person","@id":"https:\/\/elukelele.com\/fr\/#\/schema\/person\/ccfb3d2be2ec7fa389608eb6da0b38d6","name":"Daniel Perrin","image":{"@type":"ImageObject","inLanguage":"fr-FR","@id":"https:\/\/elukelele.com\/fr\/#\/schema\/person\/image\/","url":"https:\/\/secure.gravatar.com\/avatar\/37f9d9ffa29ce5640a0d9c6ca8bbd90afb854014296ecaa0e3a558ac716e6fe4?s=96&d=mm&r=g","contentUrl":"https:\/\/secure.gravatar.com\/avatar\/37f9d9ffa29ce5640a0d9c6ca8bbd90afb854014296ecaa0e3a558ac716e6fe4?s=96&d=mm&r=g","caption":"Daniel Perrin"},"sameAs":["https:\/\/elukelele.com\/fr"],"url":"https:\/\/elukelele.com\/fr\/author\/daniel-perrin\/"}]}},"_links":{"self":[{"href":"https:\/\/elukelele.com\/fr\/wp-json\/wp\/v2\/posts\/46710","targetHints":{"allow":["GET"]}}],"collection":[{"href":"https:\/\/elukelele.com\/fr\/wp-json\/wp\/v2\/posts"}],"about":[{"href":"https:\/\/elukelele.com\/fr\/wp-json\/wp\/v2\/types\/post"}],"author":[{"embeddable":true,"href":"https:\/\/elukelele.com\/fr\/wp-json\/wp\/v2\/users\/4"}],"replies":[{"embeddable":true,"href":"https:\/\/elukelele.com\/fr\/wp-json\/wp\/v2\/comments?post=46710"}],"version-history":[{"count":1,"href":"https:\/\/elukelele.com\/fr\/wp-json\/wp\/v2\/posts\/46710\/revisions"}],"predecessor-version":[{"id":46984,"href":"https:\/\/elukelele.com\/fr\/wp-json\/wp\/v2\/posts\/46710\/revisions\/46984"}],"wp:featuredmedia":[{"embeddable":true,"href":"https:\/\/elukelele.com\/fr\/wp-json\/wp\/v2\/media\/46709"}],"wp:attachment":[{"href":"https:\/\/elukelele.com\/fr\/wp-json\/wp\/v2\/media?parent=46710"}],"wp:term":[{"taxonomy":"category","embeddable":true,"href":"https:\/\/elukelele.com\/fr\/wp-json\/wp\/v2\/categories?post=46710"},{"taxonomy":"post_tag","embeddable":true,"href":"https:\/\/elukelele.com\/fr\/wp-json\/wp\/v2\/tags?post=46710"}],"curies":[{"name":"wp","href":"https:\/\/api.w.org\/{rel}","templated":true}]}}