{"id":46704,"date":"2025-12-02T18:55:36","date_gmt":"2025-12-02T18:55:36","guid":{"rendered":"https:\/\/elukelele.com\/fr\/?p=46704"},"modified":"2025-12-02T18:55:37","modified_gmt":"2025-12-02T18:55:37","slug":"camille-cerf-lena-situations-laetitia-milot-toutes-un-point-en-commun-dans-leur-interieur","status":"publish","type":"post","link":"https:\/\/elukelele.com\/fr\/divertissement\/camille-cerf-lena-situations-laetitia-milot-toutes-un-point-en-commun-dans-leur-interieur\/","title":{"rendered":"Camille Cerf, Lena Situations, Laetitia Milot\u2026 toutes un point en commun dans leur int\u00e9rieur"},"content":{"rendered":"<p>Le style et la d\u00e9coration int\u00e9rieure des personnalit\u00e9s publiques fascinent et inspirent. Des Miss France aux vid\u00e9astes influents, en passant par les animateurs et d\u00e9corateurs, nombreux sont ceux qui partagent leurs choix esth\u00e9tiques avec leurs audiences. Parmi Camille Cerf, Lena Situations, et Laetitia Milot, ainsi que de nombreuses autres c\u00e9l\u00e9brit\u00e9s, un \u00e9l\u00e9ment de leur int\u00e9rieur attire particuli\u00e8rement l&rsquo;attention et constitue un point commun surprenant : leur choix de canap\u00e9.<\/p>\n<p>La s\u00e9lection du mobilier de salon, et plus sp\u00e9cifiquement du canap\u00e9, est une \u00e9tape cruciale dans l&rsquo;am\u00e9nagement d&rsquo;un espace de vie. C&rsquo;est l&rsquo;endroit o\u00f9 se d\u00e9roulent les moments de d\u00e9tente, les r\u00e9unions de famille, les soir\u00e9es entre amis, et souvent, le c\u0153ur de la maison. Il doit allier confort, fonctionnalit\u00e9 et esth\u00e9tique pour r\u00e9pondre aux exigences d&rsquo;un quotidien dynamique et aux pr\u00e9f\u00e9rences personnelles de chacun. Pour nos amies les c\u00e9l\u00e9brit\u00e9s, cette pi\u00e8ce ma\u00eetresse n&rsquo;est pas laiss\u00e9e au hasard, et une marque en particulier semble avoir conquis leurs int\u00e9rieurs.<\/p>\n<h2>Bobochic : La Marque Pr\u00e9f\u00e9r\u00e9e des Stars pour un Int\u00e9rieur Tendance<\/h2>\n<p>Ces derni\u00e8res ann\u00e9es, une marque a su se d\u00e9marquer dans l&rsquo;univers de l&rsquo;ameublement par son design et son accessibilit\u00e9 : Bobochic. Elle est devenue un incontournable pour de nombreuses personnalit\u00e9s comme Marine Lorphelin, Laury Thilleman, Nassim Lyes, Denis Brogniart, Natoo, Inoxtag, Joyca, Gaelle Garcia Diaz, L\u00e9na Situations, Chlo\u00e9 Letellier, Maeva Coucke, Noholito, Emmanuelle Rivassoux, Maghla, Oc\u00e9ane Amsler, Camille Cerf, Laetitia Milot, Audrey Arnaud et Xavier Pincemin. Qu&rsquo;ils soient acteurs, influenceurs ou professionnels de la t\u00e9l\u00e9vision, tous semblent appr\u00e9cier la qualit\u00e9 et le style offerts par Bobochic pour leurs canap\u00e9s.<\/p>\n<p>Le succ\u00e8s de Bobochic s&rsquo;explique en partie par la capacit\u00e9 de la marque \u00e0 proposer des designs contemporains et confortables, souvent \u00e0 la pointe des tendances. Un mod\u00e8le, le Nihad, un canap\u00e9 en velours c\u00f4tel\u00e9, a particuli\u00e8rement marqu\u00e9 les esprits et a contribu\u00e9 \u00e0 la renomm\u00e9e de la marque aupr\u00e8s du grand public et des c\u00e9l\u00e9brit\u00e9s. Ce mod\u00e8le est devenu un v\u00e9ritable ph\u00e9nom\u00e8ne sur les r\u00e9seaux sociaux, symbolisant l&rsquo;alliance parfaite entre esth\u00e9tique et bien-\u00eatre.<\/p>\n<p>Au-del\u00e0 du Nihad, Bobochic propose une vaste gamme de canap\u00e9s pour s&rsquo;adapter \u00e0 tous les besoins et toutes les configurations d&rsquo;int\u00e9rieur. Que l&rsquo;on recherche un canap\u00e9 droit classique, un mod\u00e8le convertible pour optimiser l&rsquo;espace, un canap\u00e9 panoramique pour les grands salons, ou encore un canap\u00e9 avec coffre int\u00e9gr\u00e9 pour un rangement suppl\u00e9mentaire, le choix est vari\u00e9. La marque met \u00e9galement l&rsquo;accent sur le confort d&rsquo;assise, un crit\u00e8re essentiel pour un meuble destin\u00e9 \u00e0 la d\u00e9tente quotidienne.<\/p>\n<h2>Nos Coups de C\u0153ur Actuels chez Bobochic<\/h2>\n<p>Parmi les cr\u00e9ations r\u00e9centes de Bobochic, certains mod\u00e8les m\u00e9ritent une attention particuli\u00e8re pour leur design et leur polyvalence :<\/p>\n<ul>\n<li><strong>Le JANA<\/strong> : Ce canap\u00e9 panoramique fixe est modulable et dot\u00e9 de t\u00eati\u00e8res ajustables, offrant une flexibilit\u00e9 appr\u00e9ciable. Disponible dans huit coloris \u00e9l\u00e9gants et rev\u00eatu d&rsquo;un somptueux velours, il invite \u00e0 la personnalisation pour s&rsquo;int\u00e9grer harmonieusement dans tout type d&rsquo;int\u00e9rieur.<\/li>\n<li><strong>Le canap\u00e9 d&rsquo;angle fixe JAYA en tissu chenille<\/strong> : Le JAYA se distingue par son tissu chenille, synonyme de douceur et de r\u00e9sistance. Il est propos\u00e9 en onze coloris, incluant des teintes audacieuses comme un vert fonc\u00e9 profond ou un orange vibrant, permettant de cr\u00e9er une ambiance unique et recherch\u00e9e dans le salon.<\/li>\n<li><strong>Le M\u00c9LISSE<\/strong> : Ce canap\u00e9 compact s\u00e9duit par son tissu textur\u00e9 et son allure r\u00e9solument moderne. Id\u00e9al pour les petits espaces ou pour compl\u00e9ter un am\u00e9nagement existant, le M\u00c9LISSE est une pi\u00e8ce qui apporte une touche de sophistication et de tendance.<\/li>\n<\/ul>\n<p>Pour accompagner ces canap\u00e9s et parfaire l&rsquo;ambiance du salon, Bobochic propose \u00e9galement une collection de tapis. Des mod\u00e8les comme le MIRA et le AZAR sont particuli\u00e8rement appr\u00e9ci\u00e9s pour leur capacit\u00e9 \u00e0 lier les \u00e9l\u00e9ments du mobilier et \u00e0 apporter une chaleur suppl\u00e9mentaire \u00e0 l&rsquo;espace.<\/p>\n<p>Si l&rsquo;am\u00e9nagement de votre int\u00e9rieur est au programme, ou si vous \u00eates en qu\u00eate d&rsquo;un cadeau id\u00e9al pour les f\u00eates, il est int\u00e9ressant de noter que Bobochic propose r\u00e9guli\u00e8rement des offres. Le Black Friday, par exemple, peut \u00eatre l&rsquo;occasion de b\u00e9n\u00e9ficier de r\u00e9ductions significatives, allant parfois jusqu&rsquo;\u00e0 50% selon les promotions en cours sur leur site officiel.<\/p>\n<h2>Conclusion<\/h2>\n<p>Le choix d&rsquo;un canap\u00e9 est bien plus qu&rsquo;une simple d\u00e9cision d&rsquo;achat ; c&rsquo;est un investissement dans le confort et le style de son foyer. La popularit\u00e9 de Bobochic aupr\u00e8s de personnalit\u00e9s aussi diverses que Camille Cerf, Lena Situations ou Laetitia Milot t\u00e9moigne de la capacit\u00e9 de la marque \u00e0 r\u00e9pondre aux attentes d&rsquo;une client\u00e8le exigeante, \u00e0 la recherche de meubles qui conjuguent esth\u00e9tique contemporaine et qualit\u00e9. Que ce soit pour les moments de d\u00e9tente, les r\u00e9ceptions ou simplement pour le plaisir des yeux, un canap\u00e9 Bobochic semble \u00eatre le point commun de nombreux int\u00e9rieurs r\u00e9ussis et inspirants.<\/p>\n","protected":false},"excerpt":{"rendered":"<p>Le style et la d\u00e9coration int\u00e9rieure des personnalit\u00e9s publiques fascinent et inspirent. Des Miss France aux vid\u00e9astes influents, en passant par les animateurs et d\u00e9corateurs, nombreux sont ceux qui partagent leurs choix esth\u00e9tiques avec leurs audiences. Parmi Camille Cerf, Lena Situations, et Laetitia Milot, ainsi que de nombreuses autres c\u00e9l\u00e9brit\u00e9s, un \u00e9l\u00e9ment de leur int\u00e9rieur [&hellip;]<\/p>\n","protected":false},"author":4,"featured_media":46703,"comment_status":"open","ping_status":"open","sticky":false,"template":"","format":"standard","meta":{"_yoast_wpseo_title":"Camille Cerf, Lena Situations, Laetitia Milot\u2026 toutes un point en commun dans leur int\u00e9rieur","_yoast_wpseo_metadesc":"","_yoast_wpseo_focuskw":"Camille"},"categories":[5],"tags":[],"class_list":["post-46704","post","type-post","status-publish","format-standard","has-post-thumbnail","hentry","category-divertissement"],"yoast_head":"<!-- This site is optimized with the Yoast SEO plugin v26.3 - https:\/\/yoast.com\/wordpress\/plugins\/seo\/ -->\n<title>Camille Cerf, Lena Situations, Laetitia Milot\u2026 toutes un point en commun dans leur int\u00e9rieur<\/title>\n<meta name=\"robots\" content=\"index, follow, max-snippet:-1, max-image-preview:large, max-video-preview:-1\" \/>\n<link rel=\"canonical\" href=\"https:\/\/elukelele.com\/fr\/divertissement\/camille-cerf-lena-situations-laetitia-milot-toutes-un-point-en-commun-dans-leur-interieur\/\" \/>\n<meta property=\"og:locale\" content=\"fr_FR\" \/>\n<meta property=\"og:type\" content=\"article\" \/>\n<meta property=\"og:title\" content=\"Camille Cerf, Lena Situations, Laetitia Milot\u2026 toutes un point en commun dans leur int\u00e9rieur\" \/>\n<meta property=\"og:description\" content=\"Le style et la d\u00e9coration int\u00e9rieure des personnalit\u00e9s publiques fascinent et inspirent. Des Miss France aux vid\u00e9astes influents, en passant par les animateurs et d\u00e9corateurs, nombreux sont ceux qui partagent leurs choix esth\u00e9tiques avec leurs audiences. Parmi Camille Cerf, Lena Situations, et Laetitia Milot, ainsi que de nombreuses autres c\u00e9l\u00e9brit\u00e9s, un \u00e9l\u00e9ment de leur int\u00e9rieur [&hellip;]\" \/>\n<meta property=\"og:url\" content=\"https:\/\/elukelele.com\/fr\/divertissement\/camille-cerf-lena-situations-laetitia-milot-toutes-un-point-en-commun-dans-leur-interieur\/\" \/>\n<meta property=\"og:site_name\" content=\"El Ukelele\" \/>\n<meta property=\"article:published_time\" content=\"2025-12-02T18:55:36+00:00\" \/>\n<meta property=\"article:modified_time\" content=\"2025-12-02T18:55:37+00:00\" \/>\n<meta property=\"og:image\" content=\"https:\/\/elukelele.com\/fr\/wp-content\/uploads\/2025\/11\/framed_only-988.png\" \/>\n\t<meta property=\"og:image:width\" content=\"1200\" \/>\n\t<meta property=\"og:image:height\" content=\"628\" \/>\n\t<meta property=\"og:image:type\" content=\"image\/png\" \/>\n<meta name=\"author\" content=\"Daniel Perrin\" \/>\n<meta name=\"twitter:card\" content=\"summary_large_image\" \/>\n<meta name=\"twitter:label1\" content=\"\u00c9crit par\" \/>\n\t<meta name=\"twitter:data1\" content=\"Daniel Perrin\" \/>\n\t<meta name=\"twitter:label2\" content=\"Dur\u00e9e de lecture estim\u00e9e\" \/>\n\t<meta name=\"twitter:data2\" content=\"5 minutes\" \/>\n<script type=\"application\/ld+json\" class=\"yoast-schema-graph\">{\"@context\":\"https:\/\/schema.org\",\"@graph\":[{\"@type\":\"WebPage\",\"@id\":\"https:\/\/elukelele.com\/fr\/divertissement\/camille-cerf-lena-situations-laetitia-milot-toutes-un-point-en-commun-dans-leur-interieur\/\",\"url\":\"https:\/\/elukelele.com\/fr\/divertissement\/camille-cerf-lena-situations-laetitia-milot-toutes-un-point-en-commun-dans-leur-interieur\/\",\"name\":\"Camille Cerf, Lena Situations, Laetitia Milot\u2026 toutes un point en commun dans leur int\u00e9rieur\",\"isPartOf\":{\"@id\":\"https:\/\/elukelele.com\/fr\/#website\"},\"primaryImageOfPage\":{\"@id\":\"https:\/\/elukelele.com\/fr\/divertissement\/camille-cerf-lena-situations-laetitia-milot-toutes-un-point-en-commun-dans-leur-interieur\/#primaryimage\"},\"image\":{\"@id\":\"https:\/\/elukelele.com\/fr\/divertissement\/camille-cerf-lena-situations-laetitia-milot-toutes-un-point-en-commun-dans-leur-interieur\/#primaryimage\"},\"thumbnailUrl\":\"https:\/\/elukelele.com\/fr\/wp-content\/uploads\/2025\/11\/framed_only-988.png\",\"datePublished\":\"2025-12-02T18:55:36+00:00\",\"dateModified\":\"2025-12-02T18:55:37+00:00\",\"author\":{\"@id\":\"https:\/\/elukelele.com\/fr\/#\/schema\/person\/ccfb3d2be2ec7fa389608eb6da0b38d6\"},\"breadcrumb\":{\"@id\":\"https:\/\/elukelele.com\/fr\/divertissement\/camille-cerf-lena-situations-laetitia-milot-toutes-un-point-en-commun-dans-leur-interieur\/#breadcrumb\"},\"inLanguage\":\"fr-FR\",\"potentialAction\":[{\"@type\":\"ReadAction\",\"target\":[\"https:\/\/elukelele.com\/fr\/divertissement\/camille-cerf-lena-situations-laetitia-milot-toutes-un-point-en-commun-dans-leur-interieur\/\"]}]},{\"@type\":\"ImageObject\",\"inLanguage\":\"fr-FR\",\"@id\":\"https:\/\/elukelele.com\/fr\/divertissement\/camille-cerf-lena-situations-laetitia-milot-toutes-un-point-en-commun-dans-leur-interieur\/#primaryimage\",\"url\":\"https:\/\/elukelele.com\/fr\/wp-content\/uploads\/2025\/11\/framed_only-988.png\",\"contentUrl\":\"https:\/\/elukelele.com\/fr\/wp-content\/uploads\/2025\/11\/framed_only-988.png\",\"width\":1200,\"height\":628,\"caption\":\"Camille\"},{\"@type\":\"BreadcrumbList\",\"@id\":\"https:\/\/elukelele.com\/fr\/divertissement\/camille-cerf-lena-situations-laetitia-milot-toutes-un-point-en-commun-dans-leur-interieur\/#breadcrumb\",\"itemListElement\":[{\"@type\":\"ListItem\",\"position\":1,\"name\":\"Home\",\"item\":\"https:\/\/elukelele.com\/fr\/\"},{\"@type\":\"ListItem\",\"position\":2,\"name\":\"Camille Cerf, Lena Situations, Laetitia Milot\u2026 toutes un point en commun dans leur int\u00e9rieur\"}]},{\"@type\":\"WebSite\",\"@id\":\"https:\/\/elukelele.com\/fr\/#website\",\"url\":\"https:\/\/elukelele.com\/fr\/\",\"name\":\"El Ukelele\",\"description\":\"Musique au-del\u00e0 de l&#039;indie\",\"potentialAction\":[{\"@type\":\"SearchAction\",\"target\":{\"@type\":\"EntryPoint\",\"urlTemplate\":\"https:\/\/elukelele.com\/fr\/?s={search_term_string}\"},\"query-input\":{\"@type\":\"PropertyValueSpecification\",\"valueRequired\":true,\"valueName\":\"search_term_string\"}}],\"inLanguage\":\"fr-FR\"},{\"@type\":\"Person\",\"@id\":\"https:\/\/elukelele.com\/fr\/#\/schema\/person\/ccfb3d2be2ec7fa389608eb6da0b38d6\",\"name\":\"Daniel Perrin\",\"image\":{\"@type\":\"ImageObject\",\"inLanguage\":\"fr-FR\",\"@id\":\"https:\/\/elukelele.com\/fr\/#\/schema\/person\/image\/\",\"url\":\"https:\/\/secure.gravatar.com\/avatar\/37f9d9ffa29ce5640a0d9c6ca8bbd90afb854014296ecaa0e3a558ac716e6fe4?s=96&d=mm&r=g\",\"contentUrl\":\"https:\/\/secure.gravatar.com\/avatar\/37f9d9ffa29ce5640a0d9c6ca8bbd90afb854014296ecaa0e3a558ac716e6fe4?s=96&d=mm&r=g\",\"caption\":\"Daniel Perrin\"},\"sameAs\":[\"https:\/\/elukelele.com\/fr\"],\"url\":\"https:\/\/elukelele.com\/fr\/author\/daniel-perrin\/\"}]}<\/script>\n<!-- \/ Yoast SEO plugin. -->","yoast_head_json":{"title":"Camille Cerf, Lena Situations, Laetitia Milot\u2026 toutes un point en commun dans leur int\u00e9rieur","robots":{"index":"index","follow":"follow","max-snippet":"max-snippet:-1","max-image-preview":"max-image-preview:large","max-video-preview":"max-video-preview:-1"},"canonical":"https:\/\/elukelele.com\/fr\/divertissement\/camille-cerf-lena-situations-laetitia-milot-toutes-un-point-en-commun-dans-leur-interieur\/","og_locale":"fr_FR","og_type":"article","og_title":"Camille Cerf, Lena Situations, Laetitia Milot\u2026 toutes un point en commun dans leur int\u00e9rieur","og_description":"Le style et la d\u00e9coration int\u00e9rieure des personnalit\u00e9s publiques fascinent et inspirent. Des Miss France aux vid\u00e9astes influents, en passant par les animateurs et d\u00e9corateurs, nombreux sont ceux qui partagent leurs choix esth\u00e9tiques avec leurs audiences. Parmi Camille Cerf, Lena Situations, et Laetitia Milot, ainsi que de nombreuses autres c\u00e9l\u00e9brit\u00e9s, un \u00e9l\u00e9ment de leur int\u00e9rieur [&hellip;]","og_url":"https:\/\/elukelele.com\/fr\/divertissement\/camille-cerf-lena-situations-laetitia-milot-toutes-un-point-en-commun-dans-leur-interieur\/","og_site_name":"El Ukelele","article_published_time":"2025-12-02T18:55:36+00:00","article_modified_time":"2025-12-02T18:55:37+00:00","og_image":[{"width":1200,"height":628,"url":"https:\/\/elukelele.com\/fr\/wp-content\/uploads\/2025\/11\/framed_only-988.png","type":"image\/png"}],"author":"Daniel Perrin","twitter_card":"summary_large_image","twitter_misc":{"\u00c9crit par":"Daniel Perrin","Dur\u00e9e de lecture estim\u00e9e":"5 minutes"},"schema":{"@context":"https:\/\/schema.org","@graph":[{"@type":"WebPage","@id":"https:\/\/elukelele.com\/fr\/divertissement\/camille-cerf-lena-situations-laetitia-milot-toutes-un-point-en-commun-dans-leur-interieur\/","url":"https:\/\/elukelele.com\/fr\/divertissement\/camille-cerf-lena-situations-laetitia-milot-toutes-un-point-en-commun-dans-leur-interieur\/","name":"Camille Cerf, Lena Situations, Laetitia Milot\u2026 toutes un point en commun dans leur int\u00e9rieur","isPartOf":{"@id":"https:\/\/elukelele.com\/fr\/#website"},"primaryImageOfPage":{"@id":"https:\/\/elukelele.com\/fr\/divertissement\/camille-cerf-lena-situations-laetitia-milot-toutes-un-point-en-commun-dans-leur-interieur\/#primaryimage"},"image":{"@id":"https:\/\/elukelele.com\/fr\/divertissement\/camille-cerf-lena-situations-laetitia-milot-toutes-un-point-en-commun-dans-leur-interieur\/#primaryimage"},"thumbnailUrl":"https:\/\/elukelele.com\/fr\/wp-content\/uploads\/2025\/11\/framed_only-988.png","datePublished":"2025-12-02T18:55:36+00:00","dateModified":"2025-12-02T18:55:37+00:00","author":{"@id":"https:\/\/elukelele.com\/fr\/#\/schema\/person\/ccfb3d2be2ec7fa389608eb6da0b38d6"},"breadcrumb":{"@id":"https:\/\/elukelele.com\/fr\/divertissement\/camille-cerf-lena-situations-laetitia-milot-toutes-un-point-en-commun-dans-leur-interieur\/#breadcrumb"},"inLanguage":"fr-FR","potentialAction":[{"@type":"ReadAction","target":["https:\/\/elukelele.com\/fr\/divertissement\/camille-cerf-lena-situations-laetitia-milot-toutes-un-point-en-commun-dans-leur-interieur\/"]}]},{"@type":"ImageObject","inLanguage":"fr-FR","@id":"https:\/\/elukelele.com\/fr\/divertissement\/camille-cerf-lena-situations-laetitia-milot-toutes-un-point-en-commun-dans-leur-interieur\/#primaryimage","url":"https:\/\/elukelele.com\/fr\/wp-content\/uploads\/2025\/11\/framed_only-988.png","contentUrl":"https:\/\/elukelele.com\/fr\/wp-content\/uploads\/2025\/11\/framed_only-988.png","width":1200,"height":628,"caption":"Camille"},{"@type":"BreadcrumbList","@id":"https:\/\/elukelele.com\/fr\/divertissement\/camille-cerf-lena-situations-laetitia-milot-toutes-un-point-en-commun-dans-leur-interieur\/#breadcrumb","itemListElement":[{"@type":"ListItem","position":1,"name":"Home","item":"https:\/\/elukelele.com\/fr\/"},{"@type":"ListItem","position":2,"name":"Camille Cerf, Lena Situations, Laetitia Milot\u2026 toutes un point en commun dans leur int\u00e9rieur"}]},{"@type":"WebSite","@id":"https:\/\/elukelele.com\/fr\/#website","url":"https:\/\/elukelele.com\/fr\/","name":"El Ukelele","description":"Musique au-del\u00e0 de l&#039;indie","potentialAction":[{"@type":"SearchAction","target":{"@type":"EntryPoint","urlTemplate":"https:\/\/elukelele.com\/fr\/?s={search_term_string}"},"query-input":{"@type":"PropertyValueSpecification","valueRequired":true,"valueName":"search_term_string"}}],"inLanguage":"fr-FR"},{"@type":"Person","@id":"https:\/\/elukelele.com\/fr\/#\/schema\/person\/ccfb3d2be2ec7fa389608eb6da0b38d6","name":"Daniel Perrin","image":{"@type":"ImageObject","inLanguage":"fr-FR","@id":"https:\/\/elukelele.com\/fr\/#\/schema\/person\/image\/","url":"https:\/\/secure.gravatar.com\/avatar\/37f9d9ffa29ce5640a0d9c6ca8bbd90afb854014296ecaa0e3a558ac716e6fe4?s=96&d=mm&r=g","contentUrl":"https:\/\/secure.gravatar.com\/avatar\/37f9d9ffa29ce5640a0d9c6ca8bbd90afb854014296ecaa0e3a558ac716e6fe4?s=96&d=mm&r=g","caption":"Daniel Perrin"},"sameAs":["https:\/\/elukelele.com\/fr"],"url":"https:\/\/elukelele.com\/fr\/author\/daniel-perrin\/"}]}},"_links":{"self":[{"href":"https:\/\/elukelele.com\/fr\/wp-json\/wp\/v2\/posts\/46704","targetHints":{"allow":["GET"]}}],"collection":[{"href":"https:\/\/elukelele.com\/fr\/wp-json\/wp\/v2\/posts"}],"about":[{"href":"https:\/\/elukelele.com\/fr\/wp-json\/wp\/v2\/types\/post"}],"author":[{"embeddable":true,"href":"https:\/\/elukelele.com\/fr\/wp-json\/wp\/v2\/users\/4"}],"replies":[{"embeddable":true,"href":"https:\/\/elukelele.com\/fr\/wp-json\/wp\/v2\/comments?post=46704"}],"version-history":[{"count":1,"href":"https:\/\/elukelele.com\/fr\/wp-json\/wp\/v2\/posts\/46704\/revisions"}],"predecessor-version":[{"id":46987,"href":"https:\/\/elukelele.com\/fr\/wp-json\/wp\/v2\/posts\/46704\/revisions\/46987"}],"wp:featuredmedia":[{"embeddable":true,"href":"https:\/\/elukelele.com\/fr\/wp-json\/wp\/v2\/media\/46703"}],"wp:attachment":[{"href":"https:\/\/elukelele.com\/fr\/wp-json\/wp\/v2\/media?parent=46704"}],"wp:term":[{"taxonomy":"category","embeddable":true,"href":"https:\/\/elukelele.com\/fr\/wp-json\/wp\/v2\/categories?post=46704"},{"taxonomy":"post_tag","embeddable":true,"href":"https:\/\/elukelele.com\/fr\/wp-json\/wp\/v2\/tags?post=46704"}],"curies":[{"name":"wp","href":"https:\/\/api.w.org\/{rel}","templated":true}]}}