{"id":46696,"date":"2025-12-02T19:00:51","date_gmt":"2025-12-02T19:00:51","guid":{"rendered":"https:\/\/elukelele.com\/fr\/?p=46696"},"modified":"2025-12-02T19:00:52","modified_gmt":"2025-12-02T19:00:52","slug":"une-plainte-a-ete-deposee-judith-godreche-et-sa-fille-tess-victimes-de-menaces-de-viol","status":"publish","type":"post","link":"https:\/\/elukelele.com\/fr\/divertissement\/une-plainte-a-ete-deposee-judith-godreche-et-sa-fille-tess-victimes-de-menaces-de-viol\/","title":{"rendered":"\u00ab Une plainte a e\u0301te\u0301 de\u0301pose\u0301e \u00bb : Judith Godre\u0300che et sa fille Tess victimes de menaces de viol"},"content":{"rendered":"<p>L&rsquo;actrice et r\u00e9alisatrice Judith Godr\u00e8che a r\u00e9cemment r\u00e9v\u00e9l\u00e9 avoir \u00e9t\u00e9 la cible, ainsi que sa fille Tess et sa famille, de menaces de viol et d&rsquo;insultes graves, mat\u00e9rialis\u00e9es par des tags d\u00e9couverts \u00e0 son domicile parisien. Ces actes d&rsquo;intimidation, d\u00e9nonc\u00e9s publiquement par la com\u00e9dienne, ont conduit au d\u00e9p\u00f4t d&rsquo;une plainte officielle.<\/p>\n<h2>Judith Godr\u00e8che et sa famille victimes de menaces<\/h2>\n<p>Dans un message partag\u00e9 sur son compte Instagram le 26 novembre, Judith Godr\u00e8che a mis en lumi\u00e8re une situation alarmante : la d\u00e9couverte de tags injurieux et mena\u00e7ants sur le mur de l&rsquo;entr\u00e9e de son immeuble. Ces inscriptions visaient explicitement l&rsquo;actrice et sa fille, mentionnant notamment le mot \u00ab\u00a0viol\u00a0\u00bb de mani\u00e8re agressive.<\/p>\n<p>L&rsquo;actrice, actuellement en tournage en Normandie pour son prochain film, \u00ab\u00a0M\u00e9moire de fille\u00a0\u00bb, une adaptation du roman d&rsquo;Annie Ernaux, a d\u00e9crit ces actes comme une \u00ab\u00a0entreprise d&rsquo;intimidation\u00a0\u00bb et a d\u00e9plor\u00e9 la \u00ab\u00a0violence et la l\u00e2chet\u00e9\u00a0\u00bb des auteurs. Elle a soulign\u00e9 que ces menaces s&rsquo;\u00e9tendaient \u00e0 sa m\u00e8re et \u00e0 son fils, affectant ainsi l&rsquo;ensemble de sa cellule familiale.<\/p>\n<p>Les tags, dont des photos ont \u00e9t\u00e9 partag\u00e9es par Judith Godr\u00e8che, comportaient son nom et des insultes, cherchant clairement \u00e0 la terroriser. Un des messages employait le terme \u00ab\u00a0viol\u00a0\u00bb de fa\u00e7on cibl\u00e9e contre elle et sa fille, Tess.<\/p>\n<h2>Un combat incessant dans le sillage de #MeToo<\/h2>\n<p>Ces menaces s&rsquo;inscrivent dans un contexte o\u00f9 Judith Godr\u00e8che est devenue une figure embl\u00e9matique du mouvement #MeToo en France, d\u00e9non\u00e7ant avec force les violences sexuelles dans l&rsquo;industrie cin\u00e9matographique. Son discours marquant lors des C\u00e9sar, o\u00f9 elle a courageusement pris la parole contre l&rsquo;omerta, a \u00e9t\u00e9 largement salu\u00e9.<\/p>\n<p>Son engagement s&rsquo;est concr\u00e9tis\u00e9 par le d\u00e9p\u00f4t de plaintes pour viol sur mineur de moins de 15 ans, notamment contre le r\u00e9alisateur Jacques Doillon en f\u00e9vrier 2024. Ce combat n&rsquo;est pas sans r\u00e9percussions, puisque Judith Godr\u00e8che a elle-m\u00eame \u00e9t\u00e9 mise en examen pour diffamation envers Jacques Doillon en septembre 2025. La com\u00e9dienne a d\u00e9plor\u00e9 le \u00ab\u00a0silence\u00a0\u00bb des \u00ab\u00a0personnes de pouvoir\u00a0\u00bb dans le cin\u00e9ma fran\u00e7ais face \u00e0 ces violences.<\/p>\n<h2>La r\u00e9ponse de l&rsquo;actrice et la plainte d\u00e9pos\u00e9e<\/h2>\n<p>Face \u00e0 cette escalade de violence, Judith Godr\u00e8che a confirm\u00e9 avoir d\u00e9pos\u00e9 une plainte. Elle a exprim\u00e9 sa d\u00e9termination \u00e0 prot\u00e9ger sa famille et \u00e0 ne pas c\u00e9der \u00e0 l&rsquo;intimidation. \u00ab\u00a0\u00c0 un moment ou \u00e0 un autre, il leur faudra assumer leurs actes, \u00e0 la lumi\u00e8re du jour\u00a0\u00bb, a-t-elle affirm\u00e9, interpellant directement les responsables de ces menaces.<\/p>\n<p>Elle a \u00e9galement soulign\u00e9 la nature \u00ab\u00a0organis\u00e9e\u00a0\u00bb des agresseurs, d\u00e9crivant un \u00ab\u00a0coup de crayon assur\u00e9\u00a0\u00bb dans la r\u00e9alisation des tags. Son message s&rsquo;est conclu par un appel \u00e0 la solidarit\u00e9 et \u00e0 la r\u00e9sistance : \u00ab\u00a0Nous, nous sommes l\u00e0 les unes pour les autres et nous ne nous tairons pas\u00a0\u00bb.<\/p>\n<h2>Implications et soutien<\/h2>\n<p>Cet \u00e9v\u00e9nement met en lumi\u00e8re les risques auxquels sont confront\u00e9es les personnalit\u00e9s publiques qui s&rsquo;expriment sur des sujets sensibles comme les violences sexuelles. L&rsquo;intimidation et les menaces visant Judith Godr\u00e8che et sa famille rappellent l&rsquo;importance de soutenir ceux qui brisent le silence et de garantir leur s\u00e9curit\u00e9. De nombreux soutiens se sont manifest\u00e9s suite \u00e0 sa publication.<\/p>\n<p>La d\u00e9position de cette plainte est une \u00e9tape cruciale pour que ces actes ne restent pas impunis et pour r\u00e9affirmer que la violence et l&rsquo;intimidation, particuli\u00e8rement lorsqu&rsquo;elles ciblent des enfants, sont inacceptables dans une soci\u00e9t\u00e9 d\u00e9mocratique.<\/p>\n<h2>FAQ<\/h2>\n<h3>Qu&rsquo;est-il arriv\u00e9 \u00e0 Judith Godr\u00e8che et sa fille Tess ?<\/h3>\n<p>Judith Godr\u00e8che et sa fille Tess ont \u00e9t\u00e9 victimes de menaces de viol et d&rsquo;insultes, d\u00e9couvertes sous forme de tags sur le mur de l&rsquo;entr\u00e9e de l&rsquo;immeuble de l&rsquo;actrice \u00e0 Paris.<\/p>\n<h3>Quand ces menaces ont-elles \u00e9t\u00e9 r\u00e9v\u00e9l\u00e9es ?<\/h3>\n<p>Judith Godr\u00e8che a r\u00e9v\u00e9l\u00e9 ces menaces le 26 novembre, via une publication sur son compte Instagram.<\/p>\n<h3>Judith Godr\u00e8che a-t-elle port\u00e9 plainte ?<\/h3>\n<p>Oui, Judith Godr\u00e8che a annonc\u00e9 avoir d\u00e9pos\u00e9 une plainte suite \u00e0 ces menaces et actes d&rsquo;intimidation.<\/p>\n<h3>Quel est le lien avec l&rsquo;engagement de Judith Godr\u00e8che ?<\/h3>\n<p>Ces menaces surviennent dans le contexte de son engagement fort au sein du mouvement #MeToo en France, o\u00f9 elle d\u00e9nonce les violences sexuelles dans le cin\u00e9ma et a engag\u00e9 des poursuites judiciaires contre des r\u00e9alisateurs.<\/p>\n<h2>Conclusion<\/h2>\n<p>Les menaces de viol et les insultes cibl\u00e9es dont Judith Godr\u00e8che et sa fille Tess ont \u00e9t\u00e9 victimes constituent une grave attaque contre leur int\u00e9grit\u00e9 et un acte clair d&rsquo;intimidation. En d\u00e9posant plainte, l&rsquo;actrice r\u00e9affirme sa d\u00e9termination \u00e0 poursuivre son combat pour la lib\u00e9ration de la parole et la lutte contre les violences, malgr\u00e9 les tentatives de la faire taire. Cet \u00e9v\u00e9nement souligne la n\u00e9cessit\u00e9 d&rsquo;une vigilance constante et d&rsquo;une action ferme pour prot\u00e9ger ceux qui osent briser le silence et pour garantir que de tels actes d&rsquo;intimidation soient syst\u00e9matiquement poursuivis par la justice.<\/p>\n","protected":false},"excerpt":{"rendered":"<p>L&rsquo;actrice et r\u00e9alisatrice Judith Godr\u00e8che a r\u00e9cemment r\u00e9v\u00e9l\u00e9 avoir \u00e9t\u00e9 la cible, ainsi que sa fille Tess et sa famille, de menaces de viol et d&rsquo;insultes graves, mat\u00e9rialis\u00e9es par des tags d\u00e9couverts \u00e0 son domicile parisien. Ces actes d&rsquo;intimidation, d\u00e9nonc\u00e9s publiquement par la com\u00e9dienne, ont conduit au d\u00e9p\u00f4t d&rsquo;une plainte officielle. Judith Godr\u00e8che et sa [&hellip;]<\/p>\n","protected":false},"author":4,"featured_media":46695,"comment_status":"open","ping_status":"open","sticky":false,"template":"","format":"standard","meta":{"_yoast_wpseo_title":"\u00ab Une plainte a e\u0301te\u0301 de\u0301pose\u0301e \u00bb : Judith Godre\u0300che et sa fille Tess victimes de menaces de viol","_yoast_wpseo_metadesc":"","_yoast_wpseo_focuskw":"Judith"},"categories":[5],"tags":[],"class_list":["post-46696","post","type-post","status-publish","format-standard","has-post-thumbnail","hentry","category-divertissement"],"yoast_head":"<!-- This site is optimized with the Yoast SEO plugin v26.3 - https:\/\/yoast.com\/wordpress\/plugins\/seo\/ -->\n<title>\u00ab Une plainte a e\u0301te\u0301 de\u0301pose\u0301e \u00bb : Judith Godre\u0300che et sa fille Tess victimes de menaces de viol<\/title>\n<meta name=\"robots\" content=\"index, follow, max-snippet:-1, max-image-preview:large, max-video-preview:-1\" \/>\n<link rel=\"canonical\" href=\"https:\/\/elukelele.com\/fr\/divertissement\/une-plainte-a-ete-deposee-judith-godreche-et-sa-fille-tess-victimes-de-menaces-de-viol\/\" \/>\n<meta property=\"og:locale\" content=\"fr_FR\" \/>\n<meta property=\"og:type\" content=\"article\" \/>\n<meta property=\"og:title\" content=\"\u00ab Une plainte a e\u0301te\u0301 de\u0301pose\u0301e \u00bb : Judith Godre\u0300che et sa fille Tess victimes de menaces de viol\" \/>\n<meta property=\"og:description\" content=\"L&rsquo;actrice et r\u00e9alisatrice Judith Godr\u00e8che a r\u00e9cemment r\u00e9v\u00e9l\u00e9 avoir \u00e9t\u00e9 la cible, ainsi que sa fille Tess et sa famille, de menaces de viol et d&rsquo;insultes graves, mat\u00e9rialis\u00e9es par des tags d\u00e9couverts \u00e0 son domicile parisien. Ces actes d&rsquo;intimidation, d\u00e9nonc\u00e9s publiquement par la com\u00e9dienne, ont conduit au d\u00e9p\u00f4t d&rsquo;une plainte officielle. Judith Godr\u00e8che et sa [&hellip;]\" \/>\n<meta property=\"og:url\" content=\"https:\/\/elukelele.com\/fr\/divertissement\/une-plainte-a-ete-deposee-judith-godreche-et-sa-fille-tess-victimes-de-menaces-de-viol\/\" \/>\n<meta property=\"og:site_name\" content=\"El Ukelele\" \/>\n<meta property=\"article:published_time\" content=\"2025-12-02T19:00:51+00:00\" \/>\n<meta property=\"article:modified_time\" content=\"2025-12-02T19:00:52+00:00\" \/>\n<meta property=\"og:image\" content=\"https:\/\/elukelele.com\/fr\/wp-content\/uploads\/2025\/11\/framed_only-984.png\" \/>\n\t<meta property=\"og:image:width\" content=\"1200\" \/>\n\t<meta property=\"og:image:height\" content=\"628\" \/>\n\t<meta property=\"og:image:type\" content=\"image\/png\" \/>\n<meta name=\"author\" content=\"Daniel Perrin\" \/>\n<meta name=\"twitter:card\" content=\"summary_large_image\" \/>\n<meta name=\"twitter:label1\" content=\"\u00c9crit par\" \/>\n\t<meta name=\"twitter:data1\" content=\"Daniel Perrin\" \/>\n\t<meta name=\"twitter:label2\" content=\"Dur\u00e9e de lecture estim\u00e9e\" \/>\n\t<meta name=\"twitter:data2\" content=\"5 minutes\" \/>\n<script type=\"application\/ld+json\" class=\"yoast-schema-graph\">{\"@context\":\"https:\/\/schema.org\",\"@graph\":[{\"@type\":\"WebPage\",\"@id\":\"https:\/\/elukelele.com\/fr\/divertissement\/une-plainte-a-ete-deposee-judith-godreche-et-sa-fille-tess-victimes-de-menaces-de-viol\/\",\"url\":\"https:\/\/elukelele.com\/fr\/divertissement\/une-plainte-a-ete-deposee-judith-godreche-et-sa-fille-tess-victimes-de-menaces-de-viol\/\",\"name\":\"\u00ab Une plainte a e\u0301te\u0301 de\u0301pose\u0301e \u00bb : Judith Godre\u0300che et sa fille Tess victimes de menaces de viol\",\"isPartOf\":{\"@id\":\"https:\/\/elukelele.com\/fr\/#website\"},\"primaryImageOfPage\":{\"@id\":\"https:\/\/elukelele.com\/fr\/divertissement\/une-plainte-a-ete-deposee-judith-godreche-et-sa-fille-tess-victimes-de-menaces-de-viol\/#primaryimage\"},\"image\":{\"@id\":\"https:\/\/elukelele.com\/fr\/divertissement\/une-plainte-a-ete-deposee-judith-godreche-et-sa-fille-tess-victimes-de-menaces-de-viol\/#primaryimage\"},\"thumbnailUrl\":\"https:\/\/elukelele.com\/fr\/wp-content\/uploads\/2025\/11\/framed_only-984.png\",\"datePublished\":\"2025-12-02T19:00:51+00:00\",\"dateModified\":\"2025-12-02T19:00:52+00:00\",\"author\":{\"@id\":\"https:\/\/elukelele.com\/fr\/#\/schema\/person\/ccfb3d2be2ec7fa389608eb6da0b38d6\"},\"breadcrumb\":{\"@id\":\"https:\/\/elukelele.com\/fr\/divertissement\/une-plainte-a-ete-deposee-judith-godreche-et-sa-fille-tess-victimes-de-menaces-de-viol\/#breadcrumb\"},\"inLanguage\":\"fr-FR\",\"potentialAction\":[{\"@type\":\"ReadAction\",\"target\":[\"https:\/\/elukelele.com\/fr\/divertissement\/une-plainte-a-ete-deposee-judith-godreche-et-sa-fille-tess-victimes-de-menaces-de-viol\/\"]}]},{\"@type\":\"ImageObject\",\"inLanguage\":\"fr-FR\",\"@id\":\"https:\/\/elukelele.com\/fr\/divertissement\/une-plainte-a-ete-deposee-judith-godreche-et-sa-fille-tess-victimes-de-menaces-de-viol\/#primaryimage\",\"url\":\"https:\/\/elukelele.com\/fr\/wp-content\/uploads\/2025\/11\/framed_only-984.png\",\"contentUrl\":\"https:\/\/elukelele.com\/fr\/wp-content\/uploads\/2025\/11\/framed_only-984.png\",\"width\":1200,\"height\":628,\"caption\":\"Judith\"},{\"@type\":\"BreadcrumbList\",\"@id\":\"https:\/\/elukelele.com\/fr\/divertissement\/une-plainte-a-ete-deposee-judith-godreche-et-sa-fille-tess-victimes-de-menaces-de-viol\/#breadcrumb\",\"itemListElement\":[{\"@type\":\"ListItem\",\"position\":1,\"name\":\"Home\",\"item\":\"https:\/\/elukelele.com\/fr\/\"},{\"@type\":\"ListItem\",\"position\":2,\"name\":\"\u00ab Une plainte a e\u0301te\u0301 de\u0301pose\u0301e \u00bb : Judith Godre\u0300che et sa fille Tess victimes de menaces de viol\"}]},{\"@type\":\"WebSite\",\"@id\":\"https:\/\/elukelele.com\/fr\/#website\",\"url\":\"https:\/\/elukelele.com\/fr\/\",\"name\":\"El Ukelele\",\"description\":\"Musique au-del\u00e0 de l&#039;indie\",\"potentialAction\":[{\"@type\":\"SearchAction\",\"target\":{\"@type\":\"EntryPoint\",\"urlTemplate\":\"https:\/\/elukelele.com\/fr\/?s={search_term_string}\"},\"query-input\":{\"@type\":\"PropertyValueSpecification\",\"valueRequired\":true,\"valueName\":\"search_term_string\"}}],\"inLanguage\":\"fr-FR\"},{\"@type\":\"Person\",\"@id\":\"https:\/\/elukelele.com\/fr\/#\/schema\/person\/ccfb3d2be2ec7fa389608eb6da0b38d6\",\"name\":\"Daniel Perrin\",\"image\":{\"@type\":\"ImageObject\",\"inLanguage\":\"fr-FR\",\"@id\":\"https:\/\/elukelele.com\/fr\/#\/schema\/person\/image\/\",\"url\":\"https:\/\/secure.gravatar.com\/avatar\/37f9d9ffa29ce5640a0d9c6ca8bbd90afb854014296ecaa0e3a558ac716e6fe4?s=96&d=mm&r=g\",\"contentUrl\":\"https:\/\/secure.gravatar.com\/avatar\/37f9d9ffa29ce5640a0d9c6ca8bbd90afb854014296ecaa0e3a558ac716e6fe4?s=96&d=mm&r=g\",\"caption\":\"Daniel Perrin\"},\"sameAs\":[\"https:\/\/elukelele.com\/fr\"],\"url\":\"https:\/\/elukelele.com\/fr\/author\/daniel-perrin\/\"}]}<\/script>\n<!-- \/ Yoast SEO plugin. -->","yoast_head_json":{"title":"\u00ab Une plainte a e\u0301te\u0301 de\u0301pose\u0301e \u00bb : Judith Godre\u0300che et sa fille Tess victimes de menaces de viol","robots":{"index":"index","follow":"follow","max-snippet":"max-snippet:-1","max-image-preview":"max-image-preview:large","max-video-preview":"max-video-preview:-1"},"canonical":"https:\/\/elukelele.com\/fr\/divertissement\/une-plainte-a-ete-deposee-judith-godreche-et-sa-fille-tess-victimes-de-menaces-de-viol\/","og_locale":"fr_FR","og_type":"article","og_title":"\u00ab Une plainte a e\u0301te\u0301 de\u0301pose\u0301e \u00bb : Judith Godre\u0300che et sa fille Tess victimes de menaces de viol","og_description":"L&rsquo;actrice et r\u00e9alisatrice Judith Godr\u00e8che a r\u00e9cemment r\u00e9v\u00e9l\u00e9 avoir \u00e9t\u00e9 la cible, ainsi que sa fille Tess et sa famille, de menaces de viol et d&rsquo;insultes graves, mat\u00e9rialis\u00e9es par des tags d\u00e9couverts \u00e0 son domicile parisien. Ces actes d&rsquo;intimidation, d\u00e9nonc\u00e9s publiquement par la com\u00e9dienne, ont conduit au d\u00e9p\u00f4t d&rsquo;une plainte officielle. Judith Godr\u00e8che et sa [&hellip;]","og_url":"https:\/\/elukelele.com\/fr\/divertissement\/une-plainte-a-ete-deposee-judith-godreche-et-sa-fille-tess-victimes-de-menaces-de-viol\/","og_site_name":"El Ukelele","article_published_time":"2025-12-02T19:00:51+00:00","article_modified_time":"2025-12-02T19:00:52+00:00","og_image":[{"width":1200,"height":628,"url":"https:\/\/elukelele.com\/fr\/wp-content\/uploads\/2025\/11\/framed_only-984.png","type":"image\/png"}],"author":"Daniel Perrin","twitter_card":"summary_large_image","twitter_misc":{"\u00c9crit par":"Daniel Perrin","Dur\u00e9e de lecture estim\u00e9e":"5 minutes"},"schema":{"@context":"https:\/\/schema.org","@graph":[{"@type":"WebPage","@id":"https:\/\/elukelele.com\/fr\/divertissement\/une-plainte-a-ete-deposee-judith-godreche-et-sa-fille-tess-victimes-de-menaces-de-viol\/","url":"https:\/\/elukelele.com\/fr\/divertissement\/une-plainte-a-ete-deposee-judith-godreche-et-sa-fille-tess-victimes-de-menaces-de-viol\/","name":"\u00ab Une plainte a e\u0301te\u0301 de\u0301pose\u0301e \u00bb : Judith Godre\u0300che et sa fille Tess victimes de menaces de viol","isPartOf":{"@id":"https:\/\/elukelele.com\/fr\/#website"},"primaryImageOfPage":{"@id":"https:\/\/elukelele.com\/fr\/divertissement\/une-plainte-a-ete-deposee-judith-godreche-et-sa-fille-tess-victimes-de-menaces-de-viol\/#primaryimage"},"image":{"@id":"https:\/\/elukelele.com\/fr\/divertissement\/une-plainte-a-ete-deposee-judith-godreche-et-sa-fille-tess-victimes-de-menaces-de-viol\/#primaryimage"},"thumbnailUrl":"https:\/\/elukelele.com\/fr\/wp-content\/uploads\/2025\/11\/framed_only-984.png","datePublished":"2025-12-02T19:00:51+00:00","dateModified":"2025-12-02T19:00:52+00:00","author":{"@id":"https:\/\/elukelele.com\/fr\/#\/schema\/person\/ccfb3d2be2ec7fa389608eb6da0b38d6"},"breadcrumb":{"@id":"https:\/\/elukelele.com\/fr\/divertissement\/une-plainte-a-ete-deposee-judith-godreche-et-sa-fille-tess-victimes-de-menaces-de-viol\/#breadcrumb"},"inLanguage":"fr-FR","potentialAction":[{"@type":"ReadAction","target":["https:\/\/elukelele.com\/fr\/divertissement\/une-plainte-a-ete-deposee-judith-godreche-et-sa-fille-tess-victimes-de-menaces-de-viol\/"]}]},{"@type":"ImageObject","inLanguage":"fr-FR","@id":"https:\/\/elukelele.com\/fr\/divertissement\/une-plainte-a-ete-deposee-judith-godreche-et-sa-fille-tess-victimes-de-menaces-de-viol\/#primaryimage","url":"https:\/\/elukelele.com\/fr\/wp-content\/uploads\/2025\/11\/framed_only-984.png","contentUrl":"https:\/\/elukelele.com\/fr\/wp-content\/uploads\/2025\/11\/framed_only-984.png","width":1200,"height":628,"caption":"Judith"},{"@type":"BreadcrumbList","@id":"https:\/\/elukelele.com\/fr\/divertissement\/une-plainte-a-ete-deposee-judith-godreche-et-sa-fille-tess-victimes-de-menaces-de-viol\/#breadcrumb","itemListElement":[{"@type":"ListItem","position":1,"name":"Home","item":"https:\/\/elukelele.com\/fr\/"},{"@type":"ListItem","position":2,"name":"\u00ab Une plainte a e\u0301te\u0301 de\u0301pose\u0301e \u00bb : Judith Godre\u0300che et sa fille Tess victimes de menaces de viol"}]},{"@type":"WebSite","@id":"https:\/\/elukelele.com\/fr\/#website","url":"https:\/\/elukelele.com\/fr\/","name":"El Ukelele","description":"Musique au-del\u00e0 de l&#039;indie","potentialAction":[{"@type":"SearchAction","target":{"@type":"EntryPoint","urlTemplate":"https:\/\/elukelele.com\/fr\/?s={search_term_string}"},"query-input":{"@type":"PropertyValueSpecification","valueRequired":true,"valueName":"search_term_string"}}],"inLanguage":"fr-FR"},{"@type":"Person","@id":"https:\/\/elukelele.com\/fr\/#\/schema\/person\/ccfb3d2be2ec7fa389608eb6da0b38d6","name":"Daniel Perrin","image":{"@type":"ImageObject","inLanguage":"fr-FR","@id":"https:\/\/elukelele.com\/fr\/#\/schema\/person\/image\/","url":"https:\/\/secure.gravatar.com\/avatar\/37f9d9ffa29ce5640a0d9c6ca8bbd90afb854014296ecaa0e3a558ac716e6fe4?s=96&d=mm&r=g","contentUrl":"https:\/\/secure.gravatar.com\/avatar\/37f9d9ffa29ce5640a0d9c6ca8bbd90afb854014296ecaa0e3a558ac716e6fe4?s=96&d=mm&r=g","caption":"Daniel Perrin"},"sameAs":["https:\/\/elukelele.com\/fr"],"url":"https:\/\/elukelele.com\/fr\/author\/daniel-perrin\/"}]}},"_links":{"self":[{"href":"https:\/\/elukelele.com\/fr\/wp-json\/wp\/v2\/posts\/46696","targetHints":{"allow":["GET"]}}],"collection":[{"href":"https:\/\/elukelele.com\/fr\/wp-json\/wp\/v2\/posts"}],"about":[{"href":"https:\/\/elukelele.com\/fr\/wp-json\/wp\/v2\/types\/post"}],"author":[{"embeddable":true,"href":"https:\/\/elukelele.com\/fr\/wp-json\/wp\/v2\/users\/4"}],"replies":[{"embeddable":true,"href":"https:\/\/elukelele.com\/fr\/wp-json\/wp\/v2\/comments?post=46696"}],"version-history":[{"count":1,"href":"https:\/\/elukelele.com\/fr\/wp-json\/wp\/v2\/posts\/46696\/revisions"}],"predecessor-version":[{"id":46989,"href":"https:\/\/elukelele.com\/fr\/wp-json\/wp\/v2\/posts\/46696\/revisions\/46989"}],"wp:featuredmedia":[{"embeddable":true,"href":"https:\/\/elukelele.com\/fr\/wp-json\/wp\/v2\/media\/46695"}],"wp:attachment":[{"href":"https:\/\/elukelele.com\/fr\/wp-json\/wp\/v2\/media?parent=46696"}],"wp:term":[{"taxonomy":"category","embeddable":true,"href":"https:\/\/elukelele.com\/fr\/wp-json\/wp\/v2\/categories?post=46696"},{"taxonomy":"post_tag","embeddable":true,"href":"https:\/\/elukelele.com\/fr\/wp-json\/wp\/v2\/tags?post=46696"}],"curies":[{"name":"wp","href":"https:\/\/api.w.org\/{rel}","templated":true}]}}