{"id":46686,"date":"2025-12-02T18:15:52","date_gmt":"2025-12-02T18:15:52","guid":{"rendered":"https:\/\/elukelele.com\/fr\/?p=46686"},"modified":"2025-12-02T18:15:53","modified_gmt":"2025-12-02T18:15:53","slug":"lamour-est-dans-le-pre-jen-ai-bave-julien-na-pas-pu-dire-adieu-a-louise","status":"publish","type":"post","link":"https:\/\/elukelele.com\/fr\/divertissement\/lamour-est-dans-le-pre-jen-ai-bave-julien-na-pas-pu-dire-adieu-a-louise\/","title":{"rendered":"L\u2019amour est dans le pr\u00e9\u00a0: \u00ab\u00a0J\u2019en ai bav\u00e9\u2026\u00a0\u00bb Julien n\u2019a pas pu dire adieu \u00e0 Louise"},"content":{"rendered":"<p>Le chemin de l&rsquo;amour est parsem\u00e9 d&#8217;emb\u00fbches, et pour certains participants de l&rsquo;\u00e9mission populaire \u00ab L\u2019amour est dans le pr\u00e9 \u00bb, la qu\u00eate du grand amour peut se transformer en une exp\u00e9rience douloureuse. C&rsquo;est le cas de Julien, dont le parcours avec Louise a pris un tournant inattendu, laissant l&rsquo;agriculteur face \u00e0 une s\u00e9paration difficile, marqu\u00e9e par l&rsquo;impossibilit\u00e9 de faire de v\u00e9ritables adieux.<\/p>\n<p>Lors du bilan de cette saison de \u00ab L&rsquo;amour est dans le pr\u00e9 \u00bb, diffus\u00e9 sur M6, Julien a partag\u00e9 les d\u00e9tails de sa rupture avec Louise, une nouvelle qui a surpris de nombreux t\u00e9l\u00e9spectateurs. L&rsquo;histoire de Julien et Louise semblait prometteuse apr\u00e8s un d\u00e9but d&rsquo;aventure touchant, mais la r\u00e9alit\u00e9 de leur quotidien a rapidement rattrap\u00e9 les espoirs n\u00e9s sous les projecteurs.<\/p>\n<h2>Une s\u00e9paration inattendue et sans adieux<\/h2>\n<p>Julien a r\u00e9v\u00e9l\u00e9 que sa relation avec Louise n&rsquo;avait pas surv\u00e9cu au-del\u00e0 de leur week-end romantique en \u00c9cosse, \u00e0 \u00c9dimbourg. Ce s\u00e9jour, cens\u00e9 consolider leur lien, s&rsquo;est finalement av\u00e9r\u00e9 \u00eatre leur derni\u00e8re rencontre. L&rsquo;agriculteur a confi\u00e9 que, depuis ce voyage, il n&rsquo;avait jamais revu Louise. La fin de leur histoire s&rsquo;est donc d\u00e9roul\u00e9e sans une conversation finale ou un au revoir formel, une situation qui a particuli\u00e8rement marqu\u00e9 Julien.<\/p>\n<p>Il a expliqu\u00e9 que le dernier contact physique qu&rsquo;ils avaient eu \u00e9tait un baiser \u00e9chang\u00e9 \u00e0 la gare lors de leur retour. Apr\u00e8s cela, le silence, et l&rsquo;absence de nouvelles ont remplac\u00e9 les \u00e9changes quotidiens qui avaient rythm\u00e9 le d\u00e9but de leur relation. Cette conclusion abrupte a laiss\u00e9 Julien dans l&rsquo;incertitude et l&rsquo;incompr\u00e9hension, rendant le processus de deuil amoureux encore plus complexe.<\/p>\n<h2>Le chagrin de Julien : \u00ab J\u2019en ai bav\u00e9\u2026 \u00bb<\/h2>\n<p>La s\u00e9paration a profond\u00e9ment affect\u00e9 Julien. Il a partag\u00e9 son ressenti, d\u00e9crivant la douleur qu&rsquo;il a endur\u00e9e suite \u00e0 cette rupture inattendue. \u00ab C\u2019est violent quand tu ne t\u2019y attends pas. J\u2019en ai bav\u00e9 pendant un bon mois, m\u00eame un peu plus \u00bb, a-t-il avou\u00e9 lors du bilan. Le fait de passer d&rsquo;une communication constante \u00e0 un silence radio du jour au lendemain a \u00e9t\u00e9 un choc \u00e9motionnel important pour l&rsquo;agriculteur.<\/p>\n<p>Ce chagrin d&rsquo;amour, Julien l&rsquo;a v\u00e9cu intens\u00e9ment, soulignant la difficult\u00e9 de se reconstruire apr\u00e8s une relation qui s&rsquo;ach\u00e8ve brusquement. Son t\u00e9moignage a mis en lumi\u00e8re la vuln\u00e9rabilit\u00e9 des participants face aux al\u00e9as sentimentaux, m\u00eame apr\u00e8s avoir expos\u00e9 leur qu\u00eate amoureuse \u00e0 la t\u00e9l\u00e9vision.<\/p>\n<h2>L&rsquo;appel de Karine Le Marchand<\/h2>\n<p>Face \u00e0 la d\u00e9tresse de Julien et \u00e0 son d\u00e9sir \u00e9vident de trouver le bonheur, l&rsquo;animatrice embl\u00e9matique de \u00ab L&rsquo;amour est dans le pr\u00e9 \u00bb, Karine Le Marchand, a lanc\u00e9 un appel aux t\u00e9l\u00e9spectatrices. \u00ab Les filles, c\u2019est l\u2019aubaine de l\u2019automne, m\u00eame de l\u2019hiver. Vous \u00eates l\u00e0, emmitoufl\u00e9es, avec votre petit chocolat chaud, peut-\u00eatre m\u00eame en train de pleurer pour un amour d\u00e9\u00e7u&#8230; Notre Julien est l\u00e0 \u00bb, a-t-elle d\u00e9clar\u00e9 avec son empathie habituelle.<\/p>\n<p>Cet appel visait \u00e0 encourager d&rsquo;autres femmes \u00e0 \u00e9crire \u00e0 Julien, rassurant l&rsquo;agriculteur sur son aspiration \u00e0 fonder une famille. Jean-Louis, un autre participant pr\u00e9sent lors du bilan, a \u00e9galement exprim\u00e9 son soutien, convaincu que Julien finira par trouver la personne qui lui convient. L&rsquo;intervention de Karine Le Marchand a offert une note d&rsquo;espoir pour Julien, montrant que malgr\u00e9 les \u00e9preuves, la qu\u00eate de l&rsquo;amour continue.<\/p>\n<p>La saison de \u00ab L&rsquo;amour est dans le pr\u00e9 \u00bb s&rsquo;est achev\u00e9e sur ces confidences poignantes, rappelant que l&rsquo;amour est un chemin incertain, fait de rencontres, d&rsquo;espoirs, mais aussi parfois de d\u00e9ceptions. Pour Julien, l&rsquo;exp\u00e9rience fut marquante, et bien que sa relation avec Louise n&rsquo;ait pas abouti, l&rsquo;\u00e9mission a permis de r\u00e9v\u00e9ler un homme sensible, pr\u00eat \u00e0 aimer et toujours en qu\u00eate de sa moiti\u00e9.<\/p>\n","protected":false},"excerpt":{"rendered":"<p>Le chemin de l&rsquo;amour est parsem\u00e9 d&#8217;emb\u00fbches, et pour certains participants de l&rsquo;\u00e9mission populaire \u00ab L\u2019amour est dans le pr\u00e9 \u00bb, la qu\u00eate du grand amour peut se transformer en une exp\u00e9rience douloureuse. C&rsquo;est le cas de Julien, dont le parcours avec Louise a pris un tournant inattendu, laissant l&rsquo;agriculteur face \u00e0 une s\u00e9paration difficile, [&hellip;]<\/p>\n","protected":false},"author":4,"featured_media":46685,"comment_status":"open","ping_status":"open","sticky":false,"template":"","format":"standard","meta":{"_yoast_wpseo_title":"L\u2019amour est dans le pr\u00e9\u00a0: \u00ab\u00a0J\u2019en ai bav\u00e9\u2026\u00a0\u00bb Julien n\u2019a pas pu dire adieu \u00e0 Louise","_yoast_wpseo_metadesc":"","_yoast_wpseo_focuskw":"Louise"},"categories":[5],"tags":[],"class_list":["post-46686","post","type-post","status-publish","format-standard","has-post-thumbnail","hentry","category-divertissement"],"yoast_head":"<!-- This site is optimized with the Yoast SEO plugin v26.3 - https:\/\/yoast.com\/wordpress\/plugins\/seo\/ -->\n<title>L\u2019amour est dans le pr\u00e9\u00a0: \u00ab\u00a0J\u2019en ai bav\u00e9\u2026\u00a0\u00bb Julien n\u2019a pas pu dire adieu \u00e0 Louise<\/title>\n<meta name=\"robots\" content=\"index, follow, max-snippet:-1, max-image-preview:large, max-video-preview:-1\" \/>\n<link rel=\"canonical\" href=\"https:\/\/elukelele.com\/fr\/divertissement\/lamour-est-dans-le-pre-jen-ai-bave-julien-na-pas-pu-dire-adieu-a-louise\/\" \/>\n<meta property=\"og:locale\" content=\"fr_FR\" \/>\n<meta property=\"og:type\" content=\"article\" \/>\n<meta property=\"og:title\" content=\"L\u2019amour est dans le pr\u00e9\u00a0: \u00ab\u00a0J\u2019en ai bav\u00e9\u2026\u00a0\u00bb Julien n\u2019a pas pu dire adieu \u00e0 Louise\" \/>\n<meta property=\"og:description\" content=\"Le chemin de l&rsquo;amour est parsem\u00e9 d&#8217;emb\u00fbches, et pour certains participants de l&rsquo;\u00e9mission populaire \u00ab L\u2019amour est dans le pr\u00e9 \u00bb, la qu\u00eate du grand amour peut se transformer en une exp\u00e9rience douloureuse. C&rsquo;est le cas de Julien, dont le parcours avec Louise a pris un tournant inattendu, laissant l&rsquo;agriculteur face \u00e0 une s\u00e9paration difficile, [&hellip;]\" \/>\n<meta property=\"og:url\" content=\"https:\/\/elukelele.com\/fr\/divertissement\/lamour-est-dans-le-pre-jen-ai-bave-julien-na-pas-pu-dire-adieu-a-louise\/\" \/>\n<meta property=\"og:site_name\" content=\"El Ukelele\" \/>\n<meta property=\"article:published_time\" content=\"2025-12-02T18:15:52+00:00\" \/>\n<meta property=\"article:modified_time\" content=\"2025-12-02T18:15:53+00:00\" \/>\n<meta property=\"og:image\" content=\"https:\/\/elukelele.com\/fr\/wp-content\/uploads\/2025\/11\/framed_only-979.png\" \/>\n\t<meta property=\"og:image:width\" content=\"1200\" \/>\n\t<meta property=\"og:image:height\" content=\"628\" \/>\n\t<meta property=\"og:image:type\" content=\"image\/png\" \/>\n<meta name=\"author\" content=\"Daniel Perrin\" \/>\n<meta name=\"twitter:card\" content=\"summary_large_image\" \/>\n<meta name=\"twitter:label1\" content=\"\u00c9crit par\" \/>\n\t<meta name=\"twitter:data1\" content=\"Daniel Perrin\" \/>\n\t<meta name=\"twitter:label2\" content=\"Dur\u00e9e de lecture estim\u00e9e\" \/>\n\t<meta name=\"twitter:data2\" content=\"4 minutes\" \/>\n<script type=\"application\/ld+json\" class=\"yoast-schema-graph\">{\"@context\":\"https:\/\/schema.org\",\"@graph\":[{\"@type\":\"WebPage\",\"@id\":\"https:\/\/elukelele.com\/fr\/divertissement\/lamour-est-dans-le-pre-jen-ai-bave-julien-na-pas-pu-dire-adieu-a-louise\/\",\"url\":\"https:\/\/elukelele.com\/fr\/divertissement\/lamour-est-dans-le-pre-jen-ai-bave-julien-na-pas-pu-dire-adieu-a-louise\/\",\"name\":\"L\u2019amour est dans le pr\u00e9\u00a0: \u00ab\u00a0J\u2019en ai bav\u00e9\u2026\u00a0\u00bb Julien n\u2019a pas pu dire adieu \u00e0 Louise\",\"isPartOf\":{\"@id\":\"https:\/\/elukelele.com\/fr\/#website\"},\"primaryImageOfPage\":{\"@id\":\"https:\/\/elukelele.com\/fr\/divertissement\/lamour-est-dans-le-pre-jen-ai-bave-julien-na-pas-pu-dire-adieu-a-louise\/#primaryimage\"},\"image\":{\"@id\":\"https:\/\/elukelele.com\/fr\/divertissement\/lamour-est-dans-le-pre-jen-ai-bave-julien-na-pas-pu-dire-adieu-a-louise\/#primaryimage\"},\"thumbnailUrl\":\"https:\/\/elukelele.com\/fr\/wp-content\/uploads\/2025\/11\/framed_only-979.png\",\"datePublished\":\"2025-12-02T18:15:52+00:00\",\"dateModified\":\"2025-12-02T18:15:53+00:00\",\"author\":{\"@id\":\"https:\/\/elukelele.com\/fr\/#\/schema\/person\/ccfb3d2be2ec7fa389608eb6da0b38d6\"},\"breadcrumb\":{\"@id\":\"https:\/\/elukelele.com\/fr\/divertissement\/lamour-est-dans-le-pre-jen-ai-bave-julien-na-pas-pu-dire-adieu-a-louise\/#breadcrumb\"},\"inLanguage\":\"fr-FR\",\"potentialAction\":[{\"@type\":\"ReadAction\",\"target\":[\"https:\/\/elukelele.com\/fr\/divertissement\/lamour-est-dans-le-pre-jen-ai-bave-julien-na-pas-pu-dire-adieu-a-louise\/\"]}]},{\"@type\":\"ImageObject\",\"inLanguage\":\"fr-FR\",\"@id\":\"https:\/\/elukelele.com\/fr\/divertissement\/lamour-est-dans-le-pre-jen-ai-bave-julien-na-pas-pu-dire-adieu-a-louise\/#primaryimage\",\"url\":\"https:\/\/elukelele.com\/fr\/wp-content\/uploads\/2025\/11\/framed_only-979.png\",\"contentUrl\":\"https:\/\/elukelele.com\/fr\/wp-content\/uploads\/2025\/11\/framed_only-979.png\",\"width\":1200,\"height\":628,\"caption\":\"Louise\"},{\"@type\":\"BreadcrumbList\",\"@id\":\"https:\/\/elukelele.com\/fr\/divertissement\/lamour-est-dans-le-pre-jen-ai-bave-julien-na-pas-pu-dire-adieu-a-louise\/#breadcrumb\",\"itemListElement\":[{\"@type\":\"ListItem\",\"position\":1,\"name\":\"Home\",\"item\":\"https:\/\/elukelele.com\/fr\/\"},{\"@type\":\"ListItem\",\"position\":2,\"name\":\"L\u2019amour est dans le pr\u00e9\u00a0: \u00ab\u00a0J\u2019en ai bav\u00e9\u2026\u00a0\u00bb Julien n\u2019a pas pu dire adieu \u00e0 Louise\"}]},{\"@type\":\"WebSite\",\"@id\":\"https:\/\/elukelele.com\/fr\/#website\",\"url\":\"https:\/\/elukelele.com\/fr\/\",\"name\":\"El Ukelele\",\"description\":\"Musique au-del\u00e0 de l&#039;indie\",\"potentialAction\":[{\"@type\":\"SearchAction\",\"target\":{\"@type\":\"EntryPoint\",\"urlTemplate\":\"https:\/\/elukelele.com\/fr\/?s={search_term_string}\"},\"query-input\":{\"@type\":\"PropertyValueSpecification\",\"valueRequired\":true,\"valueName\":\"search_term_string\"}}],\"inLanguage\":\"fr-FR\"},{\"@type\":\"Person\",\"@id\":\"https:\/\/elukelele.com\/fr\/#\/schema\/person\/ccfb3d2be2ec7fa389608eb6da0b38d6\",\"name\":\"Daniel Perrin\",\"image\":{\"@type\":\"ImageObject\",\"inLanguage\":\"fr-FR\",\"@id\":\"https:\/\/elukelele.com\/fr\/#\/schema\/person\/image\/\",\"url\":\"https:\/\/secure.gravatar.com\/avatar\/37f9d9ffa29ce5640a0d9c6ca8bbd90afb854014296ecaa0e3a558ac716e6fe4?s=96&d=mm&r=g\",\"contentUrl\":\"https:\/\/secure.gravatar.com\/avatar\/37f9d9ffa29ce5640a0d9c6ca8bbd90afb854014296ecaa0e3a558ac716e6fe4?s=96&d=mm&r=g\",\"caption\":\"Daniel Perrin\"},\"sameAs\":[\"https:\/\/elukelele.com\/fr\"],\"url\":\"https:\/\/elukelele.com\/fr\/author\/daniel-perrin\/\"}]}<\/script>\n<!-- \/ Yoast SEO plugin. -->","yoast_head_json":{"title":"L\u2019amour est dans le pr\u00e9\u00a0: \u00ab\u00a0J\u2019en ai bav\u00e9\u2026\u00a0\u00bb Julien n\u2019a pas pu dire adieu \u00e0 Louise","robots":{"index":"index","follow":"follow","max-snippet":"max-snippet:-1","max-image-preview":"max-image-preview:large","max-video-preview":"max-video-preview:-1"},"canonical":"https:\/\/elukelele.com\/fr\/divertissement\/lamour-est-dans-le-pre-jen-ai-bave-julien-na-pas-pu-dire-adieu-a-louise\/","og_locale":"fr_FR","og_type":"article","og_title":"L\u2019amour est dans le pr\u00e9\u00a0: \u00ab\u00a0J\u2019en ai bav\u00e9\u2026\u00a0\u00bb Julien n\u2019a pas pu dire adieu \u00e0 Louise","og_description":"Le chemin de l&rsquo;amour est parsem\u00e9 d&#8217;emb\u00fbches, et pour certains participants de l&rsquo;\u00e9mission populaire \u00ab L\u2019amour est dans le pr\u00e9 \u00bb, la qu\u00eate du grand amour peut se transformer en une exp\u00e9rience douloureuse. C&rsquo;est le cas de Julien, dont le parcours avec Louise a pris un tournant inattendu, laissant l&rsquo;agriculteur face \u00e0 une s\u00e9paration difficile, [&hellip;]","og_url":"https:\/\/elukelele.com\/fr\/divertissement\/lamour-est-dans-le-pre-jen-ai-bave-julien-na-pas-pu-dire-adieu-a-louise\/","og_site_name":"El Ukelele","article_published_time":"2025-12-02T18:15:52+00:00","article_modified_time":"2025-12-02T18:15:53+00:00","og_image":[{"width":1200,"height":628,"url":"https:\/\/elukelele.com\/fr\/wp-content\/uploads\/2025\/11\/framed_only-979.png","type":"image\/png"}],"author":"Daniel Perrin","twitter_card":"summary_large_image","twitter_misc":{"\u00c9crit par":"Daniel Perrin","Dur\u00e9e de lecture estim\u00e9e":"4 minutes"},"schema":{"@context":"https:\/\/schema.org","@graph":[{"@type":"WebPage","@id":"https:\/\/elukelele.com\/fr\/divertissement\/lamour-est-dans-le-pre-jen-ai-bave-julien-na-pas-pu-dire-adieu-a-louise\/","url":"https:\/\/elukelele.com\/fr\/divertissement\/lamour-est-dans-le-pre-jen-ai-bave-julien-na-pas-pu-dire-adieu-a-louise\/","name":"L\u2019amour est dans le pr\u00e9\u00a0: \u00ab\u00a0J\u2019en ai bav\u00e9\u2026\u00a0\u00bb Julien n\u2019a pas pu dire adieu \u00e0 Louise","isPartOf":{"@id":"https:\/\/elukelele.com\/fr\/#website"},"primaryImageOfPage":{"@id":"https:\/\/elukelele.com\/fr\/divertissement\/lamour-est-dans-le-pre-jen-ai-bave-julien-na-pas-pu-dire-adieu-a-louise\/#primaryimage"},"image":{"@id":"https:\/\/elukelele.com\/fr\/divertissement\/lamour-est-dans-le-pre-jen-ai-bave-julien-na-pas-pu-dire-adieu-a-louise\/#primaryimage"},"thumbnailUrl":"https:\/\/elukelele.com\/fr\/wp-content\/uploads\/2025\/11\/framed_only-979.png","datePublished":"2025-12-02T18:15:52+00:00","dateModified":"2025-12-02T18:15:53+00:00","author":{"@id":"https:\/\/elukelele.com\/fr\/#\/schema\/person\/ccfb3d2be2ec7fa389608eb6da0b38d6"},"breadcrumb":{"@id":"https:\/\/elukelele.com\/fr\/divertissement\/lamour-est-dans-le-pre-jen-ai-bave-julien-na-pas-pu-dire-adieu-a-louise\/#breadcrumb"},"inLanguage":"fr-FR","potentialAction":[{"@type":"ReadAction","target":["https:\/\/elukelele.com\/fr\/divertissement\/lamour-est-dans-le-pre-jen-ai-bave-julien-na-pas-pu-dire-adieu-a-louise\/"]}]},{"@type":"ImageObject","inLanguage":"fr-FR","@id":"https:\/\/elukelele.com\/fr\/divertissement\/lamour-est-dans-le-pre-jen-ai-bave-julien-na-pas-pu-dire-adieu-a-louise\/#primaryimage","url":"https:\/\/elukelele.com\/fr\/wp-content\/uploads\/2025\/11\/framed_only-979.png","contentUrl":"https:\/\/elukelele.com\/fr\/wp-content\/uploads\/2025\/11\/framed_only-979.png","width":1200,"height":628,"caption":"Louise"},{"@type":"BreadcrumbList","@id":"https:\/\/elukelele.com\/fr\/divertissement\/lamour-est-dans-le-pre-jen-ai-bave-julien-na-pas-pu-dire-adieu-a-louise\/#breadcrumb","itemListElement":[{"@type":"ListItem","position":1,"name":"Home","item":"https:\/\/elukelele.com\/fr\/"},{"@type":"ListItem","position":2,"name":"L\u2019amour est dans le pr\u00e9\u00a0: \u00ab\u00a0J\u2019en ai bav\u00e9\u2026\u00a0\u00bb Julien n\u2019a pas pu dire adieu \u00e0 Louise"}]},{"@type":"WebSite","@id":"https:\/\/elukelele.com\/fr\/#website","url":"https:\/\/elukelele.com\/fr\/","name":"El Ukelele","description":"Musique au-del\u00e0 de l&#039;indie","potentialAction":[{"@type":"SearchAction","target":{"@type":"EntryPoint","urlTemplate":"https:\/\/elukelele.com\/fr\/?s={search_term_string}"},"query-input":{"@type":"PropertyValueSpecification","valueRequired":true,"valueName":"search_term_string"}}],"inLanguage":"fr-FR"},{"@type":"Person","@id":"https:\/\/elukelele.com\/fr\/#\/schema\/person\/ccfb3d2be2ec7fa389608eb6da0b38d6","name":"Daniel Perrin","image":{"@type":"ImageObject","inLanguage":"fr-FR","@id":"https:\/\/elukelele.com\/fr\/#\/schema\/person\/image\/","url":"https:\/\/secure.gravatar.com\/avatar\/37f9d9ffa29ce5640a0d9c6ca8bbd90afb854014296ecaa0e3a558ac716e6fe4?s=96&d=mm&r=g","contentUrl":"https:\/\/secure.gravatar.com\/avatar\/37f9d9ffa29ce5640a0d9c6ca8bbd90afb854014296ecaa0e3a558ac716e6fe4?s=96&d=mm&r=g","caption":"Daniel Perrin"},"sameAs":["https:\/\/elukelele.com\/fr"],"url":"https:\/\/elukelele.com\/fr\/author\/daniel-perrin\/"}]}},"_links":{"self":[{"href":"https:\/\/elukelele.com\/fr\/wp-json\/wp\/v2\/posts\/46686","targetHints":{"allow":["GET"]}}],"collection":[{"href":"https:\/\/elukelele.com\/fr\/wp-json\/wp\/v2\/posts"}],"about":[{"href":"https:\/\/elukelele.com\/fr\/wp-json\/wp\/v2\/types\/post"}],"author":[{"embeddable":true,"href":"https:\/\/elukelele.com\/fr\/wp-json\/wp\/v2\/users\/4"}],"replies":[{"embeddable":true,"href":"https:\/\/elukelele.com\/fr\/wp-json\/wp\/v2\/comments?post=46686"}],"version-history":[{"count":1,"href":"https:\/\/elukelele.com\/fr\/wp-json\/wp\/v2\/posts\/46686\/revisions"}],"predecessor-version":[{"id":46968,"href":"https:\/\/elukelele.com\/fr\/wp-json\/wp\/v2\/posts\/46686\/revisions\/46968"}],"wp:featuredmedia":[{"embeddable":true,"href":"https:\/\/elukelele.com\/fr\/wp-json\/wp\/v2\/media\/46685"}],"wp:attachment":[{"href":"https:\/\/elukelele.com\/fr\/wp-json\/wp\/v2\/media?parent=46686"}],"wp:term":[{"taxonomy":"category","embeddable":true,"href":"https:\/\/elukelele.com\/fr\/wp-json\/wp\/v2\/categories?post=46686"},{"taxonomy":"post_tag","embeddable":true,"href":"https:\/\/elukelele.com\/fr\/wp-json\/wp\/v2\/tags?post=46686"}],"curies":[{"name":"wp","href":"https:\/\/api.w.org\/{rel}","templated":true}]}}