{"id":46654,"date":"2025-12-01T08:37:09","date_gmt":"2025-12-01T08:37:09","guid":{"rendered":"https:\/\/elukelele.com\/fr\/?p=46654"},"modified":"2025-12-01T08:37:10","modified_gmt":"2025-12-01T08:37:10","slug":"le-monsieur-est-fou-sylvie-tellier-charge-le-directeur-de-miss-univers-apres-ses-propos-polemiques-sur-miss-cote-divoire","status":"publish","type":"post","link":"https:\/\/elukelele.com\/fr\/divertissement\/le-monsieur-est-fou-sylvie-tellier-charge-le-directeur-de-miss-univers-apres-ses-propos-polemiques-sur-miss-cote-divoire\/","title":{"rendered":"\u00ab\u00a0Le monsieur est fou\u00a0\u00bb : Sylvie Tellier charge le directeur de Miss Univers apr\u00e8s ses propos pol\u00e9miques sur Miss C\u00f4te d&rsquo;Ivoire"},"content":{"rendered":"<p>L&rsquo;\u00e9dition 2025 de Miss Univers est secou\u00e9e par une controverse inattendue, centr\u00e9e sur les d\u00e9clarations du pr\u00e9sident du concours, Raul Rocha, concernant la candidate ivoirienne, Olivia Yac\u00e9. Ces propos, jug\u00e9s pol\u00e9miques, ont suscit\u00e9 de vives r\u00e9actions, notamment celle de Sylvie Tellier, ancienne directrice de Miss France, qui n&rsquo;a pas m\u00e2ch\u00e9 ses mots face \u00e0 ce qu&rsquo;elle qualifie de \u00ab\u00a0folie\u00a0\u00bb.<\/p>\n<h2>Miss Univers : Des propos controvers\u00e9s et une d\u00e9mission retentissante<\/h2>\n<p>Olivia Yac\u00e9, Miss C\u00f4te d&rsquo;Ivoire, qui avait impressionn\u00e9 le public et \u00e9tait consid\u00e9r\u00e9e comme l&rsquo;une des grandes favorites de Miss Univers 2025, a finalement termin\u00e9 quatri\u00e8me dauphine, le titre revenant \u00e0 la Mexicaine Fatima Bosch. Cependant, ce n&rsquo;est pas le classement final qui a d\u00e9clench\u00e9 la pol\u00e9mique, mais plut\u00f4t les justifications avanc\u00e9es par le pr\u00e9sident de l&rsquo;organisation Miss Univers (MUO), Raul Rocha.<\/p>\n<p>Lors d&rsquo;un direct sur Instagram, Raul Rocha a affirm\u00e9 que le passeport ivoirien d&rsquo;Olivia Yac\u00e9 aurait pos\u00e9 \u00ab\u00a0trop de contraintes\u00a0\u00bb pour la gagnante, dont le r\u00f4le implique de nombreux d\u00e9placements internationaux. Il a m\u00eame ironis\u00e9 en d\u00e9clarant qu&rsquo;avec un tel passeport, elle aurait risqu\u00e9 de \u00ab\u00a0passer son ann\u00e9e enti\u00e8re enferm\u00e9e dans un appartement\u00a0\u00bb. Ces d\u00e9clarations ont rapidement \u00e9t\u00e9 per\u00e7ues comme d\u00e9plac\u00e9es et discriminatoires, soulevant des questions sur les crit\u00e8res r\u00e9els du concours.<\/p>\n<p>En r\u00e9ponse \u00e0 cette controverse, Olivia Yac\u00e9 a annonc\u00e9, seulement quelques jours apr\u00e8s la finale, sa d\u00e9mission du titre de Miss Univers Afrique et Oc\u00e9anie 2025, ainsi que la fin de toute affiliation future avec le Comit\u00e9 Miss Univers. Elle a justifi\u00e9 sa d\u00e9cision par un besoin imp\u00e9rieux de rester fid\u00e8le \u00e0 ses valeurs fondamentales : \u00ab\u00a0le respect, la dignit\u00e9, l&rsquo;excellence et l&rsquo;\u00e9galit\u00e9 des chances\u00a0\u00bb.<\/p>\n<p>Dans un message fort adress\u00e9 aux \u00ab\u00a0communaut\u00e9s noires, africaines, carib\u00e9ennes, am\u00e9ricaines et afro-descendantes\u00a0\u00bb, Olivia Yac\u00e9 a encourag\u00e9 \u00e0 \u00ab\u00a0continuer \u00e0 entrer dans les espaces o\u00f9 on ne vous attend pas\u00a0\u00bb, soulignant que \u00ab\u00a0notre pr\u00e9sence compte et nos voix doivent \u00eatre entendues\u00a0\u00bb.<\/p>\n<h2>\u00ab\u00a0Le monsieur est fou\u00a0\u00bb : La r\u00e9action indign\u00e9e de Sylvie Tellier<\/h2>\n<p>Face \u00e0 ces d\u00e9clarations et la d\u00e9mission d&rsquo;Olivia Yac\u00e9, Sylvie Tellier, figure embl\u00e9matique du monde des concours de beaut\u00e9 en France, a exprim\u00e9 son choc et son indignation. Via une story Instagram, l&rsquo;ancienne directrice de Miss France a qualifi\u00e9 les propos du pr\u00e9sident de Miss Univers de \u00ab\u00a0fous\u00a0\u00bb.<\/p>\n<p>Elle a vivement critiqu\u00e9 l&rsquo;argument du passeport, rappelant que des Miss africaines ont d\u00e9j\u00e0 \u00e9t\u00e9 \u00e9lues Miss Univers sans que cela ne pose de probl\u00e8me pour leurs voyages. Sylvie Tellier a \u00e9galement point\u00e9 du doigt l&rsquo;in\u00e9galit\u00e9 des passeports \u00e0 travers le monde pour la libre circulation, mais a insist\u00e9 sur le fait qu&rsquo;il est du ressort de l&rsquo;organisation Miss Univers de g\u00e9rer ces aspects logistiques. Elle a exprim\u00e9 son incr\u00e9dulit\u00e9 face \u00e0 l&rsquo;id\u00e9e que le pr\u00e9sident de Miss Univers ne dispose pas d&rsquo;une \u00e9quipe capable de faciliter l&rsquo;obtention de visas pour la gagnante.<\/p>\n<p>Cette prise de position de Sylvie Tellier met en lumi\u00e8re les attentes en mati\u00e8re d&rsquo;inclusivit\u00e9 et d&rsquo;\u00e9quit\u00e9 au sein des concours de beaut\u00e9 internationaux, et renforce la visibilit\u00e9 de la controverse qui entoure l&rsquo;\u00e9dition 2025 de Miss Univers.<\/p>\n<h2>FAQ<\/h2>\n<h3>Qu&rsquo;est-ce qui a d\u00e9clench\u00e9 la pol\u00e9mique \u00e0 Miss Univers 2025 ?<\/h3>\n<p>La pol\u00e9mique a \u00e9t\u00e9 d\u00e9clench\u00e9e par les propos du pr\u00e9sident de l&rsquo;organisation Miss Univers, Raul Rocha, qui a sugg\u00e9r\u00e9 que le passeport ivoirien d&rsquo;Olivia Yac\u00e9, Miss C\u00f4te d&rsquo;Ivoire, aurait pu \u00eatre un obstacle \u00e0 son couronnement en raison des contraintes de voyage.<\/p>\n<h3>Pourquoi Olivia Yac\u00e9 a-t-elle d\u00e9missionn\u00e9 de son titre ?<\/h3>\n<p>Olivia Yac\u00e9 a annonc\u00e9 sa d\u00e9mission du titre de Miss Univers Afrique et Oc\u00e9anie pour rester fid\u00e8le \u00e0 ses valeurs de \u00ab\u00a0respect, dignit\u00e9, excellence et \u00e9galit\u00e9 des chances\u00a0\u00bb, et a mis fin \u00e0 toute affiliation future avec le Comit\u00e9 Miss Univers, suite aux propos pol\u00e9miques de Raul Rocha.<\/p>\n<h3>Quelle a \u00e9t\u00e9 la r\u00e9action de Sylvie Tellier face \u00e0 cette situation ?<\/h3>\n<p>Sylvie Tellier s&rsquo;est dite \u00ab\u00a0choqu\u00e9e\u00a0\u00bb et a qualifi\u00e9 le pr\u00e9sident de Miss Univers de \u00ab\u00a0fou\u00a0\u00bb suite \u00e0 ses d\u00e9clarations sur le passeport d&rsquo;Olivia Yac\u00e9, soulignant l&rsquo;irrecevabilit\u00e9 de tels arguments et la responsabilit\u00e9 de l&rsquo;organisation \u00e0 faciliter les d\u00e9placements de la gagnante.<\/p>\n<h2>Conclusion<\/h2>\n<p>La controverse autour des propos de Raul Rocha et la d\u00e9mission d&rsquo;Olivia Yac\u00e9 soulignent des enjeux cruciaux concernant l&rsquo;\u00e9galit\u00e9 des chances et la repr\u00e9sentation au sein des concours de beaut\u00e9 mondiaux. La r\u00e9action v\u00e9h\u00e9mente de Sylvie Tellier refl\u00e8te un sentiment partag\u00e9 par de nombreux observateurs, qui appellent \u00e0 une plus grande transparence et \u00e0 un respect accru des candidates, ind\u00e9pendamment de leur nationalit\u00e9 ou des particularit\u00e9s de leur passeport. Cette \u00e9dition 2025 de Miss Univers restera marqu\u00e9e par ces \u00e9v\u00e9nements, invitant \u00e0 une r\u00e9flexion plus profonde sur les crit\u00e8res et les valeurs d\u00e9fendues par l&rsquo;organisation.<\/p>\n","protected":false},"excerpt":{"rendered":"<p>L&rsquo;\u00e9dition 2025 de Miss Univers est secou\u00e9e par une controverse inattendue, centr\u00e9e sur les d\u00e9clarations du pr\u00e9sident du concours, Raul Rocha, concernant la candidate ivoirienne, Olivia Yac\u00e9. Ces propos, jug\u00e9s pol\u00e9miques, ont suscit\u00e9 de vives r\u00e9actions, notamment celle de Sylvie Tellier, ancienne directrice de Miss France, qui n&rsquo;a pas m\u00e2ch\u00e9 ses mots face \u00e0 ce [&hellip;]<\/p>\n","protected":false},"author":4,"featured_media":46653,"comment_status":"open","ping_status":"open","sticky":false,"template":"","format":"standard","meta":{"_yoast_wpseo_title":"\"Le monsieur est fou\" : Sylvie Tellier charge le directeur de Miss Univers apr\u00e8s ses propos pol\u00e9miques sur Miss C\u00f4te d'Ivoire","_yoast_wpseo_metadesc":"","_yoast_wpseo_focuskw":"Sylvie"},"categories":[5],"tags":[],"class_list":["post-46654","post","type-post","status-publish","format-standard","has-post-thumbnail","hentry","category-divertissement"],"yoast_head":"<!-- This site is optimized with the Yoast SEO plugin v26.3 - https:\/\/yoast.com\/wordpress\/plugins\/seo\/ -->\n<title>&quot;Le monsieur est fou&quot; : Sylvie Tellier charge le directeur de Miss Univers apr\u00e8s ses propos pol\u00e9miques sur Miss C\u00f4te d&#039;Ivoire<\/title>\n<meta name=\"robots\" content=\"index, follow, max-snippet:-1, max-image-preview:large, max-video-preview:-1\" \/>\n<link rel=\"canonical\" href=\"https:\/\/elukelele.com\/fr\/divertissement\/le-monsieur-est-fou-sylvie-tellier-charge-le-directeur-de-miss-univers-apres-ses-propos-polemiques-sur-miss-cote-divoire\/\" \/>\n<meta property=\"og:locale\" content=\"fr_FR\" \/>\n<meta property=\"og:type\" content=\"article\" \/>\n<meta property=\"og:title\" content=\"&quot;Le monsieur est fou&quot; : Sylvie Tellier charge le directeur de Miss Univers apr\u00e8s ses propos pol\u00e9miques sur Miss C\u00f4te d&#039;Ivoire\" \/>\n<meta property=\"og:description\" content=\"L&rsquo;\u00e9dition 2025 de Miss Univers est secou\u00e9e par une controverse inattendue, centr\u00e9e sur les d\u00e9clarations du pr\u00e9sident du concours, Raul Rocha, concernant la candidate ivoirienne, Olivia Yac\u00e9. Ces propos, jug\u00e9s pol\u00e9miques, ont suscit\u00e9 de vives r\u00e9actions, notamment celle de Sylvie Tellier, ancienne directrice de Miss France, qui n&rsquo;a pas m\u00e2ch\u00e9 ses mots face \u00e0 ce [&hellip;]\" \/>\n<meta property=\"og:url\" content=\"https:\/\/elukelele.com\/fr\/divertissement\/le-monsieur-est-fou-sylvie-tellier-charge-le-directeur-de-miss-univers-apres-ses-propos-polemiques-sur-miss-cote-divoire\/\" \/>\n<meta property=\"og:site_name\" content=\"El Ukelele\" \/>\n<meta property=\"article:published_time\" content=\"2025-12-01T08:37:09+00:00\" \/>\n<meta property=\"article:modified_time\" content=\"2025-12-01T08:37:10+00:00\" \/>\n<meta property=\"og:image\" content=\"https:\/\/elukelele.com\/fr\/wp-content\/uploads\/2025\/11\/framed_only-963.png\" \/>\n\t<meta property=\"og:image:width\" content=\"1200\" \/>\n\t<meta property=\"og:image:height\" content=\"628\" \/>\n\t<meta property=\"og:image:type\" content=\"image\/png\" \/>\n<meta name=\"author\" content=\"Daniel Perrin\" \/>\n<meta name=\"twitter:card\" content=\"summary_large_image\" \/>\n<meta name=\"twitter:label1\" content=\"\u00c9crit par\" \/>\n\t<meta name=\"twitter:data1\" content=\"Daniel Perrin\" \/>\n\t<meta name=\"twitter:label2\" content=\"Dur\u00e9e de lecture estim\u00e9e\" \/>\n\t<meta name=\"twitter:data2\" content=\"5 minutes\" \/>\n<script type=\"application\/ld+json\" class=\"yoast-schema-graph\">{\"@context\":\"https:\/\/schema.org\",\"@graph\":[{\"@type\":\"WebPage\",\"@id\":\"https:\/\/elukelele.com\/fr\/divertissement\/le-monsieur-est-fou-sylvie-tellier-charge-le-directeur-de-miss-univers-apres-ses-propos-polemiques-sur-miss-cote-divoire\/\",\"url\":\"https:\/\/elukelele.com\/fr\/divertissement\/le-monsieur-est-fou-sylvie-tellier-charge-le-directeur-de-miss-univers-apres-ses-propos-polemiques-sur-miss-cote-divoire\/\",\"name\":\"\\\"Le monsieur est fou\\\" : Sylvie Tellier charge le directeur de Miss Univers apr\u00e8s ses propos pol\u00e9miques sur Miss C\u00f4te d'Ivoire\",\"isPartOf\":{\"@id\":\"https:\/\/elukelele.com\/fr\/#website\"},\"primaryImageOfPage\":{\"@id\":\"https:\/\/elukelele.com\/fr\/divertissement\/le-monsieur-est-fou-sylvie-tellier-charge-le-directeur-de-miss-univers-apres-ses-propos-polemiques-sur-miss-cote-divoire\/#primaryimage\"},\"image\":{\"@id\":\"https:\/\/elukelele.com\/fr\/divertissement\/le-monsieur-est-fou-sylvie-tellier-charge-le-directeur-de-miss-univers-apres-ses-propos-polemiques-sur-miss-cote-divoire\/#primaryimage\"},\"thumbnailUrl\":\"https:\/\/elukelele.com\/fr\/wp-content\/uploads\/2025\/11\/framed_only-963.png\",\"datePublished\":\"2025-12-01T08:37:09+00:00\",\"dateModified\":\"2025-12-01T08:37:10+00:00\",\"author\":{\"@id\":\"https:\/\/elukelele.com\/fr\/#\/schema\/person\/ccfb3d2be2ec7fa389608eb6da0b38d6\"},\"breadcrumb\":{\"@id\":\"https:\/\/elukelele.com\/fr\/divertissement\/le-monsieur-est-fou-sylvie-tellier-charge-le-directeur-de-miss-univers-apres-ses-propos-polemiques-sur-miss-cote-divoire\/#breadcrumb\"},\"inLanguage\":\"fr-FR\",\"potentialAction\":[{\"@type\":\"ReadAction\",\"target\":[\"https:\/\/elukelele.com\/fr\/divertissement\/le-monsieur-est-fou-sylvie-tellier-charge-le-directeur-de-miss-univers-apres-ses-propos-polemiques-sur-miss-cote-divoire\/\"]}]},{\"@type\":\"ImageObject\",\"inLanguage\":\"fr-FR\",\"@id\":\"https:\/\/elukelele.com\/fr\/divertissement\/le-monsieur-est-fou-sylvie-tellier-charge-le-directeur-de-miss-univers-apres-ses-propos-polemiques-sur-miss-cote-divoire\/#primaryimage\",\"url\":\"https:\/\/elukelele.com\/fr\/wp-content\/uploads\/2025\/11\/framed_only-963.png\",\"contentUrl\":\"https:\/\/elukelele.com\/fr\/wp-content\/uploads\/2025\/11\/framed_only-963.png\",\"width\":1200,\"height\":628,\"caption\":\"\\\"Le monsieur est fou\\\" : Sylvie Tellier charge le directeur de Miss Univers apr\u00e8s ses propos pol\u00e9miques sur Miss C\u00f4te d'Ivoire\"},{\"@type\":\"BreadcrumbList\",\"@id\":\"https:\/\/elukelele.com\/fr\/divertissement\/le-monsieur-est-fou-sylvie-tellier-charge-le-directeur-de-miss-univers-apres-ses-propos-polemiques-sur-miss-cote-divoire\/#breadcrumb\",\"itemListElement\":[{\"@type\":\"ListItem\",\"position\":1,\"name\":\"Home\",\"item\":\"https:\/\/elukelele.com\/fr\/\"},{\"@type\":\"ListItem\",\"position\":2,\"name\":\"\u00ab\u00a0Le monsieur est fou\u00a0\u00bb : Sylvie Tellier charge le directeur de Miss Univers apr\u00e8s ses propos pol\u00e9miques sur Miss C\u00f4te d&rsquo;Ivoire\"}]},{\"@type\":\"WebSite\",\"@id\":\"https:\/\/elukelele.com\/fr\/#website\",\"url\":\"https:\/\/elukelele.com\/fr\/\",\"name\":\"El Ukelele\",\"description\":\"Musique au-del\u00e0 de l&#039;indie\",\"potentialAction\":[{\"@type\":\"SearchAction\",\"target\":{\"@type\":\"EntryPoint\",\"urlTemplate\":\"https:\/\/elukelele.com\/fr\/?s={search_term_string}\"},\"query-input\":{\"@type\":\"PropertyValueSpecification\",\"valueRequired\":true,\"valueName\":\"search_term_string\"}}],\"inLanguage\":\"fr-FR\"},{\"@type\":\"Person\",\"@id\":\"https:\/\/elukelele.com\/fr\/#\/schema\/person\/ccfb3d2be2ec7fa389608eb6da0b38d6\",\"name\":\"Daniel Perrin\",\"image\":{\"@type\":\"ImageObject\",\"inLanguage\":\"fr-FR\",\"@id\":\"https:\/\/elukelele.com\/fr\/#\/schema\/person\/image\/\",\"url\":\"https:\/\/secure.gravatar.com\/avatar\/37f9d9ffa29ce5640a0d9c6ca8bbd90afb854014296ecaa0e3a558ac716e6fe4?s=96&d=mm&r=g\",\"contentUrl\":\"https:\/\/secure.gravatar.com\/avatar\/37f9d9ffa29ce5640a0d9c6ca8bbd90afb854014296ecaa0e3a558ac716e6fe4?s=96&d=mm&r=g\",\"caption\":\"Daniel Perrin\"},\"sameAs\":[\"https:\/\/elukelele.com\/fr\"],\"url\":\"https:\/\/elukelele.com\/fr\/author\/daniel-perrin\/\"}]}<\/script>\n<!-- \/ Yoast SEO plugin. -->","yoast_head_json":{"title":"\"Le monsieur est fou\" : Sylvie Tellier charge le directeur de Miss Univers apr\u00e8s ses propos pol\u00e9miques sur Miss C\u00f4te d'Ivoire","robots":{"index":"index","follow":"follow","max-snippet":"max-snippet:-1","max-image-preview":"max-image-preview:large","max-video-preview":"max-video-preview:-1"},"canonical":"https:\/\/elukelele.com\/fr\/divertissement\/le-monsieur-est-fou-sylvie-tellier-charge-le-directeur-de-miss-univers-apres-ses-propos-polemiques-sur-miss-cote-divoire\/","og_locale":"fr_FR","og_type":"article","og_title":"\"Le monsieur est fou\" : Sylvie Tellier charge le directeur de Miss Univers apr\u00e8s ses propos pol\u00e9miques sur Miss C\u00f4te d'Ivoire","og_description":"L&rsquo;\u00e9dition 2025 de Miss Univers est secou\u00e9e par une controverse inattendue, centr\u00e9e sur les d\u00e9clarations du pr\u00e9sident du concours, Raul Rocha, concernant la candidate ivoirienne, Olivia Yac\u00e9. Ces propos, jug\u00e9s pol\u00e9miques, ont suscit\u00e9 de vives r\u00e9actions, notamment celle de Sylvie Tellier, ancienne directrice de Miss France, qui n&rsquo;a pas m\u00e2ch\u00e9 ses mots face \u00e0 ce [&hellip;]","og_url":"https:\/\/elukelele.com\/fr\/divertissement\/le-monsieur-est-fou-sylvie-tellier-charge-le-directeur-de-miss-univers-apres-ses-propos-polemiques-sur-miss-cote-divoire\/","og_site_name":"El Ukelele","article_published_time":"2025-12-01T08:37:09+00:00","article_modified_time":"2025-12-01T08:37:10+00:00","og_image":[{"width":1200,"height":628,"url":"https:\/\/elukelele.com\/fr\/wp-content\/uploads\/2025\/11\/framed_only-963.png","type":"image\/png"}],"author":"Daniel Perrin","twitter_card":"summary_large_image","twitter_misc":{"\u00c9crit par":"Daniel Perrin","Dur\u00e9e de lecture estim\u00e9e":"5 minutes"},"schema":{"@context":"https:\/\/schema.org","@graph":[{"@type":"WebPage","@id":"https:\/\/elukelele.com\/fr\/divertissement\/le-monsieur-est-fou-sylvie-tellier-charge-le-directeur-de-miss-univers-apres-ses-propos-polemiques-sur-miss-cote-divoire\/","url":"https:\/\/elukelele.com\/fr\/divertissement\/le-monsieur-est-fou-sylvie-tellier-charge-le-directeur-de-miss-univers-apres-ses-propos-polemiques-sur-miss-cote-divoire\/","name":"\"Le monsieur est fou\" : Sylvie Tellier charge le directeur de Miss Univers apr\u00e8s ses propos pol\u00e9miques sur Miss C\u00f4te d'Ivoire","isPartOf":{"@id":"https:\/\/elukelele.com\/fr\/#website"},"primaryImageOfPage":{"@id":"https:\/\/elukelele.com\/fr\/divertissement\/le-monsieur-est-fou-sylvie-tellier-charge-le-directeur-de-miss-univers-apres-ses-propos-polemiques-sur-miss-cote-divoire\/#primaryimage"},"image":{"@id":"https:\/\/elukelele.com\/fr\/divertissement\/le-monsieur-est-fou-sylvie-tellier-charge-le-directeur-de-miss-univers-apres-ses-propos-polemiques-sur-miss-cote-divoire\/#primaryimage"},"thumbnailUrl":"https:\/\/elukelele.com\/fr\/wp-content\/uploads\/2025\/11\/framed_only-963.png","datePublished":"2025-12-01T08:37:09+00:00","dateModified":"2025-12-01T08:37:10+00:00","author":{"@id":"https:\/\/elukelele.com\/fr\/#\/schema\/person\/ccfb3d2be2ec7fa389608eb6da0b38d6"},"breadcrumb":{"@id":"https:\/\/elukelele.com\/fr\/divertissement\/le-monsieur-est-fou-sylvie-tellier-charge-le-directeur-de-miss-univers-apres-ses-propos-polemiques-sur-miss-cote-divoire\/#breadcrumb"},"inLanguage":"fr-FR","potentialAction":[{"@type":"ReadAction","target":["https:\/\/elukelele.com\/fr\/divertissement\/le-monsieur-est-fou-sylvie-tellier-charge-le-directeur-de-miss-univers-apres-ses-propos-polemiques-sur-miss-cote-divoire\/"]}]},{"@type":"ImageObject","inLanguage":"fr-FR","@id":"https:\/\/elukelele.com\/fr\/divertissement\/le-monsieur-est-fou-sylvie-tellier-charge-le-directeur-de-miss-univers-apres-ses-propos-polemiques-sur-miss-cote-divoire\/#primaryimage","url":"https:\/\/elukelele.com\/fr\/wp-content\/uploads\/2025\/11\/framed_only-963.png","contentUrl":"https:\/\/elukelele.com\/fr\/wp-content\/uploads\/2025\/11\/framed_only-963.png","width":1200,"height":628,"caption":"\"Le monsieur est fou\" : Sylvie Tellier charge le directeur de Miss Univers apr\u00e8s ses propos pol\u00e9miques sur Miss C\u00f4te d'Ivoire"},{"@type":"BreadcrumbList","@id":"https:\/\/elukelele.com\/fr\/divertissement\/le-monsieur-est-fou-sylvie-tellier-charge-le-directeur-de-miss-univers-apres-ses-propos-polemiques-sur-miss-cote-divoire\/#breadcrumb","itemListElement":[{"@type":"ListItem","position":1,"name":"Home","item":"https:\/\/elukelele.com\/fr\/"},{"@type":"ListItem","position":2,"name":"\u00ab\u00a0Le monsieur est fou\u00a0\u00bb : Sylvie Tellier charge le directeur de Miss Univers apr\u00e8s ses propos pol\u00e9miques sur Miss C\u00f4te d&rsquo;Ivoire"}]},{"@type":"WebSite","@id":"https:\/\/elukelele.com\/fr\/#website","url":"https:\/\/elukelele.com\/fr\/","name":"El Ukelele","description":"Musique au-del\u00e0 de l&#039;indie","potentialAction":[{"@type":"SearchAction","target":{"@type":"EntryPoint","urlTemplate":"https:\/\/elukelele.com\/fr\/?s={search_term_string}"},"query-input":{"@type":"PropertyValueSpecification","valueRequired":true,"valueName":"search_term_string"}}],"inLanguage":"fr-FR"},{"@type":"Person","@id":"https:\/\/elukelele.com\/fr\/#\/schema\/person\/ccfb3d2be2ec7fa389608eb6da0b38d6","name":"Daniel Perrin","image":{"@type":"ImageObject","inLanguage":"fr-FR","@id":"https:\/\/elukelele.com\/fr\/#\/schema\/person\/image\/","url":"https:\/\/secure.gravatar.com\/avatar\/37f9d9ffa29ce5640a0d9c6ca8bbd90afb854014296ecaa0e3a558ac716e6fe4?s=96&d=mm&r=g","contentUrl":"https:\/\/secure.gravatar.com\/avatar\/37f9d9ffa29ce5640a0d9c6ca8bbd90afb854014296ecaa0e3a558ac716e6fe4?s=96&d=mm&r=g","caption":"Daniel Perrin"},"sameAs":["https:\/\/elukelele.com\/fr"],"url":"https:\/\/elukelele.com\/fr\/author\/daniel-perrin\/"}]}},"_links":{"self":[{"href":"https:\/\/elukelele.com\/fr\/wp-json\/wp\/v2\/posts\/46654","targetHints":{"allow":["GET"]}}],"collection":[{"href":"https:\/\/elukelele.com\/fr\/wp-json\/wp\/v2\/posts"}],"about":[{"href":"https:\/\/elukelele.com\/fr\/wp-json\/wp\/v2\/types\/post"}],"author":[{"embeddable":true,"href":"https:\/\/elukelele.com\/fr\/wp-json\/wp\/v2\/users\/4"}],"replies":[{"embeddable":true,"href":"https:\/\/elukelele.com\/fr\/wp-json\/wp\/v2\/comments?post=46654"}],"version-history":[{"count":1,"href":"https:\/\/elukelele.com\/fr\/wp-json\/wp\/v2\/posts\/46654\/revisions"}],"predecessor-version":[{"id":46910,"href":"https:\/\/elukelele.com\/fr\/wp-json\/wp\/v2\/posts\/46654\/revisions\/46910"}],"wp:featuredmedia":[{"embeddable":true,"href":"https:\/\/elukelele.com\/fr\/wp-json\/wp\/v2\/media\/46653"}],"wp:attachment":[{"href":"https:\/\/elukelele.com\/fr\/wp-json\/wp\/v2\/media?parent=46654"}],"wp:term":[{"taxonomy":"category","embeddable":true,"href":"https:\/\/elukelele.com\/fr\/wp-json\/wp\/v2\/categories?post=46654"},{"taxonomy":"post_tag","embeddable":true,"href":"https:\/\/elukelele.com\/fr\/wp-json\/wp\/v2\/tags?post=46654"}],"curies":[{"name":"wp","href":"https:\/\/api.w.org\/{rel}","templated":true}]}}