{"id":46642,"date":"2025-11-29T11:21:38","date_gmt":"2025-11-29T11:21:38","guid":{"rendered":"https:\/\/elukelele.com\/fr\/?p=46642"},"modified":"2025-11-29T11:21:38","modified_gmt":"2025-11-29T11:21:38","slug":"marie-portolano-les-mots-forts-de-pierre-menes","status":"publish","type":"post","link":"https:\/\/elukelele.com\/fr\/divertissement\/marie-portolano-les-mots-forts-de-pierre-menes\/","title":{"rendered":"Marie Portolano, les mots forts de Pierre Me\u0301ne\u0300s"},"content":{"rendered":"<p>Le diff\u00e9rend m\u00e9diatique et juridique entre les personnalit\u00e9s t\u00e9l\u00e9visuelles Marie Portolano et Pierre M\u00e9n\u00e8s continue d&rsquo;alimenter les discussions. R\u00e9cemment, Pierre M\u00e9n\u00e8s a formul\u00e9 des d\u00e9clarations significatives concernant leur relation, tendant une perche conditionnelle tout en reconnaissant la bataille juridique en cours. Cet article explore le contexte de leur conflit prolong\u00e9 et les implications des derni\u00e8res remarques de M\u00e9n\u00e8s, souvent qualifi\u00e9es de &lsquo;mots forts&rsquo; dans le paysage m\u00e9diatique fran\u00e7ais.<\/p>\n<h2>Origines d&rsquo;une Controverse : Le Documentaire \u00ab\u00a0Je ne suis pas une salope, je suis journaliste\u00a0\u00bb<\/h2>\n<p>Le point de d\u00e9part majeur de cette affaire remonte \u00e0 mars 2021 avec la diffusion sur Canal+ du documentaire \u00ab\u00a0Je ne suis pas une salope, je suis journaliste\u00a0\u00bb, co-r\u00e9alis\u00e9 par Marie Portolano et Guillaume Priou. Ce film mettait en lumi\u00e8re le sexisme syst\u00e9mique auquel sont confront\u00e9es les femmes journalistes sportives. Une s\u00e9quence en particulier, bien que coup\u00e9e au montage lors de la diffusion initiale, a raviv\u00e9 la pol\u00e9mique. Dans cette s\u00e9quence, Marie Portolano \u00e9voquait face \u00e0 Pierre M\u00e9n\u00e8s un geste d\u00e9plac\u00e9 qu&rsquo;il aurait eu \u00e0 son \u00e9gard. Cet \u00e9v\u00e9nement a provoqu\u00e9 une onde de choc majeure, aboutissant quelques semaines plus tard \u00e0 la cessation de la collaboration entre Pierre M\u00e9n\u00e8s et Canal+.<\/p>\n<h2>Les D\u00e9clarations R\u00e9centes de Pierre M\u00e9n\u00e8s<\/h2>\n<p>Plus de quatre ans apr\u00e8s les faits initiaux, Pierre M\u00e9n\u00e8s a de nouveau abord\u00e9 le sujet de ses relations avec Marie Portolano. Invit\u00e9 sur la cha\u00eene YouTube \u00ab\u00a0Les Incorrectibles\u00a0\u00bb, le journaliste a \u00e9t\u00e9 interrog\u00e9 sur une \u00e9ventuelle r\u00e9conciliation. Sa r\u00e9ponse a \u00e9t\u00e9 empreinte de nuance et de conditions. Il a exprim\u00e9 une volont\u00e9 de pardonner \u00e0 Marie Portolano, mais a clairement stipul\u00e9 que l&rsquo;initiative devrait venir d&rsquo;elle.<\/p>\n<p>Dans ses propos, M\u00e9n\u00e8s a soulign\u00e9 l&rsquo;existence de la plainte en diffamation qu&rsquo;il a d\u00e9pos\u00e9e, sugg\u00e9rant que cette proc\u00e9dure judiciaire rendait toute rencontre spontan\u00e9e improbable. Il a \u00e9galement pr\u00e9cis\u00e9 que son d\u00e9sir n&rsquo;\u00e9tait pas n\u00e9cessairement de retrouver une amiti\u00e9 profonde avec Marie Portolano, reconnaissant avoir \u00e9t\u00e9 plus proche d&rsquo;autres coll\u00e8gues \u00e0 Canal+. Cependant, il a affirm\u00e9 qu&rsquo;il accepterait une entrevue si elle en faisait la demande.<\/p>\n<h2>L&rsquo;Aspect Judiciaire : Plainte en Diffamation et Mise en Examen<\/h2>\n<p>La complexit\u00e9 de la situation est amplifi\u00e9e par les d\u00e9veloppements judiciaires r\u00e9cents. Cet \u00e9t\u00e9, Marie Portolano a \u00e9t\u00e9 mise en examen suite \u00e0 la plainte en diffamation d\u00e9pos\u00e9e par Pierre M\u00e9n\u00e8s. Cette action l\u00e9gale fait suite \u00e0 la publication d&rsquo;un livre par Marie Portolano, dans lequel elle \u00e9voquerait son ancien coll\u00e8gue \u00e0 travers deux passages distincts. La mise en examen marque une \u00e9tape importante dans cette affaire, transformant le conflit m\u00e9diatique en une proc\u00e9dure l\u00e9gale formelle.<\/p>\n<h2>Perspectives d&rsquo;une R\u00e9conciliation ?<\/h2>\n<p>Au vu de la situation actuelle, les perspectives d&rsquo;une r\u00e9conciliation rapide entre Marie Portolano et Pierre M\u00e9n\u00e8s semblent minces. Les d\u00e9clarations de M\u00e9n\u00e8s, bien que tendant vers une forme de \u00ab\u00a0pardon\u00a0\u00bb conditionnel, sont directement contredites par la r\u00e9alit\u00e9 de la proc\u00e9dure judiciaire en cours. La mise en examen de Marie Portolano pour diffamation cr\u00e9e une barri\u00e8re significative \u00e0 tout rapprochement. Tant que cette affaire n&rsquo;aura pas \u00e9t\u00e9 tranch\u00e9e par la justice, il est probable que le dialogue direct entre les deux parties reste suspendu, leurs interactions se limitant au cadre l\u00e9gal.<\/p>\n<p>En conclusion, la relation complexe entre Marie Portolano et Pierre M\u00e9n\u00e8s, marqu\u00e9e par des accusations publiques et des proc\u00e9dures judiciaires, demeure un sujet d&rsquo;actualit\u00e9. Les r\u00e9cents \u00ab\u00a0mots forts\u00a0\u00bb de Pierre M\u00e9n\u00e8s, m\u00ealant une ouverture conditionnelle au dialogue \u00e0 la r\u00e9alit\u00e9 d&rsquo;une plainte en diffamation active, soulignent les profondes divisions qui persistent. L&rsquo;issue de la proc\u00e9dure judiciaire jouera sans aucun doute un r\u00f4le d\u00e9terminant dans l&rsquo;\u00e9volution future de leurs interactions.<\/p>\n","protected":false},"excerpt":{"rendered":"<p>Le diff\u00e9rend m\u00e9diatique et juridique entre les personnalit\u00e9s t\u00e9l\u00e9visuelles Marie Portolano et Pierre M\u00e9n\u00e8s continue d&rsquo;alimenter les discussions. R\u00e9cemment, Pierre M\u00e9n\u00e8s a formul\u00e9 des d\u00e9clarations significatives concernant leur relation, tendant une perche conditionnelle tout en reconnaissant la bataille juridique en cours. Cet article explore le contexte de leur conflit prolong\u00e9 et les implications des derni\u00e8res [&hellip;]<\/p>\n","protected":false},"author":4,"featured_media":46641,"comment_status":"open","ping_status":"open","sticky":false,"template":"","format":"standard","meta":{"_yoast_wpseo_title":"Marie Portolano, les mots forts de Pierre Me\u0301ne\u0300s","_yoast_wpseo_metadesc":"","_yoast_wpseo_focuskw":"Marie"},"categories":[5],"tags":[],"class_list":["post-46642","post","type-post","status-publish","format-standard","has-post-thumbnail","hentry","category-divertissement"],"yoast_head":"<!-- This site is optimized with the Yoast SEO plugin v26.3 - https:\/\/yoast.com\/wordpress\/plugins\/seo\/ -->\n<title>Marie Portolano, les mots forts de Pierre Me\u0301ne\u0300s<\/title>\n<meta name=\"robots\" content=\"index, follow, max-snippet:-1, max-image-preview:large, max-video-preview:-1\" \/>\n<link rel=\"canonical\" href=\"https:\/\/elukelele.com\/fr\/divertissement\/marie-portolano-les-mots-forts-de-pierre-menes\/\" \/>\n<meta property=\"og:locale\" content=\"fr_FR\" \/>\n<meta property=\"og:type\" content=\"article\" \/>\n<meta property=\"og:title\" content=\"Marie Portolano, les mots forts de Pierre Me\u0301ne\u0300s\" \/>\n<meta property=\"og:description\" content=\"Le diff\u00e9rend m\u00e9diatique et juridique entre les personnalit\u00e9s t\u00e9l\u00e9visuelles Marie Portolano et Pierre M\u00e9n\u00e8s continue d&rsquo;alimenter les discussions. R\u00e9cemment, Pierre M\u00e9n\u00e8s a formul\u00e9 des d\u00e9clarations significatives concernant leur relation, tendant une perche conditionnelle tout en reconnaissant la bataille juridique en cours. Cet article explore le contexte de leur conflit prolong\u00e9 et les implications des derni\u00e8res [&hellip;]\" \/>\n<meta property=\"og:url\" content=\"https:\/\/elukelele.com\/fr\/divertissement\/marie-portolano-les-mots-forts-de-pierre-menes\/\" \/>\n<meta property=\"og:site_name\" content=\"El Ukelele\" \/>\n<meta property=\"article:published_time\" content=\"2025-11-29T11:21:38+00:00\" \/>\n<meta property=\"og:image\" content=\"https:\/\/elukelele.com\/fr\/wp-content\/uploads\/2025\/11\/framed_only-957.png\" \/>\n\t<meta property=\"og:image:width\" content=\"1200\" \/>\n\t<meta property=\"og:image:height\" content=\"628\" \/>\n\t<meta property=\"og:image:type\" content=\"image\/png\" \/>\n<meta name=\"author\" content=\"Daniel Perrin\" \/>\n<meta name=\"twitter:card\" content=\"summary_large_image\" \/>\n<meta name=\"twitter:label1\" content=\"\u00c9crit par\" \/>\n\t<meta name=\"twitter:data1\" content=\"Daniel Perrin\" \/>\n\t<meta name=\"twitter:label2\" content=\"Dur\u00e9e de lecture estim\u00e9e\" \/>\n\t<meta name=\"twitter:data2\" content=\"4 minutes\" \/>\n<script type=\"application\/ld+json\" class=\"yoast-schema-graph\">{\"@context\":\"https:\/\/schema.org\",\"@graph\":[{\"@type\":\"WebPage\",\"@id\":\"https:\/\/elukelele.com\/fr\/divertissement\/marie-portolano-les-mots-forts-de-pierre-menes\/\",\"url\":\"https:\/\/elukelele.com\/fr\/divertissement\/marie-portolano-les-mots-forts-de-pierre-menes\/\",\"name\":\"Marie Portolano, les mots forts de Pierre Me\u0301ne\u0300s\",\"isPartOf\":{\"@id\":\"https:\/\/elukelele.com\/fr\/#website\"},\"primaryImageOfPage\":{\"@id\":\"https:\/\/elukelele.com\/fr\/divertissement\/marie-portolano-les-mots-forts-de-pierre-menes\/#primaryimage\"},\"image\":{\"@id\":\"https:\/\/elukelele.com\/fr\/divertissement\/marie-portolano-les-mots-forts-de-pierre-menes\/#primaryimage\"},\"thumbnailUrl\":\"https:\/\/elukelele.com\/fr\/wp-content\/uploads\/2025\/11\/framed_only-957.png\",\"datePublished\":\"2025-11-29T11:21:38+00:00\",\"author\":{\"@id\":\"https:\/\/elukelele.com\/fr\/#\/schema\/person\/ccfb3d2be2ec7fa389608eb6da0b38d6\"},\"breadcrumb\":{\"@id\":\"https:\/\/elukelele.com\/fr\/divertissement\/marie-portolano-les-mots-forts-de-pierre-menes\/#breadcrumb\"},\"inLanguage\":\"fr-FR\",\"potentialAction\":[{\"@type\":\"ReadAction\",\"target\":[\"https:\/\/elukelele.com\/fr\/divertissement\/marie-portolano-les-mots-forts-de-pierre-menes\/\"]}]},{\"@type\":\"ImageObject\",\"inLanguage\":\"fr-FR\",\"@id\":\"https:\/\/elukelele.com\/fr\/divertissement\/marie-portolano-les-mots-forts-de-pierre-menes\/#primaryimage\",\"url\":\"https:\/\/elukelele.com\/fr\/wp-content\/uploads\/2025\/11\/framed_only-957.png\",\"contentUrl\":\"https:\/\/elukelele.com\/fr\/wp-content\/uploads\/2025\/11\/framed_only-957.png\",\"width\":1200,\"height\":628,\"caption\":\"Marie\"},{\"@type\":\"BreadcrumbList\",\"@id\":\"https:\/\/elukelele.com\/fr\/divertissement\/marie-portolano-les-mots-forts-de-pierre-menes\/#breadcrumb\",\"itemListElement\":[{\"@type\":\"ListItem\",\"position\":1,\"name\":\"Home\",\"item\":\"https:\/\/elukelele.com\/fr\/\"},{\"@type\":\"ListItem\",\"position\":2,\"name\":\"Marie Portolano, les mots forts de Pierre Me\u0301ne\u0300s\"}]},{\"@type\":\"WebSite\",\"@id\":\"https:\/\/elukelele.com\/fr\/#website\",\"url\":\"https:\/\/elukelele.com\/fr\/\",\"name\":\"El Ukelele\",\"description\":\"Musique au-del\u00e0 de l&#039;indie\",\"potentialAction\":[{\"@type\":\"SearchAction\",\"target\":{\"@type\":\"EntryPoint\",\"urlTemplate\":\"https:\/\/elukelele.com\/fr\/?s={search_term_string}\"},\"query-input\":{\"@type\":\"PropertyValueSpecification\",\"valueRequired\":true,\"valueName\":\"search_term_string\"}}],\"inLanguage\":\"fr-FR\"},{\"@type\":\"Person\",\"@id\":\"https:\/\/elukelele.com\/fr\/#\/schema\/person\/ccfb3d2be2ec7fa389608eb6da0b38d6\",\"name\":\"Daniel Perrin\",\"image\":{\"@type\":\"ImageObject\",\"inLanguage\":\"fr-FR\",\"@id\":\"https:\/\/elukelele.com\/fr\/#\/schema\/person\/image\/\",\"url\":\"https:\/\/secure.gravatar.com\/avatar\/37f9d9ffa29ce5640a0d9c6ca8bbd90afb854014296ecaa0e3a558ac716e6fe4?s=96&d=mm&r=g\",\"contentUrl\":\"https:\/\/secure.gravatar.com\/avatar\/37f9d9ffa29ce5640a0d9c6ca8bbd90afb854014296ecaa0e3a558ac716e6fe4?s=96&d=mm&r=g\",\"caption\":\"Daniel Perrin\"},\"sameAs\":[\"https:\/\/elukelele.com\/fr\"],\"url\":\"https:\/\/elukelele.com\/fr\/author\/daniel-perrin\/\"}]}<\/script>\n<!-- \/ Yoast SEO plugin. -->","yoast_head_json":{"title":"Marie Portolano, les mots forts de Pierre Me\u0301ne\u0300s","robots":{"index":"index","follow":"follow","max-snippet":"max-snippet:-1","max-image-preview":"max-image-preview:large","max-video-preview":"max-video-preview:-1"},"canonical":"https:\/\/elukelele.com\/fr\/divertissement\/marie-portolano-les-mots-forts-de-pierre-menes\/","og_locale":"fr_FR","og_type":"article","og_title":"Marie Portolano, les mots forts de Pierre Me\u0301ne\u0300s","og_description":"Le diff\u00e9rend m\u00e9diatique et juridique entre les personnalit\u00e9s t\u00e9l\u00e9visuelles Marie Portolano et Pierre M\u00e9n\u00e8s continue d&rsquo;alimenter les discussions. R\u00e9cemment, Pierre M\u00e9n\u00e8s a formul\u00e9 des d\u00e9clarations significatives concernant leur relation, tendant une perche conditionnelle tout en reconnaissant la bataille juridique en cours. Cet article explore le contexte de leur conflit prolong\u00e9 et les implications des derni\u00e8res [&hellip;]","og_url":"https:\/\/elukelele.com\/fr\/divertissement\/marie-portolano-les-mots-forts-de-pierre-menes\/","og_site_name":"El Ukelele","article_published_time":"2025-11-29T11:21:38+00:00","og_image":[{"width":1200,"height":628,"url":"https:\/\/elukelele.com\/fr\/wp-content\/uploads\/2025\/11\/framed_only-957.png","type":"image\/png"}],"author":"Daniel Perrin","twitter_card":"summary_large_image","twitter_misc":{"\u00c9crit par":"Daniel Perrin","Dur\u00e9e de lecture estim\u00e9e":"4 minutes"},"schema":{"@context":"https:\/\/schema.org","@graph":[{"@type":"WebPage","@id":"https:\/\/elukelele.com\/fr\/divertissement\/marie-portolano-les-mots-forts-de-pierre-menes\/","url":"https:\/\/elukelele.com\/fr\/divertissement\/marie-portolano-les-mots-forts-de-pierre-menes\/","name":"Marie Portolano, les mots forts de Pierre Me\u0301ne\u0300s","isPartOf":{"@id":"https:\/\/elukelele.com\/fr\/#website"},"primaryImageOfPage":{"@id":"https:\/\/elukelele.com\/fr\/divertissement\/marie-portolano-les-mots-forts-de-pierre-menes\/#primaryimage"},"image":{"@id":"https:\/\/elukelele.com\/fr\/divertissement\/marie-portolano-les-mots-forts-de-pierre-menes\/#primaryimage"},"thumbnailUrl":"https:\/\/elukelele.com\/fr\/wp-content\/uploads\/2025\/11\/framed_only-957.png","datePublished":"2025-11-29T11:21:38+00:00","author":{"@id":"https:\/\/elukelele.com\/fr\/#\/schema\/person\/ccfb3d2be2ec7fa389608eb6da0b38d6"},"breadcrumb":{"@id":"https:\/\/elukelele.com\/fr\/divertissement\/marie-portolano-les-mots-forts-de-pierre-menes\/#breadcrumb"},"inLanguage":"fr-FR","potentialAction":[{"@type":"ReadAction","target":["https:\/\/elukelele.com\/fr\/divertissement\/marie-portolano-les-mots-forts-de-pierre-menes\/"]}]},{"@type":"ImageObject","inLanguage":"fr-FR","@id":"https:\/\/elukelele.com\/fr\/divertissement\/marie-portolano-les-mots-forts-de-pierre-menes\/#primaryimage","url":"https:\/\/elukelele.com\/fr\/wp-content\/uploads\/2025\/11\/framed_only-957.png","contentUrl":"https:\/\/elukelele.com\/fr\/wp-content\/uploads\/2025\/11\/framed_only-957.png","width":1200,"height":628,"caption":"Marie"},{"@type":"BreadcrumbList","@id":"https:\/\/elukelele.com\/fr\/divertissement\/marie-portolano-les-mots-forts-de-pierre-menes\/#breadcrumb","itemListElement":[{"@type":"ListItem","position":1,"name":"Home","item":"https:\/\/elukelele.com\/fr\/"},{"@type":"ListItem","position":2,"name":"Marie Portolano, les mots forts de Pierre Me\u0301ne\u0300s"}]},{"@type":"WebSite","@id":"https:\/\/elukelele.com\/fr\/#website","url":"https:\/\/elukelele.com\/fr\/","name":"El Ukelele","description":"Musique au-del\u00e0 de l&#039;indie","potentialAction":[{"@type":"SearchAction","target":{"@type":"EntryPoint","urlTemplate":"https:\/\/elukelele.com\/fr\/?s={search_term_string}"},"query-input":{"@type":"PropertyValueSpecification","valueRequired":true,"valueName":"search_term_string"}}],"inLanguage":"fr-FR"},{"@type":"Person","@id":"https:\/\/elukelele.com\/fr\/#\/schema\/person\/ccfb3d2be2ec7fa389608eb6da0b38d6","name":"Daniel Perrin","image":{"@type":"ImageObject","inLanguage":"fr-FR","@id":"https:\/\/elukelele.com\/fr\/#\/schema\/person\/image\/","url":"https:\/\/secure.gravatar.com\/avatar\/37f9d9ffa29ce5640a0d9c6ca8bbd90afb854014296ecaa0e3a558ac716e6fe4?s=96&d=mm&r=g","contentUrl":"https:\/\/secure.gravatar.com\/avatar\/37f9d9ffa29ce5640a0d9c6ca8bbd90afb854014296ecaa0e3a558ac716e6fe4?s=96&d=mm&r=g","caption":"Daniel Perrin"},"sameAs":["https:\/\/elukelele.com\/fr"],"url":"https:\/\/elukelele.com\/fr\/author\/daniel-perrin\/"}]}},"_links":{"self":[{"href":"https:\/\/elukelele.com\/fr\/wp-json\/wp\/v2\/posts\/46642","targetHints":{"allow":["GET"]}}],"collection":[{"href":"https:\/\/elukelele.com\/fr\/wp-json\/wp\/v2\/posts"}],"about":[{"href":"https:\/\/elukelele.com\/fr\/wp-json\/wp\/v2\/types\/post"}],"author":[{"embeddable":true,"href":"https:\/\/elukelele.com\/fr\/wp-json\/wp\/v2\/users\/4"}],"replies":[{"embeddable":true,"href":"https:\/\/elukelele.com\/fr\/wp-json\/wp\/v2\/comments?post=46642"}],"version-history":[{"count":1,"href":"https:\/\/elukelele.com\/fr\/wp-json\/wp\/v2\/posts\/46642\/revisions"}],"predecessor-version":[{"id":46819,"href":"https:\/\/elukelele.com\/fr\/wp-json\/wp\/v2\/posts\/46642\/revisions\/46819"}],"wp:featuredmedia":[{"embeddable":true,"href":"https:\/\/elukelele.com\/fr\/wp-json\/wp\/v2\/media\/46641"}],"wp:attachment":[{"href":"https:\/\/elukelele.com\/fr\/wp-json\/wp\/v2\/media?parent=46642"}],"wp:term":[{"taxonomy":"category","embeddable":true,"href":"https:\/\/elukelele.com\/fr\/wp-json\/wp\/v2\/categories?post=46642"},{"taxonomy":"post_tag","embeddable":true,"href":"https:\/\/elukelele.com\/fr\/wp-json\/wp\/v2\/tags?post=46642"}],"curies":[{"name":"wp","href":"https:\/\/api.w.org\/{rel}","templated":true}]}}