{"id":46636,"date":"2025-11-29T08:35:47","date_gmt":"2025-11-29T08:35:47","guid":{"rendered":"https:\/\/elukelele.com\/fr\/?p=46636"},"modified":"2025-11-29T08:35:48","modified_gmt":"2025-11-29T08:35:48","slug":"traumatisee-muriel-robin-fait-une-revelation-choc-sur-sa-sante-mentale-je-ne-peux-pas-vivre-sans","status":"publish","type":"post","link":"https:\/\/elukelele.com\/fr\/divertissement\/traumatisee-muriel-robin-fait-une-revelation-choc-sur-sa-sante-mentale-je-ne-peux-pas-vivre-sans\/","title":{"rendered":"Traumatise\u0301e, Muriel Robin fait une re\u0301ve\u0301lation choc sur sa sante\u0301 mentale : \u00ab\u00a0Je ne peux pas vivre sans\u2026\u00a0\u00bb"},"content":{"rendered":"<p>L&rsquo;actrice et humoriste Muriel Robin s&rsquo;est r\u00e9cemment livr\u00e9e \u00e0 des confidences poignantes sur sa sant\u00e9 mentale, r\u00e9v\u00e9lant une d\u00e9pendance aux antid\u00e9presseurs. Ces d\u00e9clarations interviennent alors qu&rsquo;elle assure la promotion de son nouveau film, \u00ab\u00a0La pire m\u00e8re au monde\u00a0\u00bb, offrant au public un aper\u00e7u intime de son combat personnel et de la complexit\u00e9 de son parcours. <span class=\"keyword\">Traumatis\u00e9e, Muriel Robin fait une r\u00e9v\u00e9lation choc sur sa sant\u00e9 mentale : \u00ab\u00a0Je ne peux pas vivre sans\u2026\u00a0\u00bb<\/span> est un t\u00e9moignage qui met en lumi\u00e8re la fragilit\u00e9 humaine, m\u00eame chez les personnalit\u00e9s publiques.<\/p>\n<h2>Le combat de Muriel Robin contre la d\u00e9pression et les traumatismes pass\u00e9s<\/h2>\n<p>Muriel Robin a abord\u00e9 publiquement sa lutte contre la d\u00e9pression \u00e0 plusieurs reprises. Lors d&rsquo;un entretien r\u00e9cent sur RTL, l&rsquo;humoriste a de nouveau \u00e9voqu\u00e9 cette maladie qui l&rsquo;accompagne depuis des ann\u00e9es. Ce n&rsquo;est pas une nouveaut\u00e9 pour ses admirateurs ; elle s&rsquo;\u00e9tait d\u00e9j\u00e0 confi\u00e9e sur le sujet en octobre 2024, soulignant l&rsquo;impact profond de traumatismes anciens sur son \u00e9quilibre psychique.<\/p>\n<p>L&rsquo;artiste a notamment fait r\u00e9f\u00e9rence \u00e0 des abus sexuels subis durant son enfance, un \u00e9v\u00e9nement qu&rsquo;elle identifie comme une source majeure de sa d\u00e9pression et d&rsquo;une hypersensibilit\u00e9 marqu\u00e9e. Elle a d\u00e9crit cette douleur comme une blessure profonde que m\u00eame le soutien du public ne parvient pas \u00e0 gu\u00e9rir enti\u00e8rement, offrant seulement \u00ab\u00a0du r\u00e9pit mais ne soigne pas\u00a0\u00bb. Ce t\u00e9moignage met en \u00e9vidence la persistance des cicatrices psychologiques et la n\u00e9cessit\u00e9 d&rsquo;un accompagnement adapt\u00e9 pour les g\u00e9rer.<\/p>\n<h2>\u00ab\u00a0Je ne peux pas vivre sans&#8230;\u00a0\u00bb : La d\u00e9pendance aux antid\u00e9presseurs<\/h2>\n<p>C&rsquo;est avec une franchise d\u00e9sarmante que Muriel Robin a r\u00e9v\u00e9l\u00e9 sa d\u00e9pendance aux antid\u00e9presseurs. \u00ab\u00a0Je suis sous antid\u00e9presseurs, je le dis, et ce sera toute ma vie. Je ne peux pas vivre sans antid\u00e9presseurs, mais je me sens normale\u00a0\u00bb, a-t-elle d\u00e9clar\u00e9.<\/p>\n<p>Elle a \u00e9galement partag\u00e9 ses tentatives infructueuses pour se passer de ce traitement, expliquant que ces efforts n&rsquo;avaient pas fonctionn\u00e9. Cette admission souligne la r\u00e9alit\u00e9 de nombreuses personnes confront\u00e9es \u00e0 des troubles d\u00e9pressifs s\u00e9v\u00e8res, pour qui les m\u00e9dicaments repr\u00e9sentent une aide indispensable pour maintenir une qualit\u00e9 de vie stable. Loin de toute stigmatisation, Muriel Robin normalise ainsi l&rsquo;usage de traitements pour la sant\u00e9 mentale, encourageant une discussion plus ouverte sur le sujet.<\/p>\n<h2>Le soutien inconditionnel d&rsquo;Anne Le Nen<\/h2>\n<p>Dans ce parcours exigeant, Muriel Robin trouve un soutien essentiel aupr\u00e8s de sa compagne, Anne Le Nen. Leur relation, qui dure depuis plus de vingt ans, est d\u00e9crite par l&rsquo;humoriste comme \u00ab\u00a0fusionnelle, compl\u00e8tement assum\u00e9e\u00a0\u00bb.<\/p>\n<p>Cette connexion profonde offre \u00e0 Muriel Robin un ancrage pr\u00e9cieux. Elle a d&rsquo;ailleurs exprim\u00e9 une de ses plus grandes craintes, celle de se retrouver \u00e9loign\u00e9e d&rsquo;Anne, soulignant l&rsquo;importance vitale de leur lien pour son bien-\u00eatre. Cette relation solide et bienveillante appara\u00eet comme un pilier fondamental dans la vie de l&rsquo;artiste, l&rsquo;aidant \u00e0 naviguer \u00e0 travers les d\u00e9fis li\u00e9s \u00e0 sa sant\u00e9 mentale.<\/p>\n<h2>Conclusion<\/h2>\n<p>Les r\u00e9v\u00e9lations de Muriel Robin sur sa sant\u00e9 mentale et sa d\u00e9pendance aux antid\u00e9presseurs constituent un acte de courage et de transparence. En partageant son exp\u00e9rience, elle contribue \u00e0 briser les tabous entourant la d\u00e9pression et l&rsquo;usage de m\u00e9dicaments pour y faire face. Son t\u00e9moignage rappelle l&rsquo;importance de la compr\u00e9hension, du soutien et de l&rsquo;ouverture d&rsquo;esprit face aux enjeux de la sant\u00e9 mentale, et souligne que m\u00eame les personnalit\u00e9s publiques luttent avec des d\u00e9fis personnels significatifs.<\/p>\n","protected":false},"excerpt":{"rendered":"<p>L&rsquo;actrice et humoriste Muriel Robin s&rsquo;est r\u00e9cemment livr\u00e9e \u00e0 des confidences poignantes sur sa sant\u00e9 mentale, r\u00e9v\u00e9lant une d\u00e9pendance aux antid\u00e9presseurs. Ces d\u00e9clarations interviennent alors qu&rsquo;elle assure la promotion de son nouveau film, \u00ab\u00a0La pire m\u00e8re au monde\u00a0\u00bb, offrant au public un aper\u00e7u intime de son combat personnel et de la complexit\u00e9 de son parcours. [&hellip;]<\/p>\n","protected":false},"author":4,"featured_media":46635,"comment_status":"open","ping_status":"open","sticky":false,"template":"","format":"standard","meta":{"_yoast_wpseo_title":"Traumatise\u0301e, Muriel Robin fait une re\u0301ve\u0301lation choc sur sa sante\u0301 mentale","_yoast_wpseo_metadesc":"","_yoast_wpseo_focuskw":"Traumatise\u0301e"},"categories":[5],"tags":[],"class_list":["post-46636","post","type-post","status-publish","format-standard","has-post-thumbnail","hentry","category-divertissement"],"yoast_head":"<!-- This site is optimized with the Yoast SEO plugin v26.3 - https:\/\/yoast.com\/wordpress\/plugins\/seo\/ -->\n<title>Traumatise\u0301e, Muriel Robin fait une re\u0301ve\u0301lation choc sur sa sante\u0301 mentale<\/title>\n<meta name=\"robots\" content=\"index, follow, max-snippet:-1, max-image-preview:large, max-video-preview:-1\" \/>\n<link rel=\"canonical\" href=\"https:\/\/elukelele.com\/fr\/divertissement\/traumatisee-muriel-robin-fait-une-revelation-choc-sur-sa-sante-mentale-je-ne-peux-pas-vivre-sans\/\" \/>\n<meta property=\"og:locale\" content=\"fr_FR\" \/>\n<meta property=\"og:type\" content=\"article\" \/>\n<meta property=\"og:title\" content=\"Traumatise\u0301e, Muriel Robin fait une re\u0301ve\u0301lation choc sur sa sante\u0301 mentale\" \/>\n<meta property=\"og:description\" content=\"L&rsquo;actrice et humoriste Muriel Robin s&rsquo;est r\u00e9cemment livr\u00e9e \u00e0 des confidences poignantes sur sa sant\u00e9 mentale, r\u00e9v\u00e9lant une d\u00e9pendance aux antid\u00e9presseurs. Ces d\u00e9clarations interviennent alors qu&rsquo;elle assure la promotion de son nouveau film, \u00ab\u00a0La pire m\u00e8re au monde\u00a0\u00bb, offrant au public un aper\u00e7u intime de son combat personnel et de la complexit\u00e9 de son parcours. [&hellip;]\" \/>\n<meta property=\"og:url\" content=\"https:\/\/elukelele.com\/fr\/divertissement\/traumatisee-muriel-robin-fait-une-revelation-choc-sur-sa-sante-mentale-je-ne-peux-pas-vivre-sans\/\" \/>\n<meta property=\"og:site_name\" content=\"El Ukelele\" \/>\n<meta property=\"article:published_time\" content=\"2025-11-29T08:35:47+00:00\" \/>\n<meta property=\"article:modified_time\" content=\"2025-11-29T08:35:48+00:00\" \/>\n<meta property=\"og:image\" content=\"https:\/\/elukelele.com\/fr\/wp-content\/uploads\/2025\/11\/framed_only-954.png\" \/>\n\t<meta property=\"og:image:width\" content=\"1200\" \/>\n\t<meta property=\"og:image:height\" content=\"628\" \/>\n\t<meta property=\"og:image:type\" content=\"image\/png\" \/>\n<meta name=\"author\" content=\"Daniel Perrin\" \/>\n<meta name=\"twitter:card\" content=\"summary_large_image\" \/>\n<meta name=\"twitter:label1\" content=\"\u00c9crit par\" \/>\n\t<meta name=\"twitter:data1\" content=\"Daniel Perrin\" \/>\n\t<meta name=\"twitter:label2\" content=\"Dur\u00e9e de lecture estim\u00e9e\" \/>\n\t<meta name=\"twitter:data2\" content=\"3 minutes\" \/>\n<script type=\"application\/ld+json\" class=\"yoast-schema-graph\">{\"@context\":\"https:\/\/schema.org\",\"@graph\":[{\"@type\":\"WebPage\",\"@id\":\"https:\/\/elukelele.com\/fr\/divertissement\/traumatisee-muriel-robin-fait-une-revelation-choc-sur-sa-sante-mentale-je-ne-peux-pas-vivre-sans\/\",\"url\":\"https:\/\/elukelele.com\/fr\/divertissement\/traumatisee-muriel-robin-fait-une-revelation-choc-sur-sa-sante-mentale-je-ne-peux-pas-vivre-sans\/\",\"name\":\"Traumatise\u0301e, Muriel Robin fait une re\u0301ve\u0301lation choc sur sa sante\u0301 mentale\",\"isPartOf\":{\"@id\":\"https:\/\/elukelele.com\/fr\/#website\"},\"primaryImageOfPage\":{\"@id\":\"https:\/\/elukelele.com\/fr\/divertissement\/traumatisee-muriel-robin-fait-une-revelation-choc-sur-sa-sante-mentale-je-ne-peux-pas-vivre-sans\/#primaryimage\"},\"image\":{\"@id\":\"https:\/\/elukelele.com\/fr\/divertissement\/traumatisee-muriel-robin-fait-une-revelation-choc-sur-sa-sante-mentale-je-ne-peux-pas-vivre-sans\/#primaryimage\"},\"thumbnailUrl\":\"https:\/\/elukelele.com\/fr\/wp-content\/uploads\/2025\/11\/framed_only-954.png\",\"datePublished\":\"2025-11-29T08:35:47+00:00\",\"dateModified\":\"2025-11-29T08:35:48+00:00\",\"author\":{\"@id\":\"https:\/\/elukelele.com\/fr\/#\/schema\/person\/ccfb3d2be2ec7fa389608eb6da0b38d6\"},\"breadcrumb\":{\"@id\":\"https:\/\/elukelele.com\/fr\/divertissement\/traumatisee-muriel-robin-fait-une-revelation-choc-sur-sa-sante-mentale-je-ne-peux-pas-vivre-sans\/#breadcrumb\"},\"inLanguage\":\"fr-FR\",\"potentialAction\":[{\"@type\":\"ReadAction\",\"target\":[\"https:\/\/elukelele.com\/fr\/divertissement\/traumatisee-muriel-robin-fait-une-revelation-choc-sur-sa-sante-mentale-je-ne-peux-pas-vivre-sans\/\"]}]},{\"@type\":\"ImageObject\",\"inLanguage\":\"fr-FR\",\"@id\":\"https:\/\/elukelele.com\/fr\/divertissement\/traumatisee-muriel-robin-fait-une-revelation-choc-sur-sa-sante-mentale-je-ne-peux-pas-vivre-sans\/#primaryimage\",\"url\":\"https:\/\/elukelele.com\/fr\/wp-content\/uploads\/2025\/11\/framed_only-954.png\",\"contentUrl\":\"https:\/\/elukelele.com\/fr\/wp-content\/uploads\/2025\/11\/framed_only-954.png\",\"width\":1200,\"height\":628,\"caption\":\"Traumatise\u0301e\"},{\"@type\":\"BreadcrumbList\",\"@id\":\"https:\/\/elukelele.com\/fr\/divertissement\/traumatisee-muriel-robin-fait-une-revelation-choc-sur-sa-sante-mentale-je-ne-peux-pas-vivre-sans\/#breadcrumb\",\"itemListElement\":[{\"@type\":\"ListItem\",\"position\":1,\"name\":\"Home\",\"item\":\"https:\/\/elukelele.com\/fr\/\"},{\"@type\":\"ListItem\",\"position\":2,\"name\":\"Traumatise\u0301e, Muriel Robin fait une re\u0301ve\u0301lation choc sur sa sante\u0301 mentale : \u00ab\u00a0Je ne peux pas vivre sans\u2026\u00a0\u00bb\"}]},{\"@type\":\"WebSite\",\"@id\":\"https:\/\/elukelele.com\/fr\/#website\",\"url\":\"https:\/\/elukelele.com\/fr\/\",\"name\":\"El Ukelele\",\"description\":\"Musique au-del\u00e0 de l&#039;indie\",\"potentialAction\":[{\"@type\":\"SearchAction\",\"target\":{\"@type\":\"EntryPoint\",\"urlTemplate\":\"https:\/\/elukelele.com\/fr\/?s={search_term_string}\"},\"query-input\":{\"@type\":\"PropertyValueSpecification\",\"valueRequired\":true,\"valueName\":\"search_term_string\"}}],\"inLanguage\":\"fr-FR\"},{\"@type\":\"Person\",\"@id\":\"https:\/\/elukelele.com\/fr\/#\/schema\/person\/ccfb3d2be2ec7fa389608eb6da0b38d6\",\"name\":\"Daniel Perrin\",\"image\":{\"@type\":\"ImageObject\",\"inLanguage\":\"fr-FR\",\"@id\":\"https:\/\/elukelele.com\/fr\/#\/schema\/person\/image\/\",\"url\":\"https:\/\/secure.gravatar.com\/avatar\/37f9d9ffa29ce5640a0d9c6ca8bbd90afb854014296ecaa0e3a558ac716e6fe4?s=96&d=mm&r=g\",\"contentUrl\":\"https:\/\/secure.gravatar.com\/avatar\/37f9d9ffa29ce5640a0d9c6ca8bbd90afb854014296ecaa0e3a558ac716e6fe4?s=96&d=mm&r=g\",\"caption\":\"Daniel Perrin\"},\"sameAs\":[\"https:\/\/elukelele.com\/fr\"],\"url\":\"https:\/\/elukelele.com\/fr\/author\/daniel-perrin\/\"}]}<\/script>\n<!-- \/ Yoast SEO plugin. -->","yoast_head_json":{"title":"Traumatise\u0301e, Muriel Robin fait une re\u0301ve\u0301lation choc sur sa sante\u0301 mentale","robots":{"index":"index","follow":"follow","max-snippet":"max-snippet:-1","max-image-preview":"max-image-preview:large","max-video-preview":"max-video-preview:-1"},"canonical":"https:\/\/elukelele.com\/fr\/divertissement\/traumatisee-muriel-robin-fait-une-revelation-choc-sur-sa-sante-mentale-je-ne-peux-pas-vivre-sans\/","og_locale":"fr_FR","og_type":"article","og_title":"Traumatise\u0301e, Muriel Robin fait une re\u0301ve\u0301lation choc sur sa sante\u0301 mentale","og_description":"L&rsquo;actrice et humoriste Muriel Robin s&rsquo;est r\u00e9cemment livr\u00e9e \u00e0 des confidences poignantes sur sa sant\u00e9 mentale, r\u00e9v\u00e9lant une d\u00e9pendance aux antid\u00e9presseurs. Ces d\u00e9clarations interviennent alors qu&rsquo;elle assure la promotion de son nouveau film, \u00ab\u00a0La pire m\u00e8re au monde\u00a0\u00bb, offrant au public un aper\u00e7u intime de son combat personnel et de la complexit\u00e9 de son parcours. [&hellip;]","og_url":"https:\/\/elukelele.com\/fr\/divertissement\/traumatisee-muriel-robin-fait-une-revelation-choc-sur-sa-sante-mentale-je-ne-peux-pas-vivre-sans\/","og_site_name":"El Ukelele","article_published_time":"2025-11-29T08:35:47+00:00","article_modified_time":"2025-11-29T08:35:48+00:00","og_image":[{"width":1200,"height":628,"url":"https:\/\/elukelele.com\/fr\/wp-content\/uploads\/2025\/11\/framed_only-954.png","type":"image\/png"}],"author":"Daniel Perrin","twitter_card":"summary_large_image","twitter_misc":{"\u00c9crit par":"Daniel Perrin","Dur\u00e9e de lecture estim\u00e9e":"3 minutes"},"schema":{"@context":"https:\/\/schema.org","@graph":[{"@type":"WebPage","@id":"https:\/\/elukelele.com\/fr\/divertissement\/traumatisee-muriel-robin-fait-une-revelation-choc-sur-sa-sante-mentale-je-ne-peux-pas-vivre-sans\/","url":"https:\/\/elukelele.com\/fr\/divertissement\/traumatisee-muriel-robin-fait-une-revelation-choc-sur-sa-sante-mentale-je-ne-peux-pas-vivre-sans\/","name":"Traumatise\u0301e, Muriel Robin fait une re\u0301ve\u0301lation choc sur sa sante\u0301 mentale","isPartOf":{"@id":"https:\/\/elukelele.com\/fr\/#website"},"primaryImageOfPage":{"@id":"https:\/\/elukelele.com\/fr\/divertissement\/traumatisee-muriel-robin-fait-une-revelation-choc-sur-sa-sante-mentale-je-ne-peux-pas-vivre-sans\/#primaryimage"},"image":{"@id":"https:\/\/elukelele.com\/fr\/divertissement\/traumatisee-muriel-robin-fait-une-revelation-choc-sur-sa-sante-mentale-je-ne-peux-pas-vivre-sans\/#primaryimage"},"thumbnailUrl":"https:\/\/elukelele.com\/fr\/wp-content\/uploads\/2025\/11\/framed_only-954.png","datePublished":"2025-11-29T08:35:47+00:00","dateModified":"2025-11-29T08:35:48+00:00","author":{"@id":"https:\/\/elukelele.com\/fr\/#\/schema\/person\/ccfb3d2be2ec7fa389608eb6da0b38d6"},"breadcrumb":{"@id":"https:\/\/elukelele.com\/fr\/divertissement\/traumatisee-muriel-robin-fait-une-revelation-choc-sur-sa-sante-mentale-je-ne-peux-pas-vivre-sans\/#breadcrumb"},"inLanguage":"fr-FR","potentialAction":[{"@type":"ReadAction","target":["https:\/\/elukelele.com\/fr\/divertissement\/traumatisee-muriel-robin-fait-une-revelation-choc-sur-sa-sante-mentale-je-ne-peux-pas-vivre-sans\/"]}]},{"@type":"ImageObject","inLanguage":"fr-FR","@id":"https:\/\/elukelele.com\/fr\/divertissement\/traumatisee-muriel-robin-fait-une-revelation-choc-sur-sa-sante-mentale-je-ne-peux-pas-vivre-sans\/#primaryimage","url":"https:\/\/elukelele.com\/fr\/wp-content\/uploads\/2025\/11\/framed_only-954.png","contentUrl":"https:\/\/elukelele.com\/fr\/wp-content\/uploads\/2025\/11\/framed_only-954.png","width":1200,"height":628,"caption":"Traumatise\u0301e"},{"@type":"BreadcrumbList","@id":"https:\/\/elukelele.com\/fr\/divertissement\/traumatisee-muriel-robin-fait-une-revelation-choc-sur-sa-sante-mentale-je-ne-peux-pas-vivre-sans\/#breadcrumb","itemListElement":[{"@type":"ListItem","position":1,"name":"Home","item":"https:\/\/elukelele.com\/fr\/"},{"@type":"ListItem","position":2,"name":"Traumatise\u0301e, Muriel Robin fait une re\u0301ve\u0301lation choc sur sa sante\u0301 mentale : \u00ab\u00a0Je ne peux pas vivre sans\u2026\u00a0\u00bb"}]},{"@type":"WebSite","@id":"https:\/\/elukelele.com\/fr\/#website","url":"https:\/\/elukelele.com\/fr\/","name":"El Ukelele","description":"Musique au-del\u00e0 de l&#039;indie","potentialAction":[{"@type":"SearchAction","target":{"@type":"EntryPoint","urlTemplate":"https:\/\/elukelele.com\/fr\/?s={search_term_string}"},"query-input":{"@type":"PropertyValueSpecification","valueRequired":true,"valueName":"search_term_string"}}],"inLanguage":"fr-FR"},{"@type":"Person","@id":"https:\/\/elukelele.com\/fr\/#\/schema\/person\/ccfb3d2be2ec7fa389608eb6da0b38d6","name":"Daniel Perrin","image":{"@type":"ImageObject","inLanguage":"fr-FR","@id":"https:\/\/elukelele.com\/fr\/#\/schema\/person\/image\/","url":"https:\/\/secure.gravatar.com\/avatar\/37f9d9ffa29ce5640a0d9c6ca8bbd90afb854014296ecaa0e3a558ac716e6fe4?s=96&d=mm&r=g","contentUrl":"https:\/\/secure.gravatar.com\/avatar\/37f9d9ffa29ce5640a0d9c6ca8bbd90afb854014296ecaa0e3a558ac716e6fe4?s=96&d=mm&r=g","caption":"Daniel Perrin"},"sameAs":["https:\/\/elukelele.com\/fr"],"url":"https:\/\/elukelele.com\/fr\/author\/daniel-perrin\/"}]}},"_links":{"self":[{"href":"https:\/\/elukelele.com\/fr\/wp-json\/wp\/v2\/posts\/46636","targetHints":{"allow":["GET"]}}],"collection":[{"href":"https:\/\/elukelele.com\/fr\/wp-json\/wp\/v2\/posts"}],"about":[{"href":"https:\/\/elukelele.com\/fr\/wp-json\/wp\/v2\/types\/post"}],"author":[{"embeddable":true,"href":"https:\/\/elukelele.com\/fr\/wp-json\/wp\/v2\/users\/4"}],"replies":[{"embeddable":true,"href":"https:\/\/elukelele.com\/fr\/wp-json\/wp\/v2\/comments?post=46636"}],"version-history":[{"count":1,"href":"https:\/\/elukelele.com\/fr\/wp-json\/wp\/v2\/posts\/46636\/revisions"}],"predecessor-version":[{"id":46813,"href":"https:\/\/elukelele.com\/fr\/wp-json\/wp\/v2\/posts\/46636\/revisions\/46813"}],"wp:featuredmedia":[{"embeddable":true,"href":"https:\/\/elukelele.com\/fr\/wp-json\/wp\/v2\/media\/46635"}],"wp:attachment":[{"href":"https:\/\/elukelele.com\/fr\/wp-json\/wp\/v2\/media?parent=46636"}],"wp:term":[{"taxonomy":"category","embeddable":true,"href":"https:\/\/elukelele.com\/fr\/wp-json\/wp\/v2\/categories?post=46636"},{"taxonomy":"post_tag","embeddable":true,"href":"https:\/\/elukelele.com\/fr\/wp-json\/wp\/v2\/tags?post=46636"}],"curies":[{"name":"wp","href":"https:\/\/api.w.org\/{rel}","templated":true}]}}