{"id":46624,"date":"2025-11-29T08:33:27","date_gmt":"2025-11-29T08:33:27","guid":{"rendered":"https:\/\/elukelele.com\/fr\/?p=46624"},"modified":"2025-11-29T08:33:27","modified_gmt":"2025-11-29T08:33:27","slug":"interview-liam-di-benedetto-je-me-voyais-mourir-mais-il-faut-vivre","status":"publish","type":"post","link":"https:\/\/elukelele.com\/fr\/divertissement\/interview-liam-di-benedetto-je-me-voyais-mourir-mais-il-faut-vivre\/","title":{"rendered":"INTERVIEW \u2013 Liam Di Benedetto\u00a0: \u00ab\u00a0Je me voyais mourir. Mais il faut vivre"},"content":{"rendered":"<p>\nLiam Di Benedetto, figure bien connue du public pour ses apparitions dans le monde de la t\u00e9l\u00e9-r\u00e9alit\u00e9, s&rsquo;est r\u00e9cemment livr\u00e9e dans une interview poignante, r\u00e9sonnant avec une force particuli\u00e8re : \u00ab Je me voyais mourir. Mais il faut vivre, parce que d\u00e9primer ne changera rien \u00bb. Ces mots, empreints d&rsquo;une r\u00e9silience remarquable, r\u00e9sument un parcours de vie marqu\u00e9 par des \u00e9preuves d\u00e9chirantes, qu&rsquo;elle partage d\u00e9sormais ouvertement, notamment \u00e0 l&rsquo;occasion de son passage dans l&rsquo;\u00e9mission \u00ab\u00a0\u00c7a commence aujourd&rsquo;hui\u00a0\u00bb sur France 2. Son t\u00e9moignage, souvent bouleversant, met en lumi\u00e8re sa capacit\u00e9 \u00e0 surmonter les moments les plus sombres, offrant une perspective unique sur l&rsquo;amour, le deuil et la reconstruction.\n<\/p>\n<h2>Un Chemin Sem\u00e9 d&rsquo;\u00c9preuves : Amour, Incertitude et Deuil<\/h2>\n<p>\nLa vie de Liam Di Benedetto a connu des tournants inattendus. Apr\u00e8s la naissance de sa fille Joy, issue d&rsquo;une pr\u00e9c\u00e9dente relation et atteinte d&rsquo;un handicap, elle rencontre Christophe Dicranian en 2020. Leur union donne naissance \u00e0 une autre fille, Sharly, mais leur bonheur est \u00e9branl\u00e9 lorsque Christophe est condamn\u00e9 \u00e0 douze ans de prison pour trafic de stup\u00e9fiants et blanchiment d&rsquo;argent en novembre 2022. Malgr\u00e9 l&rsquo;incarc\u00e9ration, le couple maintient un lien, accueillant m\u00eame des jumeaux, Leroy et Jude, con\u00e7us lors d&rsquo;une visite au parloir en juin 2024.\n<\/p>\n<h3>La Trag\u00e9die de la Perte<\/h3>\n<p>\nC&rsquo;est alors qu&rsquo;une nouvelle \u00e9preuve, d&rsquo;une cruaut\u00e9 indicible, frappe la famille. En ao\u00fbt 2024, Jude, l&rsquo;un des jumeaux, d\u00e9c\u00e8de \u00e0 l&rsquo;\u00e2ge d&rsquo;un mois et demi des suites de la mort subite du nourrisson. Ce drame plonge Liam dans une douleur immense, la poussant \u00e0 se retirer des r\u00e9seaux sociaux pendant un an pour vivre son deuil dans l&rsquo;intimit\u00e9. Elle d\u00e9crira plus tard la vision de son enfant \u00ab tout froid, tout dur, tout blanc \u00bb, un moment qui a fait basculer son existence.\n<\/p>\n<h2>La R\u00e9silience face \u00e0 l&rsquo;Inimaginable<\/h2>\n<p>\nMalgr\u00e9 cette succession d&rsquo;\u00e9preuves, Liam Di Benedetto a fait preuve d&rsquo;une force d&rsquo;\u00e2me remarquable. Elle exprime son amour in\u00e9branlable pour Christophe, un sentiment qui l&rsquo;a aid\u00e9e \u00e0 traverser les hauts et les bas de leur relation \u00e0 distance. Elle confie n&rsquo;avoir jamais dout\u00e9 de son amour pour lui, m\u00eame si la d\u00e9tention a in\u00e9vitablement cr\u00e9\u00e9 une distance et des difficult\u00e9s.\n<\/p>\n<h3>Retrouver la Force en Soi<\/h3>\n<p>\nL&rsquo;incarc\u00e9ration de son mari a contraint Liam \u00e0 g\u00e9rer seule le quotidien et l&rsquo;\u00e9ducation de ses enfants. Cette p\u00e9riode a \u00e9t\u00e9 une r\u00e9v\u00e9lation : elle a d\u00e9couvert sa capacit\u00e9 \u00e0 s&rsquo;en sortir seule, \u00e0 devenir son propre pilier. Cette autonomie forc\u00e9e lui a permis de comprendre sa propre force int\u00e9rieure, un apprentissage essentiel face \u00e0 l&rsquo;adversit\u00e9.\n<\/p>\n<h3>Le R\u00f4le Vital de l&rsquo;Entourage et des Enfants<\/h3>\n<p>\nFace au deuil, ses enfants sont devenus son moteur principal. Leur sourire et leur innocence l&rsquo;ont port\u00e9e et l&rsquo;ont emp\u00each\u00e9e de sombrer compl\u00e8tement. Le soutien de son entourage proche a \u00e9galement \u00e9t\u00e9 crucial, l&rsquo;aidant \u00e0 ne pas s&rsquo;isoler dans sa souffrance. Liam souligne l&rsquo;importance de s&rsquo;entourer de \u00ab\u00a0bonnes personnes\u00a0\u00bb pour traverser de telles p\u00e9riodes.\n<\/p>\n<h2>\u00ab\u00a0Il faut vivre, parce que d\u00e9primer ne changera rien\u00a0\u00bb<\/h2>\n<p>\nCette phrase, qui donne le ton de son interview, incarne la philosophie de vie que Liam a adopt\u00e9e. Apr\u00e8s la perte de son fils, elle a ressenti le d\u00e9sir de \u00ab fermer les volets et pleurer toute la journ\u00e9e \u00bb, mais elle a r\u00e9alis\u00e9 que la d\u00e9pression n&rsquo;apporterait aucun changement. Elle conseille aux parents confront\u00e9s \u00e0 des situations similaires de \u00ab\u00a0tenir le coup, d&rsquo;\u00eatre bien entour\u00e9s et de continuer \u00e0 vivre\u00a0\u00bb, insistant sur la n\u00e9cessit\u00e9 de \u00ab\u00a0garder la t\u00eate hors de l&rsquo;eau\u00a0\u00bb pour ne pas sombrer.\n<\/p>\n<h2>Le Retour et les Nouveaux Horizons<\/h2>\n<p>\nApr\u00e8s un an de silence m\u00e9diatique, Liam Di Benedetto a fait son retour sur les r\u00e9seaux sociaux, un geste li\u00e9 \u00e0 la promotion de son livre autobiographique, intitul\u00e9 \u00ab Les gens qui m\u2019appellent Liam ne me connaissent pas \u00bb, co\u00e9crit avec Julie Madar. Ce retour a eu lieu \u00e0 une date symbolique, celle de l&rsquo;anniversaire du d\u00e9c\u00e8s de son fils. L&rsquo;\u00e9criture de ce livre a repr\u00e9sent\u00e9 pour elle un besoin de se lib\u00e9rer et de t\u00e9moigner, dans l&rsquo;espoir que son histoire puisse offrir courage et r\u00e9confort \u00e0 d&rsquo;autres personnes endeuill\u00e9es.\n<\/p>\n<p>\nSur le plan personnel, Christophe Dicranian est sorti de prison en octobre 2025, sous bracelet \u00e9lectronique pour une dur\u00e9e d&rsquo;un an. La situation g\u00e9ographique complexe (lui dans le Sud hors de Nice, elle ne pouvant quitter Nice pour des raisons familiales et m\u00e9dicales) implique des visites r\u00e9guli\u00e8res mais encadr\u00e9es. Cependant, l&rsquo;interview a \u00e9t\u00e9 r\u00e9alis\u00e9e avant l&rsquo;annonce de leur rupture le 25 novembre 2025, une information qui marque un nouveau chapitre dans la vie de Liam.\n<\/p>\n<p>\nQuant \u00e0 ses projets professionnels, Liam Di Benedetto n&rsquo;envisage plus de participer aux \u00e9missions de t\u00e9l\u00e9-r\u00e9alit\u00e9 traditionnelles comme \u00ab\u00a0Les Marseillais\u00a0\u00bb, estimant que ces formats ne correspondent plus \u00e0 sa vie de m\u00e8re et de femme mari\u00e9e. Elle reste cependant ouverte \u00e0 des \u00e9missions d&rsquo;aventure, telles que \u00ab\u00a0Les Apprentis aventuriers\u00a0\u00bb ou \u00ab\u00a0P\u00e9kin Express\u00a0\u00bb, d\u00e9sireuse de \u00ab\u00a0d\u00e9couverte\u00a0\u00bb et de se \u00ab\u00a0d\u00e9passer\u00a0\u00bb.\n<\/p>\n<h2>Conclusion<\/h2>\n<p>\nLe parcours de Liam Di Benedetto est une illustration frappante de la capacit\u00e9 humaine \u00e0 naviguer \u00e0 travers les pires temp\u00eates de la vie. Entre la gestion du handicap de sa fille, l&rsquo;incarc\u00e9ration de son mari, le deuil d\u00e9chirant de son fils, et plus r\u00e9cemment une rupture, elle a puis\u00e9 en elle une force insoup\u00e7onn\u00e9e. Son message, \u00ab Je me voyais mourir. Mais il faut vivre, parce que d\u00e9primer ne changera rien \u00bb, n&rsquo;est pas seulement un constat, mais un v\u00e9ritable appel \u00e0 la r\u00e9silience, invitant chacun \u00e0 chercher en soi la motivation pour avancer, malgr\u00e9 la douleur et les obstacles. Son livre et ses t\u00e9moignages sont autant de phares pour ceux qui traversent des \u00e9preuves similaires, prouvant que m\u00eame dans les moments les plus sombres, la vie peut et doit continuer.<\/p>\n","protected":false},"excerpt":{"rendered":"<p>Liam Di Benedetto, figure bien connue du public pour ses apparitions dans le monde de la t\u00e9l\u00e9-r\u00e9alit\u00e9, s&rsquo;est r\u00e9cemment livr\u00e9e dans une interview poignante, r\u00e9sonnant avec une force particuli\u00e8re : \u00ab Je me voyais mourir. Mais il faut vivre, parce que d\u00e9primer ne changera rien \u00bb. Ces mots, empreints d&rsquo;une r\u00e9silience remarquable, r\u00e9sument un parcours [&hellip;]<\/p>\n","protected":false},"author":4,"featured_media":46623,"comment_status":"open","ping_status":"open","sticky":false,"template":"","format":"standard","meta":{"_yoast_wpseo_title":"INTERVIEW \u2013 Liam Di Benedetto\u00a0: \u00ab\u00a0Je me voyais mourir. Mais il faut vivre","_yoast_wpseo_metadesc":"","_yoast_wpseo_focuskw":"Benedetto\u00a0"},"categories":[5],"tags":[],"class_list":["post-46624","post","type-post","status-publish","format-standard","has-post-thumbnail","hentry","category-divertissement"],"yoast_head":"<!-- This site is optimized with the Yoast SEO plugin v26.3 - https:\/\/yoast.com\/wordpress\/plugins\/seo\/ -->\n<title>INTERVIEW \u2013 Liam Di Benedetto\u00a0: \u00ab\u00a0Je me voyais mourir. Mais il faut vivre<\/title>\n<meta name=\"robots\" content=\"index, follow, max-snippet:-1, max-image-preview:large, max-video-preview:-1\" \/>\n<link rel=\"canonical\" href=\"https:\/\/elukelele.com\/fr\/divertissement\/interview-liam-di-benedetto-je-me-voyais-mourir-mais-il-faut-vivre\/\" \/>\n<meta property=\"og:locale\" content=\"fr_FR\" \/>\n<meta property=\"og:type\" content=\"article\" \/>\n<meta property=\"og:title\" content=\"INTERVIEW \u2013 Liam Di Benedetto\u00a0: \u00ab\u00a0Je me voyais mourir. Mais il faut vivre\" \/>\n<meta property=\"og:description\" content=\"Liam Di Benedetto, figure bien connue du public pour ses apparitions dans le monde de la t\u00e9l\u00e9-r\u00e9alit\u00e9, s&rsquo;est r\u00e9cemment livr\u00e9e dans une interview poignante, r\u00e9sonnant avec une force particuli\u00e8re : \u00ab Je me voyais mourir. Mais il faut vivre, parce que d\u00e9primer ne changera rien \u00bb. Ces mots, empreints d&rsquo;une r\u00e9silience remarquable, r\u00e9sument un parcours [&hellip;]\" \/>\n<meta property=\"og:url\" content=\"https:\/\/elukelele.com\/fr\/divertissement\/interview-liam-di-benedetto-je-me-voyais-mourir-mais-il-faut-vivre\/\" \/>\n<meta property=\"og:site_name\" content=\"El Ukelele\" \/>\n<meta property=\"article:published_time\" content=\"2025-11-29T08:33:27+00:00\" \/>\n<meta property=\"og:image\" content=\"https:\/\/elukelele.com\/fr\/wp-content\/uploads\/2025\/11\/framed_only-948.png\" \/>\n\t<meta property=\"og:image:width\" content=\"1200\" \/>\n\t<meta property=\"og:image:height\" content=\"628\" \/>\n\t<meta property=\"og:image:type\" content=\"image\/png\" \/>\n<meta name=\"author\" content=\"Daniel Perrin\" \/>\n<meta name=\"twitter:card\" content=\"summary_large_image\" \/>\n<meta name=\"twitter:label1\" content=\"\u00c9crit par\" \/>\n\t<meta name=\"twitter:data1\" content=\"Daniel Perrin\" \/>\n\t<meta name=\"twitter:label2\" content=\"Dur\u00e9e de lecture estim\u00e9e\" \/>\n\t<meta name=\"twitter:data2\" content=\"5 minutes\" \/>\n<script type=\"application\/ld+json\" class=\"yoast-schema-graph\">{\"@context\":\"https:\/\/schema.org\",\"@graph\":[{\"@type\":\"WebPage\",\"@id\":\"https:\/\/elukelele.com\/fr\/divertissement\/interview-liam-di-benedetto-je-me-voyais-mourir-mais-il-faut-vivre\/\",\"url\":\"https:\/\/elukelele.com\/fr\/divertissement\/interview-liam-di-benedetto-je-me-voyais-mourir-mais-il-faut-vivre\/\",\"name\":\"INTERVIEW \u2013 Liam Di Benedetto\u00a0: \u00ab\u00a0Je me voyais mourir. Mais il faut vivre\",\"isPartOf\":{\"@id\":\"https:\/\/elukelele.com\/fr\/#website\"},\"primaryImageOfPage\":{\"@id\":\"https:\/\/elukelele.com\/fr\/divertissement\/interview-liam-di-benedetto-je-me-voyais-mourir-mais-il-faut-vivre\/#primaryimage\"},\"image\":{\"@id\":\"https:\/\/elukelele.com\/fr\/divertissement\/interview-liam-di-benedetto-je-me-voyais-mourir-mais-il-faut-vivre\/#primaryimage\"},\"thumbnailUrl\":\"https:\/\/elukelele.com\/fr\/wp-content\/uploads\/2025\/11\/framed_only-948.png\",\"datePublished\":\"2025-11-29T08:33:27+00:00\",\"author\":{\"@id\":\"https:\/\/elukelele.com\/fr\/#\/schema\/person\/ccfb3d2be2ec7fa389608eb6da0b38d6\"},\"breadcrumb\":{\"@id\":\"https:\/\/elukelele.com\/fr\/divertissement\/interview-liam-di-benedetto-je-me-voyais-mourir-mais-il-faut-vivre\/#breadcrumb\"},\"inLanguage\":\"fr-FR\",\"potentialAction\":[{\"@type\":\"ReadAction\",\"target\":[\"https:\/\/elukelele.com\/fr\/divertissement\/interview-liam-di-benedetto-je-me-voyais-mourir-mais-il-faut-vivre\/\"]}]},{\"@type\":\"ImageObject\",\"inLanguage\":\"fr-FR\",\"@id\":\"https:\/\/elukelele.com\/fr\/divertissement\/interview-liam-di-benedetto-je-me-voyais-mourir-mais-il-faut-vivre\/#primaryimage\",\"url\":\"https:\/\/elukelele.com\/fr\/wp-content\/uploads\/2025\/11\/framed_only-948.png\",\"contentUrl\":\"https:\/\/elukelele.com\/fr\/wp-content\/uploads\/2025\/11\/framed_only-948.png\",\"width\":1200,\"height\":628,\"caption\":\"Benedetto\u00a0\"},{\"@type\":\"BreadcrumbList\",\"@id\":\"https:\/\/elukelele.com\/fr\/divertissement\/interview-liam-di-benedetto-je-me-voyais-mourir-mais-il-faut-vivre\/#breadcrumb\",\"itemListElement\":[{\"@type\":\"ListItem\",\"position\":1,\"name\":\"Home\",\"item\":\"https:\/\/elukelele.com\/fr\/\"},{\"@type\":\"ListItem\",\"position\":2,\"name\":\"INTERVIEW \u2013 Liam Di Benedetto\u00a0: \u00ab\u00a0Je me voyais mourir. Mais il faut vivre\"}]},{\"@type\":\"WebSite\",\"@id\":\"https:\/\/elukelele.com\/fr\/#website\",\"url\":\"https:\/\/elukelele.com\/fr\/\",\"name\":\"El Ukelele\",\"description\":\"Musique au-del\u00e0 de l&#039;indie\",\"potentialAction\":[{\"@type\":\"SearchAction\",\"target\":{\"@type\":\"EntryPoint\",\"urlTemplate\":\"https:\/\/elukelele.com\/fr\/?s={search_term_string}\"},\"query-input\":{\"@type\":\"PropertyValueSpecification\",\"valueRequired\":true,\"valueName\":\"search_term_string\"}}],\"inLanguage\":\"fr-FR\"},{\"@type\":\"Person\",\"@id\":\"https:\/\/elukelele.com\/fr\/#\/schema\/person\/ccfb3d2be2ec7fa389608eb6da0b38d6\",\"name\":\"Daniel Perrin\",\"image\":{\"@type\":\"ImageObject\",\"inLanguage\":\"fr-FR\",\"@id\":\"https:\/\/elukelele.com\/fr\/#\/schema\/person\/image\/\",\"url\":\"https:\/\/secure.gravatar.com\/avatar\/37f9d9ffa29ce5640a0d9c6ca8bbd90afb854014296ecaa0e3a558ac716e6fe4?s=96&d=mm&r=g\",\"contentUrl\":\"https:\/\/secure.gravatar.com\/avatar\/37f9d9ffa29ce5640a0d9c6ca8bbd90afb854014296ecaa0e3a558ac716e6fe4?s=96&d=mm&r=g\",\"caption\":\"Daniel Perrin\"},\"sameAs\":[\"https:\/\/elukelele.com\/fr\"],\"url\":\"https:\/\/elukelele.com\/fr\/author\/daniel-perrin\/\"}]}<\/script>\n<!-- \/ Yoast SEO plugin. -->","yoast_head_json":{"title":"INTERVIEW \u2013 Liam Di Benedetto\u00a0: \u00ab\u00a0Je me voyais mourir. Mais il faut vivre","robots":{"index":"index","follow":"follow","max-snippet":"max-snippet:-1","max-image-preview":"max-image-preview:large","max-video-preview":"max-video-preview:-1"},"canonical":"https:\/\/elukelele.com\/fr\/divertissement\/interview-liam-di-benedetto-je-me-voyais-mourir-mais-il-faut-vivre\/","og_locale":"fr_FR","og_type":"article","og_title":"INTERVIEW \u2013 Liam Di Benedetto\u00a0: \u00ab\u00a0Je me voyais mourir. Mais il faut vivre","og_description":"Liam Di Benedetto, figure bien connue du public pour ses apparitions dans le monde de la t\u00e9l\u00e9-r\u00e9alit\u00e9, s&rsquo;est r\u00e9cemment livr\u00e9e dans une interview poignante, r\u00e9sonnant avec une force particuli\u00e8re : \u00ab Je me voyais mourir. Mais il faut vivre, parce que d\u00e9primer ne changera rien \u00bb. Ces mots, empreints d&rsquo;une r\u00e9silience remarquable, r\u00e9sument un parcours [&hellip;]","og_url":"https:\/\/elukelele.com\/fr\/divertissement\/interview-liam-di-benedetto-je-me-voyais-mourir-mais-il-faut-vivre\/","og_site_name":"El Ukelele","article_published_time":"2025-11-29T08:33:27+00:00","og_image":[{"width":1200,"height":628,"url":"https:\/\/elukelele.com\/fr\/wp-content\/uploads\/2025\/11\/framed_only-948.png","type":"image\/png"}],"author":"Daniel Perrin","twitter_card":"summary_large_image","twitter_misc":{"\u00c9crit par":"Daniel Perrin","Dur\u00e9e de lecture estim\u00e9e":"5 minutes"},"schema":{"@context":"https:\/\/schema.org","@graph":[{"@type":"WebPage","@id":"https:\/\/elukelele.com\/fr\/divertissement\/interview-liam-di-benedetto-je-me-voyais-mourir-mais-il-faut-vivre\/","url":"https:\/\/elukelele.com\/fr\/divertissement\/interview-liam-di-benedetto-je-me-voyais-mourir-mais-il-faut-vivre\/","name":"INTERVIEW \u2013 Liam Di Benedetto\u00a0: \u00ab\u00a0Je me voyais mourir. Mais il faut vivre","isPartOf":{"@id":"https:\/\/elukelele.com\/fr\/#website"},"primaryImageOfPage":{"@id":"https:\/\/elukelele.com\/fr\/divertissement\/interview-liam-di-benedetto-je-me-voyais-mourir-mais-il-faut-vivre\/#primaryimage"},"image":{"@id":"https:\/\/elukelele.com\/fr\/divertissement\/interview-liam-di-benedetto-je-me-voyais-mourir-mais-il-faut-vivre\/#primaryimage"},"thumbnailUrl":"https:\/\/elukelele.com\/fr\/wp-content\/uploads\/2025\/11\/framed_only-948.png","datePublished":"2025-11-29T08:33:27+00:00","author":{"@id":"https:\/\/elukelele.com\/fr\/#\/schema\/person\/ccfb3d2be2ec7fa389608eb6da0b38d6"},"breadcrumb":{"@id":"https:\/\/elukelele.com\/fr\/divertissement\/interview-liam-di-benedetto-je-me-voyais-mourir-mais-il-faut-vivre\/#breadcrumb"},"inLanguage":"fr-FR","potentialAction":[{"@type":"ReadAction","target":["https:\/\/elukelele.com\/fr\/divertissement\/interview-liam-di-benedetto-je-me-voyais-mourir-mais-il-faut-vivre\/"]}]},{"@type":"ImageObject","inLanguage":"fr-FR","@id":"https:\/\/elukelele.com\/fr\/divertissement\/interview-liam-di-benedetto-je-me-voyais-mourir-mais-il-faut-vivre\/#primaryimage","url":"https:\/\/elukelele.com\/fr\/wp-content\/uploads\/2025\/11\/framed_only-948.png","contentUrl":"https:\/\/elukelele.com\/fr\/wp-content\/uploads\/2025\/11\/framed_only-948.png","width":1200,"height":628,"caption":"Benedetto\u00a0"},{"@type":"BreadcrumbList","@id":"https:\/\/elukelele.com\/fr\/divertissement\/interview-liam-di-benedetto-je-me-voyais-mourir-mais-il-faut-vivre\/#breadcrumb","itemListElement":[{"@type":"ListItem","position":1,"name":"Home","item":"https:\/\/elukelele.com\/fr\/"},{"@type":"ListItem","position":2,"name":"INTERVIEW \u2013 Liam Di Benedetto\u00a0: \u00ab\u00a0Je me voyais mourir. Mais il faut vivre"}]},{"@type":"WebSite","@id":"https:\/\/elukelele.com\/fr\/#website","url":"https:\/\/elukelele.com\/fr\/","name":"El Ukelele","description":"Musique au-del\u00e0 de l&#039;indie","potentialAction":[{"@type":"SearchAction","target":{"@type":"EntryPoint","urlTemplate":"https:\/\/elukelele.com\/fr\/?s={search_term_string}"},"query-input":{"@type":"PropertyValueSpecification","valueRequired":true,"valueName":"search_term_string"}}],"inLanguage":"fr-FR"},{"@type":"Person","@id":"https:\/\/elukelele.com\/fr\/#\/schema\/person\/ccfb3d2be2ec7fa389608eb6da0b38d6","name":"Daniel Perrin","image":{"@type":"ImageObject","inLanguage":"fr-FR","@id":"https:\/\/elukelele.com\/fr\/#\/schema\/person\/image\/","url":"https:\/\/secure.gravatar.com\/avatar\/37f9d9ffa29ce5640a0d9c6ca8bbd90afb854014296ecaa0e3a558ac716e6fe4?s=96&d=mm&r=g","contentUrl":"https:\/\/secure.gravatar.com\/avatar\/37f9d9ffa29ce5640a0d9c6ca8bbd90afb854014296ecaa0e3a558ac716e6fe4?s=96&d=mm&r=g","caption":"Daniel Perrin"},"sameAs":["https:\/\/elukelele.com\/fr"],"url":"https:\/\/elukelele.com\/fr\/author\/daniel-perrin\/"}]}},"_links":{"self":[{"href":"https:\/\/elukelele.com\/fr\/wp-json\/wp\/v2\/posts\/46624","targetHints":{"allow":["GET"]}}],"collection":[{"href":"https:\/\/elukelele.com\/fr\/wp-json\/wp\/v2\/posts"}],"about":[{"href":"https:\/\/elukelele.com\/fr\/wp-json\/wp\/v2\/types\/post"}],"author":[{"embeddable":true,"href":"https:\/\/elukelele.com\/fr\/wp-json\/wp\/v2\/users\/4"}],"replies":[{"embeddable":true,"href":"https:\/\/elukelele.com\/fr\/wp-json\/wp\/v2\/comments?post=46624"}],"version-history":[{"count":1,"href":"https:\/\/elukelele.com\/fr\/wp-json\/wp\/v2\/posts\/46624\/revisions"}],"predecessor-version":[{"id":46812,"href":"https:\/\/elukelele.com\/fr\/wp-json\/wp\/v2\/posts\/46624\/revisions\/46812"}],"wp:featuredmedia":[{"embeddable":true,"href":"https:\/\/elukelele.com\/fr\/wp-json\/wp\/v2\/media\/46623"}],"wp:attachment":[{"href":"https:\/\/elukelele.com\/fr\/wp-json\/wp\/v2\/media?parent=46624"}],"wp:term":[{"taxonomy":"category","embeddable":true,"href":"https:\/\/elukelele.com\/fr\/wp-json\/wp\/v2\/categories?post=46624"},{"taxonomy":"post_tag","embeddable":true,"href":"https:\/\/elukelele.com\/fr\/wp-json\/wp\/v2\/tags?post=46624"}],"curies":[{"name":"wp","href":"https:\/\/api.w.org\/{rel}","templated":true}]}}