{"id":46607,"date":"2025-11-29T08:25:13","date_gmt":"2025-11-29T08:25:13","guid":{"rendered":"https:\/\/elukelele.com\/fr\/?p=46607"},"modified":"2025-11-29T08:25:14","modified_gmt":"2025-11-29T08:25:14","slug":"a-6-et-4-ans-archie-et-lilibet-realisent-leur-premier-engagement-aupres-de-meghan-et-harry-pour-thanksgiving","status":"publish","type":"post","link":"https:\/\/elukelele.com\/fr\/divertissement\/a-6-et-4-ans-archie-et-lilibet-realisent-leur-premier-engagement-aupres-de-meghan-et-harry-pour-thanksgiving\/","title":{"rendered":"\u00c0 6 et 4 ans Archie et Lilibet r\u00e9alisent leur premier engagement aupr\u00e8s de Meghan et Harry pour Thanksgiving"},"content":{"rendered":"<p>Le Prince Archie, \u00e2g\u00e9 de 6 ans, et la Princesse Lilibet, 4 ans, ont marqu\u00e9 une \u00e9tape significative de leur jeune vie en participant \u00e0 leur tout premier engagement public aux c\u00f4t\u00e9s de leurs parents, le Prince Harry et Meghan Markle, \u00e0 l&rsquo;occasion de Thanksgiving 2025. L&rsquo;\u00e9v\u00e9nement, ax\u00e9 sur le service communautaire, a eu lieu \u00e0 Los Angeles, offrant un aper\u00e7u rare et touchant de la famille Sussex au travail pour une noble cause.<\/p>\n<h2>Un Premier Engagement Riche de Sens pour Archie et Lilibet<\/h2>\n<p>Alors que la Duchesse et le Duc de Sussex ont toujours veill\u00e9 \u00e0 prot\u00e9ger l&rsquo;intimit\u00e9 de leurs enfants, leurs apparitions publiques ont \u00e9t\u00e9 rares depuis leur d\u00e9m\u00e9nagement en Californie. Cependant, pour la p\u00e9riode de Thanksgiving 2025, Harry et Meghan ont choisi de partager ce moment sp\u00e9cial avec Archie et Lilibet, les introduisant de mani\u00e8re significative au volontariat et \u00e0 l&rsquo;importance de donner en retour. Ce premier engagement marque une \u00e9tape cl\u00e9 dans l&rsquo;\u00e9ducation des jeunes princes, soulignant les valeurs d&#8217;empathie et de service que leurs parents s&rsquo;efforcent de leur inculquer.<\/p>\n<p>La d\u00e9cision d&rsquo;impliquer Archie et Lilibet dans une activit\u00e9 caritative pour leurs d\u00e9buts publics refl\u00e8te la philosophie du couple de les \u00e9lever avec une conscience sociale forte, loin des projecteurs traditionnels de la royaut\u00e9. Il s&rsquo;agissait d&rsquo;une occasion pour les enfants de participer concr\u00e8tement \u00e0 l&rsquo;aide apport\u00e9e \u00e0 leur communaut\u00e9, une approche qui correspond aux principes fondateurs de leur organisation, la Fondation Archewell.<\/p>\n<h2>Au C\u0153ur de l&rsquo;Action : Volontariat \u00e0 Our Big Kitchen Los Angeles<\/h2>\n<p>L&rsquo;engagement a eu lieu \u00e0 Our Big Kitchen Los Angeles (OBKLA), une cuisine communautaire \u00e0 but non lucratif qui rassemble des b\u00e9n\u00e9voles pour pr\u00e9parer et distribuer des repas frais aux personnes dans le besoin. Archie et Lilibet se sont joints \u00e0 leurs parents et \u00e0 l&rsquo;\u00e9quipe d&rsquo;Archewell pour aider \u00e0 pr\u00e9parer et emballer des repas pour les Angelenos souffrant d&rsquo;ins\u00e9curit\u00e9 alimentaire.<\/p>\n<p>Des photos et des vid\u00e9os, partag\u00e9es par Meghan sur son compte Instagram et par la Fondation Archewell, ont montr\u00e9 les enfants activement impliqu\u00e9s. Archie, 6 ans, et Lilibet, 4 ans, ont \u00e9t\u00e9 vus en train de rouler des boules de p\u00e2te sur une cha\u00eene de conditionnement, tandis que Harry et Meghan cuisaient des biscuits, coupaient des l\u00e9gumes et emballaient des repas. Les petits portaient des chapeaux Archewell pour l&rsquo;occasion, tandis que Meghan arborait un tablier assorti et Harry un sarrau OBKLA. Meghan a accompagn\u00e9 ses publications de la l\u00e9gende \u00ab\u00a0Show up, do good\u00a0\u00bb (Pr\u00e9sentez-vous, faites le bien), le mantra de leur fondation.<\/p>\n<p>Les repas pr\u00e9par\u00e9s lors de cet \u00e9v\u00e9nement sont destin\u00e9s \u00e0 \u00eatre distribu\u00e9s \u00e0 des \u00e9coles locales, des refuges, des centres pour personnes \u00e2g\u00e9es et d&rsquo;autres organisations communautaires au service des voisins dans le besoin, d\u00e9montrant un impact direct et tangible de leur travail.<\/p>\n<h2>Une \u00c9ducation ax\u00e9e sur le Service et l&rsquo;Empathie<\/h2>\n<p>Cet engagement de Thanksgiving s&rsquo;inscrit dans la continuit\u00e9 des efforts de Harry et Meghan pour offrir \u00e0 leurs enfants une \u00e9ducation ancr\u00e9e dans la r\u00e9alit\u00e9 et le service. Meghan a d\u00e9j\u00e0 parl\u00e9 de l&rsquo;importance d&rsquo;apprendre \u00e0 ses enfants la patience et la valeur de la nourriture \u00e0 travers le jardinage, notamment la culture de l\u00e9gumes dans leur jardin de Montecito. Des moments idylliques o\u00f9 Archie et Lilibet courent dans le jardin pendant que leurs parents s&rsquo;occupent des herbes et des abeilles ont \u00e9t\u00e9 d\u00e9crits comme des \u00ab\u00a0moments ensoleill\u00e9s qui ont rendu une promenade quotidienne un peu plus magique\u00a0\u00bb.<\/p>\n<p>En les exposant d\u00e8s leur plus jeune \u00e2ge \u00e0 des activit\u00e9s b\u00e9n\u00e9voles, le Duc et la Duchesse de Sussex leur montrent l&rsquo;exemple et les encouragent \u00e0 d\u00e9velopper un sens aigu de la responsabilit\u00e9 civique. C&rsquo;est une mani\u00e8re de les pr\u00e9parer \u00e0 comprendre et \u00e0 r\u00e9pondre aux besoins de la communaut\u00e9, des le\u00e7ons pr\u00e9cieuses pour leur avenir.<\/p>\n<h2>Conclusion<\/h2>\n<p>Le premier engagement public d&rsquo;Archie et Lilibet pour Thanksgiving 2025, aux c\u00f4t\u00e9s de Meghan et Harry \u00e0 Our Big Kitchen Los Angeles, repr\u00e9sente bien plus qu&rsquo;une simple apparition. C&rsquo;est un symbole fort de l&rsquo;\u00e9ducation que le couple souhaite donner \u00e0 ses enfants, bas\u00e9e sur le service, l&#8217;empathie et la participation active \u00e0 la vie communautaire. En les faisant \u00ab\u00a0se pr\u00e9senter et faire le bien\u00a0\u00bb, les Sussex offrent \u00e0 leurs enfants une fondation solide pour comprendre l&rsquo;importance de contribuer positivement au monde qui les entoure.<\/p>\n","protected":false},"excerpt":{"rendered":"<p>Le Prince Archie, \u00e2g\u00e9 de 6 ans, et la Princesse Lilibet, 4 ans, ont marqu\u00e9 une \u00e9tape significative de leur jeune vie en participant \u00e0 leur tout premier engagement public aux c\u00f4t\u00e9s de leurs parents, le Prince Harry et Meghan Markle, \u00e0 l&rsquo;occasion de Thanksgiving 2025. L&rsquo;\u00e9v\u00e9nement, ax\u00e9 sur le service communautaire, a eu lieu [&hellip;]<\/p>\n","protected":false},"author":4,"featured_media":46606,"comment_status":"open","ping_status":"open","sticky":false,"template":"","format":"standard","meta":{"_yoast_wpseo_title":"\u00c0 6 et 4 ans Archie et Lilibet r\u00e9alisent leur premier engagement aupr\u00e8s de Meghan et Harry pour Thanksgiving","_yoast_wpseo_metadesc":"","_yoast_wpseo_focuskw":"Meghan"},"categories":[5],"tags":[],"class_list":["post-46607","post","type-post","status-publish","format-standard","has-post-thumbnail","hentry","category-divertissement"],"yoast_head":"<!-- This site is optimized with the Yoast SEO plugin v26.3 - https:\/\/yoast.com\/wordpress\/plugins\/seo\/ -->\n<title>\u00c0 6 et 4 ans Archie et Lilibet r\u00e9alisent leur premier engagement aupr\u00e8s de Meghan et Harry pour Thanksgiving<\/title>\n<meta name=\"robots\" content=\"index, follow, max-snippet:-1, max-image-preview:large, max-video-preview:-1\" \/>\n<link rel=\"canonical\" href=\"https:\/\/elukelele.com\/fr\/divertissement\/a-6-et-4-ans-archie-et-lilibet-realisent-leur-premier-engagement-aupres-de-meghan-et-harry-pour-thanksgiving\/\" \/>\n<meta property=\"og:locale\" content=\"fr_FR\" \/>\n<meta property=\"og:type\" content=\"article\" \/>\n<meta property=\"og:title\" content=\"\u00c0 6 et 4 ans Archie et Lilibet r\u00e9alisent leur premier engagement aupr\u00e8s de Meghan et Harry pour Thanksgiving\" \/>\n<meta property=\"og:description\" content=\"Le Prince Archie, \u00e2g\u00e9 de 6 ans, et la Princesse Lilibet, 4 ans, ont marqu\u00e9 une \u00e9tape significative de leur jeune vie en participant \u00e0 leur tout premier engagement public aux c\u00f4t\u00e9s de leurs parents, le Prince Harry et Meghan Markle, \u00e0 l&rsquo;occasion de Thanksgiving 2025. L&rsquo;\u00e9v\u00e9nement, ax\u00e9 sur le service communautaire, a eu lieu [&hellip;]\" \/>\n<meta property=\"og:url\" content=\"https:\/\/elukelele.com\/fr\/divertissement\/a-6-et-4-ans-archie-et-lilibet-realisent-leur-premier-engagement-aupres-de-meghan-et-harry-pour-thanksgiving\/\" \/>\n<meta property=\"og:site_name\" content=\"El Ukelele\" \/>\n<meta property=\"article:published_time\" content=\"2025-11-29T08:25:13+00:00\" \/>\n<meta property=\"article:modified_time\" content=\"2025-11-29T08:25:14+00:00\" \/>\n<meta property=\"og:image\" content=\"https:\/\/elukelele.com\/fr\/wp-content\/uploads\/2025\/11\/framed_only-940.png\" \/>\n\t<meta property=\"og:image:width\" content=\"1200\" \/>\n\t<meta property=\"og:image:height\" content=\"628\" \/>\n\t<meta property=\"og:image:type\" content=\"image\/png\" \/>\n<meta name=\"author\" content=\"Daniel Perrin\" \/>\n<meta name=\"twitter:card\" content=\"summary_large_image\" \/>\n<meta name=\"twitter:label1\" content=\"\u00c9crit par\" \/>\n\t<meta name=\"twitter:data1\" content=\"Daniel Perrin\" \/>\n\t<meta name=\"twitter:label2\" content=\"Dur\u00e9e de lecture estim\u00e9e\" \/>\n\t<meta name=\"twitter:data2\" content=\"4 minutes\" \/>\n<script type=\"application\/ld+json\" class=\"yoast-schema-graph\">{\"@context\":\"https:\/\/schema.org\",\"@graph\":[{\"@type\":\"WebPage\",\"@id\":\"https:\/\/elukelele.com\/fr\/divertissement\/a-6-et-4-ans-archie-et-lilibet-realisent-leur-premier-engagement-aupres-de-meghan-et-harry-pour-thanksgiving\/\",\"url\":\"https:\/\/elukelele.com\/fr\/divertissement\/a-6-et-4-ans-archie-et-lilibet-realisent-leur-premier-engagement-aupres-de-meghan-et-harry-pour-thanksgiving\/\",\"name\":\"\u00c0 6 et 4 ans Archie et Lilibet r\u00e9alisent leur premier engagement aupr\u00e8s de Meghan et Harry pour Thanksgiving\",\"isPartOf\":{\"@id\":\"https:\/\/elukelele.com\/fr\/#website\"},\"primaryImageOfPage\":{\"@id\":\"https:\/\/elukelele.com\/fr\/divertissement\/a-6-et-4-ans-archie-et-lilibet-realisent-leur-premier-engagement-aupres-de-meghan-et-harry-pour-thanksgiving\/#primaryimage\"},\"image\":{\"@id\":\"https:\/\/elukelele.com\/fr\/divertissement\/a-6-et-4-ans-archie-et-lilibet-realisent-leur-premier-engagement-aupres-de-meghan-et-harry-pour-thanksgiving\/#primaryimage\"},\"thumbnailUrl\":\"https:\/\/elukelele.com\/fr\/wp-content\/uploads\/2025\/11\/framed_only-940.png\",\"datePublished\":\"2025-11-29T08:25:13+00:00\",\"dateModified\":\"2025-11-29T08:25:14+00:00\",\"author\":{\"@id\":\"https:\/\/elukelele.com\/fr\/#\/schema\/person\/ccfb3d2be2ec7fa389608eb6da0b38d6\"},\"breadcrumb\":{\"@id\":\"https:\/\/elukelele.com\/fr\/divertissement\/a-6-et-4-ans-archie-et-lilibet-realisent-leur-premier-engagement-aupres-de-meghan-et-harry-pour-thanksgiving\/#breadcrumb\"},\"inLanguage\":\"fr-FR\",\"potentialAction\":[{\"@type\":\"ReadAction\",\"target\":[\"https:\/\/elukelele.com\/fr\/divertissement\/a-6-et-4-ans-archie-et-lilibet-realisent-leur-premier-engagement-aupres-de-meghan-et-harry-pour-thanksgiving\/\"]}]},{\"@type\":\"ImageObject\",\"inLanguage\":\"fr-FR\",\"@id\":\"https:\/\/elukelele.com\/fr\/divertissement\/a-6-et-4-ans-archie-et-lilibet-realisent-leur-premier-engagement-aupres-de-meghan-et-harry-pour-thanksgiving\/#primaryimage\",\"url\":\"https:\/\/elukelele.com\/fr\/wp-content\/uploads\/2025\/11\/framed_only-940.png\",\"contentUrl\":\"https:\/\/elukelele.com\/fr\/wp-content\/uploads\/2025\/11\/framed_only-940.png\",\"width\":1200,\"height\":628,\"caption\":\"Meghan\"},{\"@type\":\"BreadcrumbList\",\"@id\":\"https:\/\/elukelele.com\/fr\/divertissement\/a-6-et-4-ans-archie-et-lilibet-realisent-leur-premier-engagement-aupres-de-meghan-et-harry-pour-thanksgiving\/#breadcrumb\",\"itemListElement\":[{\"@type\":\"ListItem\",\"position\":1,\"name\":\"Home\",\"item\":\"https:\/\/elukelele.com\/fr\/\"},{\"@type\":\"ListItem\",\"position\":2,\"name\":\"\u00c0 6 et 4 ans Archie et Lilibet r\u00e9alisent leur premier engagement aupr\u00e8s de Meghan et Harry pour Thanksgiving\"}]},{\"@type\":\"WebSite\",\"@id\":\"https:\/\/elukelele.com\/fr\/#website\",\"url\":\"https:\/\/elukelele.com\/fr\/\",\"name\":\"El Ukelele\",\"description\":\"Musique au-del\u00e0 de l&#039;indie\",\"potentialAction\":[{\"@type\":\"SearchAction\",\"target\":{\"@type\":\"EntryPoint\",\"urlTemplate\":\"https:\/\/elukelele.com\/fr\/?s={search_term_string}\"},\"query-input\":{\"@type\":\"PropertyValueSpecification\",\"valueRequired\":true,\"valueName\":\"search_term_string\"}}],\"inLanguage\":\"fr-FR\"},{\"@type\":\"Person\",\"@id\":\"https:\/\/elukelele.com\/fr\/#\/schema\/person\/ccfb3d2be2ec7fa389608eb6da0b38d6\",\"name\":\"Daniel Perrin\",\"image\":{\"@type\":\"ImageObject\",\"inLanguage\":\"fr-FR\",\"@id\":\"https:\/\/elukelele.com\/fr\/#\/schema\/person\/image\/\",\"url\":\"https:\/\/secure.gravatar.com\/avatar\/37f9d9ffa29ce5640a0d9c6ca8bbd90afb854014296ecaa0e3a558ac716e6fe4?s=96&d=mm&r=g\",\"contentUrl\":\"https:\/\/secure.gravatar.com\/avatar\/37f9d9ffa29ce5640a0d9c6ca8bbd90afb854014296ecaa0e3a558ac716e6fe4?s=96&d=mm&r=g\",\"caption\":\"Daniel Perrin\"},\"sameAs\":[\"https:\/\/elukelele.com\/fr\"],\"url\":\"https:\/\/elukelele.com\/fr\/author\/daniel-perrin\/\"}]}<\/script>\n<!-- \/ Yoast SEO plugin. -->","yoast_head_json":{"title":"\u00c0 6 et 4 ans Archie et Lilibet r\u00e9alisent leur premier engagement aupr\u00e8s de Meghan et Harry pour Thanksgiving","robots":{"index":"index","follow":"follow","max-snippet":"max-snippet:-1","max-image-preview":"max-image-preview:large","max-video-preview":"max-video-preview:-1"},"canonical":"https:\/\/elukelele.com\/fr\/divertissement\/a-6-et-4-ans-archie-et-lilibet-realisent-leur-premier-engagement-aupres-de-meghan-et-harry-pour-thanksgiving\/","og_locale":"fr_FR","og_type":"article","og_title":"\u00c0 6 et 4 ans Archie et Lilibet r\u00e9alisent leur premier engagement aupr\u00e8s de Meghan et Harry pour Thanksgiving","og_description":"Le Prince Archie, \u00e2g\u00e9 de 6 ans, et la Princesse Lilibet, 4 ans, ont marqu\u00e9 une \u00e9tape significative de leur jeune vie en participant \u00e0 leur tout premier engagement public aux c\u00f4t\u00e9s de leurs parents, le Prince Harry et Meghan Markle, \u00e0 l&rsquo;occasion de Thanksgiving 2025. L&rsquo;\u00e9v\u00e9nement, ax\u00e9 sur le service communautaire, a eu lieu [&hellip;]","og_url":"https:\/\/elukelele.com\/fr\/divertissement\/a-6-et-4-ans-archie-et-lilibet-realisent-leur-premier-engagement-aupres-de-meghan-et-harry-pour-thanksgiving\/","og_site_name":"El Ukelele","article_published_time":"2025-11-29T08:25:13+00:00","article_modified_time":"2025-11-29T08:25:14+00:00","og_image":[{"width":1200,"height":628,"url":"https:\/\/elukelele.com\/fr\/wp-content\/uploads\/2025\/11\/framed_only-940.png","type":"image\/png"}],"author":"Daniel Perrin","twitter_card":"summary_large_image","twitter_misc":{"\u00c9crit par":"Daniel Perrin","Dur\u00e9e de lecture estim\u00e9e":"4 minutes"},"schema":{"@context":"https:\/\/schema.org","@graph":[{"@type":"WebPage","@id":"https:\/\/elukelele.com\/fr\/divertissement\/a-6-et-4-ans-archie-et-lilibet-realisent-leur-premier-engagement-aupres-de-meghan-et-harry-pour-thanksgiving\/","url":"https:\/\/elukelele.com\/fr\/divertissement\/a-6-et-4-ans-archie-et-lilibet-realisent-leur-premier-engagement-aupres-de-meghan-et-harry-pour-thanksgiving\/","name":"\u00c0 6 et 4 ans Archie et Lilibet r\u00e9alisent leur premier engagement aupr\u00e8s de Meghan et Harry pour Thanksgiving","isPartOf":{"@id":"https:\/\/elukelele.com\/fr\/#website"},"primaryImageOfPage":{"@id":"https:\/\/elukelele.com\/fr\/divertissement\/a-6-et-4-ans-archie-et-lilibet-realisent-leur-premier-engagement-aupres-de-meghan-et-harry-pour-thanksgiving\/#primaryimage"},"image":{"@id":"https:\/\/elukelele.com\/fr\/divertissement\/a-6-et-4-ans-archie-et-lilibet-realisent-leur-premier-engagement-aupres-de-meghan-et-harry-pour-thanksgiving\/#primaryimage"},"thumbnailUrl":"https:\/\/elukelele.com\/fr\/wp-content\/uploads\/2025\/11\/framed_only-940.png","datePublished":"2025-11-29T08:25:13+00:00","dateModified":"2025-11-29T08:25:14+00:00","author":{"@id":"https:\/\/elukelele.com\/fr\/#\/schema\/person\/ccfb3d2be2ec7fa389608eb6da0b38d6"},"breadcrumb":{"@id":"https:\/\/elukelele.com\/fr\/divertissement\/a-6-et-4-ans-archie-et-lilibet-realisent-leur-premier-engagement-aupres-de-meghan-et-harry-pour-thanksgiving\/#breadcrumb"},"inLanguage":"fr-FR","potentialAction":[{"@type":"ReadAction","target":["https:\/\/elukelele.com\/fr\/divertissement\/a-6-et-4-ans-archie-et-lilibet-realisent-leur-premier-engagement-aupres-de-meghan-et-harry-pour-thanksgiving\/"]}]},{"@type":"ImageObject","inLanguage":"fr-FR","@id":"https:\/\/elukelele.com\/fr\/divertissement\/a-6-et-4-ans-archie-et-lilibet-realisent-leur-premier-engagement-aupres-de-meghan-et-harry-pour-thanksgiving\/#primaryimage","url":"https:\/\/elukelele.com\/fr\/wp-content\/uploads\/2025\/11\/framed_only-940.png","contentUrl":"https:\/\/elukelele.com\/fr\/wp-content\/uploads\/2025\/11\/framed_only-940.png","width":1200,"height":628,"caption":"Meghan"},{"@type":"BreadcrumbList","@id":"https:\/\/elukelele.com\/fr\/divertissement\/a-6-et-4-ans-archie-et-lilibet-realisent-leur-premier-engagement-aupres-de-meghan-et-harry-pour-thanksgiving\/#breadcrumb","itemListElement":[{"@type":"ListItem","position":1,"name":"Home","item":"https:\/\/elukelele.com\/fr\/"},{"@type":"ListItem","position":2,"name":"\u00c0 6 et 4 ans Archie et Lilibet r\u00e9alisent leur premier engagement aupr\u00e8s de Meghan et Harry pour Thanksgiving"}]},{"@type":"WebSite","@id":"https:\/\/elukelele.com\/fr\/#website","url":"https:\/\/elukelele.com\/fr\/","name":"El Ukelele","description":"Musique au-del\u00e0 de l&#039;indie","potentialAction":[{"@type":"SearchAction","target":{"@type":"EntryPoint","urlTemplate":"https:\/\/elukelele.com\/fr\/?s={search_term_string}"},"query-input":{"@type":"PropertyValueSpecification","valueRequired":true,"valueName":"search_term_string"}}],"inLanguage":"fr-FR"},{"@type":"Person","@id":"https:\/\/elukelele.com\/fr\/#\/schema\/person\/ccfb3d2be2ec7fa389608eb6da0b38d6","name":"Daniel Perrin","image":{"@type":"ImageObject","inLanguage":"fr-FR","@id":"https:\/\/elukelele.com\/fr\/#\/schema\/person\/image\/","url":"https:\/\/secure.gravatar.com\/avatar\/37f9d9ffa29ce5640a0d9c6ca8bbd90afb854014296ecaa0e3a558ac716e6fe4?s=96&d=mm&r=g","contentUrl":"https:\/\/secure.gravatar.com\/avatar\/37f9d9ffa29ce5640a0d9c6ca8bbd90afb854014296ecaa0e3a558ac716e6fe4?s=96&d=mm&r=g","caption":"Daniel Perrin"},"sameAs":["https:\/\/elukelele.com\/fr"],"url":"https:\/\/elukelele.com\/fr\/author\/daniel-perrin\/"}]}},"_links":{"self":[{"href":"https:\/\/elukelele.com\/fr\/wp-json\/wp\/v2\/posts\/46607","targetHints":{"allow":["GET"]}}],"collection":[{"href":"https:\/\/elukelele.com\/fr\/wp-json\/wp\/v2\/posts"}],"about":[{"href":"https:\/\/elukelele.com\/fr\/wp-json\/wp\/v2\/types\/post"}],"author":[{"embeddable":true,"href":"https:\/\/elukelele.com\/fr\/wp-json\/wp\/v2\/users\/4"}],"replies":[{"embeddable":true,"href":"https:\/\/elukelele.com\/fr\/wp-json\/wp\/v2\/comments?post=46607"}],"version-history":[{"count":1,"href":"https:\/\/elukelele.com\/fr\/wp-json\/wp\/v2\/posts\/46607\/revisions"}],"predecessor-version":[{"id":46809,"href":"https:\/\/elukelele.com\/fr\/wp-json\/wp\/v2\/posts\/46607\/revisions\/46809"}],"wp:featuredmedia":[{"embeddable":true,"href":"https:\/\/elukelele.com\/fr\/wp-json\/wp\/v2\/media\/46606"}],"wp:attachment":[{"href":"https:\/\/elukelele.com\/fr\/wp-json\/wp\/v2\/media?parent=46607"}],"wp:term":[{"taxonomy":"category","embeddable":true,"href":"https:\/\/elukelele.com\/fr\/wp-json\/wp\/v2\/categories?post=46607"},{"taxonomy":"post_tag","embeddable":true,"href":"https:\/\/elukelele.com\/fr\/wp-json\/wp\/v2\/tags?post=46607"}],"curies":[{"name":"wp","href":"https:\/\/api.w.org\/{rel}","templated":true}]}}