{"id":46584,"date":"2025-11-29T07:27:54","date_gmt":"2025-11-29T07:27:54","guid":{"rendered":"https:\/\/elukelele.com\/fr\/?p=46584"},"modified":"2025-11-29T07:27:54","modified_gmt":"2025-11-29T07:27:54","slug":"controle-coercitif-nez-casse-alexandra-rosenfeld-sexprime-a-lassemblee-sur-les-violences-de-jean-imbert","status":"publish","type":"post","link":"https:\/\/elukelele.com\/fr\/divertissement\/controle-coercitif-nez-casse-alexandra-rosenfeld-sexprime-a-lassemblee-sur-les-violences-de-jean-imbert\/","title":{"rendered":"Contro\u0302le coercitif, nez casse\u0301&#8230; Alexandra Rosenfeld s\u2019exprime a\u0300 l\u2019Assemble\u0301e sur les violences de Jean Imbert"},"content":{"rendered":"<p>L&rsquo;ancienne Miss France Alexandra Rosenfeld a r\u00e9cemment pris la parole devant la D\u00e9l\u00e9gation aux droits des femmes de l&rsquo;Assembl\u00e9e nationale, offrant un t\u00e9moignage poignant et d\u00e9taill\u00e9 sur les violences qu&rsquo;elle attribue au chef \u00e9toil\u00e9 Jean Imbert. Son intervention, particuli\u00e8rement ax\u00e9e sur le concept de contr\u00f4le coercitif, ainsi que des all\u00e9gations de violences physiques, dont un nez cass\u00e9, a mis en lumi\u00e8re la complexit\u00e9 et l&rsquo;impact d\u00e9vastateur de ce type d&rsquo;abus. Ce t\u00e9moignage intervient apr\u00e8s qu&rsquo;elle ait r\u00e9v\u00e9l\u00e9 publiquement son identit\u00e9, faisant suite \u00e0 une enqu\u00eate men\u00e9e par ELLE o\u00f9 elle avait initialement t\u00e9moign\u00e9 anonymement.<\/p>\n<p>Le fait qu&rsquo;une personnalit\u00e9 publique comme Alexandra Rosenfeld s&rsquo;exprime devant une instance l\u00e9gislative conf\u00e8re une nouvelle dimension \u00e0 la lutte contre les violences conjugales et le contr\u00f4le coercitif, encourageant d&rsquo;autres victimes \u00e0 briser le silence.<\/p>\n<h2>Alexandra Rosenfeld \u00e0 l&rsquo;Assembl\u00e9e Nationale : Une Voix Contre les Violences Conjugales<\/h2>\n<p>Invit\u00e9e par la D\u00e9l\u00e9gation aux droits des femmes de l&rsquo;Assembl\u00e9e nationale, Alexandra Rosenfeld est intervenue lors d&rsquo;une table ronde visant \u00e0 dresser un bilan des avanc\u00e9es six ans apr\u00e8s le Grenelle des violences conjugales, un \u00e9lan majeur n\u00e9 dans le sillage du mouvement #MeToo. Son intervention a \u00e9t\u00e9 un moment cl\u00e9 de cette rencontre r\u00e9unissant associations, \u00e9lus, familles et professionnels engag\u00e9s dans la pr\u00e9vention et la lutte contre ces violences.<\/p>\n<p>Durant son allocution, elle a partag\u00e9 son exp\u00e9rience personnelle, d\u00e9crivant une relation marqu\u00e9e par des violences psychologiques et physiques qu&rsquo;elle impute \u00e0 Jean Imbert. Elle a sp\u00e9cifiquement qualifi\u00e9 cette relation de \u00ab\u00a0contr\u00f4le coercitif\u00a0\u00bb, offrant ainsi un \u00e9clairage sur une forme de violence souvent insidieuse et difficilement identifiable.<\/p>\n<h2>Le T\u00e9moignage d&rsquo;Alexandra Rosenfeld : Au-del\u00e0 de l&rsquo;Anonymat<\/h2>\n<p>Avant de prendre la parole publiquement \u00e0 l&rsquo;Assembl\u00e9e nationale, Alexandra Rosenfeld avait d\u00e9j\u00e0 apport\u00e9 son t\u00e9moignage dans le cadre d&rsquo;une enqu\u00eate exclusive men\u00e9e par le magazine ELLE. Initialement anonyme, sa d\u00e9cision de r\u00e9v\u00e9ler son nom s&rsquo;est av\u00e9r\u00e9e cruciale pour que son r\u00e9cit, et celui de trois autres ex-compagnes de Jean Imbert, soit pris au s\u00e9rieux et re\u00e7oive l&rsquo;attention qu&rsquo;il m\u00e9ritait.<\/p>\n<p>Ce choix courageux d&rsquo;Alexandra Rosenfeld a permis de donner un visage et une voix \u00e0 des all\u00e9gations graves, notamment des \u00ab\u00a0rabaissements quotidiens\u00a0\u00bb et des violences physiques, dont un nez cass\u00e9, qui ont marqu\u00e9 sa relation avec le chef. En sortant de l&rsquo;anonymat, elle a contribu\u00e9 \u00e0 renforcer la cr\u00e9dibilit\u00e9 de ces accusations et \u00e0 encourager une prise de conscience collective sur la r\u00e9alit\u00e9 de ces comportements.<\/p>\n<h2>Comprendre le Contr\u00f4le Coercitif<\/h2>\n<p>Au c\u0153ur du t\u00e9moignage d&rsquo;Alexandra Rosenfeld se trouve la notion de contr\u00f4le coercitif. Devant les d\u00e9put\u00e9s, elle a d\u00e9fini ce concept comme un ensemble de comportements insidieux et r\u00e9p\u00e9t\u00e9s visant \u00e0 priver une personne de son autonomie et de sa libert\u00e9. Le contr\u00f4le coercitif n&rsquo;est pas toujours manifeste par des actes de violence physique isol\u00e9s, mais se caract\u00e9rise par une emprise progressive et constante, incluant des humiliations, des menaces, de l&rsquo;isolement, et une surveillance constante.<\/p>\n<p>Ces tactiques ont pour but d&rsquo;instaurer un climat de peur et de d\u00e9pendance, o\u00f9 la victime perd progressivement sa capacit\u00e9 \u00e0 agir et \u00e0 d\u00e9cider librement. Le t\u00e9moignage de Rosenfeld a mis en lumi\u00e8re comment de tels comportements peuvent s&rsquo;installer dans une relation, affectant profond\u00e9ment la victime sur le long terme.<\/p>\n<h2>Les All\u00e9gations Contre Jean Imbert et l&rsquo;Impact Public<\/h2>\n<p>Les r\u00e9v\u00e9lations d&rsquo;Alexandra Rosenfeld et de trois autres ex-compagnes ont entra\u00een\u00e9 des accusations s\u00e9rieuses de violences conjugales \u00e0 l&rsquo;encontre du chef Jean Imbert. Ces t\u00e9moignages ont eu un \u00e9cho important dans l&rsquo;espace public, suscitant un d\u00e9bat n\u00e9cessaire sur la reconnaissance et la prise en charge des victimes de violences, y compris celles exerc\u00e9es par des personnalit\u00e9s connues. L&rsquo;affaire soul\u00e8ve des questions importantes sur la mani\u00e8re dont la soci\u00e9t\u00e9 identifie, d\u00e9nonce et r\u00e9agit face \u00e0 ces situations.<\/p>\n<h2>FAQ<\/h2>\n<h3>Qu&rsquo;est-ce que le contr\u00f4le coercitif ?<\/h3>\n<p>Le contr\u00f4le coercitif est une forme de violence domestique caract\u00e9ris\u00e9e par un ensemble de comportements, d&rsquo;actes ou de menaces qui limitent la libert\u00e9 et l&rsquo;autonomie d&rsquo;une personne. Il peut inclure l&rsquo;isolement social, la surveillance constante, le contr\u00f4le financier, les humiliations, les menaces, et d&rsquo;autres tactiques visant \u00e0 instaurer une domination et une d\u00e9pendance chez la victime.<\/p>\n<h3>Pourquoi le t\u00e9moignage d&rsquo;Alexandra Rosenfeld est-il important ?<\/h3>\n<p>Le t\u00e9moignage d&rsquo;Alexandra Rosenfeld est important car il met en lumi\u00e8re le contr\u00f4le coercitif, une forme de violence souvent mal comprise, et il le fait \u00e0 travers la voix d&rsquo;une personnalit\u00e9 publique. En s&rsquo;exprimant \u00e0 l&rsquo;Assembl\u00e9e nationale et en r\u00e9v\u00e9lant son identit\u00e9, elle aide \u00e0 d\u00e9stigmatiser les victimes et \u00e0 sensibiliser le grand public et les l\u00e9gislateurs \u00e0 ces probl\u00e9matiques, renfor\u00e7ant ainsi la lutte contre les violences conjugales.<\/p>\n<h3>Qu&rsquo;est-ce que le Grenelle des violences conjugales ?<\/h3>\n<p>Le Grenelle des violences conjugales est une concertation nationale lanc\u00e9e en France en 2019, visant \u00e0 am\u00e9liorer la prise en charge des victimes et \u00e0 renforcer les dispositifs de lutte contre les violences conjugales et intrafamiliales. Il a abouti \u00e0 de nombreuses mesures l\u00e9gislatives et pratiques.<\/p>\n<h2>Conclusion<\/h2>\n<p>Le courage d&rsquo;Alexandra Rosenfeld de s&rsquo;exprimer devant l&rsquo;Assembl\u00e9e nationale sur le contr\u00f4le coercitif et les violences, y compris le nez cass\u00e9 qu&rsquo;elle impute \u00e0 Jean Imbert, repr\u00e9sente une \u00e9tape significative dans la sensibilisation \u00e0 ces probl\u00e9matiques. Son t\u00e9moignage, d&rsquo;abord anonyme puis \u00e0 visage d\u00e9couvert, souligne la n\u00e9cessit\u00e9 de reconna\u00eetre toutes les formes de violence et d&rsquo;offrir un soutien ad\u00e9quat aux victimes. Cet acte renforce l&rsquo;appel \u00e0 une action collective et continue pour \u00e9radiquer les violences conjugales et le contr\u00f4le coercitif, et pour garantir que la parole des victimes soit toujours entendue et prise au s\u00e9rieux.<\/p>\n","protected":false},"excerpt":{"rendered":"<p>L&rsquo;ancienne Miss France Alexandra Rosenfeld a r\u00e9cemment pris la parole devant la D\u00e9l\u00e9gation aux droits des femmes de l&rsquo;Assembl\u00e9e nationale, offrant un t\u00e9moignage poignant et d\u00e9taill\u00e9 sur les violences qu&rsquo;elle attribue au chef \u00e9toil\u00e9 Jean Imbert. Son intervention, particuli\u00e8rement ax\u00e9e sur le concept de contr\u00f4le coercitif, ainsi que des all\u00e9gations de violences physiques, dont un [&hellip;]<\/p>\n","protected":false},"author":4,"featured_media":46583,"comment_status":"open","ping_status":"open","sticky":false,"template":"","format":"standard","meta":{"_yoast_wpseo_title":"Contro\u0302le coercitif, nez casse\u0301... Alexandra Rosenfeld s\u2019exprime","_yoast_wpseo_metadesc":"","_yoast_wpseo_focuskw":"Alexandra"},"categories":[5],"tags":[],"class_list":["post-46584","post","type-post","status-publish","format-standard","has-post-thumbnail","hentry","category-divertissement"],"yoast_head":"<!-- This site is optimized with the Yoast SEO plugin v26.3 - https:\/\/yoast.com\/wordpress\/plugins\/seo\/ -->\n<title>Contro\u0302le coercitif, nez casse\u0301... Alexandra Rosenfeld s\u2019exprime<\/title>\n<meta name=\"robots\" content=\"index, follow, max-snippet:-1, max-image-preview:large, max-video-preview:-1\" \/>\n<link rel=\"canonical\" href=\"https:\/\/elukelele.com\/fr\/divertissement\/controle-coercitif-nez-casse-alexandra-rosenfeld-sexprime-a-lassemblee-sur-les-violences-de-jean-imbert\/\" \/>\n<meta property=\"og:locale\" content=\"fr_FR\" \/>\n<meta property=\"og:type\" content=\"article\" \/>\n<meta property=\"og:title\" content=\"Contro\u0302le coercitif, nez casse\u0301... Alexandra Rosenfeld s\u2019exprime\" \/>\n<meta property=\"og:description\" content=\"L&rsquo;ancienne Miss France Alexandra Rosenfeld a r\u00e9cemment pris la parole devant la D\u00e9l\u00e9gation aux droits des femmes de l&rsquo;Assembl\u00e9e nationale, offrant un t\u00e9moignage poignant et d\u00e9taill\u00e9 sur les violences qu&rsquo;elle attribue au chef \u00e9toil\u00e9 Jean Imbert. Son intervention, particuli\u00e8rement ax\u00e9e sur le concept de contr\u00f4le coercitif, ainsi que des all\u00e9gations de violences physiques, dont un [&hellip;]\" \/>\n<meta property=\"og:url\" content=\"https:\/\/elukelele.com\/fr\/divertissement\/controle-coercitif-nez-casse-alexandra-rosenfeld-sexprime-a-lassemblee-sur-les-violences-de-jean-imbert\/\" \/>\n<meta property=\"og:site_name\" content=\"El Ukelele\" \/>\n<meta property=\"article:published_time\" content=\"2025-11-29T07:27:54+00:00\" \/>\n<meta property=\"og:image\" content=\"https:\/\/elukelele.com\/fr\/wp-content\/uploads\/2025\/11\/framed_only-929.png\" \/>\n\t<meta property=\"og:image:width\" content=\"1200\" \/>\n\t<meta property=\"og:image:height\" content=\"628\" \/>\n\t<meta property=\"og:image:type\" content=\"image\/png\" \/>\n<meta name=\"author\" content=\"Daniel Perrin\" \/>\n<meta name=\"twitter:card\" content=\"summary_large_image\" \/>\n<meta name=\"twitter:label1\" content=\"\u00c9crit par\" \/>\n\t<meta name=\"twitter:data1\" content=\"Daniel Perrin\" \/>\n\t<meta name=\"twitter:label2\" content=\"Dur\u00e9e de lecture estim\u00e9e\" \/>\n\t<meta name=\"twitter:data2\" content=\"5 minutes\" \/>\n<script type=\"application\/ld+json\" class=\"yoast-schema-graph\">{\"@context\":\"https:\/\/schema.org\",\"@graph\":[{\"@type\":\"WebPage\",\"@id\":\"https:\/\/elukelele.com\/fr\/divertissement\/controle-coercitif-nez-casse-alexandra-rosenfeld-sexprime-a-lassemblee-sur-les-violences-de-jean-imbert\/\",\"url\":\"https:\/\/elukelele.com\/fr\/divertissement\/controle-coercitif-nez-casse-alexandra-rosenfeld-sexprime-a-lassemblee-sur-les-violences-de-jean-imbert\/\",\"name\":\"Contro\u0302le coercitif, nez casse\u0301... Alexandra Rosenfeld s\u2019exprime\",\"isPartOf\":{\"@id\":\"https:\/\/elukelele.com\/fr\/#website\"},\"primaryImageOfPage\":{\"@id\":\"https:\/\/elukelele.com\/fr\/divertissement\/controle-coercitif-nez-casse-alexandra-rosenfeld-sexprime-a-lassemblee-sur-les-violences-de-jean-imbert\/#primaryimage\"},\"image\":{\"@id\":\"https:\/\/elukelele.com\/fr\/divertissement\/controle-coercitif-nez-casse-alexandra-rosenfeld-sexprime-a-lassemblee-sur-les-violences-de-jean-imbert\/#primaryimage\"},\"thumbnailUrl\":\"https:\/\/elukelele.com\/fr\/wp-content\/uploads\/2025\/11\/framed_only-929.png\",\"datePublished\":\"2025-11-29T07:27:54+00:00\",\"author\":{\"@id\":\"https:\/\/elukelele.com\/fr\/#\/schema\/person\/ccfb3d2be2ec7fa389608eb6da0b38d6\"},\"breadcrumb\":{\"@id\":\"https:\/\/elukelele.com\/fr\/divertissement\/controle-coercitif-nez-casse-alexandra-rosenfeld-sexprime-a-lassemblee-sur-les-violences-de-jean-imbert\/#breadcrumb\"},\"inLanguage\":\"fr-FR\",\"potentialAction\":[{\"@type\":\"ReadAction\",\"target\":[\"https:\/\/elukelele.com\/fr\/divertissement\/controle-coercitif-nez-casse-alexandra-rosenfeld-sexprime-a-lassemblee-sur-les-violences-de-jean-imbert\/\"]}]},{\"@type\":\"ImageObject\",\"inLanguage\":\"fr-FR\",\"@id\":\"https:\/\/elukelele.com\/fr\/divertissement\/controle-coercitif-nez-casse-alexandra-rosenfeld-sexprime-a-lassemblee-sur-les-violences-de-jean-imbert\/#primaryimage\",\"url\":\"https:\/\/elukelele.com\/fr\/wp-content\/uploads\/2025\/11\/framed_only-929.png\",\"contentUrl\":\"https:\/\/elukelele.com\/fr\/wp-content\/uploads\/2025\/11\/framed_only-929.png\",\"width\":1200,\"height\":628,\"caption\":\"Alexandra\"},{\"@type\":\"BreadcrumbList\",\"@id\":\"https:\/\/elukelele.com\/fr\/divertissement\/controle-coercitif-nez-casse-alexandra-rosenfeld-sexprime-a-lassemblee-sur-les-violences-de-jean-imbert\/#breadcrumb\",\"itemListElement\":[{\"@type\":\"ListItem\",\"position\":1,\"name\":\"Home\",\"item\":\"https:\/\/elukelele.com\/fr\/\"},{\"@type\":\"ListItem\",\"position\":2,\"name\":\"Contro\u0302le coercitif, nez casse\u0301&#8230; Alexandra Rosenfeld s\u2019exprime a\u0300 l\u2019Assemble\u0301e sur les violences de Jean Imbert\"}]},{\"@type\":\"WebSite\",\"@id\":\"https:\/\/elukelele.com\/fr\/#website\",\"url\":\"https:\/\/elukelele.com\/fr\/\",\"name\":\"El Ukelele\",\"description\":\"Musique au-del\u00e0 de l&#039;indie\",\"potentialAction\":[{\"@type\":\"SearchAction\",\"target\":{\"@type\":\"EntryPoint\",\"urlTemplate\":\"https:\/\/elukelele.com\/fr\/?s={search_term_string}\"},\"query-input\":{\"@type\":\"PropertyValueSpecification\",\"valueRequired\":true,\"valueName\":\"search_term_string\"}}],\"inLanguage\":\"fr-FR\"},{\"@type\":\"Person\",\"@id\":\"https:\/\/elukelele.com\/fr\/#\/schema\/person\/ccfb3d2be2ec7fa389608eb6da0b38d6\",\"name\":\"Daniel Perrin\",\"image\":{\"@type\":\"ImageObject\",\"inLanguage\":\"fr-FR\",\"@id\":\"https:\/\/elukelele.com\/fr\/#\/schema\/person\/image\/\",\"url\":\"https:\/\/secure.gravatar.com\/avatar\/37f9d9ffa29ce5640a0d9c6ca8bbd90afb854014296ecaa0e3a558ac716e6fe4?s=96&d=mm&r=g\",\"contentUrl\":\"https:\/\/secure.gravatar.com\/avatar\/37f9d9ffa29ce5640a0d9c6ca8bbd90afb854014296ecaa0e3a558ac716e6fe4?s=96&d=mm&r=g\",\"caption\":\"Daniel Perrin\"},\"sameAs\":[\"https:\/\/elukelele.com\/fr\"],\"url\":\"https:\/\/elukelele.com\/fr\/author\/daniel-perrin\/\"}]}<\/script>\n<!-- \/ Yoast SEO plugin. -->","yoast_head_json":{"title":"Contro\u0302le coercitif, nez casse\u0301... Alexandra Rosenfeld s\u2019exprime","robots":{"index":"index","follow":"follow","max-snippet":"max-snippet:-1","max-image-preview":"max-image-preview:large","max-video-preview":"max-video-preview:-1"},"canonical":"https:\/\/elukelele.com\/fr\/divertissement\/controle-coercitif-nez-casse-alexandra-rosenfeld-sexprime-a-lassemblee-sur-les-violences-de-jean-imbert\/","og_locale":"fr_FR","og_type":"article","og_title":"Contro\u0302le coercitif, nez casse\u0301... Alexandra Rosenfeld s\u2019exprime","og_description":"L&rsquo;ancienne Miss France Alexandra Rosenfeld a r\u00e9cemment pris la parole devant la D\u00e9l\u00e9gation aux droits des femmes de l&rsquo;Assembl\u00e9e nationale, offrant un t\u00e9moignage poignant et d\u00e9taill\u00e9 sur les violences qu&rsquo;elle attribue au chef \u00e9toil\u00e9 Jean Imbert. Son intervention, particuli\u00e8rement ax\u00e9e sur le concept de contr\u00f4le coercitif, ainsi que des all\u00e9gations de violences physiques, dont un [&hellip;]","og_url":"https:\/\/elukelele.com\/fr\/divertissement\/controle-coercitif-nez-casse-alexandra-rosenfeld-sexprime-a-lassemblee-sur-les-violences-de-jean-imbert\/","og_site_name":"El Ukelele","article_published_time":"2025-11-29T07:27:54+00:00","og_image":[{"width":1200,"height":628,"url":"https:\/\/elukelele.com\/fr\/wp-content\/uploads\/2025\/11\/framed_only-929.png","type":"image\/png"}],"author":"Daniel Perrin","twitter_card":"summary_large_image","twitter_misc":{"\u00c9crit par":"Daniel Perrin","Dur\u00e9e de lecture estim\u00e9e":"5 minutes"},"schema":{"@context":"https:\/\/schema.org","@graph":[{"@type":"WebPage","@id":"https:\/\/elukelele.com\/fr\/divertissement\/controle-coercitif-nez-casse-alexandra-rosenfeld-sexprime-a-lassemblee-sur-les-violences-de-jean-imbert\/","url":"https:\/\/elukelele.com\/fr\/divertissement\/controle-coercitif-nez-casse-alexandra-rosenfeld-sexprime-a-lassemblee-sur-les-violences-de-jean-imbert\/","name":"Contro\u0302le coercitif, nez casse\u0301... Alexandra Rosenfeld s\u2019exprime","isPartOf":{"@id":"https:\/\/elukelele.com\/fr\/#website"},"primaryImageOfPage":{"@id":"https:\/\/elukelele.com\/fr\/divertissement\/controle-coercitif-nez-casse-alexandra-rosenfeld-sexprime-a-lassemblee-sur-les-violences-de-jean-imbert\/#primaryimage"},"image":{"@id":"https:\/\/elukelele.com\/fr\/divertissement\/controle-coercitif-nez-casse-alexandra-rosenfeld-sexprime-a-lassemblee-sur-les-violences-de-jean-imbert\/#primaryimage"},"thumbnailUrl":"https:\/\/elukelele.com\/fr\/wp-content\/uploads\/2025\/11\/framed_only-929.png","datePublished":"2025-11-29T07:27:54+00:00","author":{"@id":"https:\/\/elukelele.com\/fr\/#\/schema\/person\/ccfb3d2be2ec7fa389608eb6da0b38d6"},"breadcrumb":{"@id":"https:\/\/elukelele.com\/fr\/divertissement\/controle-coercitif-nez-casse-alexandra-rosenfeld-sexprime-a-lassemblee-sur-les-violences-de-jean-imbert\/#breadcrumb"},"inLanguage":"fr-FR","potentialAction":[{"@type":"ReadAction","target":["https:\/\/elukelele.com\/fr\/divertissement\/controle-coercitif-nez-casse-alexandra-rosenfeld-sexprime-a-lassemblee-sur-les-violences-de-jean-imbert\/"]}]},{"@type":"ImageObject","inLanguage":"fr-FR","@id":"https:\/\/elukelele.com\/fr\/divertissement\/controle-coercitif-nez-casse-alexandra-rosenfeld-sexprime-a-lassemblee-sur-les-violences-de-jean-imbert\/#primaryimage","url":"https:\/\/elukelele.com\/fr\/wp-content\/uploads\/2025\/11\/framed_only-929.png","contentUrl":"https:\/\/elukelele.com\/fr\/wp-content\/uploads\/2025\/11\/framed_only-929.png","width":1200,"height":628,"caption":"Alexandra"},{"@type":"BreadcrumbList","@id":"https:\/\/elukelele.com\/fr\/divertissement\/controle-coercitif-nez-casse-alexandra-rosenfeld-sexprime-a-lassemblee-sur-les-violences-de-jean-imbert\/#breadcrumb","itemListElement":[{"@type":"ListItem","position":1,"name":"Home","item":"https:\/\/elukelele.com\/fr\/"},{"@type":"ListItem","position":2,"name":"Contro\u0302le coercitif, nez casse\u0301&#8230; Alexandra Rosenfeld s\u2019exprime a\u0300 l\u2019Assemble\u0301e sur les violences de Jean Imbert"}]},{"@type":"WebSite","@id":"https:\/\/elukelele.com\/fr\/#website","url":"https:\/\/elukelele.com\/fr\/","name":"El Ukelele","description":"Musique au-del\u00e0 de l&#039;indie","potentialAction":[{"@type":"SearchAction","target":{"@type":"EntryPoint","urlTemplate":"https:\/\/elukelele.com\/fr\/?s={search_term_string}"},"query-input":{"@type":"PropertyValueSpecification","valueRequired":true,"valueName":"search_term_string"}}],"inLanguage":"fr-FR"},{"@type":"Person","@id":"https:\/\/elukelele.com\/fr\/#\/schema\/person\/ccfb3d2be2ec7fa389608eb6da0b38d6","name":"Daniel Perrin","image":{"@type":"ImageObject","inLanguage":"fr-FR","@id":"https:\/\/elukelele.com\/fr\/#\/schema\/person\/image\/","url":"https:\/\/secure.gravatar.com\/avatar\/37f9d9ffa29ce5640a0d9c6ca8bbd90afb854014296ecaa0e3a558ac716e6fe4?s=96&d=mm&r=g","contentUrl":"https:\/\/secure.gravatar.com\/avatar\/37f9d9ffa29ce5640a0d9c6ca8bbd90afb854014296ecaa0e3a558ac716e6fe4?s=96&d=mm&r=g","caption":"Daniel Perrin"},"sameAs":["https:\/\/elukelele.com\/fr"],"url":"https:\/\/elukelele.com\/fr\/author\/daniel-perrin\/"}]}},"_links":{"self":[{"href":"https:\/\/elukelele.com\/fr\/wp-json\/wp\/v2\/posts\/46584","targetHints":{"allow":["GET"]}}],"collection":[{"href":"https:\/\/elukelele.com\/fr\/wp-json\/wp\/v2\/posts"}],"about":[{"href":"https:\/\/elukelele.com\/fr\/wp-json\/wp\/v2\/types\/post"}],"author":[{"embeddable":true,"href":"https:\/\/elukelele.com\/fr\/wp-json\/wp\/v2\/users\/4"}],"replies":[{"embeddable":true,"href":"https:\/\/elukelele.com\/fr\/wp-json\/wp\/v2\/comments?post=46584"}],"version-history":[{"count":1,"href":"https:\/\/elukelele.com\/fr\/wp-json\/wp\/v2\/posts\/46584\/revisions"}],"predecessor-version":[{"id":46807,"href":"https:\/\/elukelele.com\/fr\/wp-json\/wp\/v2\/posts\/46584\/revisions\/46807"}],"wp:featuredmedia":[{"embeddable":true,"href":"https:\/\/elukelele.com\/fr\/wp-json\/wp\/v2\/media\/46583"}],"wp:attachment":[{"href":"https:\/\/elukelele.com\/fr\/wp-json\/wp\/v2\/media?parent=46584"}],"wp:term":[{"taxonomy":"category","embeddable":true,"href":"https:\/\/elukelele.com\/fr\/wp-json\/wp\/v2\/categories?post=46584"},{"taxonomy":"post_tag","embeddable":true,"href":"https:\/\/elukelele.com\/fr\/wp-json\/wp\/v2\/tags?post=46584"}],"curies":[{"name":"wp","href":"https:\/\/api.w.org\/{rel}","templated":true}]}}