{"id":46570,"date":"2025-11-29T07:21:11","date_gmt":"2025-11-29T07:21:11","guid":{"rendered":"https:\/\/elukelele.com\/fr\/?p=46570"},"modified":"2025-11-29T07:23:10","modified_gmt":"2025-11-29T07:23:10","slug":"sonia-mabrouk-enceinte-un-an-apres-lanaissance-de-soraya","status":"publish","type":"post","link":"https:\/\/elukelele.com\/fr\/divertissement\/sonia-mabrouk-enceinte-un-an-apres-lanaissance-de-soraya\/","title":{"rendered":"Sonia Mabrouk enceinte, un an apr\u00e8s la<br>naissance de Soraya"},"content":{"rendered":"<p>La journaliste Sonia Mabrouk, figure bien connue du paysage audiovisuel fran\u00e7ais, a r\u00e9cemment fait les gros titres en annon\u00e7ant sa seconde grossesse. Cet heureux \u00e9v\u00e9nement survient environ un an apr\u00e8s la naissance de sa fille, Soraya, et ram\u00e8ne au premier plan les discussions pass\u00e9es de la journaliste concernant l&rsquo;identit\u00e9 du p\u00e8re de son premier enfant, notamment lors d&rsquo;une interview r\u00e9v\u00e9latrice avec Jordan de Luxe. Ces confidences avaient \u00e0 l&rsquo;\u00e9poque permis de clarifier certaines rumeurs persistantes concernant sa vie priv\u00e9e.<\/p>\n<h2>Sonia Mabrouk, une Figure Incontournable des M\u00e9dias<\/h2>\n<p>Sonia Mabrouk s&rsquo;est impos\u00e9e comme une voix majeure du journalisme en France, animant des \u00e9missions phares sur CNews et Europe 1. Elle est notamment aux commandes de l&rsquo;interview politique matinale, diffus\u00e9e simultan\u00e9ment sur les deux m\u00e9dias, et pr\u00e9sente \u00e9galement la tranche d&rsquo;information de la mi-journ\u00e9e sur CNews.<\/p>\n<p>En 2024, la journaliste avait temporairement quitt\u00e9 l&rsquo;antenne pour un cong\u00e9 maternit\u00e9, donnant naissance \u00e0 sa premi\u00e8re fille, pr\u00e9nomm\u00e9e Soraya. Son retour \u00e0 l&rsquo;\u00e9cran avait \u00e9t\u00e9 tr\u00e8s attendu par son public fid\u00e8le.<\/p>\n<h2>Une Nouvelle Maternit\u00e9 Annonc\u00e9e avec Joie<\/h2>\n<p>R\u00e9cemment, Sonia Mabrouk a partag\u00e9 la nouvelle de sa deuxi\u00e8me grossesse sur les r\u00e9seaux sociaux. C&rsquo;est via un message \u00e9mouvant sur X (anciennement Twitter) qu&rsquo;elle a r\u00e9v\u00e9l\u00e9 l&rsquo;arriv\u00e9e prochaine d&rsquo;un petit gar\u00e7on, \u00e9crivant : \u00ab\u00a0Soraya veille d\u00e9j\u00e0 sur son petit fr\u00e8re\u00a0\u00bb. Cette annonce \u00e9tait accompagn\u00e9e d&rsquo;une photo attendrissante de sa fille a\u00een\u00e9e tenant une \u00e9chographie dans ses mains, un clich\u00e9 qui a rapidement suscit\u00e9 de nombreuses r\u00e9actions et f\u00e9licitations.<\/p>\n<h2>Retour sur les Sp\u00e9culations Autour du P\u00e8re de Soraya<\/h2>\n<p>L&rsquo;annonce de cette seconde grossesse a raviv\u00e9 le souvenir des interrogations pass\u00e9es concernant la paternit\u00e9 de Soraya. \u00c0 l&rsquo;\u00e9poque de sa premi\u00e8re maternit\u00e9, des rumeurs avaient circul\u00e9, laissant entendre que le c\u00e9l\u00e8bre chanteur Pascal Obispo pourrait \u00eatre le p\u00e8re. Ces sp\u00e9culations avaient \u00e9t\u00e9 largement relay\u00e9es dans certains m\u00e9dias.<\/p>\n<p>Cependant, Sonia Mabrouk avait mis fin \u00e0 ces rumeurs lors d&rsquo;une interview accord\u00e9e \u00e0 Jordan de Luxe le 5 novembre 2024 sur C8. Elle avait alors clairement indiqu\u00e9 que le p\u00e8re de Soraya n&rsquo;\u00e9tait pas une \u00ab\u00a0personnalit\u00e9\u00a0\u00bb connue du \u00ab\u00a0grand public\u00a0\u00bb. Pascal Obispo lui-m\u00eame avait r\u00e9agi \u00e0 ces all\u00e9gations en publiant un message sur ses r\u00e9seaux sociaux, clarifiant sa situation familiale et r\u00e9affirmant son amour pour son \u00ab\u00a0unique enfant Sean\u00a0\u00bb.<\/p>\n<h2>L&rsquo;Importance de la Vie Priv\u00e9e pour la Journaliste<\/h2>\n<p>Au cours de l&rsquo;interview avec Jordan de Luxe, Sonia Mabrouk avait soulign\u00e9 l&rsquo;importance qu&rsquo;elle accorde \u00e0 la protection de sa vie priv\u00e9e. Elle avait expliqu\u00e9 que sa relation amicale avec Pascal Obispo ne justifiait pas les rumeurs et qu&rsquo;elle n&rsquo;avait pas \u00e0 se justifier pour chaque photo prise avec une connaissance.<\/p>\n<p>La journaliste avait affirm\u00e9 avec fermet\u00e9 : \u00ab\u00a0Il y a une porte que je ferme \u00e0 double tour. C&rsquo;est la vraie porte de la vie priv\u00e9e. Celle-l\u00e0, pour s&rsquo;y attaquer, \u00e7a va \u00eatre compliqu\u00e9\u00a0\u00bb. Cette d\u00e9claration met en lumi\u00e8re son d\u00e9sir de maintenir une s\u00e9paration claire entre sa carri\u00e8re publique et son jardin secret. Comme pour sa premi\u00e8re grossesse, Sonia Mabrouk devrait se retirer temporairement de l&rsquo;antenne dans les prochains mois pour accueillir son deuxi\u00e8me enfant.<\/p>\n<h2>Conclusion<\/h2>\n<p>La nouvelle de la deuxi\u00e8me grossesse de Sonia Mabrouk est un \u00e9v\u00e9nement joyeux pour la journaliste et pour ceux qui suivent son parcours. Alors qu&rsquo;elle se pr\u00e9pare \u00e0 accueillir un nouveau membre dans sa famille, ces annonces rappellent \u00e9galement la mani\u00e8re dont elle a toujours g\u00e9r\u00e9 avec discernement et fermet\u00e9 les sp\u00e9culations autour de sa vie personnelle, pr\u00e9f\u00e9rant se concentrer sur son r\u00f4le d&rsquo;informer et d&rsquo;animer le d\u00e9bat public.<\/p>\n","protected":false},"excerpt":{"rendered":"<p>La journaliste Sonia Mabrouk, figure bien connue du paysage audiovisuel fran\u00e7ais, a r\u00e9cemment fait les gros titres en annon\u00e7ant sa seconde grossesse. Cet heureux \u00e9v\u00e9nement survient environ un an apr\u00e8s la naissance de sa fille, Soraya, et ram\u00e8ne au premier plan les discussions pass\u00e9es de la journaliste concernant l&rsquo;identit\u00e9 du p\u00e8re de son premier enfant, [&hellip;]<\/p>\n","protected":false},"author":4,"featured_media":46569,"comment_status":"open","ping_status":"open","sticky":false,"template":"","format":"standard","meta":{"_yoast_wpseo_title":"Sonia Mabrouk enceinte, un an apr\u00e8s la naissance de Soraya","_yoast_wpseo_metadesc":"","_yoast_wpseo_focuskw":"Sonia"},"categories":[5],"tags":[],"class_list":["post-46570","post","type-post","status-publish","format-standard","has-post-thumbnail","hentry","category-divertissement"],"yoast_head":"<!-- This site is optimized with the Yoast SEO plugin v26.3 - https:\/\/yoast.com\/wordpress\/plugins\/seo\/ -->\n<title>Sonia Mabrouk enceinte, un an apr\u00e8s la naissance de Soraya<\/title>\n<meta name=\"robots\" content=\"index, follow, max-snippet:-1, max-image-preview:large, max-video-preview:-1\" \/>\n<link rel=\"canonical\" href=\"https:\/\/elukelele.com\/fr\/divertissement\/sonia-mabrouk-enceinte-un-an-apres-lanaissance-de-soraya\/\" \/>\n<meta property=\"og:locale\" content=\"fr_FR\" \/>\n<meta property=\"og:type\" content=\"article\" \/>\n<meta property=\"og:title\" content=\"Sonia Mabrouk enceinte, un an apr\u00e8s la naissance de Soraya\" \/>\n<meta property=\"og:description\" content=\"La journaliste Sonia Mabrouk, figure bien connue du paysage audiovisuel fran\u00e7ais, a r\u00e9cemment fait les gros titres en annon\u00e7ant sa seconde grossesse. Cet heureux \u00e9v\u00e9nement survient environ un an apr\u00e8s la naissance de sa fille, Soraya, et ram\u00e8ne au premier plan les discussions pass\u00e9es de la journaliste concernant l&rsquo;identit\u00e9 du p\u00e8re de son premier enfant, [&hellip;]\" \/>\n<meta property=\"og:url\" content=\"https:\/\/elukelele.com\/fr\/divertissement\/sonia-mabrouk-enceinte-un-an-apres-lanaissance-de-soraya\/\" \/>\n<meta property=\"og:site_name\" content=\"El Ukelele\" \/>\n<meta property=\"article:published_time\" content=\"2025-11-29T07:21:11+00:00\" \/>\n<meta property=\"article:modified_time\" content=\"2025-11-29T07:23:10+00:00\" \/>\n<meta property=\"og:image\" content=\"https:\/\/elukelele.com\/fr\/wp-content\/uploads\/2025\/11\/framed_only-922.png\" \/>\n\t<meta property=\"og:image:width\" content=\"1200\" \/>\n\t<meta property=\"og:image:height\" content=\"628\" \/>\n\t<meta property=\"og:image:type\" content=\"image\/png\" \/>\n<meta name=\"author\" content=\"Daniel Perrin\" \/>\n<meta name=\"twitter:card\" content=\"summary_large_image\" \/>\n<meta name=\"twitter:label1\" content=\"\u00c9crit par\" \/>\n\t<meta name=\"twitter:data1\" content=\"Daniel Perrin\" \/>\n\t<meta name=\"twitter:label2\" content=\"Dur\u00e9e de lecture estim\u00e9e\" \/>\n\t<meta name=\"twitter:data2\" content=\"4 minutes\" \/>\n<script type=\"application\/ld+json\" class=\"yoast-schema-graph\">{\"@context\":\"https:\/\/schema.org\",\"@graph\":[{\"@type\":\"WebPage\",\"@id\":\"https:\/\/elukelele.com\/fr\/divertissement\/sonia-mabrouk-enceinte-un-an-apres-lanaissance-de-soraya\/\",\"url\":\"https:\/\/elukelele.com\/fr\/divertissement\/sonia-mabrouk-enceinte-un-an-apres-lanaissance-de-soraya\/\",\"name\":\"Sonia Mabrouk enceinte, un an apr\u00e8s la naissance de Soraya\",\"isPartOf\":{\"@id\":\"https:\/\/elukelele.com\/fr\/#website\"},\"primaryImageOfPage\":{\"@id\":\"https:\/\/elukelele.com\/fr\/divertissement\/sonia-mabrouk-enceinte-un-an-apres-lanaissance-de-soraya\/#primaryimage\"},\"image\":{\"@id\":\"https:\/\/elukelele.com\/fr\/divertissement\/sonia-mabrouk-enceinte-un-an-apres-lanaissance-de-soraya\/#primaryimage\"},\"thumbnailUrl\":\"https:\/\/elukelele.com\/fr\/wp-content\/uploads\/2025\/11\/framed_only-922.png\",\"datePublished\":\"2025-11-29T07:21:11+00:00\",\"dateModified\":\"2025-11-29T07:23:10+00:00\",\"author\":{\"@id\":\"https:\/\/elukelele.com\/fr\/#\/schema\/person\/ccfb3d2be2ec7fa389608eb6da0b38d6\"},\"breadcrumb\":{\"@id\":\"https:\/\/elukelele.com\/fr\/divertissement\/sonia-mabrouk-enceinte-un-an-apres-lanaissance-de-soraya\/#breadcrumb\"},\"inLanguage\":\"fr-FR\",\"potentialAction\":[{\"@type\":\"ReadAction\",\"target\":[\"https:\/\/elukelele.com\/fr\/divertissement\/sonia-mabrouk-enceinte-un-an-apres-lanaissance-de-soraya\/\"]}]},{\"@type\":\"ImageObject\",\"inLanguage\":\"fr-FR\",\"@id\":\"https:\/\/elukelele.com\/fr\/divertissement\/sonia-mabrouk-enceinte-un-an-apres-lanaissance-de-soraya\/#primaryimage\",\"url\":\"https:\/\/elukelele.com\/fr\/wp-content\/uploads\/2025\/11\/framed_only-922.png\",\"contentUrl\":\"https:\/\/elukelele.com\/fr\/wp-content\/uploads\/2025\/11\/framed_only-922.png\",\"width\":1200,\"height\":628,\"caption\":\"Sonia\"},{\"@type\":\"BreadcrumbList\",\"@id\":\"https:\/\/elukelele.com\/fr\/divertissement\/sonia-mabrouk-enceinte-un-an-apres-lanaissance-de-soraya\/#breadcrumb\",\"itemListElement\":[{\"@type\":\"ListItem\",\"position\":1,\"name\":\"Home\",\"item\":\"https:\/\/elukelele.com\/fr\/\"},{\"@type\":\"ListItem\",\"position\":2,\"name\":\"Sonia Mabrouk enceinte, un an apr\u00e8s lanaissance de Soraya\"}]},{\"@type\":\"WebSite\",\"@id\":\"https:\/\/elukelele.com\/fr\/#website\",\"url\":\"https:\/\/elukelele.com\/fr\/\",\"name\":\"El Ukelele\",\"description\":\"Musique au-del\u00e0 de l&#039;indie\",\"potentialAction\":[{\"@type\":\"SearchAction\",\"target\":{\"@type\":\"EntryPoint\",\"urlTemplate\":\"https:\/\/elukelele.com\/fr\/?s={search_term_string}\"},\"query-input\":{\"@type\":\"PropertyValueSpecification\",\"valueRequired\":true,\"valueName\":\"search_term_string\"}}],\"inLanguage\":\"fr-FR\"},{\"@type\":\"Person\",\"@id\":\"https:\/\/elukelele.com\/fr\/#\/schema\/person\/ccfb3d2be2ec7fa389608eb6da0b38d6\",\"name\":\"Daniel Perrin\",\"image\":{\"@type\":\"ImageObject\",\"inLanguage\":\"fr-FR\",\"@id\":\"https:\/\/elukelele.com\/fr\/#\/schema\/person\/image\/\",\"url\":\"https:\/\/secure.gravatar.com\/avatar\/37f9d9ffa29ce5640a0d9c6ca8bbd90afb854014296ecaa0e3a558ac716e6fe4?s=96&d=mm&r=g\",\"contentUrl\":\"https:\/\/secure.gravatar.com\/avatar\/37f9d9ffa29ce5640a0d9c6ca8bbd90afb854014296ecaa0e3a558ac716e6fe4?s=96&d=mm&r=g\",\"caption\":\"Daniel Perrin\"},\"sameAs\":[\"https:\/\/elukelele.com\/fr\"],\"url\":\"https:\/\/elukelele.com\/fr\/author\/daniel-perrin\/\"}]}<\/script>\n<!-- \/ Yoast SEO plugin. -->","yoast_head_json":{"title":"Sonia Mabrouk enceinte, un an apr\u00e8s la naissance de Soraya","robots":{"index":"index","follow":"follow","max-snippet":"max-snippet:-1","max-image-preview":"max-image-preview:large","max-video-preview":"max-video-preview:-1"},"canonical":"https:\/\/elukelele.com\/fr\/divertissement\/sonia-mabrouk-enceinte-un-an-apres-lanaissance-de-soraya\/","og_locale":"fr_FR","og_type":"article","og_title":"Sonia Mabrouk enceinte, un an apr\u00e8s la naissance de Soraya","og_description":"La journaliste Sonia Mabrouk, figure bien connue du paysage audiovisuel fran\u00e7ais, a r\u00e9cemment fait les gros titres en annon\u00e7ant sa seconde grossesse. Cet heureux \u00e9v\u00e9nement survient environ un an apr\u00e8s la naissance de sa fille, Soraya, et ram\u00e8ne au premier plan les discussions pass\u00e9es de la journaliste concernant l&rsquo;identit\u00e9 du p\u00e8re de son premier enfant, [&hellip;]","og_url":"https:\/\/elukelele.com\/fr\/divertissement\/sonia-mabrouk-enceinte-un-an-apres-lanaissance-de-soraya\/","og_site_name":"El Ukelele","article_published_time":"2025-11-29T07:21:11+00:00","article_modified_time":"2025-11-29T07:23:10+00:00","og_image":[{"width":1200,"height":628,"url":"https:\/\/elukelele.com\/fr\/wp-content\/uploads\/2025\/11\/framed_only-922.png","type":"image\/png"}],"author":"Daniel Perrin","twitter_card":"summary_large_image","twitter_misc":{"\u00c9crit par":"Daniel Perrin","Dur\u00e9e de lecture estim\u00e9e":"4 minutes"},"schema":{"@context":"https:\/\/schema.org","@graph":[{"@type":"WebPage","@id":"https:\/\/elukelele.com\/fr\/divertissement\/sonia-mabrouk-enceinte-un-an-apres-lanaissance-de-soraya\/","url":"https:\/\/elukelele.com\/fr\/divertissement\/sonia-mabrouk-enceinte-un-an-apres-lanaissance-de-soraya\/","name":"Sonia Mabrouk enceinte, un an apr\u00e8s la naissance de Soraya","isPartOf":{"@id":"https:\/\/elukelele.com\/fr\/#website"},"primaryImageOfPage":{"@id":"https:\/\/elukelele.com\/fr\/divertissement\/sonia-mabrouk-enceinte-un-an-apres-lanaissance-de-soraya\/#primaryimage"},"image":{"@id":"https:\/\/elukelele.com\/fr\/divertissement\/sonia-mabrouk-enceinte-un-an-apres-lanaissance-de-soraya\/#primaryimage"},"thumbnailUrl":"https:\/\/elukelele.com\/fr\/wp-content\/uploads\/2025\/11\/framed_only-922.png","datePublished":"2025-11-29T07:21:11+00:00","dateModified":"2025-11-29T07:23:10+00:00","author":{"@id":"https:\/\/elukelele.com\/fr\/#\/schema\/person\/ccfb3d2be2ec7fa389608eb6da0b38d6"},"breadcrumb":{"@id":"https:\/\/elukelele.com\/fr\/divertissement\/sonia-mabrouk-enceinte-un-an-apres-lanaissance-de-soraya\/#breadcrumb"},"inLanguage":"fr-FR","potentialAction":[{"@type":"ReadAction","target":["https:\/\/elukelele.com\/fr\/divertissement\/sonia-mabrouk-enceinte-un-an-apres-lanaissance-de-soraya\/"]}]},{"@type":"ImageObject","inLanguage":"fr-FR","@id":"https:\/\/elukelele.com\/fr\/divertissement\/sonia-mabrouk-enceinte-un-an-apres-lanaissance-de-soraya\/#primaryimage","url":"https:\/\/elukelele.com\/fr\/wp-content\/uploads\/2025\/11\/framed_only-922.png","contentUrl":"https:\/\/elukelele.com\/fr\/wp-content\/uploads\/2025\/11\/framed_only-922.png","width":1200,"height":628,"caption":"Sonia"},{"@type":"BreadcrumbList","@id":"https:\/\/elukelele.com\/fr\/divertissement\/sonia-mabrouk-enceinte-un-an-apres-lanaissance-de-soraya\/#breadcrumb","itemListElement":[{"@type":"ListItem","position":1,"name":"Home","item":"https:\/\/elukelele.com\/fr\/"},{"@type":"ListItem","position":2,"name":"Sonia Mabrouk enceinte, un an apr\u00e8s lanaissance de Soraya"}]},{"@type":"WebSite","@id":"https:\/\/elukelele.com\/fr\/#website","url":"https:\/\/elukelele.com\/fr\/","name":"El Ukelele","description":"Musique au-del\u00e0 de l&#039;indie","potentialAction":[{"@type":"SearchAction","target":{"@type":"EntryPoint","urlTemplate":"https:\/\/elukelele.com\/fr\/?s={search_term_string}"},"query-input":{"@type":"PropertyValueSpecification","valueRequired":true,"valueName":"search_term_string"}}],"inLanguage":"fr-FR"},{"@type":"Person","@id":"https:\/\/elukelele.com\/fr\/#\/schema\/person\/ccfb3d2be2ec7fa389608eb6da0b38d6","name":"Daniel Perrin","image":{"@type":"ImageObject","inLanguage":"fr-FR","@id":"https:\/\/elukelele.com\/fr\/#\/schema\/person\/image\/","url":"https:\/\/secure.gravatar.com\/avatar\/37f9d9ffa29ce5640a0d9c6ca8bbd90afb854014296ecaa0e3a558ac716e6fe4?s=96&d=mm&r=g","contentUrl":"https:\/\/secure.gravatar.com\/avatar\/37f9d9ffa29ce5640a0d9c6ca8bbd90afb854014296ecaa0e3a558ac716e6fe4?s=96&d=mm&r=g","caption":"Daniel Perrin"},"sameAs":["https:\/\/elukelele.com\/fr"],"url":"https:\/\/elukelele.com\/fr\/author\/daniel-perrin\/"}]}},"_links":{"self":[{"href":"https:\/\/elukelele.com\/fr\/wp-json\/wp\/v2\/posts\/46570","targetHints":{"allow":["GET"]}}],"collection":[{"href":"https:\/\/elukelele.com\/fr\/wp-json\/wp\/v2\/posts"}],"about":[{"href":"https:\/\/elukelele.com\/fr\/wp-json\/wp\/v2\/types\/post"}],"author":[{"embeddable":true,"href":"https:\/\/elukelele.com\/fr\/wp-json\/wp\/v2\/users\/4"}],"replies":[{"embeddable":true,"href":"https:\/\/elukelele.com\/fr\/wp-json\/wp\/v2\/comments?post=46570"}],"version-history":[{"count":1,"href":"https:\/\/elukelele.com\/fr\/wp-json\/wp\/v2\/posts\/46570\/revisions"}],"predecessor-version":[{"id":46806,"href":"https:\/\/elukelele.com\/fr\/wp-json\/wp\/v2\/posts\/46570\/revisions\/46806"}],"wp:featuredmedia":[{"embeddable":true,"href":"https:\/\/elukelele.com\/fr\/wp-json\/wp\/v2\/media\/46569"}],"wp:attachment":[{"href":"https:\/\/elukelele.com\/fr\/wp-json\/wp\/v2\/media?parent=46570"}],"wp:term":[{"taxonomy":"category","embeddable":true,"href":"https:\/\/elukelele.com\/fr\/wp-json\/wp\/v2\/categories?post=46570"},{"taxonomy":"post_tag","embeddable":true,"href":"https:\/\/elukelele.com\/fr\/wp-json\/wp\/v2\/tags?post=46570"}],"curies":[{"name":"wp","href":"https:\/\/api.w.org\/{rel}","templated":true}]}}