{"id":46562,"date":"2025-11-29T07:19:29","date_gmt":"2025-11-29T07:19:29","guid":{"rendered":"https:\/\/elukelele.com\/fr\/?p=46562"},"modified":"2025-11-29T07:19:30","modified_gmt":"2025-11-29T07:19:30","slug":"p-diddy-tout-sourire-en-cellule-premiere-photo-en-prison","status":"publish","type":"post","link":"https:\/\/elukelele.com\/fr\/divertissement\/p-diddy-tout-sourire-en-cellule-premiere-photo-en-prison\/","title":{"rendered":"P. Diddy tout sourire en cellule : premi\u00e8re photo en prison"},"content":{"rendered":"<div class=\"entry-content\">\n<p>L&rsquo;image de P. Diddy, figure embl\u00e9matique de l&rsquo;industrie musicale, tout sourire en cellule a r\u00e9cemment fait le tour des m\u00e9dias, offrant un contraste frappant avec la gravit\u00e9 des accusations et de sa condamnation. Alors que le magnat du hip-hop purge une peine de prison, cette premi\u00e8re photo de lui derri\u00e8re les barreaux suscite de nombreuses interrogations quant \u00e0 son \u00e9tat d&rsquo;esprit et les conditions de sa d\u00e9tention.<\/p>\n<h2 class=\"wp-block-heading\">Le S\u00e9jour de P. Diddy en Prison : Contexte et Condamnation<\/h2>\n<p>Sean \u00ab\u00a0Diddy\u00a0\u00bb Combs a \u00e9t\u00e9 condamn\u00e9 le 3 octobre 2025 \u00e0 50 mois de prison ferme, soit un peu plus de quatre ans, pour des faits li\u00e9s au transport de personnes \u00e0 des fins de prostitution. Cette sentence intervient apr\u00e8s un proc\u00e8s qui a dur\u00e9 plusieurs semaines et l&rsquo;a vu acquitt\u00e9 des chefs d&rsquo;accusation plus graves de trafic sexuel et d&rsquo;association de malfaiteurs. En plus de sa peine de prison, il a \u00e9t\u00e9 assorti d&rsquo;une amende de 500 000 dollars et de cinq ans de lib\u00e9ration supervis\u00e9e.<\/p>\n<p>Malgr\u00e9 le verdict, les avocats de P. Diddy ont annonc\u00e9 leur intention de faire appel de la d\u00e9cision, la qualifiant d'\u00a0\u00bbinconstitutionnelle\u00a0\u00bb. L&rsquo;approbation d&rsquo;une demande d&rsquo;appel acc\u00e9l\u00e9r\u00e9 pourrait permettre de faire avancer les plaidoiries d\u00e8s avril 2026, offrant au rappeur l&rsquo;opportunit\u00e9 de contester certains aspects de sa condamnation. P. Diddy lui-m\u00eame a exprim\u00e9 des regrets, qualifiant son comportement de \u00ab\u00a0r\u00e9pugnant, honteux et maladif\u00a0\u00bb et pr\u00e9sentant ses excuses aux victimes.<\/p>\n<h2 class=\"wp-block-heading\">Incidents et Tensions Derri\u00e8re les Barreaux<\/h2>\n<p>Avant son transfert \u00e0 la prison f\u00e9d\u00e9rale de Fort Dix, un \u00e9tablissement de faible s\u00e9curit\u00e9, P. Diddy \u00e9tait d\u00e9tenu au Metropolitan Detention Center de Brooklyn, r\u00e9put\u00e9 pour sa violence. Durant son incarc\u00e9ration, des informations alarmantes ont \u00e9merg\u00e9 concernant une agression dont il aurait \u00e9t\u00e9 victime. Selon Charlucci Finney, un ami proche du rappeur, et des sources cit\u00e9es par TMZ, P. Diddy se serait r\u00e9veill\u00e9 une nuit avec un couteau appuy\u00e9 contre sa gorge.<\/p>\n<p>Cet incident, survenu alors qu&rsquo;il dormait, aurait \u00e9t\u00e9 une tentative d&rsquo;intimidation pour \u00ab\u00a0imposer la loi\u00a0\u00bb d&rsquo;un autre d\u00e9tenu. L&rsquo;avocat de Diddy, Brian Steel, aurait d&rsquo;ailleurs mentionn\u00e9 cette agression lors de l&rsquo;audience de d\u00e9termination de la peine, indiquant qu&rsquo;un gardien \u00e9tait intervenu pour ma\u00eetriser l&rsquo;agresseur. Ces \u00e9v\u00e9nements soulignent les d\u00e9fis et les dangers potentiels auxquels P. Diddy pourrait \u00eatre confront\u00e9 en d\u00e9tention, particuli\u00e8rement dans des affaires li\u00e9es \u00e0 des d\u00e9lits sexuels.<\/p>\n<h2 class=\"wp-block-heading\">La Photo Virale : P. Diddy Tout Sourire en Cellule<\/h2>\n<p>Malgr\u00e9 les rudes r\u00e9alit\u00e9s de la vie carc\u00e9rale et les incidents rapport\u00e9s, une photo r\u00e9cente de P. Diddy a \u00e9tonn\u00e9 le public. Le clich\u00e9, divulgu\u00e9 par TMZ et relay\u00e9 par divers m\u00e9dias le 3 novembre 2025, montre le rappeur en cellule, affichant un large sourire aux c\u00f4t\u00e9s d&rsquo;un cod\u00e9tenu. Sur cette image, P. Diddy appara\u00eet avec les cheveux et la barbe grisonnants, mangeant un bol de nouilles.<\/p>\n<p>Un d\u00e9tail qui a particuli\u00e8rement attir\u00e9 l&rsquo;attention des internautes est la pr\u00e9sence d&rsquo;une bouteille de \u00ab\u00a0Baby Oil\u00a0\u00bb sur la table de la cellule. Ce produit, de l&rsquo;huile pour b\u00e9b\u00e9, a \u00e9t\u00e9 mentionn\u00e9 dans le cadre de l&rsquo;enqu\u00eate et des all\u00e9gations de \u00ab\u00a0freak offs\u00a0\u00bb, des soir\u00e9es sexuelles d\u00e9prav\u00e9es durant lesquelles des victimes auraient \u00e9t\u00e9 agress\u00e9es sexuellement. Les procureurs ont notamment d\u00e9clar\u00e9 que des centaines, voire un millier, de bouteilles de Baby Oil et de lubrifiant avaient \u00e9t\u00e9 saisies lors des perquisitions des r\u00e9sidences de Diddy en mars 2024. Cette association a raviv\u00e9 les discussions autour des accusations pass\u00e9es du rappeur.<\/p>\n<p>Le transfert de P. Diddy \u00e0 Fort Dix, une prison de faible s\u00e9curit\u00e9 avec un programme d\u00e9di\u00e9 \u00e0 la lutte contre la d\u00e9pendance aux substances, pourrait expliquer une apparente d\u00e9tente. En effet, il a \u00e9t\u00e9 rapport\u00e9 qu&rsquo;il a pris un poste d&rsquo;assistant de l&rsquo;aum\u00f4nier de la prison, une fonction convoit\u00e9e qui offre une libert\u00e9 relative et des avantages, cherchant \u00e0 projeter l&rsquo;image d&rsquo;un d\u00e9tenu repenti et sobre.<\/p>\n<h2 class=\"wp-block-heading\">Conclusion<\/h2>\n<p>La premi\u00e8re photo de P. Diddy en prison, le montrant tout sourire en cellule, a g\u00e9n\u00e9r\u00e9 une vive r\u00e9action. Entre une condamnation pour des faits graves, des all\u00e9gations d&rsquo;agression en d\u00e9tention et son transfert dans un \u00e9tablissement moins restrictif, son apparence sereine sur ce clich\u00e9 offre une image complexe. Elle interpelle sur la capacit\u00e9 \u00e0 s&rsquo;adapter \u00e0 un environnement carc\u00e9ral, tout en ramenant \u00e0 la surface les controverses qui entourent son parcours.<\/p>\n<\/div>\n","protected":false},"excerpt":{"rendered":"<p>L&rsquo;image de P. Diddy, figure embl\u00e9matique de l&rsquo;industrie musicale, tout sourire en cellule a r\u00e9cemment fait le tour des m\u00e9dias, offrant un contraste frappant avec la gravit\u00e9 des accusations et de sa condamnation. Alors que le magnat du hip-hop purge une peine de prison, cette premi\u00e8re photo de lui derri\u00e8re les barreaux suscite de nombreuses [&hellip;]<\/p>\n","protected":false},"author":4,"featured_media":46561,"comment_status":"open","ping_status":"open","sticky":false,"template":"","format":"standard","meta":{"_yoast_wpseo_title":"P. Diddy tout sourire en cellule : premi\u00e8re photo en prison","_yoast_wpseo_metadesc":"","_yoast_wpseo_focuskw":"Diddy"},"categories":[5],"tags":[],"class_list":["post-46562","post","type-post","status-publish","format-standard","has-post-thumbnail","hentry","category-divertissement"],"yoast_head":"<!-- This site is optimized with the Yoast SEO plugin v26.3 - https:\/\/yoast.com\/wordpress\/plugins\/seo\/ -->\n<title>P. Diddy tout sourire en cellule : premi\u00e8re photo en prison<\/title>\n<meta name=\"robots\" content=\"index, follow, max-snippet:-1, max-image-preview:large, max-video-preview:-1\" \/>\n<link rel=\"canonical\" href=\"https:\/\/elukelele.com\/fr\/divertissement\/p-diddy-tout-sourire-en-cellule-premiere-photo-en-prison\/\" \/>\n<meta property=\"og:locale\" content=\"fr_FR\" \/>\n<meta property=\"og:type\" content=\"article\" \/>\n<meta property=\"og:title\" content=\"P. Diddy tout sourire en cellule : premi\u00e8re photo en prison\" \/>\n<meta property=\"og:description\" content=\"L&rsquo;image de P. Diddy, figure embl\u00e9matique de l&rsquo;industrie musicale, tout sourire en cellule a r\u00e9cemment fait le tour des m\u00e9dias, offrant un contraste frappant avec la gravit\u00e9 des accusations et de sa condamnation. Alors que le magnat du hip-hop purge une peine de prison, cette premi\u00e8re photo de lui derri\u00e8re les barreaux suscite de nombreuses [&hellip;]\" \/>\n<meta property=\"og:url\" content=\"https:\/\/elukelele.com\/fr\/divertissement\/p-diddy-tout-sourire-en-cellule-premiere-photo-en-prison\/\" \/>\n<meta property=\"og:site_name\" content=\"El Ukelele\" \/>\n<meta property=\"article:published_time\" content=\"2025-11-29T07:19:29+00:00\" \/>\n<meta property=\"article:modified_time\" content=\"2025-11-29T07:19:30+00:00\" \/>\n<meta property=\"og:image\" content=\"https:\/\/elukelele.com\/fr\/wp-content\/uploads\/2025\/11\/framed_only-918.png\" \/>\n\t<meta property=\"og:image:width\" content=\"1200\" \/>\n\t<meta property=\"og:image:height\" content=\"628\" \/>\n\t<meta property=\"og:image:type\" content=\"image\/png\" \/>\n<meta name=\"author\" content=\"Daniel Perrin\" \/>\n<meta name=\"twitter:card\" content=\"summary_large_image\" \/>\n<meta name=\"twitter:label1\" content=\"\u00c9crit par\" \/>\n\t<meta name=\"twitter:data1\" content=\"Daniel Perrin\" \/>\n\t<meta name=\"twitter:label2\" content=\"Dur\u00e9e de lecture estim\u00e9e\" \/>\n\t<meta name=\"twitter:data2\" content=\"4 minutes\" \/>\n<script type=\"application\/ld+json\" class=\"yoast-schema-graph\">{\"@context\":\"https:\/\/schema.org\",\"@graph\":[{\"@type\":\"WebPage\",\"@id\":\"https:\/\/elukelele.com\/fr\/divertissement\/p-diddy-tout-sourire-en-cellule-premiere-photo-en-prison\/\",\"url\":\"https:\/\/elukelele.com\/fr\/divertissement\/p-diddy-tout-sourire-en-cellule-premiere-photo-en-prison\/\",\"name\":\"P. Diddy tout sourire en cellule : premi\u00e8re photo en prison\",\"isPartOf\":{\"@id\":\"https:\/\/elukelele.com\/fr\/#website\"},\"primaryImageOfPage\":{\"@id\":\"https:\/\/elukelele.com\/fr\/divertissement\/p-diddy-tout-sourire-en-cellule-premiere-photo-en-prison\/#primaryimage\"},\"image\":{\"@id\":\"https:\/\/elukelele.com\/fr\/divertissement\/p-diddy-tout-sourire-en-cellule-premiere-photo-en-prison\/#primaryimage\"},\"thumbnailUrl\":\"https:\/\/elukelele.com\/fr\/wp-content\/uploads\/2025\/11\/framed_only-918.png\",\"datePublished\":\"2025-11-29T07:19:29+00:00\",\"dateModified\":\"2025-11-29T07:19:30+00:00\",\"author\":{\"@id\":\"https:\/\/elukelele.com\/fr\/#\/schema\/person\/ccfb3d2be2ec7fa389608eb6da0b38d6\"},\"breadcrumb\":{\"@id\":\"https:\/\/elukelele.com\/fr\/divertissement\/p-diddy-tout-sourire-en-cellule-premiere-photo-en-prison\/#breadcrumb\"},\"inLanguage\":\"fr-FR\",\"potentialAction\":[{\"@type\":\"ReadAction\",\"target\":[\"https:\/\/elukelele.com\/fr\/divertissement\/p-diddy-tout-sourire-en-cellule-premiere-photo-en-prison\/\"]}]},{\"@type\":\"ImageObject\",\"inLanguage\":\"fr-FR\",\"@id\":\"https:\/\/elukelele.com\/fr\/divertissement\/p-diddy-tout-sourire-en-cellule-premiere-photo-en-prison\/#primaryimage\",\"url\":\"https:\/\/elukelele.com\/fr\/wp-content\/uploads\/2025\/11\/framed_only-918.png\",\"contentUrl\":\"https:\/\/elukelele.com\/fr\/wp-content\/uploads\/2025\/11\/framed_only-918.png\",\"width\":1200,\"height\":628,\"caption\":\"Diddy\"},{\"@type\":\"BreadcrumbList\",\"@id\":\"https:\/\/elukelele.com\/fr\/divertissement\/p-diddy-tout-sourire-en-cellule-premiere-photo-en-prison\/#breadcrumb\",\"itemListElement\":[{\"@type\":\"ListItem\",\"position\":1,\"name\":\"Home\",\"item\":\"https:\/\/elukelele.com\/fr\/\"},{\"@type\":\"ListItem\",\"position\":2,\"name\":\"P. Diddy tout sourire en cellule : premi\u00e8re photo en prison\"}]},{\"@type\":\"WebSite\",\"@id\":\"https:\/\/elukelele.com\/fr\/#website\",\"url\":\"https:\/\/elukelele.com\/fr\/\",\"name\":\"El Ukelele\",\"description\":\"Musique au-del\u00e0 de l&#039;indie\",\"potentialAction\":[{\"@type\":\"SearchAction\",\"target\":{\"@type\":\"EntryPoint\",\"urlTemplate\":\"https:\/\/elukelele.com\/fr\/?s={search_term_string}\"},\"query-input\":{\"@type\":\"PropertyValueSpecification\",\"valueRequired\":true,\"valueName\":\"search_term_string\"}}],\"inLanguage\":\"fr-FR\"},{\"@type\":\"Person\",\"@id\":\"https:\/\/elukelele.com\/fr\/#\/schema\/person\/ccfb3d2be2ec7fa389608eb6da0b38d6\",\"name\":\"Daniel Perrin\",\"image\":{\"@type\":\"ImageObject\",\"inLanguage\":\"fr-FR\",\"@id\":\"https:\/\/elukelele.com\/fr\/#\/schema\/person\/image\/\",\"url\":\"https:\/\/secure.gravatar.com\/avatar\/37f9d9ffa29ce5640a0d9c6ca8bbd90afb854014296ecaa0e3a558ac716e6fe4?s=96&d=mm&r=g\",\"contentUrl\":\"https:\/\/secure.gravatar.com\/avatar\/37f9d9ffa29ce5640a0d9c6ca8bbd90afb854014296ecaa0e3a558ac716e6fe4?s=96&d=mm&r=g\",\"caption\":\"Daniel Perrin\"},\"sameAs\":[\"https:\/\/elukelele.com\/fr\"],\"url\":\"https:\/\/elukelele.com\/fr\/author\/daniel-perrin\/\"}]}<\/script>\n<!-- \/ Yoast SEO plugin. -->","yoast_head_json":{"title":"P. Diddy tout sourire en cellule : premi\u00e8re photo en prison","robots":{"index":"index","follow":"follow","max-snippet":"max-snippet:-1","max-image-preview":"max-image-preview:large","max-video-preview":"max-video-preview:-1"},"canonical":"https:\/\/elukelele.com\/fr\/divertissement\/p-diddy-tout-sourire-en-cellule-premiere-photo-en-prison\/","og_locale":"fr_FR","og_type":"article","og_title":"P. Diddy tout sourire en cellule : premi\u00e8re photo en prison","og_description":"L&rsquo;image de P. Diddy, figure embl\u00e9matique de l&rsquo;industrie musicale, tout sourire en cellule a r\u00e9cemment fait le tour des m\u00e9dias, offrant un contraste frappant avec la gravit\u00e9 des accusations et de sa condamnation. Alors que le magnat du hip-hop purge une peine de prison, cette premi\u00e8re photo de lui derri\u00e8re les barreaux suscite de nombreuses [&hellip;]","og_url":"https:\/\/elukelele.com\/fr\/divertissement\/p-diddy-tout-sourire-en-cellule-premiere-photo-en-prison\/","og_site_name":"El Ukelele","article_published_time":"2025-11-29T07:19:29+00:00","article_modified_time":"2025-11-29T07:19:30+00:00","og_image":[{"width":1200,"height":628,"url":"https:\/\/elukelele.com\/fr\/wp-content\/uploads\/2025\/11\/framed_only-918.png","type":"image\/png"}],"author":"Daniel Perrin","twitter_card":"summary_large_image","twitter_misc":{"\u00c9crit par":"Daniel Perrin","Dur\u00e9e de lecture estim\u00e9e":"4 minutes"},"schema":{"@context":"https:\/\/schema.org","@graph":[{"@type":"WebPage","@id":"https:\/\/elukelele.com\/fr\/divertissement\/p-diddy-tout-sourire-en-cellule-premiere-photo-en-prison\/","url":"https:\/\/elukelele.com\/fr\/divertissement\/p-diddy-tout-sourire-en-cellule-premiere-photo-en-prison\/","name":"P. Diddy tout sourire en cellule : premi\u00e8re photo en prison","isPartOf":{"@id":"https:\/\/elukelele.com\/fr\/#website"},"primaryImageOfPage":{"@id":"https:\/\/elukelele.com\/fr\/divertissement\/p-diddy-tout-sourire-en-cellule-premiere-photo-en-prison\/#primaryimage"},"image":{"@id":"https:\/\/elukelele.com\/fr\/divertissement\/p-diddy-tout-sourire-en-cellule-premiere-photo-en-prison\/#primaryimage"},"thumbnailUrl":"https:\/\/elukelele.com\/fr\/wp-content\/uploads\/2025\/11\/framed_only-918.png","datePublished":"2025-11-29T07:19:29+00:00","dateModified":"2025-11-29T07:19:30+00:00","author":{"@id":"https:\/\/elukelele.com\/fr\/#\/schema\/person\/ccfb3d2be2ec7fa389608eb6da0b38d6"},"breadcrumb":{"@id":"https:\/\/elukelele.com\/fr\/divertissement\/p-diddy-tout-sourire-en-cellule-premiere-photo-en-prison\/#breadcrumb"},"inLanguage":"fr-FR","potentialAction":[{"@type":"ReadAction","target":["https:\/\/elukelele.com\/fr\/divertissement\/p-diddy-tout-sourire-en-cellule-premiere-photo-en-prison\/"]}]},{"@type":"ImageObject","inLanguage":"fr-FR","@id":"https:\/\/elukelele.com\/fr\/divertissement\/p-diddy-tout-sourire-en-cellule-premiere-photo-en-prison\/#primaryimage","url":"https:\/\/elukelele.com\/fr\/wp-content\/uploads\/2025\/11\/framed_only-918.png","contentUrl":"https:\/\/elukelele.com\/fr\/wp-content\/uploads\/2025\/11\/framed_only-918.png","width":1200,"height":628,"caption":"Diddy"},{"@type":"BreadcrumbList","@id":"https:\/\/elukelele.com\/fr\/divertissement\/p-diddy-tout-sourire-en-cellule-premiere-photo-en-prison\/#breadcrumb","itemListElement":[{"@type":"ListItem","position":1,"name":"Home","item":"https:\/\/elukelele.com\/fr\/"},{"@type":"ListItem","position":2,"name":"P. Diddy tout sourire en cellule : premi\u00e8re photo en prison"}]},{"@type":"WebSite","@id":"https:\/\/elukelele.com\/fr\/#website","url":"https:\/\/elukelele.com\/fr\/","name":"El Ukelele","description":"Musique au-del\u00e0 de l&#039;indie","potentialAction":[{"@type":"SearchAction","target":{"@type":"EntryPoint","urlTemplate":"https:\/\/elukelele.com\/fr\/?s={search_term_string}"},"query-input":{"@type":"PropertyValueSpecification","valueRequired":true,"valueName":"search_term_string"}}],"inLanguage":"fr-FR"},{"@type":"Person","@id":"https:\/\/elukelele.com\/fr\/#\/schema\/person\/ccfb3d2be2ec7fa389608eb6da0b38d6","name":"Daniel Perrin","image":{"@type":"ImageObject","inLanguage":"fr-FR","@id":"https:\/\/elukelele.com\/fr\/#\/schema\/person\/image\/","url":"https:\/\/secure.gravatar.com\/avatar\/37f9d9ffa29ce5640a0d9c6ca8bbd90afb854014296ecaa0e3a558ac716e6fe4?s=96&d=mm&r=g","contentUrl":"https:\/\/secure.gravatar.com\/avatar\/37f9d9ffa29ce5640a0d9c6ca8bbd90afb854014296ecaa0e3a558ac716e6fe4?s=96&d=mm&r=g","caption":"Daniel Perrin"},"sameAs":["https:\/\/elukelele.com\/fr"],"url":"https:\/\/elukelele.com\/fr\/author\/daniel-perrin\/"}]}},"_links":{"self":[{"href":"https:\/\/elukelele.com\/fr\/wp-json\/wp\/v2\/posts\/46562","targetHints":{"allow":["GET"]}}],"collection":[{"href":"https:\/\/elukelele.com\/fr\/wp-json\/wp\/v2\/posts"}],"about":[{"href":"https:\/\/elukelele.com\/fr\/wp-json\/wp\/v2\/types\/post"}],"author":[{"embeddable":true,"href":"https:\/\/elukelele.com\/fr\/wp-json\/wp\/v2\/users\/4"}],"replies":[{"embeddable":true,"href":"https:\/\/elukelele.com\/fr\/wp-json\/wp\/v2\/comments?post=46562"}],"version-history":[{"count":1,"href":"https:\/\/elukelele.com\/fr\/wp-json\/wp\/v2\/posts\/46562\/revisions"}],"predecessor-version":[{"id":46805,"href":"https:\/\/elukelele.com\/fr\/wp-json\/wp\/v2\/posts\/46562\/revisions\/46805"}],"wp:featuredmedia":[{"embeddable":true,"href":"https:\/\/elukelele.com\/fr\/wp-json\/wp\/v2\/media\/46561"}],"wp:attachment":[{"href":"https:\/\/elukelele.com\/fr\/wp-json\/wp\/v2\/media?parent=46562"}],"wp:term":[{"taxonomy":"category","embeddable":true,"href":"https:\/\/elukelele.com\/fr\/wp-json\/wp\/v2\/categories?post=46562"},{"taxonomy":"post_tag","embeddable":true,"href":"https:\/\/elukelele.com\/fr\/wp-json\/wp\/v2\/tags?post=46562"}],"curies":[{"name":"wp","href":"https:\/\/api.w.org\/{rel}","templated":true}]}}