{"id":46558,"date":"2025-11-29T07:17:53","date_gmt":"2025-11-29T07:17:53","guid":{"rendered":"https:\/\/elukelele.com\/fr\/?p=46558"},"modified":"2025-11-29T07:17:54","modified_gmt":"2025-11-29T07:17:54","slug":"pam-hogg-la-creatrice-de-mode-icone-du-punk-rock-est-decedee","status":"publish","type":"post","link":"https:\/\/elukelele.com\/fr\/divertissement\/pam-hogg-la-creatrice-de-mode-icone-du-punk-rock-est-decedee\/","title":{"rendered":"Pam Hogg, la cre\u0301atrice de mode ico\u0302ne du punk rock, est de\u0301ce\u0301de\u0301e"},"content":{"rendered":"<p>La mode et la musique punk rock pleurent la perte d&rsquo;une de leurs figures les plus embl\u00e9matiques. Pam Hogg, cr\u00e9atrice de mode \u00e9cossaise dont le style audacieux et non-conformiste a d\u00e9fini une \u00e8re, est d\u00e9c\u00e9d\u00e9e le 26 novembre 2025 \u00e0 l&rsquo;\u00e2ge de 66 ans. Sa famille a annonc\u00e9 sa disparition sur Instagram, pr\u00e9cisant qu&rsquo;elle s&rsquo;\u00e9tait \u00e9teinte paisiblement, entour\u00e9e de ses proches, \u00e0 l&rsquo;hospice St Joseph de Hackney, \u00e0 Londres.<\/p>\n<p>Pamela Hogg, dont la carri\u00e8re s&rsquo;\u00e9tend sur plus de quatre d\u00e9cennies, \u00e9tait bien plus qu&rsquo;une simple styliste. Musicienne, artiste et \u00ab\u00a0faiseuse de troubles\u00a0\u00bb autoproclam\u00e9e, elle a laiss\u00e9 une empreinte ind\u00e9l\u00e9bile sur la contre-culture britannique et la sc\u00e8ne de la mode mondiale, habillant des ic\u00f4nes de la musique et du cin\u00e9ma tout en restant fid\u00e8le \u00e0 ses principes punk.<\/p>\n<h2>Une Pionni\u00e8re de la Contre-culture Britannique<\/h2>\n<p>N\u00e9e Pamela Hogg en 1959 \u00e0 Paisley, en \u00c9cosse, une r\u00e9gion riche en tradition textile, Pam Hogg a d\u00e9velopp\u00e9 tr\u00e8s t\u00f4t un int\u00e9r\u00eat pour la cr\u00e9ation. D\u00e8s l&rsquo;\u00e2ge de six ans, elle modifiait ses v\u00eatements et, \u00e0 quatorze ans, elle cr\u00e9ait d\u00e9j\u00e0 des pi\u00e8ces imaginaires. Elle a d&rsquo;abord \u00e9tudi\u00e9 les Beaux-Arts et les textiles imprim\u00e9s \u00e0 la Glasgow School of Art, o\u00f9 elle a remport\u00e9 plusieurs distinctions, avant de poursuivre un Master of Arts au Royal College of Art de Londres.<\/p>\n<p>C&rsquo;est au d\u00e9but des ann\u00e9es 1980 que Pam Hogg \u00e9merge sur la sc\u00e8ne londonienne, au sein d&rsquo;une nouvelle vague de designers. Elle a lanc\u00e9 sa premi\u00e8re collection en 1981, intitul\u00e9e \u00ab\u00a0Psychedelic Jungle\u00a0\u00bb. Ses cr\u00e9ations \u00e9taient d&rsquo;abord vendues \u00e0 Hyper Hyper au Kensington Market, puis dans sa propre boutique \u00e0 Soho, dans le West End de Londres, t\u00e9moignant de son esprit ind\u00e9pendant et de son refus de se conformer \u00e0 l&rsquo;industrie de la mode traditionnelle.<\/p>\n<h2>L&rsquo;Esth\u00e9tique Audacieuse de Pam Hogg<\/h2>\n<p>Pam Hogg \u00e9tait c\u00e9l\u00e8bre pour son style audacieux, futuriste et profond\u00e9ment influenc\u00e9 par le punk. Elle \u00e9tait particuli\u00e8rement reconnue pour ses combinaisons moulantes, souvent confectionn\u00e9es en lycra, en maille ou en PVC, qui sont devenues sa signature. Ses collections portaient des noms \u00e9vocateurs tels que \u00ab\u00a0Warrior Queen\u00a0\u00bb (1989), \u00ab\u00a0Best Dressed Chicken in Town\u00a0\u00bb, \u00ab\u00a0And God Created Woman\u00a0\u00bb et \u00ab\u00a0Wild Wild Women of the West\u00a0\u00bb, refl\u00e9tant son humour et son audace.<\/p>\n<p>Surnomm\u00e9e la \u00ab\u00a0Caledonian Queen of Cling\u00a0\u00bb (la Reine cal\u00e9donienne du moulant) et d\u00e9sign\u00e9e comme \u00ab\u00a0la cr\u00e9atrice la plus provocante de Grande-Bretagne\u00a0\u00bb par <i>The Guardian<\/i>, Pam Hogg a toujours cultiv\u00e9 une esth\u00e9tique qui d\u00e9fiait les normes. Elle confectionnait elle-m\u00eame ses patrons et, dans ses derni\u00e8res ann\u00e9es, aurait cousu chaque pi\u00e8ce de ses collections.<\/p>\n<h2>Influence Transg\u00e9n\u00e9rationnelle et Carri\u00e8re Musicale<\/h2>\n<p>L&rsquo;impact de Pam Hogg s&rsquo;est \u00e9tendu bien au-del\u00e0 des podiums. Ses cr\u00e9ations ont habill\u00e9 une constellation de c\u00e9l\u00e9brit\u00e9s issues des mondes de la musique et de la mode, marquant plusieurs g\u00e9n\u00e9rations. Parmi elles, des figures embl\u00e9matiques comme Debbie Harry de Blondie, Siouxsie Sioux, Kylie Minogue (notamment sa combinaison noire clout\u00e9e dans le clip de \u00ab\u00a02 Hearts\u00a0\u00bb), Rihanna, Lady Gaga, Kate Moss, Beyonc\u00e9, Bj\u00f6rk, Naomi Campbell et la Princesse Eugenie.<\/p>\n<p>Parall\u00e8lement \u00e0 sa carri\u00e8re dans la mode, la musique a toujours \u00e9t\u00e9 sa \u00ab\u00a0premi\u00e8re passion\u00a0\u00bb et une source profonde d&rsquo;amiti\u00e9s et d&rsquo;inspiration. \u00c0 la fin des ann\u00e9es 1970, elle a \u00e9t\u00e9 membre du groupe Rubbish, qui a assur\u00e9 des premi\u00e8res parties de The Pogues. Plus tard, elle a connu un succ\u00e8s mineur avec le groupe d&rsquo;acid house The Garden of Eden. Dans les ann\u00e9es 1990, elle est devenue la chanteuse principale du groupe Doll, ouvrant des concerts pour Blondie, consolidant son statut d&rsquo;ic\u00f4ne aux multiples talents.<\/p>\n<h2>Un H\u00e9ritage Qui D\u00e9fie les Conventions<\/h2>\n<p>L&rsquo;\u0153uvre de Pam Hogg \u00e9tait intrins\u00e8quement politique, souvent impr\u00e9gn\u00e9e de ses convictions en faveur de l&rsquo;autonomisation des femmes, des droits des personnes LGBTQ+ et de l&rsquo;individualisme face \u00e0 la conformit\u00e9. Sa collection \u00ab\u00a0Courage\u00a0\u00bb de 2014, par exemple, \u00e9tait un hommage au groupe Pussy Riot. M\u00eame sa derni\u00e8re collection, \u00ab\u00a0Of Gods and Monsters\u00a0\u00bb (2024), a utilis\u00e9 des tissus recycl\u00e9s et des silhouettes provocantes pour aborder les injustices mondiales et les probl\u00e8mes sociaux, prouvant que cr\u00e9ativit\u00e9 et conscience pouvaient coexister.<\/p>\n<p>Son travail a \u00e9t\u00e9 expos\u00e9 dans de nombreuses galeries et institutions prestigieuses \u00e0 travers le monde, notamment le Victoria and Albert Museum de Londres. Elle a \u00e9galement con\u00e7u les troph\u00e9es Britannia pour les Brit Awards 2016. Au cours de sa carri\u00e8re, elle a \u00e9t\u00e9 honor\u00e9e de plusieurs r\u00e9compenses, dont le Creative Excellence Award du Scottish Fashion Council en 2013 et un doctorat honorifique de la Glasgow School of Art en 2016.<\/p>\n<h2>Hommages et Adieux<\/h2>\n<p>L&rsquo;annonce du d\u00e9c\u00e8s de Pam Hogg a suscit\u00e9 une vague d&rsquo;\u00e9motion et d&rsquo;hommages de la part de l&rsquo;industrie de la mode, de la musique et de ses nombreux admirateurs. Sa famille a exprim\u00e9 sa profonde tristesse, soulignant que \u00ab\u00a0l&rsquo;esprit cr\u00e9atif de Pamela et son \u0153uvre ont touch\u00e9 la vie de nombreuses personnes de tous \u00e2ges\u00a0\u00bb, et qu&rsquo;elle \u00ab\u00a0laisse un magnifique h\u00e9ritage qui continuera d&rsquo;inspirer, d&rsquo;apporter de la joie et de nous inciter \u00e0 vivre au-del\u00e0 des limites des conventions\u00a0\u00bb.<\/p>\n<p>De nombreuses personnalit\u00e9s, dont les actrices Rose McGowan et Patricia Arquette, le groupe Blondie et la designer Roksanda Ilincic, ont rendu hommage \u00e0 cette figure indomptable. Zandra Rhodes, une autre designer influente, a salu\u00e9 Pam Hogg comme \u00ab\u00a0un personnage excentrique et dominant de Londres\u00a0\u00bb qui a \u00ab\u00a0r\u00e9invent\u00e9 les combinaisons en lycra et la mode disco\u00a0\u00bb et dont l&rsquo;absence laissera un vide dans la sc\u00e8ne rebelle et vibrante de la mode.<\/p>\n<h2>Conclusion<\/h2>\n<p>Pam Hogg \u00e9tait une force cr\u00e9ative singuli\u00e8re, une v\u00e9ritable \u00ab\u00a0rockstar\u00a0\u00bb du design qui a su marier l&rsquo;audace du punk \u00e0 une vision artistique unique. Sa capacit\u00e9 \u00e0 naviguer entre la mode, la musique et l&rsquo;art, tout en conservant une authenticit\u00e9 in\u00e9branlable, a fait d&rsquo;elle une source d&rsquo;inspiration pour des g\u00e9n\u00e9rations. Son h\u00e9ritage perdurera \u00e0 travers ses cr\u00e9ations provocantes, son plaidoyer pour l&rsquo;individualisme et son esprit flamboyant qui a toujours d\u00e9fi\u00e9 les conventions. La perte de Pam Hogg marque la fin d&rsquo;une \u00e9poque, mais son influence continue de rayonner, encourageant chacun \u00e0 embrasser sa propre originalit\u00e9.<\/p>\n","protected":false},"excerpt":{"rendered":"<p>La mode et la musique punk rock pleurent la perte d&rsquo;une de leurs figures les plus embl\u00e9matiques. Pam Hogg, cr\u00e9atrice de mode \u00e9cossaise dont le style audacieux et non-conformiste a d\u00e9fini une \u00e8re, est d\u00e9c\u00e9d\u00e9e le 26 novembre 2025 \u00e0 l&rsquo;\u00e2ge de 66 ans. Sa famille a annonc\u00e9 sa disparition sur Instagram, pr\u00e9cisant qu&rsquo;elle s&rsquo;\u00e9tait [&hellip;]<\/p>\n","protected":false},"author":4,"featured_media":46557,"comment_status":"open","ping_status":"open","sticky":false,"template":"","format":"standard","meta":{"_yoast_wpseo_title":"Pam Hogg, la cre\u0301atrice de mode ico\u0302ne du punk rock","_yoast_wpseo_metadesc":"","_yoast_wpseo_focuskw":"Pam"},"categories":[5],"tags":[],"class_list":["post-46558","post","type-post","status-publish","format-standard","has-post-thumbnail","hentry","category-divertissement"],"yoast_head":"<!-- This site is optimized with the Yoast SEO plugin v26.3 - https:\/\/yoast.com\/wordpress\/plugins\/seo\/ -->\n<title>Pam Hogg, la cre\u0301atrice de mode ico\u0302ne du punk rock<\/title>\n<meta name=\"robots\" content=\"index, follow, max-snippet:-1, max-image-preview:large, max-video-preview:-1\" \/>\n<link rel=\"canonical\" href=\"https:\/\/elukelele.com\/fr\/divertissement\/pam-hogg-la-creatrice-de-mode-icone-du-punk-rock-est-decedee\/\" \/>\n<meta property=\"og:locale\" content=\"fr_FR\" \/>\n<meta property=\"og:type\" content=\"article\" \/>\n<meta property=\"og:title\" content=\"Pam Hogg, la cre\u0301atrice de mode ico\u0302ne du punk rock\" \/>\n<meta property=\"og:description\" content=\"La mode et la musique punk rock pleurent la perte d&rsquo;une de leurs figures les plus embl\u00e9matiques. Pam Hogg, cr\u00e9atrice de mode \u00e9cossaise dont le style audacieux et non-conformiste a d\u00e9fini une \u00e8re, est d\u00e9c\u00e9d\u00e9e le 26 novembre 2025 \u00e0 l&rsquo;\u00e2ge de 66 ans. Sa famille a annonc\u00e9 sa disparition sur Instagram, pr\u00e9cisant qu&rsquo;elle s&rsquo;\u00e9tait [&hellip;]\" \/>\n<meta property=\"og:url\" content=\"https:\/\/elukelele.com\/fr\/divertissement\/pam-hogg-la-creatrice-de-mode-icone-du-punk-rock-est-decedee\/\" \/>\n<meta property=\"og:site_name\" content=\"El Ukelele\" \/>\n<meta property=\"article:published_time\" content=\"2025-11-29T07:17:53+00:00\" \/>\n<meta property=\"article:modified_time\" content=\"2025-11-29T07:17:54+00:00\" \/>\n<meta property=\"og:image\" content=\"https:\/\/elukelele.com\/fr\/wp-content\/uploads\/2025\/11\/framed_only-916.png\" \/>\n\t<meta property=\"og:image:width\" content=\"1200\" \/>\n\t<meta property=\"og:image:height\" content=\"628\" \/>\n\t<meta property=\"og:image:type\" content=\"image\/png\" \/>\n<meta name=\"author\" content=\"Daniel Perrin\" \/>\n<meta name=\"twitter:card\" content=\"summary_large_image\" \/>\n<meta name=\"twitter:label1\" content=\"\u00c9crit par\" \/>\n\t<meta name=\"twitter:data1\" content=\"Daniel Perrin\" \/>\n\t<meta name=\"twitter:label2\" content=\"Dur\u00e9e de lecture estim\u00e9e\" \/>\n\t<meta name=\"twitter:data2\" content=\"6 minutes\" \/>\n<script type=\"application\/ld+json\" class=\"yoast-schema-graph\">{\"@context\":\"https:\/\/schema.org\",\"@graph\":[{\"@type\":\"WebPage\",\"@id\":\"https:\/\/elukelele.com\/fr\/divertissement\/pam-hogg-la-creatrice-de-mode-icone-du-punk-rock-est-decedee\/\",\"url\":\"https:\/\/elukelele.com\/fr\/divertissement\/pam-hogg-la-creatrice-de-mode-icone-du-punk-rock-est-decedee\/\",\"name\":\"Pam Hogg, la cre\u0301atrice de mode ico\u0302ne du punk rock\",\"isPartOf\":{\"@id\":\"https:\/\/elukelele.com\/fr\/#website\"},\"primaryImageOfPage\":{\"@id\":\"https:\/\/elukelele.com\/fr\/divertissement\/pam-hogg-la-creatrice-de-mode-icone-du-punk-rock-est-decedee\/#primaryimage\"},\"image\":{\"@id\":\"https:\/\/elukelele.com\/fr\/divertissement\/pam-hogg-la-creatrice-de-mode-icone-du-punk-rock-est-decedee\/#primaryimage\"},\"thumbnailUrl\":\"https:\/\/elukelele.com\/fr\/wp-content\/uploads\/2025\/11\/framed_only-916.png\",\"datePublished\":\"2025-11-29T07:17:53+00:00\",\"dateModified\":\"2025-11-29T07:17:54+00:00\",\"author\":{\"@id\":\"https:\/\/elukelele.com\/fr\/#\/schema\/person\/ccfb3d2be2ec7fa389608eb6da0b38d6\"},\"breadcrumb\":{\"@id\":\"https:\/\/elukelele.com\/fr\/divertissement\/pam-hogg-la-creatrice-de-mode-icone-du-punk-rock-est-decedee\/#breadcrumb\"},\"inLanguage\":\"fr-FR\",\"potentialAction\":[{\"@type\":\"ReadAction\",\"target\":[\"https:\/\/elukelele.com\/fr\/divertissement\/pam-hogg-la-creatrice-de-mode-icone-du-punk-rock-est-decedee\/\"]}]},{\"@type\":\"ImageObject\",\"inLanguage\":\"fr-FR\",\"@id\":\"https:\/\/elukelele.com\/fr\/divertissement\/pam-hogg-la-creatrice-de-mode-icone-du-punk-rock-est-decedee\/#primaryimage\",\"url\":\"https:\/\/elukelele.com\/fr\/wp-content\/uploads\/2025\/11\/framed_only-916.png\",\"contentUrl\":\"https:\/\/elukelele.com\/fr\/wp-content\/uploads\/2025\/11\/framed_only-916.png\",\"width\":1200,\"height\":628,\"caption\":\"Pam\"},{\"@type\":\"BreadcrumbList\",\"@id\":\"https:\/\/elukelele.com\/fr\/divertissement\/pam-hogg-la-creatrice-de-mode-icone-du-punk-rock-est-decedee\/#breadcrumb\",\"itemListElement\":[{\"@type\":\"ListItem\",\"position\":1,\"name\":\"Home\",\"item\":\"https:\/\/elukelele.com\/fr\/\"},{\"@type\":\"ListItem\",\"position\":2,\"name\":\"Pam Hogg, la cre\u0301atrice de mode ico\u0302ne du punk rock, est de\u0301ce\u0301de\u0301e\"}]},{\"@type\":\"WebSite\",\"@id\":\"https:\/\/elukelele.com\/fr\/#website\",\"url\":\"https:\/\/elukelele.com\/fr\/\",\"name\":\"El Ukelele\",\"description\":\"Musique au-del\u00e0 de l&#039;indie\",\"potentialAction\":[{\"@type\":\"SearchAction\",\"target\":{\"@type\":\"EntryPoint\",\"urlTemplate\":\"https:\/\/elukelele.com\/fr\/?s={search_term_string}\"},\"query-input\":{\"@type\":\"PropertyValueSpecification\",\"valueRequired\":true,\"valueName\":\"search_term_string\"}}],\"inLanguage\":\"fr-FR\"},{\"@type\":\"Person\",\"@id\":\"https:\/\/elukelele.com\/fr\/#\/schema\/person\/ccfb3d2be2ec7fa389608eb6da0b38d6\",\"name\":\"Daniel Perrin\",\"image\":{\"@type\":\"ImageObject\",\"inLanguage\":\"fr-FR\",\"@id\":\"https:\/\/elukelele.com\/fr\/#\/schema\/person\/image\/\",\"url\":\"https:\/\/secure.gravatar.com\/avatar\/37f9d9ffa29ce5640a0d9c6ca8bbd90afb854014296ecaa0e3a558ac716e6fe4?s=96&d=mm&r=g\",\"contentUrl\":\"https:\/\/secure.gravatar.com\/avatar\/37f9d9ffa29ce5640a0d9c6ca8bbd90afb854014296ecaa0e3a558ac716e6fe4?s=96&d=mm&r=g\",\"caption\":\"Daniel Perrin\"},\"sameAs\":[\"https:\/\/elukelele.com\/fr\"],\"url\":\"https:\/\/elukelele.com\/fr\/author\/daniel-perrin\/\"}]}<\/script>\n<!-- \/ Yoast SEO plugin. -->","yoast_head_json":{"title":"Pam Hogg, la cre\u0301atrice de mode ico\u0302ne du punk rock","robots":{"index":"index","follow":"follow","max-snippet":"max-snippet:-1","max-image-preview":"max-image-preview:large","max-video-preview":"max-video-preview:-1"},"canonical":"https:\/\/elukelele.com\/fr\/divertissement\/pam-hogg-la-creatrice-de-mode-icone-du-punk-rock-est-decedee\/","og_locale":"fr_FR","og_type":"article","og_title":"Pam Hogg, la cre\u0301atrice de mode ico\u0302ne du punk rock","og_description":"La mode et la musique punk rock pleurent la perte d&rsquo;une de leurs figures les plus embl\u00e9matiques. Pam Hogg, cr\u00e9atrice de mode \u00e9cossaise dont le style audacieux et non-conformiste a d\u00e9fini une \u00e8re, est d\u00e9c\u00e9d\u00e9e le 26 novembre 2025 \u00e0 l&rsquo;\u00e2ge de 66 ans. Sa famille a annonc\u00e9 sa disparition sur Instagram, pr\u00e9cisant qu&rsquo;elle s&rsquo;\u00e9tait [&hellip;]","og_url":"https:\/\/elukelele.com\/fr\/divertissement\/pam-hogg-la-creatrice-de-mode-icone-du-punk-rock-est-decedee\/","og_site_name":"El Ukelele","article_published_time":"2025-11-29T07:17:53+00:00","article_modified_time":"2025-11-29T07:17:54+00:00","og_image":[{"width":1200,"height":628,"url":"https:\/\/elukelele.com\/fr\/wp-content\/uploads\/2025\/11\/framed_only-916.png","type":"image\/png"}],"author":"Daniel Perrin","twitter_card":"summary_large_image","twitter_misc":{"\u00c9crit par":"Daniel Perrin","Dur\u00e9e de lecture estim\u00e9e":"6 minutes"},"schema":{"@context":"https:\/\/schema.org","@graph":[{"@type":"WebPage","@id":"https:\/\/elukelele.com\/fr\/divertissement\/pam-hogg-la-creatrice-de-mode-icone-du-punk-rock-est-decedee\/","url":"https:\/\/elukelele.com\/fr\/divertissement\/pam-hogg-la-creatrice-de-mode-icone-du-punk-rock-est-decedee\/","name":"Pam Hogg, la cre\u0301atrice de mode ico\u0302ne du punk rock","isPartOf":{"@id":"https:\/\/elukelele.com\/fr\/#website"},"primaryImageOfPage":{"@id":"https:\/\/elukelele.com\/fr\/divertissement\/pam-hogg-la-creatrice-de-mode-icone-du-punk-rock-est-decedee\/#primaryimage"},"image":{"@id":"https:\/\/elukelele.com\/fr\/divertissement\/pam-hogg-la-creatrice-de-mode-icone-du-punk-rock-est-decedee\/#primaryimage"},"thumbnailUrl":"https:\/\/elukelele.com\/fr\/wp-content\/uploads\/2025\/11\/framed_only-916.png","datePublished":"2025-11-29T07:17:53+00:00","dateModified":"2025-11-29T07:17:54+00:00","author":{"@id":"https:\/\/elukelele.com\/fr\/#\/schema\/person\/ccfb3d2be2ec7fa389608eb6da0b38d6"},"breadcrumb":{"@id":"https:\/\/elukelele.com\/fr\/divertissement\/pam-hogg-la-creatrice-de-mode-icone-du-punk-rock-est-decedee\/#breadcrumb"},"inLanguage":"fr-FR","potentialAction":[{"@type":"ReadAction","target":["https:\/\/elukelele.com\/fr\/divertissement\/pam-hogg-la-creatrice-de-mode-icone-du-punk-rock-est-decedee\/"]}]},{"@type":"ImageObject","inLanguage":"fr-FR","@id":"https:\/\/elukelele.com\/fr\/divertissement\/pam-hogg-la-creatrice-de-mode-icone-du-punk-rock-est-decedee\/#primaryimage","url":"https:\/\/elukelele.com\/fr\/wp-content\/uploads\/2025\/11\/framed_only-916.png","contentUrl":"https:\/\/elukelele.com\/fr\/wp-content\/uploads\/2025\/11\/framed_only-916.png","width":1200,"height":628,"caption":"Pam"},{"@type":"BreadcrumbList","@id":"https:\/\/elukelele.com\/fr\/divertissement\/pam-hogg-la-creatrice-de-mode-icone-du-punk-rock-est-decedee\/#breadcrumb","itemListElement":[{"@type":"ListItem","position":1,"name":"Home","item":"https:\/\/elukelele.com\/fr\/"},{"@type":"ListItem","position":2,"name":"Pam Hogg, la cre\u0301atrice de mode ico\u0302ne du punk rock, est de\u0301ce\u0301de\u0301e"}]},{"@type":"WebSite","@id":"https:\/\/elukelele.com\/fr\/#website","url":"https:\/\/elukelele.com\/fr\/","name":"El Ukelele","description":"Musique au-del\u00e0 de l&#039;indie","potentialAction":[{"@type":"SearchAction","target":{"@type":"EntryPoint","urlTemplate":"https:\/\/elukelele.com\/fr\/?s={search_term_string}"},"query-input":{"@type":"PropertyValueSpecification","valueRequired":true,"valueName":"search_term_string"}}],"inLanguage":"fr-FR"},{"@type":"Person","@id":"https:\/\/elukelele.com\/fr\/#\/schema\/person\/ccfb3d2be2ec7fa389608eb6da0b38d6","name":"Daniel Perrin","image":{"@type":"ImageObject","inLanguage":"fr-FR","@id":"https:\/\/elukelele.com\/fr\/#\/schema\/person\/image\/","url":"https:\/\/secure.gravatar.com\/avatar\/37f9d9ffa29ce5640a0d9c6ca8bbd90afb854014296ecaa0e3a558ac716e6fe4?s=96&d=mm&r=g","contentUrl":"https:\/\/secure.gravatar.com\/avatar\/37f9d9ffa29ce5640a0d9c6ca8bbd90afb854014296ecaa0e3a558ac716e6fe4?s=96&d=mm&r=g","caption":"Daniel Perrin"},"sameAs":["https:\/\/elukelele.com\/fr"],"url":"https:\/\/elukelele.com\/fr\/author\/daniel-perrin\/"}]}},"_links":{"self":[{"href":"https:\/\/elukelele.com\/fr\/wp-json\/wp\/v2\/posts\/46558","targetHints":{"allow":["GET"]}}],"collection":[{"href":"https:\/\/elukelele.com\/fr\/wp-json\/wp\/v2\/posts"}],"about":[{"href":"https:\/\/elukelele.com\/fr\/wp-json\/wp\/v2\/types\/post"}],"author":[{"embeddable":true,"href":"https:\/\/elukelele.com\/fr\/wp-json\/wp\/v2\/users\/4"}],"replies":[{"embeddable":true,"href":"https:\/\/elukelele.com\/fr\/wp-json\/wp\/v2\/comments?post=46558"}],"version-history":[{"count":1,"href":"https:\/\/elukelele.com\/fr\/wp-json\/wp\/v2\/posts\/46558\/revisions"}],"predecessor-version":[{"id":46804,"href":"https:\/\/elukelele.com\/fr\/wp-json\/wp\/v2\/posts\/46558\/revisions\/46804"}],"wp:featuredmedia":[{"embeddable":true,"href":"https:\/\/elukelele.com\/fr\/wp-json\/wp\/v2\/media\/46557"}],"wp:attachment":[{"href":"https:\/\/elukelele.com\/fr\/wp-json\/wp\/v2\/media?parent=46558"}],"wp:term":[{"taxonomy":"category","embeddable":true,"href":"https:\/\/elukelele.com\/fr\/wp-json\/wp\/v2\/categories?post=46558"},{"taxonomy":"post_tag","embeddable":true,"href":"https:\/\/elukelele.com\/fr\/wp-json\/wp\/v2\/tags?post=46558"}],"curies":[{"name":"wp","href":"https:\/\/api.w.org\/{rel}","templated":true}]}}