{"id":46554,"date":"2025-11-29T07:16:42","date_gmt":"2025-11-29T07:16:42","guid":{"rendered":"https:\/\/elukelele.com\/fr\/?p=46554"},"modified":"2025-11-29T07:16:43","modified_gmt":"2025-11-29T07:16:43","slug":"je-mets-beaucoup-deau-dans-mon-vin-melanie-dedigama-separee-du-pere-de-sa-fille","status":"publish","type":"post","link":"https:\/\/elukelele.com\/fr\/divertissement\/je-mets-beaucoup-deau-dans-mon-vin-melanie-dedigama-separee-du-pere-de-sa-fille\/","title":{"rendered":"\u00ab\u00a0Je mets beaucoup d&rsquo;eau dans mon vin\u00a0\u00bb : Me\u0301lanie Dedigama se\u0301pare\u0301e du pe\u0300re de sa fille"},"content":{"rendered":"<p>L&rsquo;ancienne candidate de t\u00e9l\u00e9-r\u00e9alit\u00e9 M\u00e9lanie Dedigama, connue pour ses participations \u00e0 des \u00e9missions phares, s&rsquo;est r\u00e9cemment livr\u00e9e sur un aspect tr\u00e8s personnel de sa vie : sa relation avec Vincent, le p\u00e8re de sa fille Nala, suite \u00e0 leur s\u00e9paration. Avec une franchise notable, elle a partag\u00e9 les coulisses de leur coparentalit\u00e9, n&rsquo;h\u00e9sitant pas \u00e0 utiliser l&rsquo;expression r\u00e9v\u00e9latrice : \u00ab\u00a0Je mets beaucoup d&rsquo;eau dans mon vin\u00a0\u00bb. Ces confidences offrent un aper\u00e7u de la mani\u00e8re dont le couple a choisi de g\u00e9rer sa s\u00e9paration pour le bien-\u00eatre de leur enfant.<\/p>\n<h2>Une Nouvelle Vie Loin de la T\u00e9l\u00e9-R\u00e9alit\u00e9<\/h2>\n<p>\u00c0 35 ans, M\u00e9lanie Dedigama a op\u00e9r\u00e9 un virage significatif dans sa carri\u00e8re. Apr\u00e8s avoir marqu\u00e9 la t\u00e9l\u00e9-r\u00e9alit\u00e9 dans des programmes tels que <i>Les Cinquante<\/i> ou <i>Les Apprentis Aventuriers<\/i>, elle a d\u00e9cid\u00e9 de s&rsquo;\u00e9loigner des projecteurs. Ce choix radical vise \u00e0 privil\u00e9gier une vie plus calme, loin de l&rsquo;agitation m\u00e9diatique. Elle a d\u00e9clin\u00e9 de nombreuses propositions d&rsquo;\u00e9missions pour se consacrer pleinement \u00e0 sa fille Nala et \u00e0 son r\u00f4le d&rsquo;influenceuse sur les r\u00e9seaux sociaux.<\/p>\n<p>Cette d\u00e9cision fait suite \u00e0 des exp\u00e9riences parfois \u00e9prouvantes, notamment des tensions rencontr\u00e9es lors de tournages. Sur Instagram, elle a expliqu\u00e9 que sa pr\u00e9sence dans certaines \u00e9missions n&rsquo;\u00e9tait pas toujours un choix personnel. Si cette reconversion lui apporte une nouvelle s\u00e9r\u00e9nit\u00e9, elle n&rsquo;est pas pour autant \u00e0 l&rsquo;abri des critiques. R\u00e9cemment, une vid\u00e9o TikTok la montrant avec Manon Tanti, avec des nounous en arri\u00e8re-plan, a suscit\u00e9 un d\u00e9bat sur la pr\u00e9sence de personnel pour s&rsquo;occuper des enfants. M\u00e9lanie Dedigama a ripost\u00e9 fermement, d\u00e9fendant son droit \u00e0 s&rsquo;organiser en tant que m\u00e8re c\u00e9libataire et active, tout en pr\u00e9cisant les conditions de travail avantageuses de son employ\u00e9e.<\/p>\n<h2>Les Confidences de M\u00e9lanie Dedigama sur sa Relation avec Vincent<\/h2>\n<p>Au-del\u00e0 de sa carri\u00e8re et des pol\u00e9miques, M\u00e9lanie Dedigama a choisi d&rsquo;aborder ouvertement sa relation avec Vincent, le p\u00e8re de sa fille. Elle d\u00e9crit une dynamique de coparentalit\u00e9 qui, bien que parfois complexe, est g\u00e9r\u00e9e avec maturit\u00e9. \u00ab\u00a0\u00c7a se passe tr\u00e8s bien avec Vincent, on a des p\u00e9riodes o\u00f9 on s&rsquo;entend vraiment super bien, des p\u00e9riodes o\u00f9 on est plus en d\u00e9saccord, des p\u00e9riodes o\u00f9 moi j&rsquo;ai certaines choses qui me d\u00e9rangent&#8230;\u00a0\u00bb, a-t-elle confi\u00e9.<\/p>\n<p>L&rsquo;influenceuse insiste sur la discr\u00e9tion qu&rsquo;ils maintiennent autour de leurs d\u00e9saccords. Pour prot\u00e9ger Nala, ils s&rsquo;efforcent de ne pas \u00e9taler leurs diff\u00e9rends sur les r\u00e9seaux sociaux. Elle reconna\u00eet des personnalit\u00e9s tr\u00e8s diff\u00e9rentes : \u00ab\u00a0Lui, il est tr\u00e8s introverti et moi j&rsquo;ai besoin de communiquer et de dire tout ce que je pense. Lui, il est aux antipodes de tout \u00e7a.\u00a0\u00bb Malgr\u00e9 ces oppositions de caract\u00e8re, leur priorit\u00e9 reste l&rsquo;\u00e9ducation et le bien-\u00eatre de leur fille. \u00ab\u00a0M\u00eame si on n&rsquo;est pas en accord, devant notre enfant on est d&rsquo;accord\u00a0\u00bb, a-t-elle affirm\u00e9.<\/p>\n<p>Pour illustrer la solidit\u00e9 de leur lien, elle a m\u00eame utilis\u00e9 une comparaison forte : \u00ab\u00a0Si demain il devait tuer quelqu&rsquo;un et qu&rsquo;il fallait enterrer le cadavre, je serais la premi\u00e8re personne qu&rsquo;il appellerait.\u00a0\u00bb Cette m\u00e9taphore souligne une confiance profonde et un soutien mutuel, m\u00eame apr\u00e8s la rupture. M\u00e9lanie Dedigama se r\u00e9jouit que leurs disputes soient rares. Elle a toutefois admis faire des efforts consid\u00e9rables pour maintenir cette entente, d\u00e9clarant : \u00ab\u00a0Apr\u00e8s, je vous avoue que je mets beaucoup beaucoup d&rsquo;eau dans mon vin pour que cette relation soit un long fleuve tranquille.\u00a0\u00bb Cette expression imag\u00e9e met en lumi\u00e8re sa capacit\u00e9 \u00e0 faire des concessions pour pr\u00e9server l&rsquo;harmonie. Elle exprime une satisfaction g\u00e9n\u00e9rale quant \u00e0 l&rsquo;\u00e9quilibre trouv\u00e9, soulignant qu&rsquo;elle sera toujours l\u00e0 pour lui \u00ab\u00a0quoi qu&rsquo;il arrive\u00a0\u00bb.<\/p>\n<h2>Conclusion<\/h2>\n<p>Les r\u00e9centes d\u00e9clarations de M\u00e9lanie Dedigama offrent une perspective nuanc\u00e9e sur la coparentalit\u00e9 apr\u00e8s une s\u00e9paration. Elles d\u00e9montrent qu&rsquo;il est possible de b\u00e2tir une relation respectueuse et fonctionnelle, m\u00eame avec des temp\u00e9raments oppos\u00e9s, \u00e0 condition d&rsquo;une volont\u00e9 commune de faire des compromis, symbolis\u00e9e par l&rsquo;acte de \u00ab\u00a0mettre beaucoup d&rsquo;eau dans son vin\u00a0\u00bb. Cet \u00e9quilibre, qu&rsquo;elle s&rsquo;efforce de maintenir avec Vincent, est clairement orient\u00e9 vers le bien-\u00eatre et l&rsquo;\u00e9panouissement de leur fille, Nala, loin des drames souvent associ\u00e9s \u00e0 la sph\u00e8re m\u00e9diatique. Son t\u00e9moignage met en lumi\u00e8re l&rsquo;importance de la communication et du respect mutuel dans la construction d&rsquo;une coparentalit\u00e9 saine et apais\u00e9e.<\/p>\n","protected":false},"excerpt":{"rendered":"<p>L&rsquo;ancienne candidate de t\u00e9l\u00e9-r\u00e9alit\u00e9 M\u00e9lanie Dedigama, connue pour ses participations \u00e0 des \u00e9missions phares, s&rsquo;est r\u00e9cemment livr\u00e9e sur un aspect tr\u00e8s personnel de sa vie : sa relation avec Vincent, le p\u00e8re de sa fille Nala, suite \u00e0 leur s\u00e9paration. Avec une franchise notable, elle a partag\u00e9 les coulisses de leur coparentalit\u00e9, n&rsquo;h\u00e9sitant pas \u00e0 [&hellip;]<\/p>\n","protected":false},"author":4,"featured_media":46553,"comment_status":"open","ping_status":"open","sticky":false,"template":"","format":"standard","meta":{"_yoast_wpseo_title":"\"Je mets beaucoup d'eau dans mon vin\" : Me\u0301lanie Dedigama se\u0301pare\u0301e du pe\u0300re de sa fille","_yoast_wpseo_metadesc":"","_yoast_wpseo_focuskw":"dans"},"categories":[5],"tags":[],"class_list":["post-46554","post","type-post","status-publish","format-standard","has-post-thumbnail","hentry","category-divertissement"],"yoast_head":"<!-- This site is optimized with the Yoast SEO plugin v26.3 - https:\/\/yoast.com\/wordpress\/plugins\/seo\/ -->\n<title>&quot;Je mets beaucoup d&#039;eau dans mon vin&quot; : Me\u0301lanie Dedigama se\u0301pare\u0301e du pe\u0300re de sa fille<\/title>\n<meta name=\"robots\" content=\"index, follow, max-snippet:-1, max-image-preview:large, max-video-preview:-1\" \/>\n<link rel=\"canonical\" href=\"https:\/\/elukelele.com\/fr\/divertissement\/je-mets-beaucoup-deau-dans-mon-vin-melanie-dedigama-separee-du-pere-de-sa-fille\/\" \/>\n<meta property=\"og:locale\" content=\"fr_FR\" \/>\n<meta property=\"og:type\" content=\"article\" \/>\n<meta property=\"og:title\" content=\"&quot;Je mets beaucoup d&#039;eau dans mon vin&quot; : Me\u0301lanie Dedigama se\u0301pare\u0301e du pe\u0300re de sa fille\" \/>\n<meta property=\"og:description\" content=\"L&rsquo;ancienne candidate de t\u00e9l\u00e9-r\u00e9alit\u00e9 M\u00e9lanie Dedigama, connue pour ses participations \u00e0 des \u00e9missions phares, s&rsquo;est r\u00e9cemment livr\u00e9e sur un aspect tr\u00e8s personnel de sa vie : sa relation avec Vincent, le p\u00e8re de sa fille Nala, suite \u00e0 leur s\u00e9paration. Avec une franchise notable, elle a partag\u00e9 les coulisses de leur coparentalit\u00e9, n&rsquo;h\u00e9sitant pas \u00e0 [&hellip;]\" \/>\n<meta property=\"og:url\" content=\"https:\/\/elukelele.com\/fr\/divertissement\/je-mets-beaucoup-deau-dans-mon-vin-melanie-dedigama-separee-du-pere-de-sa-fille\/\" \/>\n<meta property=\"og:site_name\" content=\"El Ukelele\" \/>\n<meta property=\"article:published_time\" content=\"2025-11-29T07:16:42+00:00\" \/>\n<meta property=\"article:modified_time\" content=\"2025-11-29T07:16:43+00:00\" \/>\n<meta property=\"og:image\" content=\"https:\/\/elukelele.com\/fr\/wp-content\/uploads\/2025\/11\/framed_only-914.png\" \/>\n\t<meta property=\"og:image:width\" content=\"1200\" \/>\n\t<meta property=\"og:image:height\" content=\"628\" \/>\n\t<meta property=\"og:image:type\" content=\"image\/png\" \/>\n<meta name=\"author\" content=\"Daniel Perrin\" \/>\n<meta name=\"twitter:card\" content=\"summary_large_image\" \/>\n<meta name=\"twitter:label1\" content=\"\u00c9crit par\" \/>\n\t<meta name=\"twitter:data1\" content=\"Daniel Perrin\" \/>\n\t<meta name=\"twitter:label2\" content=\"Dur\u00e9e de lecture estim\u00e9e\" \/>\n\t<meta name=\"twitter:data2\" content=\"4 minutes\" \/>\n<script type=\"application\/ld+json\" class=\"yoast-schema-graph\">{\"@context\":\"https:\/\/schema.org\",\"@graph\":[{\"@type\":\"WebPage\",\"@id\":\"https:\/\/elukelele.com\/fr\/divertissement\/je-mets-beaucoup-deau-dans-mon-vin-melanie-dedigama-separee-du-pere-de-sa-fille\/\",\"url\":\"https:\/\/elukelele.com\/fr\/divertissement\/je-mets-beaucoup-deau-dans-mon-vin-melanie-dedigama-separee-du-pere-de-sa-fille\/\",\"name\":\"\\\"Je mets beaucoup d'eau dans mon vin\\\" : Me\u0301lanie Dedigama se\u0301pare\u0301e du pe\u0300re de sa fille\",\"isPartOf\":{\"@id\":\"https:\/\/elukelele.com\/fr\/#website\"},\"primaryImageOfPage\":{\"@id\":\"https:\/\/elukelele.com\/fr\/divertissement\/je-mets-beaucoup-deau-dans-mon-vin-melanie-dedigama-separee-du-pere-de-sa-fille\/#primaryimage\"},\"image\":{\"@id\":\"https:\/\/elukelele.com\/fr\/divertissement\/je-mets-beaucoup-deau-dans-mon-vin-melanie-dedigama-separee-du-pere-de-sa-fille\/#primaryimage\"},\"thumbnailUrl\":\"https:\/\/elukelele.com\/fr\/wp-content\/uploads\/2025\/11\/framed_only-914.png\",\"datePublished\":\"2025-11-29T07:16:42+00:00\",\"dateModified\":\"2025-11-29T07:16:43+00:00\",\"author\":{\"@id\":\"https:\/\/elukelele.com\/fr\/#\/schema\/person\/ccfb3d2be2ec7fa389608eb6da0b38d6\"},\"breadcrumb\":{\"@id\":\"https:\/\/elukelele.com\/fr\/divertissement\/je-mets-beaucoup-deau-dans-mon-vin-melanie-dedigama-separee-du-pere-de-sa-fille\/#breadcrumb\"},\"inLanguage\":\"fr-FR\",\"potentialAction\":[{\"@type\":\"ReadAction\",\"target\":[\"https:\/\/elukelele.com\/fr\/divertissement\/je-mets-beaucoup-deau-dans-mon-vin-melanie-dedigama-separee-du-pere-de-sa-fille\/\"]}]},{\"@type\":\"ImageObject\",\"inLanguage\":\"fr-FR\",\"@id\":\"https:\/\/elukelele.com\/fr\/divertissement\/je-mets-beaucoup-deau-dans-mon-vin-melanie-dedigama-separee-du-pere-de-sa-fille\/#primaryimage\",\"url\":\"https:\/\/elukelele.com\/fr\/wp-content\/uploads\/2025\/11\/framed_only-914.png\",\"contentUrl\":\"https:\/\/elukelele.com\/fr\/wp-content\/uploads\/2025\/11\/framed_only-914.png\",\"width\":1200,\"height\":628,\"caption\":\"dans\"},{\"@type\":\"BreadcrumbList\",\"@id\":\"https:\/\/elukelele.com\/fr\/divertissement\/je-mets-beaucoup-deau-dans-mon-vin-melanie-dedigama-separee-du-pere-de-sa-fille\/#breadcrumb\",\"itemListElement\":[{\"@type\":\"ListItem\",\"position\":1,\"name\":\"Home\",\"item\":\"https:\/\/elukelele.com\/fr\/\"},{\"@type\":\"ListItem\",\"position\":2,\"name\":\"\u00ab\u00a0Je mets beaucoup d&rsquo;eau dans mon vin\u00a0\u00bb : Me\u0301lanie Dedigama se\u0301pare\u0301e du pe\u0300re de sa fille\"}]},{\"@type\":\"WebSite\",\"@id\":\"https:\/\/elukelele.com\/fr\/#website\",\"url\":\"https:\/\/elukelele.com\/fr\/\",\"name\":\"El Ukelele\",\"description\":\"Musique au-del\u00e0 de l&#039;indie\",\"potentialAction\":[{\"@type\":\"SearchAction\",\"target\":{\"@type\":\"EntryPoint\",\"urlTemplate\":\"https:\/\/elukelele.com\/fr\/?s={search_term_string}\"},\"query-input\":{\"@type\":\"PropertyValueSpecification\",\"valueRequired\":true,\"valueName\":\"search_term_string\"}}],\"inLanguage\":\"fr-FR\"},{\"@type\":\"Person\",\"@id\":\"https:\/\/elukelele.com\/fr\/#\/schema\/person\/ccfb3d2be2ec7fa389608eb6da0b38d6\",\"name\":\"Daniel Perrin\",\"image\":{\"@type\":\"ImageObject\",\"inLanguage\":\"fr-FR\",\"@id\":\"https:\/\/elukelele.com\/fr\/#\/schema\/person\/image\/\",\"url\":\"https:\/\/secure.gravatar.com\/avatar\/37f9d9ffa29ce5640a0d9c6ca8bbd90afb854014296ecaa0e3a558ac716e6fe4?s=96&d=mm&r=g\",\"contentUrl\":\"https:\/\/secure.gravatar.com\/avatar\/37f9d9ffa29ce5640a0d9c6ca8bbd90afb854014296ecaa0e3a558ac716e6fe4?s=96&d=mm&r=g\",\"caption\":\"Daniel Perrin\"},\"sameAs\":[\"https:\/\/elukelele.com\/fr\"],\"url\":\"https:\/\/elukelele.com\/fr\/author\/daniel-perrin\/\"}]}<\/script>\n<!-- \/ Yoast SEO plugin. -->","yoast_head_json":{"title":"\"Je mets beaucoup d'eau dans mon vin\" : Me\u0301lanie Dedigama se\u0301pare\u0301e du pe\u0300re de sa fille","robots":{"index":"index","follow":"follow","max-snippet":"max-snippet:-1","max-image-preview":"max-image-preview:large","max-video-preview":"max-video-preview:-1"},"canonical":"https:\/\/elukelele.com\/fr\/divertissement\/je-mets-beaucoup-deau-dans-mon-vin-melanie-dedigama-separee-du-pere-de-sa-fille\/","og_locale":"fr_FR","og_type":"article","og_title":"\"Je mets beaucoup d'eau dans mon vin\" : Me\u0301lanie Dedigama se\u0301pare\u0301e du pe\u0300re de sa fille","og_description":"L&rsquo;ancienne candidate de t\u00e9l\u00e9-r\u00e9alit\u00e9 M\u00e9lanie Dedigama, connue pour ses participations \u00e0 des \u00e9missions phares, s&rsquo;est r\u00e9cemment livr\u00e9e sur un aspect tr\u00e8s personnel de sa vie : sa relation avec Vincent, le p\u00e8re de sa fille Nala, suite \u00e0 leur s\u00e9paration. Avec une franchise notable, elle a partag\u00e9 les coulisses de leur coparentalit\u00e9, n&rsquo;h\u00e9sitant pas \u00e0 [&hellip;]","og_url":"https:\/\/elukelele.com\/fr\/divertissement\/je-mets-beaucoup-deau-dans-mon-vin-melanie-dedigama-separee-du-pere-de-sa-fille\/","og_site_name":"El Ukelele","article_published_time":"2025-11-29T07:16:42+00:00","article_modified_time":"2025-11-29T07:16:43+00:00","og_image":[{"width":1200,"height":628,"url":"https:\/\/elukelele.com\/fr\/wp-content\/uploads\/2025\/11\/framed_only-914.png","type":"image\/png"}],"author":"Daniel Perrin","twitter_card":"summary_large_image","twitter_misc":{"\u00c9crit par":"Daniel Perrin","Dur\u00e9e de lecture estim\u00e9e":"4 minutes"},"schema":{"@context":"https:\/\/schema.org","@graph":[{"@type":"WebPage","@id":"https:\/\/elukelele.com\/fr\/divertissement\/je-mets-beaucoup-deau-dans-mon-vin-melanie-dedigama-separee-du-pere-de-sa-fille\/","url":"https:\/\/elukelele.com\/fr\/divertissement\/je-mets-beaucoup-deau-dans-mon-vin-melanie-dedigama-separee-du-pere-de-sa-fille\/","name":"\"Je mets beaucoup d'eau dans mon vin\" : Me\u0301lanie Dedigama se\u0301pare\u0301e du pe\u0300re de sa fille","isPartOf":{"@id":"https:\/\/elukelele.com\/fr\/#website"},"primaryImageOfPage":{"@id":"https:\/\/elukelele.com\/fr\/divertissement\/je-mets-beaucoup-deau-dans-mon-vin-melanie-dedigama-separee-du-pere-de-sa-fille\/#primaryimage"},"image":{"@id":"https:\/\/elukelele.com\/fr\/divertissement\/je-mets-beaucoup-deau-dans-mon-vin-melanie-dedigama-separee-du-pere-de-sa-fille\/#primaryimage"},"thumbnailUrl":"https:\/\/elukelele.com\/fr\/wp-content\/uploads\/2025\/11\/framed_only-914.png","datePublished":"2025-11-29T07:16:42+00:00","dateModified":"2025-11-29T07:16:43+00:00","author":{"@id":"https:\/\/elukelele.com\/fr\/#\/schema\/person\/ccfb3d2be2ec7fa389608eb6da0b38d6"},"breadcrumb":{"@id":"https:\/\/elukelele.com\/fr\/divertissement\/je-mets-beaucoup-deau-dans-mon-vin-melanie-dedigama-separee-du-pere-de-sa-fille\/#breadcrumb"},"inLanguage":"fr-FR","potentialAction":[{"@type":"ReadAction","target":["https:\/\/elukelele.com\/fr\/divertissement\/je-mets-beaucoup-deau-dans-mon-vin-melanie-dedigama-separee-du-pere-de-sa-fille\/"]}]},{"@type":"ImageObject","inLanguage":"fr-FR","@id":"https:\/\/elukelele.com\/fr\/divertissement\/je-mets-beaucoup-deau-dans-mon-vin-melanie-dedigama-separee-du-pere-de-sa-fille\/#primaryimage","url":"https:\/\/elukelele.com\/fr\/wp-content\/uploads\/2025\/11\/framed_only-914.png","contentUrl":"https:\/\/elukelele.com\/fr\/wp-content\/uploads\/2025\/11\/framed_only-914.png","width":1200,"height":628,"caption":"dans"},{"@type":"BreadcrumbList","@id":"https:\/\/elukelele.com\/fr\/divertissement\/je-mets-beaucoup-deau-dans-mon-vin-melanie-dedigama-separee-du-pere-de-sa-fille\/#breadcrumb","itemListElement":[{"@type":"ListItem","position":1,"name":"Home","item":"https:\/\/elukelele.com\/fr\/"},{"@type":"ListItem","position":2,"name":"\u00ab\u00a0Je mets beaucoup d&rsquo;eau dans mon vin\u00a0\u00bb : Me\u0301lanie Dedigama se\u0301pare\u0301e du pe\u0300re de sa fille"}]},{"@type":"WebSite","@id":"https:\/\/elukelele.com\/fr\/#website","url":"https:\/\/elukelele.com\/fr\/","name":"El Ukelele","description":"Musique au-del\u00e0 de l&#039;indie","potentialAction":[{"@type":"SearchAction","target":{"@type":"EntryPoint","urlTemplate":"https:\/\/elukelele.com\/fr\/?s={search_term_string}"},"query-input":{"@type":"PropertyValueSpecification","valueRequired":true,"valueName":"search_term_string"}}],"inLanguage":"fr-FR"},{"@type":"Person","@id":"https:\/\/elukelele.com\/fr\/#\/schema\/person\/ccfb3d2be2ec7fa389608eb6da0b38d6","name":"Daniel Perrin","image":{"@type":"ImageObject","inLanguage":"fr-FR","@id":"https:\/\/elukelele.com\/fr\/#\/schema\/person\/image\/","url":"https:\/\/secure.gravatar.com\/avatar\/37f9d9ffa29ce5640a0d9c6ca8bbd90afb854014296ecaa0e3a558ac716e6fe4?s=96&d=mm&r=g","contentUrl":"https:\/\/secure.gravatar.com\/avatar\/37f9d9ffa29ce5640a0d9c6ca8bbd90afb854014296ecaa0e3a558ac716e6fe4?s=96&d=mm&r=g","caption":"Daniel Perrin"},"sameAs":["https:\/\/elukelele.com\/fr"],"url":"https:\/\/elukelele.com\/fr\/author\/daniel-perrin\/"}]}},"_links":{"self":[{"href":"https:\/\/elukelele.com\/fr\/wp-json\/wp\/v2\/posts\/46554","targetHints":{"allow":["GET"]}}],"collection":[{"href":"https:\/\/elukelele.com\/fr\/wp-json\/wp\/v2\/posts"}],"about":[{"href":"https:\/\/elukelele.com\/fr\/wp-json\/wp\/v2\/types\/post"}],"author":[{"embeddable":true,"href":"https:\/\/elukelele.com\/fr\/wp-json\/wp\/v2\/users\/4"}],"replies":[{"embeddable":true,"href":"https:\/\/elukelele.com\/fr\/wp-json\/wp\/v2\/comments?post=46554"}],"version-history":[{"count":1,"href":"https:\/\/elukelele.com\/fr\/wp-json\/wp\/v2\/posts\/46554\/revisions"}],"predecessor-version":[{"id":46803,"href":"https:\/\/elukelele.com\/fr\/wp-json\/wp\/v2\/posts\/46554\/revisions\/46803"}],"wp:featuredmedia":[{"embeddable":true,"href":"https:\/\/elukelele.com\/fr\/wp-json\/wp\/v2\/media\/46553"}],"wp:attachment":[{"href":"https:\/\/elukelele.com\/fr\/wp-json\/wp\/v2\/media?parent=46554"}],"wp:term":[{"taxonomy":"category","embeddable":true,"href":"https:\/\/elukelele.com\/fr\/wp-json\/wp\/v2\/categories?post=46554"},{"taxonomy":"post_tag","embeddable":true,"href":"https:\/\/elukelele.com\/fr\/wp-json\/wp\/v2\/tags?post=46554"}],"curies":[{"name":"wp","href":"https:\/\/api.w.org\/{rel}","templated":true}]}}