{"id":46546,"date":"2025-11-29T07:15:02","date_gmt":"2025-11-29T07:15:02","guid":{"rendered":"https:\/\/elukelele.com\/fr\/?p=46546"},"modified":"2025-11-29T07:15:03","modified_gmt":"2025-11-29T07:15:03","slug":"virginie-efira-terrible-deception-pour-son-film-sur-france-2","status":"publish","type":"post","link":"https:\/\/elukelele.com\/fr\/divertissement\/virginie-efira-terrible-deception-pour-son-film-sur-france-2\/","title":{"rendered":"Virginie Efira\u00a0: terrible d\u00e9ception pour son film sur France 2"},"content":{"rendered":"<p>Le film \u00ab\u00a0L&rsquo;amour et les for\u00eats\u00a0\u00bb, port\u00e9 par l&rsquo;actrice Virginie Efira, a r\u00e9cemment \u00e9t\u00e9 diffus\u00e9 sur France 2, promettant une soir\u00e9e sous le signe de l&rsquo;\u00e9motion et de la r\u00e9flexion autour d&rsquo;un sujet d\u00e9licat. Si le long-m\u00e9trage a su attirer une audience respectable en premi\u00e8re partie de soir\u00e9e, l&rsquo;analyse des chiffres r\u00e9v\u00e8le une \u00ab\u00a0terrible d\u00e9ception\u00a0\u00bb concernant son impact aupr\u00e8s des cibles commerciales, un indicateur crucial pour les cha\u00eenes de t\u00e9l\u00e9vision.<\/p>\n<h2>La Diffusion d&rsquo;un Film Engag\u00e9 sur France 2<\/h2>\n<p>Ce mercredi 26 novembre 2025, France 2 a choisi de diffuser \u00ab\u00a0L&rsquo;amour et les for\u00eats\u00a0\u00bb dans le cadre d&rsquo;une soir\u00e9e continue consacr\u00e9e aux violences faites aux femmes et aux femmes sous emprise. La soir\u00e9e, anim\u00e9e par Carole Gaessler, a succ\u00e9d\u00e9 au journal de 20 heures de L\u00e9a Salam\u00e9, soulignant l&rsquo;importance th\u00e9matique du programme.<\/p>\n<p>Le film, qui met en sc\u00e8ne Virginie Efira et Melvil Poupaud, explore la rencontre entre Blanche, une professeure, et Gr\u00e9goire. Leur relation, initialement passionnelle, bascule lorsque Blanche se retrouve progressivement sous l&#8217;emprise de cet homme en apparence irr\u00e9prochable. Ce r\u00e9cit poignant avait d\u00e9j\u00e0 attir\u00e9 668 000 spectateurs en salles, t\u00e9moignant de son int\u00e9r\u00eat public.<\/p>\n<h2>\u00ab\u00a0L&rsquo;amour et les for\u00eats\u00a0\u00bb : Un \u00ab\u00a0Petit Leader\u00a0\u00bb en Audience Globale<\/h2>\n<p>Malgr\u00e9 la gravit\u00e9 du sujet et l&rsquo;aura de Virginie Efira, les regards \u00e9taient tourn\u00e9s vers les performances d&rsquo;audience de cette diffusion t\u00e9l\u00e9vis\u00e9e. \u00ab\u00a0L&rsquo;amour et les for\u00eats\u00a0\u00bb a rassembl\u00e9 2,30 millions de t\u00e9l\u00e9spectateurs entre 21h08 et 22h49, ce qui repr\u00e9sente 13,1% de part de march\u00e9 aupr\u00e8s de l&rsquo;ensemble du public (quatre ans et plus).<\/p>\n<p>Ces chiffres ont permis \u00e0 France 2 de se positionner en t\u00eate des audiences pour cette tranche horaire, devan\u00e7ant ainsi des programmes concurrents comme la deuxi\u00e8me saison de la s\u00e9rie \u00ab\u00a0Will Trent\u00a0\u00bb sur TF1 et le match de Ligue des champions entre le Paris-Saint-Germain et Tottenham diffus\u00e9 sur Canal+.<\/p>\n<h2>Une \u00ab\u00a0Terrible D\u00e9ception\u00a0\u00bb sur les Cibles Commerciales<\/h2>\n<p>Si la position de \u00ab\u00a0petit leader\u00a0\u00bb en audience g\u00e9n\u00e9rale peut appara\u00eetre comme un succ\u00e8s, les indicateurs concernant les cibles commerciales r\u00e9v\u00e8lent une r\u00e9alit\u00e9 plus nuanc\u00e9e, qualifi\u00e9e de \u00ab\u00a0terrible d\u00e9ception\u00a0\u00bb. Pour les annonceurs et les strat\u00e9gies de programmation, l&rsquo;attraction sur ces segments sp\u00e9cifiques de la population est souvent pr\u00e9pond\u00e9rante.<\/p>\n<ul>\n<li>\n<p><strong>Femmes Responsables des Achats de moins de cinquante ans (FRDA-50) :<\/strong> Le film n&rsquo;a enregistr\u00e9 que 3,9% de part de march\u00e9 sur cette cible. Ce score a plac\u00e9 France 2 en dixi\u00e8me position au niveau national, derri\u00e8re des cha\u00eenes comme M6, TF1, Canal+, mais aussi TMC, TFX, TF1 S\u00e9ries Films, W9, CStar et 6ter.<\/p>\n<\/li>\n<li>\n<p><strong>25\/49 ans :<\/strong> La performance est \u00e9galement mitig\u00e9e chez les 25-49 ans, avec seulement 2,9% de part de march\u00e9. Sur ce crit\u00e8re, la cha\u00eene publique s&rsquo;est class\u00e9e onzi\u00e8me \u00e0 l&rsquo;\u00e9chelle nationale, devanc\u00e9e par une multitude de concurrents, dont Canal+, M6, TF1, TMC, TF1 SF, le magazine \u00ab\u00a0Enqu\u00eates criminelles\u00a0\u00bb sur W9, TFX, 6ter, le film \u00ab\u00a0Safe\u00a0\u00bb sur CStar et \u00ab\u00a0L&rsquo;instinct de mort\u00a0\u00bb sur RMC Story.<\/p>\n<\/li>\n<\/ul>\n<p>Ces donn\u00e9es sugg\u00e8rent que le film, malgr\u00e9 son message fort et la pr\u00e9sence d&rsquo;une actrice populaire comme Virginie Efira, n&rsquo;a pas r\u00e9ussi \u00e0 capter l&rsquo;attention des jeunes adultes et des consommatrices, des publics souvent cibl\u00e9s par les campagnes publicitaires.<\/p>\n<h2>Conclusion<\/h2>\n<p>La diffusion de \u00ab\u00a0L&rsquo;amour et les for\u00eats\u00a0\u00bb sur France 2 illustre un paradoxe fr\u00e9quent dans le paysage audiovisuel : un succ\u00e8s d&rsquo;audience global qui ne se traduit pas n\u00e9cessairement par une performance convaincante aupr\u00e8s des cibles commerciales. Tandis que le film a r\u00e9uni un large public et s&rsquo;est impos\u00e9 comme leader de la soir\u00e9e en termes de t\u00e9l\u00e9spectateurs, son \u00e9chec relatif \u00e0 s\u00e9duire les segments d\u00e9mographiques plus jeunes et les femmes responsables des achats constitue un point de vigilance pour la cha\u00eene. Le film reste toutefois disponible sur la plateforme france.tv pour ceux qui souhaitent d\u00e9couvrir cette \u0153uvre engag\u00e9e.<\/p>\n","protected":false},"excerpt":{"rendered":"<p>Le film \u00ab\u00a0L&rsquo;amour et les for\u00eats\u00a0\u00bb, port\u00e9 par l&rsquo;actrice Virginie Efira, a r\u00e9cemment \u00e9t\u00e9 diffus\u00e9 sur France 2, promettant une soir\u00e9e sous le signe de l&rsquo;\u00e9motion et de la r\u00e9flexion autour d&rsquo;un sujet d\u00e9licat. Si le long-m\u00e9trage a su attirer une audience respectable en premi\u00e8re partie de soir\u00e9e, l&rsquo;analyse des chiffres r\u00e9v\u00e8le une \u00ab\u00a0terrible d\u00e9ception\u00a0\u00bb [&hellip;]<\/p>\n","protected":false},"author":4,"featured_media":46545,"comment_status":"open","ping_status":"open","sticky":false,"template":"","format":"standard","meta":{"_yoast_wpseo_title":"Virginie Efira\u00a0: terrible d\u00e9ception pour son film sur France 2","_yoast_wpseo_metadesc":"","_yoast_wpseo_focuskw":"Virginie"},"categories":[5],"tags":[],"class_list":["post-46546","post","type-post","status-publish","format-standard","has-post-thumbnail","hentry","category-divertissement"],"yoast_head":"<!-- This site is optimized with the Yoast SEO plugin v26.3 - https:\/\/yoast.com\/wordpress\/plugins\/seo\/ -->\n<title>Virginie Efira\u00a0: terrible d\u00e9ception pour son film sur France 2<\/title>\n<meta name=\"robots\" content=\"index, follow, max-snippet:-1, max-image-preview:large, max-video-preview:-1\" \/>\n<link rel=\"canonical\" href=\"https:\/\/elukelele.com\/fr\/divertissement\/virginie-efira-terrible-deception-pour-son-film-sur-france-2\/\" \/>\n<meta property=\"og:locale\" content=\"fr_FR\" \/>\n<meta property=\"og:type\" content=\"article\" \/>\n<meta property=\"og:title\" content=\"Virginie Efira\u00a0: terrible d\u00e9ception pour son film sur France 2\" \/>\n<meta property=\"og:description\" content=\"Le film \u00ab\u00a0L&rsquo;amour et les for\u00eats\u00a0\u00bb, port\u00e9 par l&rsquo;actrice Virginie Efira, a r\u00e9cemment \u00e9t\u00e9 diffus\u00e9 sur France 2, promettant une soir\u00e9e sous le signe de l&rsquo;\u00e9motion et de la r\u00e9flexion autour d&rsquo;un sujet d\u00e9licat. Si le long-m\u00e9trage a su attirer une audience respectable en premi\u00e8re partie de soir\u00e9e, l&rsquo;analyse des chiffres r\u00e9v\u00e8le une \u00ab\u00a0terrible d\u00e9ception\u00a0\u00bb [&hellip;]\" \/>\n<meta property=\"og:url\" content=\"https:\/\/elukelele.com\/fr\/divertissement\/virginie-efira-terrible-deception-pour-son-film-sur-france-2\/\" \/>\n<meta property=\"og:site_name\" content=\"El Ukelele\" \/>\n<meta property=\"article:published_time\" content=\"2025-11-29T07:15:02+00:00\" \/>\n<meta property=\"article:modified_time\" content=\"2025-11-29T07:15:03+00:00\" \/>\n<meta property=\"og:image\" content=\"https:\/\/elukelele.com\/fr\/wp-content\/uploads\/2025\/11\/framed_only-910.png\" \/>\n\t<meta property=\"og:image:width\" content=\"1200\" \/>\n\t<meta property=\"og:image:height\" content=\"628\" \/>\n\t<meta property=\"og:image:type\" content=\"image\/png\" \/>\n<meta name=\"author\" content=\"Daniel Perrin\" \/>\n<meta name=\"twitter:card\" content=\"summary_large_image\" \/>\n<meta name=\"twitter:label1\" content=\"\u00c9crit par\" \/>\n\t<meta name=\"twitter:data1\" content=\"Daniel Perrin\" \/>\n\t<meta name=\"twitter:label2\" content=\"Dur\u00e9e de lecture estim\u00e9e\" \/>\n\t<meta name=\"twitter:data2\" content=\"4 minutes\" \/>\n<script type=\"application\/ld+json\" class=\"yoast-schema-graph\">{\"@context\":\"https:\/\/schema.org\",\"@graph\":[{\"@type\":\"WebPage\",\"@id\":\"https:\/\/elukelele.com\/fr\/divertissement\/virginie-efira-terrible-deception-pour-son-film-sur-france-2\/\",\"url\":\"https:\/\/elukelele.com\/fr\/divertissement\/virginie-efira-terrible-deception-pour-son-film-sur-france-2\/\",\"name\":\"Virginie Efira\u00a0: terrible d\u00e9ception pour son film sur France 2\",\"isPartOf\":{\"@id\":\"https:\/\/elukelele.com\/fr\/#website\"},\"primaryImageOfPage\":{\"@id\":\"https:\/\/elukelele.com\/fr\/divertissement\/virginie-efira-terrible-deception-pour-son-film-sur-france-2\/#primaryimage\"},\"image\":{\"@id\":\"https:\/\/elukelele.com\/fr\/divertissement\/virginie-efira-terrible-deception-pour-son-film-sur-france-2\/#primaryimage\"},\"thumbnailUrl\":\"https:\/\/elukelele.com\/fr\/wp-content\/uploads\/2025\/11\/framed_only-910.png\",\"datePublished\":\"2025-11-29T07:15:02+00:00\",\"dateModified\":\"2025-11-29T07:15:03+00:00\",\"author\":{\"@id\":\"https:\/\/elukelele.com\/fr\/#\/schema\/person\/ccfb3d2be2ec7fa389608eb6da0b38d6\"},\"breadcrumb\":{\"@id\":\"https:\/\/elukelele.com\/fr\/divertissement\/virginie-efira-terrible-deception-pour-son-film-sur-france-2\/#breadcrumb\"},\"inLanguage\":\"fr-FR\",\"potentialAction\":[{\"@type\":\"ReadAction\",\"target\":[\"https:\/\/elukelele.com\/fr\/divertissement\/virginie-efira-terrible-deception-pour-son-film-sur-france-2\/\"]}]},{\"@type\":\"ImageObject\",\"inLanguage\":\"fr-FR\",\"@id\":\"https:\/\/elukelele.com\/fr\/divertissement\/virginie-efira-terrible-deception-pour-son-film-sur-france-2\/#primaryimage\",\"url\":\"https:\/\/elukelele.com\/fr\/wp-content\/uploads\/2025\/11\/framed_only-910.png\",\"contentUrl\":\"https:\/\/elukelele.com\/fr\/wp-content\/uploads\/2025\/11\/framed_only-910.png\",\"width\":1200,\"height\":628,\"caption\":\"Virginie\"},{\"@type\":\"BreadcrumbList\",\"@id\":\"https:\/\/elukelele.com\/fr\/divertissement\/virginie-efira-terrible-deception-pour-son-film-sur-france-2\/#breadcrumb\",\"itemListElement\":[{\"@type\":\"ListItem\",\"position\":1,\"name\":\"Home\",\"item\":\"https:\/\/elukelele.com\/fr\/\"},{\"@type\":\"ListItem\",\"position\":2,\"name\":\"Virginie Efira\u00a0: terrible d\u00e9ception pour son film sur France 2\"}]},{\"@type\":\"WebSite\",\"@id\":\"https:\/\/elukelele.com\/fr\/#website\",\"url\":\"https:\/\/elukelele.com\/fr\/\",\"name\":\"El Ukelele\",\"description\":\"Musique au-del\u00e0 de l&#039;indie\",\"potentialAction\":[{\"@type\":\"SearchAction\",\"target\":{\"@type\":\"EntryPoint\",\"urlTemplate\":\"https:\/\/elukelele.com\/fr\/?s={search_term_string}\"},\"query-input\":{\"@type\":\"PropertyValueSpecification\",\"valueRequired\":true,\"valueName\":\"search_term_string\"}}],\"inLanguage\":\"fr-FR\"},{\"@type\":\"Person\",\"@id\":\"https:\/\/elukelele.com\/fr\/#\/schema\/person\/ccfb3d2be2ec7fa389608eb6da0b38d6\",\"name\":\"Daniel Perrin\",\"image\":{\"@type\":\"ImageObject\",\"inLanguage\":\"fr-FR\",\"@id\":\"https:\/\/elukelele.com\/fr\/#\/schema\/person\/image\/\",\"url\":\"https:\/\/secure.gravatar.com\/avatar\/37f9d9ffa29ce5640a0d9c6ca8bbd90afb854014296ecaa0e3a558ac716e6fe4?s=96&d=mm&r=g\",\"contentUrl\":\"https:\/\/secure.gravatar.com\/avatar\/37f9d9ffa29ce5640a0d9c6ca8bbd90afb854014296ecaa0e3a558ac716e6fe4?s=96&d=mm&r=g\",\"caption\":\"Daniel Perrin\"},\"sameAs\":[\"https:\/\/elukelele.com\/fr\"],\"url\":\"https:\/\/elukelele.com\/fr\/author\/daniel-perrin\/\"}]}<\/script>\n<!-- \/ Yoast SEO plugin. -->","yoast_head_json":{"title":"Virginie Efira\u00a0: terrible d\u00e9ception pour son film sur France 2","robots":{"index":"index","follow":"follow","max-snippet":"max-snippet:-1","max-image-preview":"max-image-preview:large","max-video-preview":"max-video-preview:-1"},"canonical":"https:\/\/elukelele.com\/fr\/divertissement\/virginie-efira-terrible-deception-pour-son-film-sur-france-2\/","og_locale":"fr_FR","og_type":"article","og_title":"Virginie Efira\u00a0: terrible d\u00e9ception pour son film sur France 2","og_description":"Le film \u00ab\u00a0L&rsquo;amour et les for\u00eats\u00a0\u00bb, port\u00e9 par l&rsquo;actrice Virginie Efira, a r\u00e9cemment \u00e9t\u00e9 diffus\u00e9 sur France 2, promettant une soir\u00e9e sous le signe de l&rsquo;\u00e9motion et de la r\u00e9flexion autour d&rsquo;un sujet d\u00e9licat. Si le long-m\u00e9trage a su attirer une audience respectable en premi\u00e8re partie de soir\u00e9e, l&rsquo;analyse des chiffres r\u00e9v\u00e8le une \u00ab\u00a0terrible d\u00e9ception\u00a0\u00bb [&hellip;]","og_url":"https:\/\/elukelele.com\/fr\/divertissement\/virginie-efira-terrible-deception-pour-son-film-sur-france-2\/","og_site_name":"El Ukelele","article_published_time":"2025-11-29T07:15:02+00:00","article_modified_time":"2025-11-29T07:15:03+00:00","og_image":[{"width":1200,"height":628,"url":"https:\/\/elukelele.com\/fr\/wp-content\/uploads\/2025\/11\/framed_only-910.png","type":"image\/png"}],"author":"Daniel Perrin","twitter_card":"summary_large_image","twitter_misc":{"\u00c9crit par":"Daniel Perrin","Dur\u00e9e de lecture estim\u00e9e":"4 minutes"},"schema":{"@context":"https:\/\/schema.org","@graph":[{"@type":"WebPage","@id":"https:\/\/elukelele.com\/fr\/divertissement\/virginie-efira-terrible-deception-pour-son-film-sur-france-2\/","url":"https:\/\/elukelele.com\/fr\/divertissement\/virginie-efira-terrible-deception-pour-son-film-sur-france-2\/","name":"Virginie Efira\u00a0: terrible d\u00e9ception pour son film sur France 2","isPartOf":{"@id":"https:\/\/elukelele.com\/fr\/#website"},"primaryImageOfPage":{"@id":"https:\/\/elukelele.com\/fr\/divertissement\/virginie-efira-terrible-deception-pour-son-film-sur-france-2\/#primaryimage"},"image":{"@id":"https:\/\/elukelele.com\/fr\/divertissement\/virginie-efira-terrible-deception-pour-son-film-sur-france-2\/#primaryimage"},"thumbnailUrl":"https:\/\/elukelele.com\/fr\/wp-content\/uploads\/2025\/11\/framed_only-910.png","datePublished":"2025-11-29T07:15:02+00:00","dateModified":"2025-11-29T07:15:03+00:00","author":{"@id":"https:\/\/elukelele.com\/fr\/#\/schema\/person\/ccfb3d2be2ec7fa389608eb6da0b38d6"},"breadcrumb":{"@id":"https:\/\/elukelele.com\/fr\/divertissement\/virginie-efira-terrible-deception-pour-son-film-sur-france-2\/#breadcrumb"},"inLanguage":"fr-FR","potentialAction":[{"@type":"ReadAction","target":["https:\/\/elukelele.com\/fr\/divertissement\/virginie-efira-terrible-deception-pour-son-film-sur-france-2\/"]}]},{"@type":"ImageObject","inLanguage":"fr-FR","@id":"https:\/\/elukelele.com\/fr\/divertissement\/virginie-efira-terrible-deception-pour-son-film-sur-france-2\/#primaryimage","url":"https:\/\/elukelele.com\/fr\/wp-content\/uploads\/2025\/11\/framed_only-910.png","contentUrl":"https:\/\/elukelele.com\/fr\/wp-content\/uploads\/2025\/11\/framed_only-910.png","width":1200,"height":628,"caption":"Virginie"},{"@type":"BreadcrumbList","@id":"https:\/\/elukelele.com\/fr\/divertissement\/virginie-efira-terrible-deception-pour-son-film-sur-france-2\/#breadcrumb","itemListElement":[{"@type":"ListItem","position":1,"name":"Home","item":"https:\/\/elukelele.com\/fr\/"},{"@type":"ListItem","position":2,"name":"Virginie Efira\u00a0: terrible d\u00e9ception pour son film sur France 2"}]},{"@type":"WebSite","@id":"https:\/\/elukelele.com\/fr\/#website","url":"https:\/\/elukelele.com\/fr\/","name":"El Ukelele","description":"Musique au-del\u00e0 de l&#039;indie","potentialAction":[{"@type":"SearchAction","target":{"@type":"EntryPoint","urlTemplate":"https:\/\/elukelele.com\/fr\/?s={search_term_string}"},"query-input":{"@type":"PropertyValueSpecification","valueRequired":true,"valueName":"search_term_string"}}],"inLanguage":"fr-FR"},{"@type":"Person","@id":"https:\/\/elukelele.com\/fr\/#\/schema\/person\/ccfb3d2be2ec7fa389608eb6da0b38d6","name":"Daniel Perrin","image":{"@type":"ImageObject","inLanguage":"fr-FR","@id":"https:\/\/elukelele.com\/fr\/#\/schema\/person\/image\/","url":"https:\/\/secure.gravatar.com\/avatar\/37f9d9ffa29ce5640a0d9c6ca8bbd90afb854014296ecaa0e3a558ac716e6fe4?s=96&d=mm&r=g","contentUrl":"https:\/\/secure.gravatar.com\/avatar\/37f9d9ffa29ce5640a0d9c6ca8bbd90afb854014296ecaa0e3a558ac716e6fe4?s=96&d=mm&r=g","caption":"Daniel Perrin"},"sameAs":["https:\/\/elukelele.com\/fr"],"url":"https:\/\/elukelele.com\/fr\/author\/daniel-perrin\/"}]}},"_links":{"self":[{"href":"https:\/\/elukelele.com\/fr\/wp-json\/wp\/v2\/posts\/46546","targetHints":{"allow":["GET"]}}],"collection":[{"href":"https:\/\/elukelele.com\/fr\/wp-json\/wp\/v2\/posts"}],"about":[{"href":"https:\/\/elukelele.com\/fr\/wp-json\/wp\/v2\/types\/post"}],"author":[{"embeddable":true,"href":"https:\/\/elukelele.com\/fr\/wp-json\/wp\/v2\/users\/4"}],"replies":[{"embeddable":true,"href":"https:\/\/elukelele.com\/fr\/wp-json\/wp\/v2\/comments?post=46546"}],"version-history":[{"count":1,"href":"https:\/\/elukelele.com\/fr\/wp-json\/wp\/v2\/posts\/46546\/revisions"}],"predecessor-version":[{"id":46802,"href":"https:\/\/elukelele.com\/fr\/wp-json\/wp\/v2\/posts\/46546\/revisions\/46802"}],"wp:featuredmedia":[{"embeddable":true,"href":"https:\/\/elukelele.com\/fr\/wp-json\/wp\/v2\/media\/46545"}],"wp:attachment":[{"href":"https:\/\/elukelele.com\/fr\/wp-json\/wp\/v2\/media?parent=46546"}],"wp:term":[{"taxonomy":"category","embeddable":true,"href":"https:\/\/elukelele.com\/fr\/wp-json\/wp\/v2\/categories?post=46546"},{"taxonomy":"post_tag","embeddable":true,"href":"https:\/\/elukelele.com\/fr\/wp-json\/wp\/v2\/tags?post=46546"}],"curies":[{"name":"wp","href":"https:\/\/api.w.org\/{rel}","templated":true}]}}