{"id":46520,"date":"2025-11-29T07:09:03","date_gmt":"2025-11-29T07:09:03","guid":{"rendered":"https:\/\/elukelele.com\/fr\/?p=46520"},"modified":"2025-11-29T07:09:05","modified_gmt":"2025-11-29T07:09:05","slug":"deces-de-bebert-les-forbans-lhommage-controverse","status":"publish","type":"post","link":"https:\/\/elukelele.com\/fr\/divertissement\/deces-de-bebert-les-forbans-lhommage-controverse\/","title":{"rendered":"D\u00e9c\u00e8s de B\u00e9bert (Les Forbans) : l&rsquo;hommage controvers\u00e9"},"content":{"rendered":"<p>Le monde de la musique fran\u00e7aise a r\u00e9cemment \u00e9t\u00e9 endeuill\u00e9 par la disparition d&rsquo;Albert Kassabi, mieux connu sous le nom de B\u00e9bert, le charismatique leader du groupe Les Forbans. Apr\u00e8s son d\u00e9c\u00e8s \u00e0 l&rsquo;\u00e2ge de 63 ans, plusieurs hommages ont \u00e9t\u00e9 rendus, dont un sur l&rsquo;\u00e9mission TBT9. Cependant, cet hommage a pris une tournure inattendue et pour le moins controvers\u00e9e, suscitant de nombreuses r\u00e9actions.<\/p>\n<h2>La Disparition de B\u00e9bert, Figure Embl\u00e9matique des Forbans<\/h2>\n<p>Albert Kassabi, affectueusement surnomm\u00e9 B\u00e9bert, s&rsquo;est \u00e9teint \u00e0 l&rsquo;\u00e2ge de 63 ans des suites d&rsquo;une longue maladie. L&rsquo;annonce de son d\u00e9c\u00e8s a \u00e9t\u00e9 faite le mardi 25 novembre 2025 par Michel Papain, le batteur et co-fondateur de la c\u00e9l\u00e8bre formation musicale Les Forbans. Cette triste nouvelle a plong\u00e9 le monde de la musique dans le deuil, rappelant l&rsquo;impact de B\u00e9bert, une figure incontournable du rock&rsquo;n&rsquo;roll fran\u00e7ais des ann\u00e9es 80, qui a men\u00e9 son groupe vers le succ\u00e8s.<\/p>\n<h2>L&rsquo;H\u00e9ritage Musical des Forbans : \u00ab\u00a0Chante !\u00a0\u00bb et le Succ\u00e8s des Ann\u00e9es 80<\/h2>\n<p>Les Forbans ont marqu\u00e9 toute une g\u00e9n\u00e9ration, notamment gr\u00e2ce \u00e0 leur tube intemporel \u00ab\u00a0Chante !\u00a0\u00bb, sorti en 1982. Cette adaptation fran\u00e7aise du morceau \u00ab\u00a0Shout! Shout! (Knock Yourself Out)\u00a0\u00bb du chanteur am\u00e9ricain Ernie Maresca s&rsquo;est vendue \u00e0 pr\u00e8s de deux millions d&rsquo;exemplaires, propulsant le groupe sur le devant de la sc\u00e8ne. Le style festif et l&rsquo;\u00e9nergie contagieuse du groupe, incarn\u00e9s par B\u00e9bert, ont laiss\u00e9 une empreinte durable dans le paysage musical fran\u00e7ais, faisant d&rsquo;eux un symbole des ann\u00e9es 80.<\/p>\n<h2>L&rsquo;Hommage de TBT9 : Une Tentative G\u00e2ch\u00e9e par une Anecdote Insolite<\/h2>\n<p>L&rsquo;\u00e9mission TBT9, pr\u00e9sent\u00e9e par Cyril Hanouna sur W9, a consacr\u00e9 une partie de son programme du mercredi 26 novembre 2025 \u00e0 un hommage en direct \u00e0 B\u00e9bert des Forbans. Cyril Hanouna a exprim\u00e9 son admiration pour l&rsquo;artiste, d\u00e9clarant : \u00ab\u00a0Je l&rsquo;adorais. C&rsquo;est un mec exceptionnel\u00a0\u00bb. Cependant, l&rsquo;hommage a pris une tournure inattendue et quelque peu d\u00e9routante lorsque le chroniqueur Fabien Lec\u0153uvre a choisi de partager une anecdote jug\u00e9e \u00ab\u00a0peu rago\u00fbtante\u00a0\u00bb par certains.<\/p>\n<h3>\u00ab\u00a0Une caisse odorante\u00a0\u00bb : L&rsquo;Anecdote qui a D\u00e9rout\u00e9<\/h3>\n<p>Fabien Lec\u0153uvre a racont\u00e9 un \u00e9v\u00e9nement survenu dans les ann\u00e9es 90, lors d&rsquo;un Arbre de No\u00ebl \u00e0 l&rsquo;\u00c9lys\u00e9e, en pr\u00e9sence du Pr\u00e9sident Jacques Chirac. Selon le chroniqueur, alors que le Pr\u00e9sident s&rsquo;entretenait avec B\u00e9bert, le batteur des Forbans, Michel Papain, aurait \u00ab\u00a0l\u00e2ch\u00e9 une caisse au moment o\u00f9 le Pr\u00e9sident parlait avec B\u00e9bert\u00a0\u00bb, une \u00ab\u00a0caisse un peu bruyante et un peu odorante\u00a0\u00bb. Cette r\u00e9v\u00e9lation inattendue, faite en direct lors d&rsquo;un moment de recueillement, a imm\u00e9diatement suscit\u00e9 des r\u00e9actions mitig\u00e9es sur le plateau.<\/p>\n<h3>La R\u00e9action L\u00e9gendaire de Jacques Chirac<\/h3>\n<p>L&rsquo;histoire, digne d&rsquo;une anecdote de coulisses, ne s&rsquo;arr\u00eate pas l\u00e0. Jacques Chirac, connu pour son sens de l&rsquo;humour, aurait remarqu\u00e9 l&rsquo;incident. Il se serait retourn\u00e9 vers Les Forbans et aurait lanc\u00e9 avec esprit : \u00ab\u00a0Je vois que vous p\u00e9tez la forme aujourd&rsquo;hui\u00a0\u00bb, jouant sur l&rsquo;expression fran\u00e7aise signifiant \u00ab\u00a0\u00eatre en pleine forme\u00a0\u00bb et le verbe \u00ab\u00a0p\u00e9ter\u00a0\u00bb (farter). Fabien Lec\u0153uvre a soulign\u00e9 que le Pr\u00e9sident Chirac avait \u00ab\u00a0\u00e9norm\u00e9ment d&rsquo;humour\u00a0\u00bb et que cette r\u00e9plique avait d\u00e9tendu l&rsquo;atmosph\u00e8re, faisant rire les membres du groupe et les invit\u00e9s, malgr\u00e9 la g\u00eane initiale.<\/p>\n<h2>R\u00e9actions sur le Plateau de TBT9<\/h2>\n<p>L&rsquo;anecdote a provoqu\u00e9 un m\u00e9lange de stup\u00e9faction et de rires sur le plateau de TBT9. Matthieu Delormeau a comment\u00e9 avec une pointe d&rsquo;ironie : \u00ab\u00a0C&rsquo;est un bel hommage. Il n&rsquo;y a pas \u00e7a sur les autres cha\u00eenes !\u00a0\u00bb. Jordan de Luxe, pour sa part, a ajout\u00e9 que B\u00e9bert \u00e9tait un \u00ab\u00a0bon vivant\u00a0\u00bb et que sa maladie \u00e9tait rest\u00e9e secr\u00e8te pendant longtemps. Cyril Hanouna, visiblement \u00e9mu par la disparition de son ami, a conclu en r\u00e9it\u00e9rant son affection : \u00ab\u00a0\u00c7a m&rsquo;a fait beaucoup de peine, moi, ce matin. Moi je l&rsquo;adorais B\u00e9bert des Forbans\u00a0\u00bb.<\/p>\n<h2>Conclusion<\/h2>\n<p>Le d\u00e9c\u00e8s de B\u00e9bert des Forbans a ind\u00e9niablement laiss\u00e9 un grand vide dans le c\u0153ur de ses proches et de ses nombreux fans. Si l&rsquo;intention de lui rendre hommage \u00e9tait sinc\u00e8re, l&rsquo;approche adopt\u00e9e par Fabien Lec\u0153uvre sur TBT9, avec son anecdote d\u00e9cal\u00e9e, a mis en lumi\u00e8re la complexit\u00e9 de trouver le ton juste dans ces moments. Entre rires et surprise, cet hommage restera un \u00e9pisode m\u00e9morable, \u00e0 l&rsquo;image de la personnalit\u00e9 haute en couleur de B\u00e9bert et de l&rsquo;humour inattendu qui pouvait m\u00eame surgir dans des circonstances plus solennelles.<\/p>\n","protected":false},"excerpt":{"rendered":"<p>Le monde de la musique fran\u00e7aise a r\u00e9cemment \u00e9t\u00e9 endeuill\u00e9 par la disparition d&rsquo;Albert Kassabi, mieux connu sous le nom de B\u00e9bert, le charismatique leader du groupe Les Forbans. Apr\u00e8s son d\u00e9c\u00e8s \u00e0 l&rsquo;\u00e2ge de 63 ans, plusieurs hommages ont \u00e9t\u00e9 rendus, dont un sur l&rsquo;\u00e9mission TBT9. Cependant, cet hommage a pris une tournure inattendue [&hellip;]<\/p>\n","protected":false},"author":4,"featured_media":46519,"comment_status":"open","ping_status":"open","sticky":false,"template":"","format":"standard","meta":{"_yoast_wpseo_title":"D\u00e9c\u00e8s B\u00e9bert (Les Forbans) : Hommages et r\u00e9actions","_yoast_wpseo_metadesc":"D\u00e9couvrez l'hommage controvers\u00e9 \u00e0 B\u00e9bert des Forbans, d\u00e9c\u00e9d\u00e9 \u00e0 63 ans. L'\u00e9mission TBT9 a suscit\u00e9 de vives r\u00e9actions suite \u00e0 cet hommage inattendu.","_yoast_wpseo_focuskw":"D\u00e9c\u00e8s"},"categories":[5],"tags":[],"class_list":["post-46520","post","type-post","status-publish","format-standard","has-post-thumbnail","hentry","category-divertissement"],"yoast_head":"<!-- This site is optimized with the Yoast SEO plugin v26.3 - https:\/\/yoast.com\/wordpress\/plugins\/seo\/ -->\n<title>D\u00e9c\u00e8s B\u00e9bert (Les Forbans) : Hommages et r\u00e9actions<\/title>\n<meta name=\"description\" content=\"D\u00e9couvrez l&#039;hommage controvers\u00e9 \u00e0 B\u00e9bert des Forbans, d\u00e9c\u00e9d\u00e9 \u00e0 63 ans. L&#039;\u00e9mission TBT9 a suscit\u00e9 de vives r\u00e9actions suite \u00e0 cet hommage inattendu.\" \/>\n<meta name=\"robots\" content=\"index, follow, max-snippet:-1, max-image-preview:large, max-video-preview:-1\" \/>\n<link rel=\"canonical\" href=\"https:\/\/elukelele.com\/fr\/divertissement\/deces-de-bebert-les-forbans-lhommage-controverse\/\" \/>\n<meta property=\"og:locale\" content=\"fr_FR\" \/>\n<meta property=\"og:type\" content=\"article\" \/>\n<meta property=\"og:title\" content=\"D\u00e9c\u00e8s B\u00e9bert (Les Forbans) : Hommages et r\u00e9actions\" \/>\n<meta property=\"og:description\" content=\"D\u00e9couvrez l&#039;hommage controvers\u00e9 \u00e0 B\u00e9bert des Forbans, d\u00e9c\u00e9d\u00e9 \u00e0 63 ans. L&#039;\u00e9mission TBT9 a suscit\u00e9 de vives r\u00e9actions suite \u00e0 cet hommage inattendu.\" \/>\n<meta property=\"og:url\" content=\"https:\/\/elukelele.com\/fr\/divertissement\/deces-de-bebert-les-forbans-lhommage-controverse\/\" \/>\n<meta property=\"og:site_name\" content=\"El Ukelele\" \/>\n<meta property=\"article:published_time\" content=\"2025-11-29T07:09:03+00:00\" \/>\n<meta property=\"article:modified_time\" content=\"2025-11-29T07:09:05+00:00\" \/>\n<meta property=\"og:image\" content=\"https:\/\/elukelele.com\/fr\/wp-content\/uploads\/2025\/11\/framed_only-897.png\" \/>\n\t<meta property=\"og:image:width\" content=\"1200\" \/>\n\t<meta property=\"og:image:height\" content=\"628\" \/>\n\t<meta property=\"og:image:type\" content=\"image\/png\" \/>\n<meta name=\"author\" content=\"Daniel Perrin\" \/>\n<meta name=\"twitter:card\" content=\"summary_large_image\" \/>\n<meta name=\"twitter:label1\" content=\"\u00c9crit par\" \/>\n\t<meta name=\"twitter:data1\" content=\"Daniel Perrin\" \/>\n\t<meta name=\"twitter:label2\" content=\"Dur\u00e9e de lecture estim\u00e9e\" \/>\n\t<meta name=\"twitter:data2\" content=\"4 minutes\" \/>\n<script type=\"application\/ld+json\" class=\"yoast-schema-graph\">{\"@context\":\"https:\/\/schema.org\",\"@graph\":[{\"@type\":\"WebPage\",\"@id\":\"https:\/\/elukelele.com\/fr\/divertissement\/deces-de-bebert-les-forbans-lhommage-controverse\/\",\"url\":\"https:\/\/elukelele.com\/fr\/divertissement\/deces-de-bebert-les-forbans-lhommage-controverse\/\",\"name\":\"D\u00e9c\u00e8s B\u00e9bert (Les Forbans) : Hommages et r\u00e9actions\",\"isPartOf\":{\"@id\":\"https:\/\/elukelele.com\/fr\/#website\"},\"primaryImageOfPage\":{\"@id\":\"https:\/\/elukelele.com\/fr\/divertissement\/deces-de-bebert-les-forbans-lhommage-controverse\/#primaryimage\"},\"image\":{\"@id\":\"https:\/\/elukelele.com\/fr\/divertissement\/deces-de-bebert-les-forbans-lhommage-controverse\/#primaryimage\"},\"thumbnailUrl\":\"https:\/\/elukelele.com\/fr\/wp-content\/uploads\/2025\/11\/framed_only-897.png\",\"datePublished\":\"2025-11-29T07:09:03+00:00\",\"dateModified\":\"2025-11-29T07:09:05+00:00\",\"author\":{\"@id\":\"https:\/\/elukelele.com\/fr\/#\/schema\/person\/ccfb3d2be2ec7fa389608eb6da0b38d6\"},\"description\":\"D\u00e9couvrez l'hommage controvers\u00e9 \u00e0 B\u00e9bert des Forbans, d\u00e9c\u00e9d\u00e9 \u00e0 63 ans. L'\u00e9mission TBT9 a suscit\u00e9 de vives r\u00e9actions suite \u00e0 cet hommage inattendu.\",\"breadcrumb\":{\"@id\":\"https:\/\/elukelele.com\/fr\/divertissement\/deces-de-bebert-les-forbans-lhommage-controverse\/#breadcrumb\"},\"inLanguage\":\"fr-FR\",\"potentialAction\":[{\"@type\":\"ReadAction\",\"target\":[\"https:\/\/elukelele.com\/fr\/divertissement\/deces-de-bebert-les-forbans-lhommage-controverse\/\"]}]},{\"@type\":\"ImageObject\",\"inLanguage\":\"fr-FR\",\"@id\":\"https:\/\/elukelele.com\/fr\/divertissement\/deces-de-bebert-les-forbans-lhommage-controverse\/#primaryimage\",\"url\":\"https:\/\/elukelele.com\/fr\/wp-content\/uploads\/2025\/11\/framed_only-897.png\",\"contentUrl\":\"https:\/\/elukelele.com\/fr\/wp-content\/uploads\/2025\/11\/framed_only-897.png\",\"width\":1200,\"height\":628,\"caption\":\"D\u00e9c\u00e8s\"},{\"@type\":\"BreadcrumbList\",\"@id\":\"https:\/\/elukelele.com\/fr\/divertissement\/deces-de-bebert-les-forbans-lhommage-controverse\/#breadcrumb\",\"itemListElement\":[{\"@type\":\"ListItem\",\"position\":1,\"name\":\"Home\",\"item\":\"https:\/\/elukelele.com\/fr\/\"},{\"@type\":\"ListItem\",\"position\":2,\"name\":\"D\u00e9c\u00e8s de B\u00e9bert (Les Forbans) : l&rsquo;hommage controvers\u00e9\"}]},{\"@type\":\"WebSite\",\"@id\":\"https:\/\/elukelele.com\/fr\/#website\",\"url\":\"https:\/\/elukelele.com\/fr\/\",\"name\":\"El Ukelele\",\"description\":\"Musique au-del\u00e0 de l&#039;indie\",\"potentialAction\":[{\"@type\":\"SearchAction\",\"target\":{\"@type\":\"EntryPoint\",\"urlTemplate\":\"https:\/\/elukelele.com\/fr\/?s={search_term_string}\"},\"query-input\":{\"@type\":\"PropertyValueSpecification\",\"valueRequired\":true,\"valueName\":\"search_term_string\"}}],\"inLanguage\":\"fr-FR\"},{\"@type\":\"Person\",\"@id\":\"https:\/\/elukelele.com\/fr\/#\/schema\/person\/ccfb3d2be2ec7fa389608eb6da0b38d6\",\"name\":\"Daniel Perrin\",\"image\":{\"@type\":\"ImageObject\",\"inLanguage\":\"fr-FR\",\"@id\":\"https:\/\/elukelele.com\/fr\/#\/schema\/person\/image\/\",\"url\":\"https:\/\/secure.gravatar.com\/avatar\/37f9d9ffa29ce5640a0d9c6ca8bbd90afb854014296ecaa0e3a558ac716e6fe4?s=96&d=mm&r=g\",\"contentUrl\":\"https:\/\/secure.gravatar.com\/avatar\/37f9d9ffa29ce5640a0d9c6ca8bbd90afb854014296ecaa0e3a558ac716e6fe4?s=96&d=mm&r=g\",\"caption\":\"Daniel Perrin\"},\"sameAs\":[\"https:\/\/elukelele.com\/fr\"],\"url\":\"https:\/\/elukelele.com\/fr\/author\/daniel-perrin\/\"}]}<\/script>\n<!-- \/ Yoast SEO plugin. -->","yoast_head_json":{"title":"D\u00e9c\u00e8s B\u00e9bert (Les Forbans) : Hommages et r\u00e9actions","description":"D\u00e9couvrez l'hommage controvers\u00e9 \u00e0 B\u00e9bert des Forbans, d\u00e9c\u00e9d\u00e9 \u00e0 63 ans. L'\u00e9mission TBT9 a suscit\u00e9 de vives r\u00e9actions suite \u00e0 cet hommage inattendu.","robots":{"index":"index","follow":"follow","max-snippet":"max-snippet:-1","max-image-preview":"max-image-preview:large","max-video-preview":"max-video-preview:-1"},"canonical":"https:\/\/elukelele.com\/fr\/divertissement\/deces-de-bebert-les-forbans-lhommage-controverse\/","og_locale":"fr_FR","og_type":"article","og_title":"D\u00e9c\u00e8s B\u00e9bert (Les Forbans) : Hommages et r\u00e9actions","og_description":"D\u00e9couvrez l'hommage controvers\u00e9 \u00e0 B\u00e9bert des Forbans, d\u00e9c\u00e9d\u00e9 \u00e0 63 ans. L'\u00e9mission TBT9 a suscit\u00e9 de vives r\u00e9actions suite \u00e0 cet hommage inattendu.","og_url":"https:\/\/elukelele.com\/fr\/divertissement\/deces-de-bebert-les-forbans-lhommage-controverse\/","og_site_name":"El Ukelele","article_published_time":"2025-11-29T07:09:03+00:00","article_modified_time":"2025-11-29T07:09:05+00:00","og_image":[{"width":1200,"height":628,"url":"https:\/\/elukelele.com\/fr\/wp-content\/uploads\/2025\/11\/framed_only-897.png","type":"image\/png"}],"author":"Daniel Perrin","twitter_card":"summary_large_image","twitter_misc":{"\u00c9crit par":"Daniel Perrin","Dur\u00e9e de lecture estim\u00e9e":"4 minutes"},"schema":{"@context":"https:\/\/schema.org","@graph":[{"@type":"WebPage","@id":"https:\/\/elukelele.com\/fr\/divertissement\/deces-de-bebert-les-forbans-lhommage-controverse\/","url":"https:\/\/elukelele.com\/fr\/divertissement\/deces-de-bebert-les-forbans-lhommage-controverse\/","name":"D\u00e9c\u00e8s B\u00e9bert (Les Forbans) : Hommages et r\u00e9actions","isPartOf":{"@id":"https:\/\/elukelele.com\/fr\/#website"},"primaryImageOfPage":{"@id":"https:\/\/elukelele.com\/fr\/divertissement\/deces-de-bebert-les-forbans-lhommage-controverse\/#primaryimage"},"image":{"@id":"https:\/\/elukelele.com\/fr\/divertissement\/deces-de-bebert-les-forbans-lhommage-controverse\/#primaryimage"},"thumbnailUrl":"https:\/\/elukelele.com\/fr\/wp-content\/uploads\/2025\/11\/framed_only-897.png","datePublished":"2025-11-29T07:09:03+00:00","dateModified":"2025-11-29T07:09:05+00:00","author":{"@id":"https:\/\/elukelele.com\/fr\/#\/schema\/person\/ccfb3d2be2ec7fa389608eb6da0b38d6"},"description":"D\u00e9couvrez l'hommage controvers\u00e9 \u00e0 B\u00e9bert des Forbans, d\u00e9c\u00e9d\u00e9 \u00e0 63 ans. L'\u00e9mission TBT9 a suscit\u00e9 de vives r\u00e9actions suite \u00e0 cet hommage inattendu.","breadcrumb":{"@id":"https:\/\/elukelele.com\/fr\/divertissement\/deces-de-bebert-les-forbans-lhommage-controverse\/#breadcrumb"},"inLanguage":"fr-FR","potentialAction":[{"@type":"ReadAction","target":["https:\/\/elukelele.com\/fr\/divertissement\/deces-de-bebert-les-forbans-lhommage-controverse\/"]}]},{"@type":"ImageObject","inLanguage":"fr-FR","@id":"https:\/\/elukelele.com\/fr\/divertissement\/deces-de-bebert-les-forbans-lhommage-controverse\/#primaryimage","url":"https:\/\/elukelele.com\/fr\/wp-content\/uploads\/2025\/11\/framed_only-897.png","contentUrl":"https:\/\/elukelele.com\/fr\/wp-content\/uploads\/2025\/11\/framed_only-897.png","width":1200,"height":628,"caption":"D\u00e9c\u00e8s"},{"@type":"BreadcrumbList","@id":"https:\/\/elukelele.com\/fr\/divertissement\/deces-de-bebert-les-forbans-lhommage-controverse\/#breadcrumb","itemListElement":[{"@type":"ListItem","position":1,"name":"Home","item":"https:\/\/elukelele.com\/fr\/"},{"@type":"ListItem","position":2,"name":"D\u00e9c\u00e8s de B\u00e9bert (Les Forbans) : l&rsquo;hommage controvers\u00e9"}]},{"@type":"WebSite","@id":"https:\/\/elukelele.com\/fr\/#website","url":"https:\/\/elukelele.com\/fr\/","name":"El Ukelele","description":"Musique au-del\u00e0 de l&#039;indie","potentialAction":[{"@type":"SearchAction","target":{"@type":"EntryPoint","urlTemplate":"https:\/\/elukelele.com\/fr\/?s={search_term_string}"},"query-input":{"@type":"PropertyValueSpecification","valueRequired":true,"valueName":"search_term_string"}}],"inLanguage":"fr-FR"},{"@type":"Person","@id":"https:\/\/elukelele.com\/fr\/#\/schema\/person\/ccfb3d2be2ec7fa389608eb6da0b38d6","name":"Daniel Perrin","image":{"@type":"ImageObject","inLanguage":"fr-FR","@id":"https:\/\/elukelele.com\/fr\/#\/schema\/person\/image\/","url":"https:\/\/secure.gravatar.com\/avatar\/37f9d9ffa29ce5640a0d9c6ca8bbd90afb854014296ecaa0e3a558ac716e6fe4?s=96&d=mm&r=g","contentUrl":"https:\/\/secure.gravatar.com\/avatar\/37f9d9ffa29ce5640a0d9c6ca8bbd90afb854014296ecaa0e3a558ac716e6fe4?s=96&d=mm&r=g","caption":"Daniel Perrin"},"sameAs":["https:\/\/elukelele.com\/fr"],"url":"https:\/\/elukelele.com\/fr\/author\/daniel-perrin\/"}]}},"_links":{"self":[{"href":"https:\/\/elukelele.com\/fr\/wp-json\/wp\/v2\/posts\/46520","targetHints":{"allow":["GET"]}}],"collection":[{"href":"https:\/\/elukelele.com\/fr\/wp-json\/wp\/v2\/posts"}],"about":[{"href":"https:\/\/elukelele.com\/fr\/wp-json\/wp\/v2\/types\/post"}],"author":[{"embeddable":true,"href":"https:\/\/elukelele.com\/fr\/wp-json\/wp\/v2\/users\/4"}],"replies":[{"embeddable":true,"href":"https:\/\/elukelele.com\/fr\/wp-json\/wp\/v2\/comments?post=46520"}],"version-history":[{"count":1,"href":"https:\/\/elukelele.com\/fr\/wp-json\/wp\/v2\/posts\/46520\/revisions"}],"predecessor-version":[{"id":46799,"href":"https:\/\/elukelele.com\/fr\/wp-json\/wp\/v2\/posts\/46520\/revisions\/46799"}],"wp:featuredmedia":[{"embeddable":true,"href":"https:\/\/elukelele.com\/fr\/wp-json\/wp\/v2\/media\/46519"}],"wp:attachment":[{"href":"https:\/\/elukelele.com\/fr\/wp-json\/wp\/v2\/media?parent=46520"}],"wp:term":[{"taxonomy":"category","embeddable":true,"href":"https:\/\/elukelele.com\/fr\/wp-json\/wp\/v2\/categories?post=46520"},{"taxonomy":"post_tag","embeddable":true,"href":"https:\/\/elukelele.com\/fr\/wp-json\/wp\/v2\/tags?post=46520"}],"curies":[{"name":"wp","href":"https:\/\/api.w.org\/{rel}","templated":true}]}}