{"id":46516,"date":"2025-11-29T07:07:31","date_gmt":"2025-11-29T07:07:31","guid":{"rendered":"https:\/\/elukelele.com\/fr\/?p=46516"},"modified":"2025-11-29T07:07:32","modified_gmt":"2025-11-29T07:07:32","slug":"sarkozy-au-parc-des-princes-entre-match-et-condamnations","status":"publish","type":"post","link":"https:\/\/elukelele.com\/fr\/divertissement\/sarkozy-au-parc-des-princes-entre-match-et-condamnations\/","title":{"rendered":"Sarkozy au Parc des Princes: Entre match et condamnations"},"content":{"rendered":"<p>\nL&rsquo;actualit\u00e9 judiciaire de Nicolas Sarkozy a r\u00e9cemment \u00e9t\u00e9 marqu\u00e9e par une nouvelle \u00e9tape avec la confirmation de condamnations, mais l&rsquo;ancien pr\u00e9sident a \u00e9galement fait une apparition publique remarqu\u00e9e au Parc des Princes. Le temps d&rsquo;une soir\u00e9e, il a assist\u00e9 \u00e0 un match de football aux c\u00f4t\u00e9s de Ya\u00ebl Braun-Pivet, la pr\u00e9sidente de l&rsquo;Assembl\u00e9e nationale, offrant une image de r\u00e9pit au c\u0153ur d&rsquo;une p\u00e9riode mouvement\u00e9e. Cet \u00e9v\u00e9nement, captur\u00e9 par les objectifs, a suscit\u00e9 des interrogations sur la place des personnalit\u00e9s politiques dans l&rsquo;espace public, en d\u00e9pit des d\u00e9veloppements judiciaires en cours.\n<\/p>\n<h2>Les R\u00e9centes Condamnations de Nicolas Sarkozy<\/h2>\n<p>\nNicolas Sarkozy est confront\u00e9 \u00e0 plusieurs affaires judiciaires qui ont jalonn\u00e9 sa vie post-pr\u00e9sidentielle. R\u00e9cemment, l&rsquo;ancien chef d&rsquo;\u00c9tat a vu son casier judiciaire s&rsquo;alourdir avec deux condamnations d\u00e9finitives. Le 18 d\u00e9cembre 2024, la Cour de cassation a rejet\u00e9 son pourvoi dans l&rsquo;affaire dite des \u00e9coutes, confirmant ainsi sa condamnation \u00e0 un an de prison ferme sous bracelet \u00e9lectronique pour corruption et trafic d&rsquo;influence. Cette sanction, in\u00e9dite pour un ancien pr\u00e9sident, a \u00e9t\u00e9 ex\u00e9cut\u00e9e entre janvier et mai 2025.\n<\/p>\n<p>\nUne seconde condamnation d\u00e9finitive est intervenue ce mercredi 26 novembre 2025, lorsque la Cour de cassation a confirm\u00e9 sa peine dans l&rsquo;affaire Bygmalion. L&rsquo;ancien pr\u00e9sident avait \u00e9t\u00e9 condamn\u00e9 en appel le 14 f\u00e9vrier 2024 \u00e0 un an d&#8217;emprisonnement, dont six mois avec sursis, pour financement ill\u00e9gal de sa campagne pr\u00e9sidentielle de 2012. La partie ferme de cette peine devrait \u00eatre am\u00e9nag\u00e9e, potentiellement sous bracelet \u00e9lectronique ou semi-libert\u00e9.\n<\/p>\n<p>\nPar ailleurs, Nicolas Sarkozy a \u00e9galement \u00e9t\u00e9 condamn\u00e9 le 25 septembre 2025, \u00e0 cinq ans de prison avec mandat de d\u00e9p\u00f4t \u00e0 effet diff\u00e9r\u00e9 assorti de l&rsquo;ex\u00e9cution provisoire, et 100 000 euros d&rsquo;amende, pour association de malfaiteurs dans l&rsquo;affaire des soup\u00e7ons de financement libyen de sa campagne de 2007. Il a \u00e9t\u00e9 convoqu\u00e9 le 13 octobre 2025 pour conna\u00eetre la date de son incarc\u00e9ration, fix\u00e9e au 21 octobre \u00e0 la prison de la Sant\u00e9. L&rsquo;appel qu&rsquo;il a annonc\u00e9 ne suspend pas cette mesure d&#8217;emprisonnement.\n<\/p>\n<h2>Une Soir\u00e9e au Parc des Princes avec Ya\u00ebl Braun-Pivet<\/h2>\n<p>\nMalgr\u00e9 cette actualit\u00e9 judiciaire dense, Nicolas Sarkozy s&rsquo;est affich\u00e9 au Parc des Princes le mercredi 26 novembre 2025, pour assister \u00e0 la rencontre de Ligue des Champions entre le Paris Saint-Germain (PSG) et Tottenham. Cette apparition publique a eu lieu le m\u00eame jour que la confirmation de sa condamnation d\u00e9finitive dans l&rsquo;affaire Bygmalion.\n<\/p>\n<p>\nIl \u00e9tait notamment accompagn\u00e9 de Ya\u00ebl Braun-Pivet, la pr\u00e9sidente de l&rsquo;Assembl\u00e9e nationale. Ya\u00ebl Braun-Pivet, n\u00e9e le 7 d\u00e9cembre 1970, est une femme politique fran\u00e7aise, avocate de profession, qui occupe la pr\u00e9sidence de l&rsquo;Assembl\u00e9e nationale depuis le 28 juin 2022. Elle a \u00e9t\u00e9 r\u00e9\u00e9lue \u00e0 ce poste le 18 juillet 2024. Engag\u00e9e en politique depuis 2016 avec le mouvement En Marche, elle a \u00e9t\u00e9 d\u00e9put\u00e9e de la 5\u00e8me circonscription des Yvelines d\u00e8s 2017 et a pr\u00e9sid\u00e9 la commission des Lois de l&rsquo;Assembl\u00e9e nationale avant d&rsquo;acc\u00e9der au perchoir.\n<\/p>\n<p>\nLes photographies de la soir\u00e9e montrent Nicolas Sarkozy souriant, v\u00eatu d&rsquo;un col roul\u00e9 noir, \u00e9changeant avec le pr\u00e9sident du PSG, Nasser al-Khela\u00effi, et Ya\u00ebl Braun-Pivet, qui portait une \u00e9charpe aux couleurs du club parisien. Cet \u00e9v\u00e9nement sportif a offert une parenth\u00e8se \u00e0 l&rsquo;ancien pr\u00e9sident, fervent supporter du club de la capitale, en pleine tourmente judiciaire.\n<\/p>\n<h2>FAQ<\/h2>\n<h3>Quelles sont les condamnations d\u00e9finitives de Nicolas Sarkozy \u00e0 ce jour ?<\/h3>\n<p>\n\u00c0 ce jour (fin novembre 2025), Nicolas Sarkozy a deux condamnations p\u00e9nales d\u00e9finitives : une dans l&rsquo;affaire des \u00e9coutes (d\u00e9cembre 2024) pour corruption et trafic d&rsquo;influence, et une autre dans l&rsquo;affaire Bygmalion (novembre 2025) pour financement ill\u00e9gal de campagne.\n<\/p>\n<h3>Quand Nicolas Sarkozy a-t-il \u00e9t\u00e9 condamn\u00e9 dans l&rsquo;affaire du financement libyen ?<\/h3>\n<p>\nNicolas Sarkozy a \u00e9t\u00e9 condamn\u00e9 le 25 septembre 2025, dans l&rsquo;affaire des soup\u00e7ons de financement libyen de sa campagne de 2007.\n<\/p>\n<h3>Qui est Ya\u00ebl Braun-Pivet ?<\/h3>\n<p>\nYa\u00ebl Braun-Pivet est une femme politique fran\u00e7aise, avocate de formation, qui occupe la fonction de pr\u00e9sidente de l&rsquo;Assembl\u00e9e nationale depuis le 28 juin 2022. Elle a \u00e9t\u00e9 r\u00e9\u00e9lue \u00e0 ce poste en juillet 2024.\n<\/p>\n<h2>Conclusion<\/h2>\n<p>\nLa pr\u00e9sence de Nicolas Sarkozy au Parc des Princes, en compagnie de Ya\u00ebl Braun-Pivet, a illustr\u00e9 une juxtaposition entre les r\u00e9alit\u00e9s du monde politique et judiciaire, et les moments de vie publique. Alors que l&rsquo;ancien pr\u00e9sident fait face \u00e0 des cons\u00e9quences judiciaires significatives, son apparition \u00e0 un \u00e9v\u00e9nement sportif majeur t\u00e9moigne de la complexit\u00e9 des parcours des personnalit\u00e9s publiques. Cette soir\u00e9e au Parc des Princes, survenue le jour m\u00eame d&rsquo;une nouvelle d\u00e9cision de justice, offre une perspective sur la mani\u00e8re dont ces figures naviguent entre leurs obligations l\u00e9gales et leurs engagements m\u00e9diatiques et sociaux.<\/p>\n","protected":false},"excerpt":{"rendered":"<p>L&rsquo;actualit\u00e9 judiciaire de Nicolas Sarkozy a r\u00e9cemment \u00e9t\u00e9 marqu\u00e9e par une nouvelle \u00e9tape avec la confirmation de condamnations, mais l&rsquo;ancien pr\u00e9sident a \u00e9galement fait une apparition publique remarqu\u00e9e au Parc des Princes. Le temps d&rsquo;une soir\u00e9e, il a assist\u00e9 \u00e0 un match de football aux c\u00f4t\u00e9s de Ya\u00ebl Braun-Pivet, la pr\u00e9sidente de l&rsquo;Assembl\u00e9e nationale, offrant [&hellip;]<\/p>\n","protected":false},"author":4,"featured_media":46515,"comment_status":"open","ping_status":"open","sticky":false,"template":"","format":"standard","meta":{"_yoast_wpseo_title":"Nicolas Sarkozy au Parc des Princes avec Ya\u00ebl Braun-Pivet","_yoast_wpseo_metadesc":"Nicolas Sarkozy, malgr\u00e9 ses r\u00e9centes condamnations, a \u00e9t\u00e9 aper\u00e7u au Parc des Princes avec Ya\u00ebl Braun-Pivet.","_yoast_wpseo_focuskw":"Sarkozy"},"categories":[5],"tags":[],"class_list":["post-46516","post","type-post","status-publish","format-standard","has-post-thumbnail","hentry","category-divertissement"],"yoast_head":"<!-- This site is optimized with the Yoast SEO plugin v26.3 - https:\/\/yoast.com\/wordpress\/plugins\/seo\/ -->\n<title>Nicolas Sarkozy au Parc des Princes avec Ya\u00ebl Braun-Pivet<\/title>\n<meta name=\"description\" content=\"Nicolas Sarkozy, malgr\u00e9 ses r\u00e9centes condamnations, a \u00e9t\u00e9 aper\u00e7u au Parc des Princes avec Ya\u00ebl Braun-Pivet.\" \/>\n<meta name=\"robots\" content=\"index, follow, max-snippet:-1, max-image-preview:large, max-video-preview:-1\" \/>\n<link rel=\"canonical\" href=\"https:\/\/elukelele.com\/fr\/divertissement\/sarkozy-au-parc-des-princes-entre-match-et-condamnations\/\" \/>\n<meta property=\"og:locale\" content=\"fr_FR\" \/>\n<meta property=\"og:type\" content=\"article\" \/>\n<meta property=\"og:title\" content=\"Nicolas Sarkozy au Parc des Princes avec Ya\u00ebl Braun-Pivet\" \/>\n<meta property=\"og:description\" content=\"Nicolas Sarkozy, malgr\u00e9 ses r\u00e9centes condamnations, a \u00e9t\u00e9 aper\u00e7u au Parc des Princes avec Ya\u00ebl Braun-Pivet.\" \/>\n<meta property=\"og:url\" content=\"https:\/\/elukelele.com\/fr\/divertissement\/sarkozy-au-parc-des-princes-entre-match-et-condamnations\/\" \/>\n<meta property=\"og:site_name\" content=\"El Ukelele\" \/>\n<meta property=\"article:published_time\" content=\"2025-11-29T07:07:31+00:00\" \/>\n<meta property=\"article:modified_time\" content=\"2025-11-29T07:07:32+00:00\" \/>\n<meta property=\"og:image\" content=\"https:\/\/elukelele.com\/fr\/wp-content\/uploads\/2025\/11\/framed_only-895.png\" \/>\n\t<meta property=\"og:image:width\" content=\"1200\" \/>\n\t<meta property=\"og:image:height\" content=\"628\" \/>\n\t<meta property=\"og:image:type\" content=\"image\/png\" \/>\n<meta name=\"author\" content=\"Daniel Perrin\" \/>\n<meta name=\"twitter:card\" content=\"summary_large_image\" \/>\n<meta name=\"twitter:label1\" content=\"\u00c9crit par\" \/>\n\t<meta name=\"twitter:data1\" content=\"Daniel Perrin\" \/>\n\t<meta name=\"twitter:label2\" content=\"Dur\u00e9e de lecture estim\u00e9e\" \/>\n\t<meta name=\"twitter:data2\" content=\"5 minutes\" \/>\n<script type=\"application\/ld+json\" class=\"yoast-schema-graph\">{\"@context\":\"https:\/\/schema.org\",\"@graph\":[{\"@type\":\"WebPage\",\"@id\":\"https:\/\/elukelele.com\/fr\/divertissement\/sarkozy-au-parc-des-princes-entre-match-et-condamnations\/\",\"url\":\"https:\/\/elukelele.com\/fr\/divertissement\/sarkozy-au-parc-des-princes-entre-match-et-condamnations\/\",\"name\":\"Nicolas Sarkozy au Parc des Princes avec Ya\u00ebl Braun-Pivet\",\"isPartOf\":{\"@id\":\"https:\/\/elukelele.com\/fr\/#website\"},\"primaryImageOfPage\":{\"@id\":\"https:\/\/elukelele.com\/fr\/divertissement\/sarkozy-au-parc-des-princes-entre-match-et-condamnations\/#primaryimage\"},\"image\":{\"@id\":\"https:\/\/elukelele.com\/fr\/divertissement\/sarkozy-au-parc-des-princes-entre-match-et-condamnations\/#primaryimage\"},\"thumbnailUrl\":\"https:\/\/elukelele.com\/fr\/wp-content\/uploads\/2025\/11\/framed_only-895.png\",\"datePublished\":\"2025-11-29T07:07:31+00:00\",\"dateModified\":\"2025-11-29T07:07:32+00:00\",\"author\":{\"@id\":\"https:\/\/elukelele.com\/fr\/#\/schema\/person\/ccfb3d2be2ec7fa389608eb6da0b38d6\"},\"description\":\"Nicolas Sarkozy, malgr\u00e9 ses r\u00e9centes condamnations, a \u00e9t\u00e9 aper\u00e7u au Parc des Princes avec Ya\u00ebl Braun-Pivet.\",\"breadcrumb\":{\"@id\":\"https:\/\/elukelele.com\/fr\/divertissement\/sarkozy-au-parc-des-princes-entre-match-et-condamnations\/#breadcrumb\"},\"inLanguage\":\"fr-FR\",\"potentialAction\":[{\"@type\":\"ReadAction\",\"target\":[\"https:\/\/elukelele.com\/fr\/divertissement\/sarkozy-au-parc-des-princes-entre-match-et-condamnations\/\"]}]},{\"@type\":\"ImageObject\",\"inLanguage\":\"fr-FR\",\"@id\":\"https:\/\/elukelele.com\/fr\/divertissement\/sarkozy-au-parc-des-princes-entre-match-et-condamnations\/#primaryimage\",\"url\":\"https:\/\/elukelele.com\/fr\/wp-content\/uploads\/2025\/11\/framed_only-895.png\",\"contentUrl\":\"https:\/\/elukelele.com\/fr\/wp-content\/uploads\/2025\/11\/framed_only-895.png\",\"width\":1200,\"height\":628,\"caption\":\"Sarkozy\"},{\"@type\":\"BreadcrumbList\",\"@id\":\"https:\/\/elukelele.com\/fr\/divertissement\/sarkozy-au-parc-des-princes-entre-match-et-condamnations\/#breadcrumb\",\"itemListElement\":[{\"@type\":\"ListItem\",\"position\":1,\"name\":\"Home\",\"item\":\"https:\/\/elukelele.com\/fr\/\"},{\"@type\":\"ListItem\",\"position\":2,\"name\":\"Sarkozy au Parc des Princes: Entre match et condamnations\"}]},{\"@type\":\"WebSite\",\"@id\":\"https:\/\/elukelele.com\/fr\/#website\",\"url\":\"https:\/\/elukelele.com\/fr\/\",\"name\":\"El Ukelele\",\"description\":\"Musique au-del\u00e0 de l&#039;indie\",\"potentialAction\":[{\"@type\":\"SearchAction\",\"target\":{\"@type\":\"EntryPoint\",\"urlTemplate\":\"https:\/\/elukelele.com\/fr\/?s={search_term_string}\"},\"query-input\":{\"@type\":\"PropertyValueSpecification\",\"valueRequired\":true,\"valueName\":\"search_term_string\"}}],\"inLanguage\":\"fr-FR\"},{\"@type\":\"Person\",\"@id\":\"https:\/\/elukelele.com\/fr\/#\/schema\/person\/ccfb3d2be2ec7fa389608eb6da0b38d6\",\"name\":\"Daniel Perrin\",\"image\":{\"@type\":\"ImageObject\",\"inLanguage\":\"fr-FR\",\"@id\":\"https:\/\/elukelele.com\/fr\/#\/schema\/person\/image\/\",\"url\":\"https:\/\/secure.gravatar.com\/avatar\/37f9d9ffa29ce5640a0d9c6ca8bbd90afb854014296ecaa0e3a558ac716e6fe4?s=96&d=mm&r=g\",\"contentUrl\":\"https:\/\/secure.gravatar.com\/avatar\/37f9d9ffa29ce5640a0d9c6ca8bbd90afb854014296ecaa0e3a558ac716e6fe4?s=96&d=mm&r=g\",\"caption\":\"Daniel Perrin\"},\"sameAs\":[\"https:\/\/elukelele.com\/fr\"],\"url\":\"https:\/\/elukelele.com\/fr\/author\/daniel-perrin\/\"}]}<\/script>\n<!-- \/ Yoast SEO plugin. -->","yoast_head_json":{"title":"Nicolas Sarkozy au Parc des Princes avec Ya\u00ebl Braun-Pivet","description":"Nicolas Sarkozy, malgr\u00e9 ses r\u00e9centes condamnations, a \u00e9t\u00e9 aper\u00e7u au Parc des Princes avec Ya\u00ebl Braun-Pivet.","robots":{"index":"index","follow":"follow","max-snippet":"max-snippet:-1","max-image-preview":"max-image-preview:large","max-video-preview":"max-video-preview:-1"},"canonical":"https:\/\/elukelele.com\/fr\/divertissement\/sarkozy-au-parc-des-princes-entre-match-et-condamnations\/","og_locale":"fr_FR","og_type":"article","og_title":"Nicolas Sarkozy au Parc des Princes avec Ya\u00ebl Braun-Pivet","og_description":"Nicolas Sarkozy, malgr\u00e9 ses r\u00e9centes condamnations, a \u00e9t\u00e9 aper\u00e7u au Parc des Princes avec Ya\u00ebl Braun-Pivet.","og_url":"https:\/\/elukelele.com\/fr\/divertissement\/sarkozy-au-parc-des-princes-entre-match-et-condamnations\/","og_site_name":"El Ukelele","article_published_time":"2025-11-29T07:07:31+00:00","article_modified_time":"2025-11-29T07:07:32+00:00","og_image":[{"width":1200,"height":628,"url":"https:\/\/elukelele.com\/fr\/wp-content\/uploads\/2025\/11\/framed_only-895.png","type":"image\/png"}],"author":"Daniel Perrin","twitter_card":"summary_large_image","twitter_misc":{"\u00c9crit par":"Daniel Perrin","Dur\u00e9e de lecture estim\u00e9e":"5 minutes"},"schema":{"@context":"https:\/\/schema.org","@graph":[{"@type":"WebPage","@id":"https:\/\/elukelele.com\/fr\/divertissement\/sarkozy-au-parc-des-princes-entre-match-et-condamnations\/","url":"https:\/\/elukelele.com\/fr\/divertissement\/sarkozy-au-parc-des-princes-entre-match-et-condamnations\/","name":"Nicolas Sarkozy au Parc des Princes avec Ya\u00ebl Braun-Pivet","isPartOf":{"@id":"https:\/\/elukelele.com\/fr\/#website"},"primaryImageOfPage":{"@id":"https:\/\/elukelele.com\/fr\/divertissement\/sarkozy-au-parc-des-princes-entre-match-et-condamnations\/#primaryimage"},"image":{"@id":"https:\/\/elukelele.com\/fr\/divertissement\/sarkozy-au-parc-des-princes-entre-match-et-condamnations\/#primaryimage"},"thumbnailUrl":"https:\/\/elukelele.com\/fr\/wp-content\/uploads\/2025\/11\/framed_only-895.png","datePublished":"2025-11-29T07:07:31+00:00","dateModified":"2025-11-29T07:07:32+00:00","author":{"@id":"https:\/\/elukelele.com\/fr\/#\/schema\/person\/ccfb3d2be2ec7fa389608eb6da0b38d6"},"description":"Nicolas Sarkozy, malgr\u00e9 ses r\u00e9centes condamnations, a \u00e9t\u00e9 aper\u00e7u au Parc des Princes avec Ya\u00ebl Braun-Pivet.","breadcrumb":{"@id":"https:\/\/elukelele.com\/fr\/divertissement\/sarkozy-au-parc-des-princes-entre-match-et-condamnations\/#breadcrumb"},"inLanguage":"fr-FR","potentialAction":[{"@type":"ReadAction","target":["https:\/\/elukelele.com\/fr\/divertissement\/sarkozy-au-parc-des-princes-entre-match-et-condamnations\/"]}]},{"@type":"ImageObject","inLanguage":"fr-FR","@id":"https:\/\/elukelele.com\/fr\/divertissement\/sarkozy-au-parc-des-princes-entre-match-et-condamnations\/#primaryimage","url":"https:\/\/elukelele.com\/fr\/wp-content\/uploads\/2025\/11\/framed_only-895.png","contentUrl":"https:\/\/elukelele.com\/fr\/wp-content\/uploads\/2025\/11\/framed_only-895.png","width":1200,"height":628,"caption":"Sarkozy"},{"@type":"BreadcrumbList","@id":"https:\/\/elukelele.com\/fr\/divertissement\/sarkozy-au-parc-des-princes-entre-match-et-condamnations\/#breadcrumb","itemListElement":[{"@type":"ListItem","position":1,"name":"Home","item":"https:\/\/elukelele.com\/fr\/"},{"@type":"ListItem","position":2,"name":"Sarkozy au Parc des Princes: Entre match et condamnations"}]},{"@type":"WebSite","@id":"https:\/\/elukelele.com\/fr\/#website","url":"https:\/\/elukelele.com\/fr\/","name":"El Ukelele","description":"Musique au-del\u00e0 de l&#039;indie","potentialAction":[{"@type":"SearchAction","target":{"@type":"EntryPoint","urlTemplate":"https:\/\/elukelele.com\/fr\/?s={search_term_string}"},"query-input":{"@type":"PropertyValueSpecification","valueRequired":true,"valueName":"search_term_string"}}],"inLanguage":"fr-FR"},{"@type":"Person","@id":"https:\/\/elukelele.com\/fr\/#\/schema\/person\/ccfb3d2be2ec7fa389608eb6da0b38d6","name":"Daniel Perrin","image":{"@type":"ImageObject","inLanguage":"fr-FR","@id":"https:\/\/elukelele.com\/fr\/#\/schema\/person\/image\/","url":"https:\/\/secure.gravatar.com\/avatar\/37f9d9ffa29ce5640a0d9c6ca8bbd90afb854014296ecaa0e3a558ac716e6fe4?s=96&d=mm&r=g","contentUrl":"https:\/\/secure.gravatar.com\/avatar\/37f9d9ffa29ce5640a0d9c6ca8bbd90afb854014296ecaa0e3a558ac716e6fe4?s=96&d=mm&r=g","caption":"Daniel Perrin"},"sameAs":["https:\/\/elukelele.com\/fr"],"url":"https:\/\/elukelele.com\/fr\/author\/daniel-perrin\/"}]}},"_links":{"self":[{"href":"https:\/\/elukelele.com\/fr\/wp-json\/wp\/v2\/posts\/46516","targetHints":{"allow":["GET"]}}],"collection":[{"href":"https:\/\/elukelele.com\/fr\/wp-json\/wp\/v2\/posts"}],"about":[{"href":"https:\/\/elukelele.com\/fr\/wp-json\/wp\/v2\/types\/post"}],"author":[{"embeddable":true,"href":"https:\/\/elukelele.com\/fr\/wp-json\/wp\/v2\/users\/4"}],"replies":[{"embeddable":true,"href":"https:\/\/elukelele.com\/fr\/wp-json\/wp\/v2\/comments?post=46516"}],"version-history":[{"count":1,"href":"https:\/\/elukelele.com\/fr\/wp-json\/wp\/v2\/posts\/46516\/revisions"}],"predecessor-version":[{"id":46798,"href":"https:\/\/elukelele.com\/fr\/wp-json\/wp\/v2\/posts\/46516\/revisions\/46798"}],"wp:featuredmedia":[{"embeddable":true,"href":"https:\/\/elukelele.com\/fr\/wp-json\/wp\/v2\/media\/46515"}],"wp:attachment":[{"href":"https:\/\/elukelele.com\/fr\/wp-json\/wp\/v2\/media?parent=46516"}],"wp:term":[{"taxonomy":"category","embeddable":true,"href":"https:\/\/elukelele.com\/fr\/wp-json\/wp\/v2\/categories?post=46516"},{"taxonomy":"post_tag","embeddable":true,"href":"https:\/\/elukelele.com\/fr\/wp-json\/wp\/v2\/tags?post=46516"}],"curies":[{"name":"wp","href":"https:\/\/api.w.org\/{rel}","templated":true}]}}