{"id":46514,"date":"2025-11-29T07:05:39","date_gmt":"2025-11-29T07:05:39","guid":{"rendered":"https:\/\/elukelele.com\/fr\/?p=46514"},"modified":"2025-11-29T07:05:40","modified_gmt":"2025-11-29T07:05:40","slug":"deces-de-mayerly-diaz-tragedie-apres-chirurgie-esthetique","status":"publish","type":"post","link":"https:\/\/elukelele.com\/fr\/divertissement\/deces-de-mayerly-diaz-tragedie-apres-chirurgie-esthetique\/","title":{"rendered":"D\u00e9c\u00e8s de Mayerly D\u00edaz : Trag\u00e9die apr\u00e8s chirurgie esth\u00e9tique"},"content":{"rendered":"<p>Le monde de la musique colombienne et l&rsquo;opinion publique sont en deuil suite \u00e0 la tragique disparition de Mayerly D\u00edaz, une chanteuse prometteuse, emport\u00e9e par une crise cardiaque apr\u00e8s une intervention de chirurgie esth\u00e9tique. Ce d\u00e9c\u00e8s poignant, survenu fin novembre 2025, met en lumi\u00e8re les dangers parfois sous-estim\u00e9s des proc\u00e9dures esth\u00e9tiques et relance le d\u00e9bat sur la s\u00e9curit\u00e9 des patients dans un secteur en pleine expansion.<\/p>\n<h2 id=\"mayerly-diaz-une-voix-eteinte-trop-tot\">Mayerly D\u00edaz : Une Voix \u00c9teinte Trop T\u00f4t<\/h2>\n<p>Mayerly D\u00edaz, \u00e2g\u00e9e de seulement 32 ans et surnomm\u00e9e \u00ab La voix de Quipile \u00bb, a vu sa vie s&rsquo;arr\u00eater brusquement quelques jours apr\u00e8s avoir subi une op\u00e9ration de chirurgie esth\u00e9tique \u00e0 Bogot\u00e1. M\u00e8re de deux enfants, elle avait d\u00e9but\u00e9 sa carri\u00e8re \u00e0 14 ans et vivait de sa passion depuis six ans, ayant r\u00e9cemment sorti un nouveau clip, \u00ab\u00a0Con tus chiros a otra parte\u00a0\u00bb. Ses albums \u00ab\u00a0Aqui Me Tienen\u00a0\u00bb (2019) et \u00ab\u00a0No Supiste Perder\u00a0\u00bb (2024) avaient conquis un public fid\u00e8le avec un m\u00e9lange de pop et de folk local.<\/p>\n<p>Selon les m\u00e9dias colombiens, apr\u00e8s l&rsquo;intervention dans une clinique de Bogot\u00e1, des complications sont apparues, entra\u00eenant son transfert vers l&rsquo;h\u00f4pital de Facatativ\u00e1. C&rsquo;est dans ce second \u00e9tablissement qu&rsquo;un arr\u00eat cardiaque lui a \u00e9t\u00e9 fatal. Les raisons exactes de l&rsquo;op\u00e9ration n&rsquo;ont pas \u00e9t\u00e9 rendues publiques, et une enqu\u00eate a \u00e9t\u00e9 ouverte par les autorit\u00e9s colombiennes pour d\u00e9terminer les circonstances pr\u00e9cises de ce d\u00e9c\u00e8s.<\/p>\n<h2 id=\"lattrait-et-les-risques-inherents-a-la-chirurgie-esthetique\">L&rsquo;Attrait et les Risques Inh\u00e9rents \u00e0 la Chirurgie Esth\u00e9tique<\/h2>\n<p>La chirurgie esth\u00e9tique conna\u00eet une popularit\u00e9 croissante \u00e0 travers le monde, et particuli\u00e8rement en Colombie, o\u00f9 plus de 200 000 actes sont pratiqu\u00e9s chaque ann\u00e9e, faisant du pays le quatri\u00e8me march\u00e9 d&rsquo;Am\u00e9rique latine apr\u00e8s le Br\u00e9sil, le Mexique et l&rsquo;Argentine. Des interventions comme les mammoplasties et les liposuccions sont parmi les plus courantes. Cependant, malgr\u00e9 l&rsquo;image de transformation et d&rsquo;am\u00e9lioration qu&rsquo;elle v\u00e9hicule, toute chirurgie esth\u00e9tique reste un acte m\u00e9dical comportant des risques. Le \u00ab risque z\u00e9ro \u00bb n&rsquo;existe pas en m\u00e9decine.<\/p>\n<p>Les complications peuvent varier en gravit\u00e9, allant de probl\u00e8mes post-op\u00e9ratoires courants \u00e0 des situations mettant en jeu le pronostic vital. Parmi les risques g\u00e9n\u00e9raux, on retrouve les h\u00e9matomes, les infections, les troubles de la sensibilit\u00e9, les probl\u00e8mes de cicatrisation, et dans des cas plus rares mais d\u00e9vastateurs, des complications vasculaires comme l&#8217;embolie pulmonaire ou des arr\u00eats cardiaques.<\/p>\n<h2 id=\"comprendre-les-complications-medicales\">Comprendre les Complications M\u00e9dicales<\/h2>\n<p>La crise cardiaque, comme celle qui a emport\u00e9 Mayerly D\u00edaz, est une complication grave bien que rare de la chirurgie. Plusieurs facteurs peuvent y contribuer :<\/p>\n<ul>\n<li><strong>L&rsquo;anesth\u00e9sie :<\/strong> Qu&rsquo;elle soit locale ou g\u00e9n\u00e9rale, l&rsquo;anesth\u00e9sie comporte ses propres risques. Les r\u00e9actions ind\u00e9sirables aux agents anesth\u00e9siques peuvent affecter le syst\u00e8me cardiovasculaire, entra\u00eenant des troubles du rythme cardiaque ou, dans les cas les plus extr\u00eames, un arr\u00eat cardiaque. Une consultation pr\u00e9anesth\u00e9sique obligatoire permet d&rsquo;\u00e9valuer ces risques.<\/li>\n<li><strong>Le stress chirurgical :<\/strong> Le corps subit un stress important pendant une intervention chirurgicale, ce qui peut solliciter le c\u0153ur.<\/li>\n<li><strong>Conditions pr\u00e9existantes :<\/strong> Des probl\u00e8mes de sant\u00e9 non diagnostiqu\u00e9s ou mal g\u00e9r\u00e9s, tels que des troubles cardiaques latents ou la prise de certains m\u00e9dicaments (y compris des produits dopants, comme cela a \u00e9t\u00e9 observ\u00e9 dans d&rsquo;autres cas tragiques), peuvent augmenter consid\u00e9rablement le risque de complications graves.<\/li>\n<li><strong>Complications sp\u00e9cifiques \u00e0 l&rsquo;intervention :<\/strong> Certaines chirurgies, comme la liposuccion, impliquent le d\u00e9placement de fluides et de tissus, pouvant parfois entra\u00eener des embolies graisseuses, une complication potentiellement mortelle si elle n&rsquo;est pas rapidement prise en charge.<\/li>\n<\/ul>\n<h2 id=\"la-colombie-face-aux-pratiques-esthetiques-entre-reve-et-danger\">La Colombie Face aux Pratiques Esth\u00e9tiques : Entre R\u00eave et Danger<\/h2>\n<p>La Colombie est malheureusement aussi connue comme un \u00ab\u00a0eldorado pour charlatans\u00a0\u00bb en mati\u00e8re de chirurgie esth\u00e9tique, o\u00f9 les m\u00e9decins peu scrupuleux et les accidents, parfois mortels, se multiplient. Le march\u00e9 en pleine expansion attire des escrocs et des praticiens insuffisamment qualifi\u00e9s, ce qui peut mettre en danger la vie des patients. Des cas ont r\u00e9v\u00e9l\u00e9 que certains \u00ab\u00a0sp\u00e9cialistes\u00a0\u00bb n&rsquo;avaient suivi que des formations tr\u00e8s courtes, bien loin des cursus normaux de cinq ans de m\u00e9decine g\u00e9n\u00e9rale et quatre ans de sp\u00e9cialisation. Malgr\u00e9 la multiplication des victimes, un \u00ab\u00a0puissant lobby\u00a0\u00bb bloquerait les r\u00e9formes visant \u00e0 mieux encadrer le secteur.<\/p>\n<h2 id=\"limperatif-de-la-diligence-raisonnable-du-patient\">L&rsquo;Imp\u00e9ratif de la Diligence Raisonnable du Patient<\/h2>\n<p>Face \u00e0 ces risques, il est crucial pour toute personne envisageant une chirurgie esth\u00e9tique de faire preuve d&rsquo;une extr\u00eame prudence :<\/p>\n<ul>\n<li><strong>V\u00e9rifier les qualifications :<\/strong> S&rsquo;assurer que le chirurgien est d\u00fbment certifi\u00e9 et exp\u00e9riment\u00e9 dans l&rsquo;intervention envisag\u00e9e.<\/li>\n<li><strong>Choisir une clinique accr\u00e9dit\u00e9e :<\/strong> Opter pour des \u00e9tablissements respectant les normes de s\u00e9curit\u00e9 les plus exigeantes, avec un \u00e9quipement ad\u00e9quat et un personnel qualifi\u00e9.<\/li>\n<li><strong>Demander un avis m\u00e9dical approfondi :<\/strong> Subir des examens pr\u00e9op\u00e9ratoires complets pour \u00e9valuer l&rsquo;\u00e9tat de sant\u00e9 g\u00e9n\u00e9ral et discuter de tous les risques potentiels avec le chirurgien et l&rsquo;anesth\u00e9siste.<\/li>\n<li><strong>\u00c9viter les offres trop all\u00e9chantes :<\/strong> Se m\u00e9fier des prix anormalement bas qui peuvent cacher des coupes dans la s\u00e9curit\u00e9 ou la qualit\u00e9 des soins.<\/li>\n<li><strong>\u00c9viter le tourisme m\u00e9dical non encadr\u00e9 :<\/strong> Si l&rsquo;on envisage une op\u00e9ration \u00e0 l&rsquo;\u00e9tranger, il est essentiel de s&rsquo;informer sur les r\u00e9gulations locales et les garanties offertes en cas de complications.<\/li>\n<\/ul>\n<h2 id=\"faq\">FAQ<\/h2>\n<h3>Quels sont les principaux risques d&rsquo;une chirurgie esth\u00e9tique ?<\/h3>\n<p>Les risques incluent des complications li\u00e9es \u00e0 l&rsquo;anesth\u00e9sie (allergies, arr\u00eat cardiaque), des infections, des h\u00e9matomes, des probl\u00e8mes de cicatrisation, des n\u00e9croses cutan\u00e9es, des complications vasculaires (embolie), et dans les cas les plus graves, des s\u00e9quelles irr\u00e9versibles ou le d\u00e9c\u00e8s.<\/p>\n<h3>La chirurgie esth\u00e9tique en Colombie est-elle plus risqu\u00e9e ?<\/h3>\n<p>La Colombie est un centre populaire pour la chirurgie esth\u00e9tique, mais elle est \u00e9galement confront\u00e9e \u00e0 un probl\u00e8me de prolif\u00e9ration de cliniques non r\u00e9glement\u00e9es et de praticiens non qualifi\u00e9s, ce qui peut augmenter les risques pour les patients.<\/p>\n<h3>Comment choisir un chirurgien esth\u00e9tique s\u00fbr ?<\/h3>\n<p>Il est imp\u00e9ratif de v\u00e9rifier les qualifications et l&rsquo;exp\u00e9rience du chirurgien, de s&rsquo;assurer qu&rsquo;il est membre d&rsquo;organismes professionnels reconnus, et que la clinique est accr\u00e9dit\u00e9e et respecte toutes les normes de s\u00e9curit\u00e9. Une consultation approfondie avec le chirurgien et l&rsquo;anesth\u00e9siste est essentielle pour comprendre tous les aspects et risques de l&rsquo;intervention.<\/p>\n<h2 id=\"conclusion\">Conclusion<\/h2>\n<p>La mort tragique de Mayerly D\u00edaz est un rappel douloureux des cons\u00e9quences potentielles de la chirurgie esth\u00e9tique lorsque les pr\u00e9cautions n\u00e9cessaires ne sont pas prises ou lorsque des complications impr\u00e9vues surviennent. Au-del\u00e0 du drame personnel, cet \u00e9v\u00e9nement souligne l&rsquo;importance cruciale d&rsquo;une prise de d\u00e9cision \u00e9clair\u00e9e, d&rsquo;une r\u00e9glementation stricte et d&rsquo;une vigilance constante de la part des patients et des autorit\u00e9s sanitaires. Il est imp\u00e9ratif que les r\u00eaves d&rsquo;am\u00e9lioration esth\u00e9tique ne se transforment pas en cauchemars \u00e9vitables.<\/p>\n","protected":false},"excerpt":{"rendered":"<p>Le monde de la musique colombienne et l&rsquo;opinion publique sont en deuil suite \u00e0 la tragique disparition de Mayerly D\u00edaz, une chanteuse prometteuse, emport\u00e9e par une crise cardiaque apr\u00e8s une intervention de chirurgie esth\u00e9tique. Ce d\u00e9c\u00e8s poignant, survenu fin novembre 2025, met en lumi\u00e8re les dangers parfois sous-estim\u00e9s des proc\u00e9dures esth\u00e9tiques et relance le d\u00e9bat [&hellip;]<\/p>\n","protected":false},"author":4,"featured_media":46513,"comment_status":"open","ping_status":"open","sticky":false,"template":"","format":"standard","meta":{"_yoast_wpseo_title":"D\u00e9c\u00e8s Mayerly D\u00edaz : Chirurgie esth\u00e9tique et deuil en Colomb","_yoast_wpseo_metadesc":"D\u00e9couvrez le d\u00e9c\u00e8s tragique de la chanteuse colombienne Mayerly D\u00edaz, emport\u00e9e par une crise cardiaque apr\u00e8s une op\u00e9ration esth\u00e9tique.","_yoast_wpseo_focuskw":"D\u00e9c\u00e8s"},"categories":[5],"tags":[],"class_list":["post-46514","post","type-post","status-publish","format-standard","has-post-thumbnail","hentry","category-divertissement"],"yoast_head":"<!-- This site is optimized with the Yoast SEO plugin v26.3 - https:\/\/yoast.com\/wordpress\/plugins\/seo\/ -->\n<title>D\u00e9c\u00e8s Mayerly D\u00edaz : Chirurgie esth\u00e9tique et deuil en Colomb<\/title>\n<meta name=\"description\" content=\"D\u00e9couvrez le d\u00e9c\u00e8s tragique de la chanteuse colombienne Mayerly D\u00edaz, emport\u00e9e par une crise cardiaque apr\u00e8s une op\u00e9ration esth\u00e9tique.\" \/>\n<meta name=\"robots\" content=\"index, follow, max-snippet:-1, max-image-preview:large, max-video-preview:-1\" \/>\n<link rel=\"canonical\" href=\"https:\/\/elukelele.com\/fr\/divertissement\/deces-de-mayerly-diaz-tragedie-apres-chirurgie-esthetique\/\" \/>\n<meta property=\"og:locale\" content=\"fr_FR\" \/>\n<meta property=\"og:type\" content=\"article\" \/>\n<meta property=\"og:title\" content=\"D\u00e9c\u00e8s Mayerly D\u00edaz : Chirurgie esth\u00e9tique et deuil en Colomb\" \/>\n<meta property=\"og:description\" content=\"D\u00e9couvrez le d\u00e9c\u00e8s tragique de la chanteuse colombienne Mayerly D\u00edaz, emport\u00e9e par une crise cardiaque apr\u00e8s une op\u00e9ration esth\u00e9tique.\" \/>\n<meta property=\"og:url\" content=\"https:\/\/elukelele.com\/fr\/divertissement\/deces-de-mayerly-diaz-tragedie-apres-chirurgie-esthetique\/\" \/>\n<meta property=\"og:site_name\" content=\"El Ukelele\" \/>\n<meta property=\"article:published_time\" content=\"2025-11-29T07:05:39+00:00\" \/>\n<meta property=\"article:modified_time\" content=\"2025-11-29T07:05:40+00:00\" \/>\n<meta property=\"og:image\" content=\"https:\/\/elukelele.com\/fr\/wp-content\/uploads\/2025\/11\/framed_only-894.png\" \/>\n\t<meta property=\"og:image:width\" content=\"1200\" \/>\n\t<meta property=\"og:image:height\" content=\"628\" \/>\n\t<meta property=\"og:image:type\" content=\"image\/png\" \/>\n<meta name=\"author\" content=\"Daniel Perrin\" \/>\n<meta name=\"twitter:card\" content=\"summary_large_image\" \/>\n<meta name=\"twitter:label1\" content=\"\u00c9crit par\" \/>\n\t<meta name=\"twitter:data1\" content=\"Daniel Perrin\" \/>\n\t<meta name=\"twitter:label2\" content=\"Dur\u00e9e de lecture estim\u00e9e\" \/>\n\t<meta name=\"twitter:data2\" content=\"6 minutes\" \/>\n<script type=\"application\/ld+json\" class=\"yoast-schema-graph\">{\"@context\":\"https:\/\/schema.org\",\"@graph\":[{\"@type\":\"WebPage\",\"@id\":\"https:\/\/elukelele.com\/fr\/divertissement\/deces-de-mayerly-diaz-tragedie-apres-chirurgie-esthetique\/\",\"url\":\"https:\/\/elukelele.com\/fr\/divertissement\/deces-de-mayerly-diaz-tragedie-apres-chirurgie-esthetique\/\",\"name\":\"D\u00e9c\u00e8s Mayerly D\u00edaz : Chirurgie esth\u00e9tique et deuil en Colomb\",\"isPartOf\":{\"@id\":\"https:\/\/elukelele.com\/fr\/#website\"},\"primaryImageOfPage\":{\"@id\":\"https:\/\/elukelele.com\/fr\/divertissement\/deces-de-mayerly-diaz-tragedie-apres-chirurgie-esthetique\/#primaryimage\"},\"image\":{\"@id\":\"https:\/\/elukelele.com\/fr\/divertissement\/deces-de-mayerly-diaz-tragedie-apres-chirurgie-esthetique\/#primaryimage\"},\"thumbnailUrl\":\"https:\/\/elukelele.com\/fr\/wp-content\/uploads\/2025\/11\/framed_only-894.png\",\"datePublished\":\"2025-11-29T07:05:39+00:00\",\"dateModified\":\"2025-11-29T07:05:40+00:00\",\"author\":{\"@id\":\"https:\/\/elukelele.com\/fr\/#\/schema\/person\/ccfb3d2be2ec7fa389608eb6da0b38d6\"},\"description\":\"D\u00e9couvrez le d\u00e9c\u00e8s tragique de la chanteuse colombienne Mayerly D\u00edaz, emport\u00e9e par une crise cardiaque apr\u00e8s une op\u00e9ration esth\u00e9tique.\",\"breadcrumb\":{\"@id\":\"https:\/\/elukelele.com\/fr\/divertissement\/deces-de-mayerly-diaz-tragedie-apres-chirurgie-esthetique\/#breadcrumb\"},\"inLanguage\":\"fr-FR\",\"potentialAction\":[{\"@type\":\"ReadAction\",\"target\":[\"https:\/\/elukelele.com\/fr\/divertissement\/deces-de-mayerly-diaz-tragedie-apres-chirurgie-esthetique\/\"]}]},{\"@type\":\"ImageObject\",\"inLanguage\":\"fr-FR\",\"@id\":\"https:\/\/elukelele.com\/fr\/divertissement\/deces-de-mayerly-diaz-tragedie-apres-chirurgie-esthetique\/#primaryimage\",\"url\":\"https:\/\/elukelele.com\/fr\/wp-content\/uploads\/2025\/11\/framed_only-894.png\",\"contentUrl\":\"https:\/\/elukelele.com\/fr\/wp-content\/uploads\/2025\/11\/framed_only-894.png\",\"width\":1200,\"height\":628,\"caption\":\"D\u00e9c\u00e8s\"},{\"@type\":\"BreadcrumbList\",\"@id\":\"https:\/\/elukelele.com\/fr\/divertissement\/deces-de-mayerly-diaz-tragedie-apres-chirurgie-esthetique\/#breadcrumb\",\"itemListElement\":[{\"@type\":\"ListItem\",\"position\":1,\"name\":\"Home\",\"item\":\"https:\/\/elukelele.com\/fr\/\"},{\"@type\":\"ListItem\",\"position\":2,\"name\":\"D\u00e9c\u00e8s de Mayerly D\u00edaz : Trag\u00e9die apr\u00e8s chirurgie esth\u00e9tique\"}]},{\"@type\":\"WebSite\",\"@id\":\"https:\/\/elukelele.com\/fr\/#website\",\"url\":\"https:\/\/elukelele.com\/fr\/\",\"name\":\"El Ukelele\",\"description\":\"Musique au-del\u00e0 de l&#039;indie\",\"potentialAction\":[{\"@type\":\"SearchAction\",\"target\":{\"@type\":\"EntryPoint\",\"urlTemplate\":\"https:\/\/elukelele.com\/fr\/?s={search_term_string}\"},\"query-input\":{\"@type\":\"PropertyValueSpecification\",\"valueRequired\":true,\"valueName\":\"search_term_string\"}}],\"inLanguage\":\"fr-FR\"},{\"@type\":\"Person\",\"@id\":\"https:\/\/elukelele.com\/fr\/#\/schema\/person\/ccfb3d2be2ec7fa389608eb6da0b38d6\",\"name\":\"Daniel Perrin\",\"image\":{\"@type\":\"ImageObject\",\"inLanguage\":\"fr-FR\",\"@id\":\"https:\/\/elukelele.com\/fr\/#\/schema\/person\/image\/\",\"url\":\"https:\/\/secure.gravatar.com\/avatar\/37f9d9ffa29ce5640a0d9c6ca8bbd90afb854014296ecaa0e3a558ac716e6fe4?s=96&d=mm&r=g\",\"contentUrl\":\"https:\/\/secure.gravatar.com\/avatar\/37f9d9ffa29ce5640a0d9c6ca8bbd90afb854014296ecaa0e3a558ac716e6fe4?s=96&d=mm&r=g\",\"caption\":\"Daniel Perrin\"},\"sameAs\":[\"https:\/\/elukelele.com\/fr\"],\"url\":\"https:\/\/elukelele.com\/fr\/author\/daniel-perrin\/\"}]}<\/script>\n<!-- \/ Yoast SEO plugin. -->","yoast_head_json":{"title":"D\u00e9c\u00e8s Mayerly D\u00edaz : Chirurgie esth\u00e9tique et deuil en Colomb","description":"D\u00e9couvrez le d\u00e9c\u00e8s tragique de la chanteuse colombienne Mayerly D\u00edaz, emport\u00e9e par une crise cardiaque apr\u00e8s une op\u00e9ration esth\u00e9tique.","robots":{"index":"index","follow":"follow","max-snippet":"max-snippet:-1","max-image-preview":"max-image-preview:large","max-video-preview":"max-video-preview:-1"},"canonical":"https:\/\/elukelele.com\/fr\/divertissement\/deces-de-mayerly-diaz-tragedie-apres-chirurgie-esthetique\/","og_locale":"fr_FR","og_type":"article","og_title":"D\u00e9c\u00e8s Mayerly D\u00edaz : Chirurgie esth\u00e9tique et deuil en Colomb","og_description":"D\u00e9couvrez le d\u00e9c\u00e8s tragique de la chanteuse colombienne Mayerly D\u00edaz, emport\u00e9e par une crise cardiaque apr\u00e8s une op\u00e9ration esth\u00e9tique.","og_url":"https:\/\/elukelele.com\/fr\/divertissement\/deces-de-mayerly-diaz-tragedie-apres-chirurgie-esthetique\/","og_site_name":"El Ukelele","article_published_time":"2025-11-29T07:05:39+00:00","article_modified_time":"2025-11-29T07:05:40+00:00","og_image":[{"width":1200,"height":628,"url":"https:\/\/elukelele.com\/fr\/wp-content\/uploads\/2025\/11\/framed_only-894.png","type":"image\/png"}],"author":"Daniel Perrin","twitter_card":"summary_large_image","twitter_misc":{"\u00c9crit par":"Daniel Perrin","Dur\u00e9e de lecture estim\u00e9e":"6 minutes"},"schema":{"@context":"https:\/\/schema.org","@graph":[{"@type":"WebPage","@id":"https:\/\/elukelele.com\/fr\/divertissement\/deces-de-mayerly-diaz-tragedie-apres-chirurgie-esthetique\/","url":"https:\/\/elukelele.com\/fr\/divertissement\/deces-de-mayerly-diaz-tragedie-apres-chirurgie-esthetique\/","name":"D\u00e9c\u00e8s Mayerly D\u00edaz : Chirurgie esth\u00e9tique et deuil en Colomb","isPartOf":{"@id":"https:\/\/elukelele.com\/fr\/#website"},"primaryImageOfPage":{"@id":"https:\/\/elukelele.com\/fr\/divertissement\/deces-de-mayerly-diaz-tragedie-apres-chirurgie-esthetique\/#primaryimage"},"image":{"@id":"https:\/\/elukelele.com\/fr\/divertissement\/deces-de-mayerly-diaz-tragedie-apres-chirurgie-esthetique\/#primaryimage"},"thumbnailUrl":"https:\/\/elukelele.com\/fr\/wp-content\/uploads\/2025\/11\/framed_only-894.png","datePublished":"2025-11-29T07:05:39+00:00","dateModified":"2025-11-29T07:05:40+00:00","author":{"@id":"https:\/\/elukelele.com\/fr\/#\/schema\/person\/ccfb3d2be2ec7fa389608eb6da0b38d6"},"description":"D\u00e9couvrez le d\u00e9c\u00e8s tragique de la chanteuse colombienne Mayerly D\u00edaz, emport\u00e9e par une crise cardiaque apr\u00e8s une op\u00e9ration esth\u00e9tique.","breadcrumb":{"@id":"https:\/\/elukelele.com\/fr\/divertissement\/deces-de-mayerly-diaz-tragedie-apres-chirurgie-esthetique\/#breadcrumb"},"inLanguage":"fr-FR","potentialAction":[{"@type":"ReadAction","target":["https:\/\/elukelele.com\/fr\/divertissement\/deces-de-mayerly-diaz-tragedie-apres-chirurgie-esthetique\/"]}]},{"@type":"ImageObject","inLanguage":"fr-FR","@id":"https:\/\/elukelele.com\/fr\/divertissement\/deces-de-mayerly-diaz-tragedie-apres-chirurgie-esthetique\/#primaryimage","url":"https:\/\/elukelele.com\/fr\/wp-content\/uploads\/2025\/11\/framed_only-894.png","contentUrl":"https:\/\/elukelele.com\/fr\/wp-content\/uploads\/2025\/11\/framed_only-894.png","width":1200,"height":628,"caption":"D\u00e9c\u00e8s"},{"@type":"BreadcrumbList","@id":"https:\/\/elukelele.com\/fr\/divertissement\/deces-de-mayerly-diaz-tragedie-apres-chirurgie-esthetique\/#breadcrumb","itemListElement":[{"@type":"ListItem","position":1,"name":"Home","item":"https:\/\/elukelele.com\/fr\/"},{"@type":"ListItem","position":2,"name":"D\u00e9c\u00e8s de Mayerly D\u00edaz : Trag\u00e9die apr\u00e8s chirurgie esth\u00e9tique"}]},{"@type":"WebSite","@id":"https:\/\/elukelele.com\/fr\/#website","url":"https:\/\/elukelele.com\/fr\/","name":"El Ukelele","description":"Musique au-del\u00e0 de l&#039;indie","potentialAction":[{"@type":"SearchAction","target":{"@type":"EntryPoint","urlTemplate":"https:\/\/elukelele.com\/fr\/?s={search_term_string}"},"query-input":{"@type":"PropertyValueSpecification","valueRequired":true,"valueName":"search_term_string"}}],"inLanguage":"fr-FR"},{"@type":"Person","@id":"https:\/\/elukelele.com\/fr\/#\/schema\/person\/ccfb3d2be2ec7fa389608eb6da0b38d6","name":"Daniel Perrin","image":{"@type":"ImageObject","inLanguage":"fr-FR","@id":"https:\/\/elukelele.com\/fr\/#\/schema\/person\/image\/","url":"https:\/\/secure.gravatar.com\/avatar\/37f9d9ffa29ce5640a0d9c6ca8bbd90afb854014296ecaa0e3a558ac716e6fe4?s=96&d=mm&r=g","contentUrl":"https:\/\/secure.gravatar.com\/avatar\/37f9d9ffa29ce5640a0d9c6ca8bbd90afb854014296ecaa0e3a558ac716e6fe4?s=96&d=mm&r=g","caption":"Daniel Perrin"},"sameAs":["https:\/\/elukelele.com\/fr"],"url":"https:\/\/elukelele.com\/fr\/author\/daniel-perrin\/"}]}},"_links":{"self":[{"href":"https:\/\/elukelele.com\/fr\/wp-json\/wp\/v2\/posts\/46514","targetHints":{"allow":["GET"]}}],"collection":[{"href":"https:\/\/elukelele.com\/fr\/wp-json\/wp\/v2\/posts"}],"about":[{"href":"https:\/\/elukelele.com\/fr\/wp-json\/wp\/v2\/types\/post"}],"author":[{"embeddable":true,"href":"https:\/\/elukelele.com\/fr\/wp-json\/wp\/v2\/users\/4"}],"replies":[{"embeddable":true,"href":"https:\/\/elukelele.com\/fr\/wp-json\/wp\/v2\/comments?post=46514"}],"version-history":[{"count":1,"href":"https:\/\/elukelele.com\/fr\/wp-json\/wp\/v2\/posts\/46514\/revisions"}],"predecessor-version":[{"id":46797,"href":"https:\/\/elukelele.com\/fr\/wp-json\/wp\/v2\/posts\/46514\/revisions\/46797"}],"wp:featuredmedia":[{"embeddable":true,"href":"https:\/\/elukelele.com\/fr\/wp-json\/wp\/v2\/media\/46513"}],"wp:attachment":[{"href":"https:\/\/elukelele.com\/fr\/wp-json\/wp\/v2\/media?parent=46514"}],"wp:term":[{"taxonomy":"category","embeddable":true,"href":"https:\/\/elukelele.com\/fr\/wp-json\/wp\/v2\/categories?post=46514"},{"taxonomy":"post_tag","embeddable":true,"href":"https:\/\/elukelele.com\/fr\/wp-json\/wp\/v2\/tags?post=46514"}],"curies":[{"name":"wp","href":"https:\/\/api.w.org\/{rel}","templated":true}]}}