{"id":46510,"date":"2025-11-28T12:37:18","date_gmt":"2025-11-28T12:37:18","guid":{"rendered":"https:\/\/elukelele.com\/fr\/?p=46510"},"modified":"2025-11-28T12:37:18","modified_gmt":"2025-11-28T12:37:18","slug":"letizia-despagne-la-tiare-oubliee-revient-face-au-president-allemand","status":"publish","type":"post","link":"https:\/\/elukelele.com\/fr\/divertissement\/letizia-despagne-la-tiare-oubliee-revient-face-au-president-allemand\/","title":{"rendered":"Letizia d&rsquo;Espagne : la tiare oubli\u00e9e revient face au pr\u00e9sident allemand"},"content":{"rendered":"<p>Lors d&rsquo;un \u00e9v\u00e9nement diplomatique de grande envergure, la reine Letizia d&rsquo;Espagne a captiv\u00e9 l&rsquo;attention en arborant une tiare somptueuse, dont l&rsquo;apparition marque un retour notable apr\u00e8s sept ans d&rsquo;absence. Cette r\u00e9apparition s&rsquo;est produite \u00e0 l&rsquo;occasion d&rsquo;un d\u00eener de gala donn\u00e9 en l&rsquo;honneur du pr\u00e9sident allemand et de son \u00e9pouse, soulignant une fois de plus l&rsquo;\u00e9l\u00e9gance et le sens du d\u00e9tail de la souveraine espagnole.<\/p>\n<h2>Le fastueux retour d&rsquo;une tiare embl\u00e9matique<\/h2>\n<p>L&rsquo;\u00e9v\u00e9nement qui a vu la reine Letizia d&rsquo;Espagne ressortir une magnifique tiare oubli\u00e9e s&rsquo;est d\u00e9roul\u00e9 dans le cadre d&rsquo;une visite d&rsquo;\u00c9tat du pr\u00e9sident allemand. Le choix de ce bijou n&rsquo;est jamais anodin dans la royaut\u00e9, et sa s\u00e9lection pour cette occasion particuli\u00e8re a suscit\u00e9 de nombreux commentaires. En effet, la derni\u00e8re fois que la reine avait \u00e9t\u00e9 vue avec cette tiare sp\u00e9cifique remontait \u00e0 sept ans, ce qui en fait un moment d&rsquo;autant plus marquant pour les observateurs royaux et les aficionados de joaillerie.<\/p>\n<h3>Un choix symbolique face au pr\u00e9sident allemand<\/h3>\n<p>La r\u00e9ception du pr\u00e9sident allemand et de son \u00e9pouse est un moment cl\u00e9 dans le calendrier diplomatique, et chaque d\u00e9tail est minutieusement orchestr\u00e9 pour refl\u00e9ter le prestige et le respect mutuel entre les nations. Le fait que Letizia ait choisi de porter une tiare qui n&rsquo;avait pas \u00e9t\u00e9 vue en public depuis plusieurs ann\u00e9es ajoute une couche de signification. Cela peut \u00eatre interpr\u00e9t\u00e9 comme un geste pour marquer l&rsquo;importance de la visite ou simplement comme une volont\u00e9 de varier ses apparitions avec des pi\u00e8ces du tr\u00e9sor royal moins fr\u00e9quemment expos\u00e9es.<\/p>\n<h2>La tiare de la Fleur de Lys : un joyau charg\u00e9 d&rsquo;histoire<\/h2>\n<p>La tiare en question est la tiare de la Fleur de Lys, l&rsquo;une des pi\u00e8ces les plus prestigieuses et historiquement significatives du tr\u00e9sor de la Couronne espagnole. Cr\u00e9\u00e9e par la maison Ansorena en 1906, elle fut un cadeau du roi Alphonse XIII \u00e0 sa fianc\u00e9e, Victoria Eug\u00e9nie de Battenberg, \u00e0 l&rsquo;occasion de leur mariage.<\/p>\n<h3>Composition et design de la Fleur de Lys<\/h3>\n<ul>\n<li><strong>Mat\u00e9riaux pr\u00e9cieux :<\/strong> La tiare est enti\u00e8rement r\u00e9alis\u00e9e en platine et orn\u00e9e de nombreux diamants, dont un grand diamant central taill\u00e9 en forme de fleur de lys, symbole h\u00e9raldique de la monarchie espagnole.<\/li>\n<li><strong>Design majestueux :<\/strong> Son dessin incorpore des motifs de fleurs de lys stylis\u00e9es, entrelac\u00e9es avec des volutes et des feuilles, conf\u00e9rant \u00e0 l&rsquo;ensemble une allure royale et imposante.<\/li>\n<li><strong>Un bijou de famille :<\/strong> La tiare est consid\u00e9r\u00e9e comme une pi\u00e8ce ma\u00eetresse de la joaillerie royale espagnole et a \u00e9t\u00e9 port\u00e9e par plusieurs reines et princesses au fil des g\u00e9n\u00e9rations, marquant son statut de v\u00e9ritable h\u00e9ritage familial.<\/li>\n<\/ul>\n<h2>L&rsquo;importance des joyaux royaux dans la diplomatie<\/h2>\n<p>Au-del\u00e0 de leur valeur esth\u00e9tique et historique, les joyaux royaux, et les tiares en particulier, jouent un r\u00f4le discret mais significatif dans la repr\u00e9sentation diplomatique. Elles sont des symboles de tradition, de continuit\u00e9 et de prestige. Chaque apparition d&rsquo;une tiare est l&rsquo;occasion de rappeler l&rsquo;histoire et l&rsquo;identit\u00e9 de la monarchie. Pour la reine Letizia, r\u00e9utiliser cette tiare \u00ab\u00a0oubli\u00e9e\u00a0\u00bb est une mani\u00e8re \u00e9l\u00e9gante de r\u00e9affirmer la richesse du patrimoine espagnol et d&rsquo;ajouter une touche de grandeur aux \u00e9v\u00e9nements d&rsquo;\u00c9tat.<\/p>\n<h2>Questions Fr\u00e9quemment Pos\u00e9es<\/h2>\n<h3>Quel est le nom de la tiare port\u00e9e par la reine Letizia ?<\/h3>\n<p>La tiare que la reine Letizia a ressortie pour l&rsquo;occasion est la tiare de la Fleur de Lys.<\/p>\n<h3>Quand cette tiare a-t-elle \u00e9t\u00e9 port\u00e9e pour la derni\u00e8re fois avant cet \u00e9v\u00e9nement ?<\/h3>\n<p>La tiare de la Fleur de Lys n&rsquo;avait pas \u00e9t\u00e9 vue en public sur la reine Letizia depuis sept ans.<\/p>\n<h3>Pourquoi la reine Letizia a-t-elle choisi cette tiare sp\u00e9cifique ?<\/h3>\n<p>Le choix d&rsquo;une tiare pour un \u00e9v\u00e9nement d&rsquo;\u00c9tat est souvent dict\u00e9 par l&rsquo;importance de l&rsquo;occasion, la symbolique du bijou et le d\u00e9sir de la souveraine de mettre en valeur une pi\u00e8ce sp\u00e9cifique de la collection royale. La r\u00e9apparition de cette tiare pourrait marquer la solennit\u00e9 de la visite du pr\u00e9sident allemand.<\/p>\n<h2>Conclusion<\/h2>\n<p>L&rsquo;apparition de la reine Letizia d&rsquo;Espagne arborant la tiare de la Fleur de Lys, sept ans apr\u00e8s sa derni\u00e8re apparition publique, face au pr\u00e9sident allemand, fut un moment fort de la diplomatie royale. Ce geste souligne non seulement l&rsquo;\u00e9l\u00e9gance intemporelle de la souveraine mais aussi la richesse symbolique et historique des joyaux de la Couronne espagnole. Chaque r\u00e9apparition de ces pi\u00e8ces ma\u00eetresses est un rappel de l&rsquo;h\u00e9ritage monarchique et de la capacit\u00e9 de ces objets \u00e0 traverser le temps, tout en s&rsquo;inscrivant dans les \u00e9v\u00e9nements contemporains les plus significatifs.<\/p>\n","protected":false},"excerpt":{"rendered":"<p>Lors d&rsquo;un \u00e9v\u00e9nement diplomatique de grande envergure, la reine Letizia d&rsquo;Espagne a captiv\u00e9 l&rsquo;attention en arborant une tiare somptueuse, dont l&rsquo;apparition marque un retour notable apr\u00e8s sept ans d&rsquo;absence. Cette r\u00e9apparition s&rsquo;est produite \u00e0 l&rsquo;occasion d&rsquo;un d\u00eener de gala donn\u00e9 en l&rsquo;honneur du pr\u00e9sident allemand et de son \u00e9pouse, soulignant une fois de plus l&rsquo;\u00e9l\u00e9gance [&hellip;]<\/p>\n","protected":false},"author":4,"featured_media":46509,"comment_status":"open","ping_status":"open","sticky":false,"template":"","format":"standard","meta":{"_yoast_wpseo_title":"Letizia's Tiara: Stunning Return After 7 Years","_yoast_wpseo_metadesc":"Sept ans apr\u00e8s, la reine Letizia d'Espagne \u00e9blouit \u00e0 nouveau ! D\u00e9couvrez le retour spectaculaire d'une tiare oubli\u00e9e lors d'une visite d'\u00c9tat.","_yoast_wpseo_focuskw":"Letizia"},"categories":[5],"tags":[],"class_list":["post-46510","post","type-post","status-publish","format-standard","has-post-thumbnail","hentry","category-divertissement"],"yoast_head":"<!-- This site is optimized with the Yoast SEO plugin v26.3 - https:\/\/yoast.com\/wordpress\/plugins\/seo\/ -->\n<title>Letizia&#039;s Tiara: Stunning Return After 7 Years<\/title>\n<meta name=\"description\" content=\"Sept ans apr\u00e8s, la reine Letizia d&#039;Espagne \u00e9blouit \u00e0 nouveau ! D\u00e9couvrez le retour spectaculaire d&#039;une tiare oubli\u00e9e lors d&#039;une visite d&#039;\u00c9tat.\" \/>\n<meta name=\"robots\" content=\"index, follow, max-snippet:-1, max-image-preview:large, max-video-preview:-1\" \/>\n<link rel=\"canonical\" href=\"https:\/\/elukelele.com\/fr\/divertissement\/letizia-despagne-la-tiare-oubliee-revient-face-au-president-allemand\/\" \/>\n<meta property=\"og:locale\" content=\"fr_FR\" \/>\n<meta property=\"og:type\" content=\"article\" \/>\n<meta property=\"og:title\" content=\"Letizia&#039;s Tiara: Stunning Return After 7 Years\" \/>\n<meta property=\"og:description\" content=\"Sept ans apr\u00e8s, la reine Letizia d&#039;Espagne \u00e9blouit \u00e0 nouveau ! D\u00e9couvrez le retour spectaculaire d&#039;une tiare oubli\u00e9e lors d&#039;une visite d&#039;\u00c9tat.\" \/>\n<meta property=\"og:url\" content=\"https:\/\/elukelele.com\/fr\/divertissement\/letizia-despagne-la-tiare-oubliee-revient-face-au-president-allemand\/\" \/>\n<meta property=\"og:site_name\" content=\"El Ukelele\" \/>\n<meta property=\"article:published_time\" content=\"2025-11-28T12:37:18+00:00\" \/>\n<meta property=\"og:image\" content=\"https:\/\/elukelele.com\/fr\/wp-content\/uploads\/2025\/11\/framed_only-892.png\" \/>\n\t<meta property=\"og:image:width\" content=\"1200\" \/>\n\t<meta property=\"og:image:height\" content=\"628\" \/>\n\t<meta property=\"og:image:type\" content=\"image\/png\" \/>\n<meta name=\"author\" content=\"Daniel Perrin\" \/>\n<meta name=\"twitter:card\" content=\"summary_large_image\" \/>\n<meta name=\"twitter:label1\" content=\"\u00c9crit par\" \/>\n\t<meta name=\"twitter:data1\" content=\"Daniel Perrin\" \/>\n\t<meta name=\"twitter:label2\" content=\"Dur\u00e9e de lecture estim\u00e9e\" \/>\n\t<meta name=\"twitter:data2\" content=\"4 minutes\" \/>\n<script type=\"application\/ld+json\" class=\"yoast-schema-graph\">{\"@context\":\"https:\/\/schema.org\",\"@graph\":[{\"@type\":\"WebPage\",\"@id\":\"https:\/\/elukelele.com\/fr\/divertissement\/letizia-despagne-la-tiare-oubliee-revient-face-au-president-allemand\/\",\"url\":\"https:\/\/elukelele.com\/fr\/divertissement\/letizia-despagne-la-tiare-oubliee-revient-face-au-president-allemand\/\",\"name\":\"Letizia's Tiara: Stunning Return After 7 Years\",\"isPartOf\":{\"@id\":\"https:\/\/elukelele.com\/fr\/#website\"},\"primaryImageOfPage\":{\"@id\":\"https:\/\/elukelele.com\/fr\/divertissement\/letizia-despagne-la-tiare-oubliee-revient-face-au-president-allemand\/#primaryimage\"},\"image\":{\"@id\":\"https:\/\/elukelele.com\/fr\/divertissement\/letizia-despagne-la-tiare-oubliee-revient-face-au-president-allemand\/#primaryimage\"},\"thumbnailUrl\":\"https:\/\/elukelele.com\/fr\/wp-content\/uploads\/2025\/11\/framed_only-892.png\",\"datePublished\":\"2025-11-28T12:37:18+00:00\",\"author\":{\"@id\":\"https:\/\/elukelele.com\/fr\/#\/schema\/person\/ccfb3d2be2ec7fa389608eb6da0b38d6\"},\"description\":\"Sept ans apr\u00e8s, la reine Letizia d'Espagne \u00e9blouit \u00e0 nouveau ! D\u00e9couvrez le retour spectaculaire d'une tiare oubli\u00e9e lors d'une visite d'\u00c9tat.\",\"breadcrumb\":{\"@id\":\"https:\/\/elukelele.com\/fr\/divertissement\/letizia-despagne-la-tiare-oubliee-revient-face-au-president-allemand\/#breadcrumb\"},\"inLanguage\":\"fr-FR\",\"potentialAction\":[{\"@type\":\"ReadAction\",\"target\":[\"https:\/\/elukelele.com\/fr\/divertissement\/letizia-despagne-la-tiare-oubliee-revient-face-au-president-allemand\/\"]}]},{\"@type\":\"ImageObject\",\"inLanguage\":\"fr-FR\",\"@id\":\"https:\/\/elukelele.com\/fr\/divertissement\/letizia-despagne-la-tiare-oubliee-revient-face-au-president-allemand\/#primaryimage\",\"url\":\"https:\/\/elukelele.com\/fr\/wp-content\/uploads\/2025\/11\/framed_only-892.png\",\"contentUrl\":\"https:\/\/elukelele.com\/fr\/wp-content\/uploads\/2025\/11\/framed_only-892.png\",\"width\":1200,\"height\":628,\"caption\":\"Letizia\"},{\"@type\":\"BreadcrumbList\",\"@id\":\"https:\/\/elukelele.com\/fr\/divertissement\/letizia-despagne-la-tiare-oubliee-revient-face-au-president-allemand\/#breadcrumb\",\"itemListElement\":[{\"@type\":\"ListItem\",\"position\":1,\"name\":\"Home\",\"item\":\"https:\/\/elukelele.com\/fr\/\"},{\"@type\":\"ListItem\",\"position\":2,\"name\":\"Letizia d&rsquo;Espagne : la tiare oubli\u00e9e revient face au pr\u00e9sident allemand\"}]},{\"@type\":\"WebSite\",\"@id\":\"https:\/\/elukelele.com\/fr\/#website\",\"url\":\"https:\/\/elukelele.com\/fr\/\",\"name\":\"El Ukelele\",\"description\":\"Musique au-del\u00e0 de l&#039;indie\",\"potentialAction\":[{\"@type\":\"SearchAction\",\"target\":{\"@type\":\"EntryPoint\",\"urlTemplate\":\"https:\/\/elukelele.com\/fr\/?s={search_term_string}\"},\"query-input\":{\"@type\":\"PropertyValueSpecification\",\"valueRequired\":true,\"valueName\":\"search_term_string\"}}],\"inLanguage\":\"fr-FR\"},{\"@type\":\"Person\",\"@id\":\"https:\/\/elukelele.com\/fr\/#\/schema\/person\/ccfb3d2be2ec7fa389608eb6da0b38d6\",\"name\":\"Daniel Perrin\",\"image\":{\"@type\":\"ImageObject\",\"inLanguage\":\"fr-FR\",\"@id\":\"https:\/\/elukelele.com\/fr\/#\/schema\/person\/image\/\",\"url\":\"https:\/\/secure.gravatar.com\/avatar\/37f9d9ffa29ce5640a0d9c6ca8bbd90afb854014296ecaa0e3a558ac716e6fe4?s=96&d=mm&r=g\",\"contentUrl\":\"https:\/\/secure.gravatar.com\/avatar\/37f9d9ffa29ce5640a0d9c6ca8bbd90afb854014296ecaa0e3a558ac716e6fe4?s=96&d=mm&r=g\",\"caption\":\"Daniel Perrin\"},\"sameAs\":[\"https:\/\/elukelele.com\/fr\"],\"url\":\"https:\/\/elukelele.com\/fr\/author\/daniel-perrin\/\"}]}<\/script>\n<!-- \/ Yoast SEO plugin. -->","yoast_head_json":{"title":"Letizia's Tiara: Stunning Return After 7 Years","description":"Sept ans apr\u00e8s, la reine Letizia d'Espagne \u00e9blouit \u00e0 nouveau ! D\u00e9couvrez le retour spectaculaire d'une tiare oubli\u00e9e lors d'une visite d'\u00c9tat.","robots":{"index":"index","follow":"follow","max-snippet":"max-snippet:-1","max-image-preview":"max-image-preview:large","max-video-preview":"max-video-preview:-1"},"canonical":"https:\/\/elukelele.com\/fr\/divertissement\/letizia-despagne-la-tiare-oubliee-revient-face-au-president-allemand\/","og_locale":"fr_FR","og_type":"article","og_title":"Letizia's Tiara: Stunning Return After 7 Years","og_description":"Sept ans apr\u00e8s, la reine Letizia d'Espagne \u00e9blouit \u00e0 nouveau ! D\u00e9couvrez le retour spectaculaire d'une tiare oubli\u00e9e lors d'une visite d'\u00c9tat.","og_url":"https:\/\/elukelele.com\/fr\/divertissement\/letizia-despagne-la-tiare-oubliee-revient-face-au-president-allemand\/","og_site_name":"El Ukelele","article_published_time":"2025-11-28T12:37:18+00:00","og_image":[{"width":1200,"height":628,"url":"https:\/\/elukelele.com\/fr\/wp-content\/uploads\/2025\/11\/framed_only-892.png","type":"image\/png"}],"author":"Daniel Perrin","twitter_card":"summary_large_image","twitter_misc":{"\u00c9crit par":"Daniel Perrin","Dur\u00e9e de lecture estim\u00e9e":"4 minutes"},"schema":{"@context":"https:\/\/schema.org","@graph":[{"@type":"WebPage","@id":"https:\/\/elukelele.com\/fr\/divertissement\/letizia-despagne-la-tiare-oubliee-revient-face-au-president-allemand\/","url":"https:\/\/elukelele.com\/fr\/divertissement\/letizia-despagne-la-tiare-oubliee-revient-face-au-president-allemand\/","name":"Letizia's Tiara: Stunning Return After 7 Years","isPartOf":{"@id":"https:\/\/elukelele.com\/fr\/#website"},"primaryImageOfPage":{"@id":"https:\/\/elukelele.com\/fr\/divertissement\/letizia-despagne-la-tiare-oubliee-revient-face-au-president-allemand\/#primaryimage"},"image":{"@id":"https:\/\/elukelele.com\/fr\/divertissement\/letizia-despagne-la-tiare-oubliee-revient-face-au-president-allemand\/#primaryimage"},"thumbnailUrl":"https:\/\/elukelele.com\/fr\/wp-content\/uploads\/2025\/11\/framed_only-892.png","datePublished":"2025-11-28T12:37:18+00:00","author":{"@id":"https:\/\/elukelele.com\/fr\/#\/schema\/person\/ccfb3d2be2ec7fa389608eb6da0b38d6"},"description":"Sept ans apr\u00e8s, la reine Letizia d'Espagne \u00e9blouit \u00e0 nouveau ! D\u00e9couvrez le retour spectaculaire d'une tiare oubli\u00e9e lors d'une visite d'\u00c9tat.","breadcrumb":{"@id":"https:\/\/elukelele.com\/fr\/divertissement\/letizia-despagne-la-tiare-oubliee-revient-face-au-president-allemand\/#breadcrumb"},"inLanguage":"fr-FR","potentialAction":[{"@type":"ReadAction","target":["https:\/\/elukelele.com\/fr\/divertissement\/letizia-despagne-la-tiare-oubliee-revient-face-au-president-allemand\/"]}]},{"@type":"ImageObject","inLanguage":"fr-FR","@id":"https:\/\/elukelele.com\/fr\/divertissement\/letizia-despagne-la-tiare-oubliee-revient-face-au-president-allemand\/#primaryimage","url":"https:\/\/elukelele.com\/fr\/wp-content\/uploads\/2025\/11\/framed_only-892.png","contentUrl":"https:\/\/elukelele.com\/fr\/wp-content\/uploads\/2025\/11\/framed_only-892.png","width":1200,"height":628,"caption":"Letizia"},{"@type":"BreadcrumbList","@id":"https:\/\/elukelele.com\/fr\/divertissement\/letizia-despagne-la-tiare-oubliee-revient-face-au-president-allemand\/#breadcrumb","itemListElement":[{"@type":"ListItem","position":1,"name":"Home","item":"https:\/\/elukelele.com\/fr\/"},{"@type":"ListItem","position":2,"name":"Letizia d&rsquo;Espagne : la tiare oubli\u00e9e revient face au pr\u00e9sident allemand"}]},{"@type":"WebSite","@id":"https:\/\/elukelele.com\/fr\/#website","url":"https:\/\/elukelele.com\/fr\/","name":"El Ukelele","description":"Musique au-del\u00e0 de l&#039;indie","potentialAction":[{"@type":"SearchAction","target":{"@type":"EntryPoint","urlTemplate":"https:\/\/elukelele.com\/fr\/?s={search_term_string}"},"query-input":{"@type":"PropertyValueSpecification","valueRequired":true,"valueName":"search_term_string"}}],"inLanguage":"fr-FR"},{"@type":"Person","@id":"https:\/\/elukelele.com\/fr\/#\/schema\/person\/ccfb3d2be2ec7fa389608eb6da0b38d6","name":"Daniel Perrin","image":{"@type":"ImageObject","inLanguage":"fr-FR","@id":"https:\/\/elukelele.com\/fr\/#\/schema\/person\/image\/","url":"https:\/\/secure.gravatar.com\/avatar\/37f9d9ffa29ce5640a0d9c6ca8bbd90afb854014296ecaa0e3a558ac716e6fe4?s=96&d=mm&r=g","contentUrl":"https:\/\/secure.gravatar.com\/avatar\/37f9d9ffa29ce5640a0d9c6ca8bbd90afb854014296ecaa0e3a558ac716e6fe4?s=96&d=mm&r=g","caption":"Daniel Perrin"},"sameAs":["https:\/\/elukelele.com\/fr"],"url":"https:\/\/elukelele.com\/fr\/author\/daniel-perrin\/"}]}},"_links":{"self":[{"href":"https:\/\/elukelele.com\/fr\/wp-json\/wp\/v2\/posts\/46510","targetHints":{"allow":["GET"]}}],"collection":[{"href":"https:\/\/elukelele.com\/fr\/wp-json\/wp\/v2\/posts"}],"about":[{"href":"https:\/\/elukelele.com\/fr\/wp-json\/wp\/v2\/types\/post"}],"author":[{"embeddable":true,"href":"https:\/\/elukelele.com\/fr\/wp-json\/wp\/v2\/users\/4"}],"replies":[{"embeddable":true,"href":"https:\/\/elukelele.com\/fr\/wp-json\/wp\/v2\/comments?post=46510"}],"version-history":[{"count":1,"href":"https:\/\/elukelele.com\/fr\/wp-json\/wp\/v2\/posts\/46510\/revisions"}],"predecessor-version":[{"id":46792,"href":"https:\/\/elukelele.com\/fr\/wp-json\/wp\/v2\/posts\/46510\/revisions\/46792"}],"wp:featuredmedia":[{"embeddable":true,"href":"https:\/\/elukelele.com\/fr\/wp-json\/wp\/v2\/media\/46509"}],"wp:attachment":[{"href":"https:\/\/elukelele.com\/fr\/wp-json\/wp\/v2\/media?parent=46510"}],"wp:term":[{"taxonomy":"category","embeddable":true,"href":"https:\/\/elukelele.com\/fr\/wp-json\/wp\/v2\/categories?post=46510"},{"taxonomy":"post_tag","embeddable":true,"href":"https:\/\/elukelele.com\/fr\/wp-json\/wp\/v2\/tags?post=46510"}],"curies":[{"name":"wp","href":"https:\/\/api.w.org\/{rel}","templated":true}]}}