{"id":46492,"date":"2025-11-28T05:36:58","date_gmt":"2025-11-28T05:36:58","guid":{"rendered":"https:\/\/elukelele.com\/fr\/?p=46492"},"modified":"2025-11-28T05:36:59","modified_gmt":"2025-11-28T05:36:59","slug":"matt-pokora-son-role-eprouvant-dans-le-telefilm-sur-oradour","status":"publish","type":"post","link":"https:\/\/elukelele.com\/fr\/divertissement\/matt-pokora-son-role-eprouvant-dans-le-telefilm-sur-oradour\/","title":{"rendered":"Matt Pokora : Son r\u00f4le \u00e9prouvant dans le t\u00e9l\u00e9film sur Oradour"},"content":{"rendered":"<p>Le devoir de m\u00e9moire continue d&rsquo;inspirer les projets artistiques contemporains, et le chanteur Matt Pokora s&rsquo;inscrit d\u00e9sormais pleinement dans cette d\u00e9marche. L&rsquo;artiste, connu pour ses performances sc\u00e9niques dynamiques, a r\u00e9cemment pris part au tournage d&rsquo;un t\u00e9l\u00e9film poignant consacr\u00e9 au massacre d&rsquo;Oradour-sur-Glane. Cette immersion dans l&rsquo;une des pages les plus sombres de l&rsquo;histoire fran\u00e7aise a \u00e9t\u00e9, selon ses propres mots, une exp\u00e9rience profond\u00e9ment \u00e9prouvante, r\u00e9v\u00e9lant une facette inattendue de sa carri\u00e8re. \u00ab\u00a0C&rsquo;est un massacre\u2026\u00a0\u00bb, a-t-il confi\u00e9, soulignant l&rsquo;intensit\u00e9 \u00e9motionnelle de cette production qui vise \u00e0 honorer la m\u00e9moire des victimes.<\/p>\n<h2>De la Sc\u00e8ne \u00e0 l&rsquo;Engagement M\u00e9moriel<\/h2>\n<p>Matt Pokora, habitu\u00e9 aux lumi\u00e8res de la sc\u00e8ne et aux plateaux de t\u00e9l\u00e9vision, notamment en tant que jur\u00e9 de \u00ab\u00a0The Voice Kids\u00a0\u00bb, a op\u00e9r\u00e9 un virage notable vers des projets \u00e0 forte dimension m\u00e9morielle. Ce changement de cap a \u00e9t\u00e9 marqu\u00e9 par une rencontre significative : celle avec Robert H\u00e9bras, l&rsquo;un des derniers rescap\u00e9s du massacre d&rsquo;Oradour-sur-Glane. La visite des ruines fig\u00e9es dans le temps du village martyr, en compagnie de Robert H\u00e9bras, a profond\u00e9ment touch\u00e9 l&rsquo;artiste. Il a alors pris l&rsquo;engagement d&rsquo;honorer la m\u00e9moire des 643 victimes tomb\u00e9es sous les balles nazies en juin 1944. Cette promesse est devenue le socle d&rsquo;un projet t\u00e9l\u00e9visuel ambitieux et n\u00e9cessaire, qui met en lumi\u00e8re sa volont\u00e9 de transmission de l&rsquo;histoire aux jeunes g\u00e9n\u00e9rations.<\/p>\n<h2>L&rsquo;Immersion \u00c9motionnelle dans l&rsquo;Horreur d&rsquo;Oradour<\/h2>\n<p>Le t\u00e9l\u00e9film, dont la diffusion prochaine sur TF1 a \u00e9t\u00e9 annonc\u00e9e, voit Matt Pokora incarner un officier des Forces Fran\u00e7aises Libres en mission secr\u00e8te, parachut\u00e9 pour rejoindre la R\u00e9sistance. Son personnage retrouve un amour de jeunesse dans le cadre tragique d&rsquo;Oradour-sur-Glane. Le tournage, cependant, a \u00e9t\u00e9 bien plus qu&rsquo;une simple performance artistique pour le chanteur. \u00ab\u00a0\u00c9motionnellement, \u00e7a a \u00e9t\u00e9 tr\u00e8s dur. Tr\u00e8s fort\u00a0\u00bb, a-t-il confi\u00e9 au Parisien, d\u00e9crivant la difficult\u00e9 de filmer des sc\u00e8nes o\u00f9 des femmes et des enfants sont massacr\u00e9s. Il a rappel\u00e9 avec gravit\u00e9 que \u00ab\u00a0C&rsquo;est un massacre, le plus gros massacre de civils en France\u00a0\u00bb. Cette exp\u00e9rience fait \u00e9cho \u00e0 son r\u00f4le pr\u00e9c\u00e9dent dans le t\u00e9l\u00e9film \u00ab\u00a0Le premier oubli\u00e9\u00a0\u00bb, o\u00f9 il abordait d\u00e9j\u00e0 un sujet sensible, d\u00e9montrant son engagement pour des \u0153uvres porteuses de sens.<\/p>\n<h2>Contexte Historique et Enjeux de Fid\u00e9lit\u00e9<\/h2>\n<p>Le massacre d&rsquo;Oradour-sur-Glane, survenu le 10 juin 1944, est un \u00e9v\u00e9nement tragique de la Seconde Guerre mondiale o\u00f9 la quasi-totalit\u00e9 des habitants du village a \u00e9t\u00e9 extermin\u00e9e par la division SS \u00ab\u00a0Das Reich\u00a0\u00bb. Le village a \u00e9t\u00e9 incendi\u00e9 et n&rsquo;a jamais \u00e9t\u00e9 reconstruit, restant un m\u00e9morial poignant. La r\u00e9alisation d&rsquo;un t\u00e9l\u00e9film sur un tel sujet implique une grande responsabilit\u00e9 quant \u00e0 la fid\u00e9lit\u00e9 historique. Des interrogations ont d&rsquo;ailleurs \u00e9merg\u00e9 concernant la v\u00e9racit\u00e9 du r\u00e9cit, notamment l&rsquo;absence historique d&rsquo;un mouvement de R\u00e9sistance actif au sein m\u00eame du village. Le Centre de la m\u00e9moire et l&rsquo;association des familles de martyrs ont exprim\u00e9 leurs inqui\u00e9tudes quant \u00e0 la repr\u00e9sentation des faits.<\/p>\n<h2>Apaiser les Controverses et Promouvoir la V\u00e9rit\u00e9<\/h2>\n<p>Face aux premi\u00e8res pol\u00e9miques et aux inqui\u00e9tudes l\u00e9gitimes des habitants et des associations m\u00e9morielles, Matt Pokora a tenu \u00e0 rassurer le public et les parties prenantes. \u00ab\u00a0La pol\u00e9mique est compl\u00e8tement oubli\u00e9e. Tout va bien\u00a0\u00bb, a-t-il affirm\u00e9. Des rencontres ont eu lieu avec les habitants apr\u00e8s le tournage afin d&rsquo;\u00e9changer et de dissiper les malentendus. L&rsquo;artiste a expliqu\u00e9 que la production avait d\u00fb acc\u00e9l\u00e9rer le calendrier en raison de contraintes financi\u00e8res et logistiques, ne permettant pas une consultation pr\u00e9alable. Malgr\u00e9 ces d\u00e9fis, l&rsquo;\u00e9quipe a \u0153uvr\u00e9 pour garantir la justesse et le respect de la m\u00e9moire du lieu. Matt Pokora, tout en poursuivant ses projets musicaux, continue de mettre sa notori\u00e9t\u00e9 au service de causes importantes, prouvant que son engagement va bien au-del\u00e0 de la sc\u00e8ne.<\/p>\n<h2>Conclusion<\/h2>\n<p>Le t\u00e9l\u00e9film sur Oradour-sur-Glane avec Matt Pokora s&rsquo;annonce comme une \u0153uvre bouleversante et essentielle pour le devoir de m\u00e9moire. L&rsquo;engagement personnel de l&rsquo;artiste, face \u00e0 la duret\u00e9 du tournage et \u00e0 l&rsquo;importance historique du sujet, souligne la volont\u00e9 de nombreux cr\u00e9ateurs de transmettre les r\u00e9cits du pass\u00e9 aux nouvelles g\u00e9n\u00e9rations. Au-del\u00e0 des performances artistiques, c&rsquo;est une v\u00e9ritable immersion \u00e9motionnelle que Matt Pokora a v\u00e9cue, transformant cette exp\u00e9rience en un t\u00e9moignage puissant. Les spectateurs attendent d\u00e9sormais avec impatience de d\u00e9couvrir ce film qui promet d&rsquo;\u00eatre un hommage poignant et une contribution significative \u00e0 la pr\u00e9servation de la m\u00e9moire collective.<\/p>\n","protected":false},"excerpt":{"rendered":"<p>Le devoir de m\u00e9moire continue d&rsquo;inspirer les projets artistiques contemporains, et le chanteur Matt Pokora s&rsquo;inscrit d\u00e9sormais pleinement dans cette d\u00e9marche. L&rsquo;artiste, connu pour ses performances sc\u00e9niques dynamiques, a r\u00e9cemment pris part au tournage d&rsquo;un t\u00e9l\u00e9film poignant consacr\u00e9 au massacre d&rsquo;Oradour-sur-Glane. Cette immersion dans l&rsquo;une des pages les plus sombres de l&rsquo;histoire fran\u00e7aise a \u00e9t\u00e9, [&hellip;]<\/p>\n","protected":false},"author":4,"featured_media":46491,"comment_status":"open","ping_status":"open","sticky":false,"template":"","format":"standard","meta":{"_yoast_wpseo_title":"Matt Pokora dans un t\u00e9l\u00e9film sur le massacre d'Oradour","_yoast_wpseo_metadesc":"Matt Pokora se livre sur le tournage \u00e9prouvant d'un t\u00e9l\u00e9film sur le massacre d'Oradour-sur-Glane. D\u00e9couvrez l'exp\u00e9rience poignante et la nouvelle facette de sa","_yoast_wpseo_focuskw":"Matt"},"categories":[5],"tags":[],"class_list":["post-46492","post","type-post","status-publish","format-standard","has-post-thumbnail","hentry","category-divertissement"],"yoast_head":"<!-- This site is optimized with the Yoast SEO plugin v26.3 - https:\/\/yoast.com\/wordpress\/plugins\/seo\/ -->\n<title>Matt Pokora dans un t\u00e9l\u00e9film sur le massacre d&#039;Oradour<\/title>\n<meta name=\"description\" content=\"Matt Pokora se livre sur le tournage \u00e9prouvant d&#039;un t\u00e9l\u00e9film sur le massacre d&#039;Oradour-sur-Glane. D\u00e9couvrez l&#039;exp\u00e9rience poignante et la nouvelle facette de sa\" \/>\n<meta name=\"robots\" content=\"index, follow, max-snippet:-1, max-image-preview:large, max-video-preview:-1\" \/>\n<link rel=\"canonical\" href=\"https:\/\/elukelele.com\/fr\/divertissement\/matt-pokora-son-role-eprouvant-dans-le-telefilm-sur-oradour\/\" \/>\n<meta property=\"og:locale\" content=\"fr_FR\" \/>\n<meta property=\"og:type\" content=\"article\" \/>\n<meta property=\"og:title\" content=\"Matt Pokora dans un t\u00e9l\u00e9film sur le massacre d&#039;Oradour\" \/>\n<meta property=\"og:description\" content=\"Matt Pokora se livre sur le tournage \u00e9prouvant d&#039;un t\u00e9l\u00e9film sur le massacre d&#039;Oradour-sur-Glane. D\u00e9couvrez l&#039;exp\u00e9rience poignante et la nouvelle facette de sa\" \/>\n<meta property=\"og:url\" content=\"https:\/\/elukelele.com\/fr\/divertissement\/matt-pokora-son-role-eprouvant-dans-le-telefilm-sur-oradour\/\" \/>\n<meta property=\"og:site_name\" content=\"El Ukelele\" \/>\n<meta property=\"article:published_time\" content=\"2025-11-28T05:36:58+00:00\" \/>\n<meta property=\"article:modified_time\" content=\"2025-11-28T05:36:59+00:00\" \/>\n<meta property=\"og:image\" content=\"https:\/\/elukelele.com\/fr\/wp-content\/uploads\/2025\/11\/framed_only-883.png\" \/>\n\t<meta property=\"og:image:width\" content=\"1200\" \/>\n\t<meta property=\"og:image:height\" content=\"628\" \/>\n\t<meta property=\"og:image:type\" content=\"image\/png\" \/>\n<meta name=\"author\" content=\"Daniel Perrin\" \/>\n<meta name=\"twitter:card\" content=\"summary_large_image\" \/>\n<meta name=\"twitter:label1\" content=\"\u00c9crit par\" \/>\n\t<meta name=\"twitter:data1\" content=\"Daniel Perrin\" \/>\n\t<meta name=\"twitter:label2\" content=\"Dur\u00e9e de lecture estim\u00e9e\" \/>\n\t<meta name=\"twitter:data2\" content=\"4 minutes\" \/>\n<script type=\"application\/ld+json\" class=\"yoast-schema-graph\">{\"@context\":\"https:\/\/schema.org\",\"@graph\":[{\"@type\":\"WebPage\",\"@id\":\"https:\/\/elukelele.com\/fr\/divertissement\/matt-pokora-son-role-eprouvant-dans-le-telefilm-sur-oradour\/\",\"url\":\"https:\/\/elukelele.com\/fr\/divertissement\/matt-pokora-son-role-eprouvant-dans-le-telefilm-sur-oradour\/\",\"name\":\"Matt Pokora dans un t\u00e9l\u00e9film sur le massacre d'Oradour\",\"isPartOf\":{\"@id\":\"https:\/\/elukelele.com\/fr\/#website\"},\"primaryImageOfPage\":{\"@id\":\"https:\/\/elukelele.com\/fr\/divertissement\/matt-pokora-son-role-eprouvant-dans-le-telefilm-sur-oradour\/#primaryimage\"},\"image\":{\"@id\":\"https:\/\/elukelele.com\/fr\/divertissement\/matt-pokora-son-role-eprouvant-dans-le-telefilm-sur-oradour\/#primaryimage\"},\"thumbnailUrl\":\"https:\/\/elukelele.com\/fr\/wp-content\/uploads\/2025\/11\/framed_only-883.png\",\"datePublished\":\"2025-11-28T05:36:58+00:00\",\"dateModified\":\"2025-11-28T05:36:59+00:00\",\"author\":{\"@id\":\"https:\/\/elukelele.com\/fr\/#\/schema\/person\/ccfb3d2be2ec7fa389608eb6da0b38d6\"},\"description\":\"Matt Pokora se livre sur le tournage \u00e9prouvant d'un t\u00e9l\u00e9film sur le massacre d'Oradour-sur-Glane. D\u00e9couvrez l'exp\u00e9rience poignante et la nouvelle facette de sa\",\"breadcrumb\":{\"@id\":\"https:\/\/elukelele.com\/fr\/divertissement\/matt-pokora-son-role-eprouvant-dans-le-telefilm-sur-oradour\/#breadcrumb\"},\"inLanguage\":\"fr-FR\",\"potentialAction\":[{\"@type\":\"ReadAction\",\"target\":[\"https:\/\/elukelele.com\/fr\/divertissement\/matt-pokora-son-role-eprouvant-dans-le-telefilm-sur-oradour\/\"]}]},{\"@type\":\"ImageObject\",\"inLanguage\":\"fr-FR\",\"@id\":\"https:\/\/elukelele.com\/fr\/divertissement\/matt-pokora-son-role-eprouvant-dans-le-telefilm-sur-oradour\/#primaryimage\",\"url\":\"https:\/\/elukelele.com\/fr\/wp-content\/uploads\/2025\/11\/framed_only-883.png\",\"contentUrl\":\"https:\/\/elukelele.com\/fr\/wp-content\/uploads\/2025\/11\/framed_only-883.png\",\"width\":1200,\"height\":628,\"caption\":\"Matt\"},{\"@type\":\"BreadcrumbList\",\"@id\":\"https:\/\/elukelele.com\/fr\/divertissement\/matt-pokora-son-role-eprouvant-dans-le-telefilm-sur-oradour\/#breadcrumb\",\"itemListElement\":[{\"@type\":\"ListItem\",\"position\":1,\"name\":\"Home\",\"item\":\"https:\/\/elukelele.com\/fr\/\"},{\"@type\":\"ListItem\",\"position\":2,\"name\":\"Matt Pokora : Son r\u00f4le \u00e9prouvant dans le t\u00e9l\u00e9film sur Oradour\"}]},{\"@type\":\"WebSite\",\"@id\":\"https:\/\/elukelele.com\/fr\/#website\",\"url\":\"https:\/\/elukelele.com\/fr\/\",\"name\":\"El Ukelele\",\"description\":\"Musique au-del\u00e0 de l&#039;indie\",\"potentialAction\":[{\"@type\":\"SearchAction\",\"target\":{\"@type\":\"EntryPoint\",\"urlTemplate\":\"https:\/\/elukelele.com\/fr\/?s={search_term_string}\"},\"query-input\":{\"@type\":\"PropertyValueSpecification\",\"valueRequired\":true,\"valueName\":\"search_term_string\"}}],\"inLanguage\":\"fr-FR\"},{\"@type\":\"Person\",\"@id\":\"https:\/\/elukelele.com\/fr\/#\/schema\/person\/ccfb3d2be2ec7fa389608eb6da0b38d6\",\"name\":\"Daniel Perrin\",\"image\":{\"@type\":\"ImageObject\",\"inLanguage\":\"fr-FR\",\"@id\":\"https:\/\/elukelele.com\/fr\/#\/schema\/person\/image\/\",\"url\":\"https:\/\/secure.gravatar.com\/avatar\/37f9d9ffa29ce5640a0d9c6ca8bbd90afb854014296ecaa0e3a558ac716e6fe4?s=96&d=mm&r=g\",\"contentUrl\":\"https:\/\/secure.gravatar.com\/avatar\/37f9d9ffa29ce5640a0d9c6ca8bbd90afb854014296ecaa0e3a558ac716e6fe4?s=96&d=mm&r=g\",\"caption\":\"Daniel Perrin\"},\"sameAs\":[\"https:\/\/elukelele.com\/fr\"],\"url\":\"https:\/\/elukelele.com\/fr\/author\/daniel-perrin\/\"}]}<\/script>\n<!-- \/ Yoast SEO plugin. -->","yoast_head_json":{"title":"Matt Pokora dans un t\u00e9l\u00e9film sur le massacre d'Oradour","description":"Matt Pokora se livre sur le tournage \u00e9prouvant d'un t\u00e9l\u00e9film sur le massacre d'Oradour-sur-Glane. D\u00e9couvrez l'exp\u00e9rience poignante et la nouvelle facette de sa","robots":{"index":"index","follow":"follow","max-snippet":"max-snippet:-1","max-image-preview":"max-image-preview:large","max-video-preview":"max-video-preview:-1"},"canonical":"https:\/\/elukelele.com\/fr\/divertissement\/matt-pokora-son-role-eprouvant-dans-le-telefilm-sur-oradour\/","og_locale":"fr_FR","og_type":"article","og_title":"Matt Pokora dans un t\u00e9l\u00e9film sur le massacre d'Oradour","og_description":"Matt Pokora se livre sur le tournage \u00e9prouvant d'un t\u00e9l\u00e9film sur le massacre d'Oradour-sur-Glane. D\u00e9couvrez l'exp\u00e9rience poignante et la nouvelle facette de sa","og_url":"https:\/\/elukelele.com\/fr\/divertissement\/matt-pokora-son-role-eprouvant-dans-le-telefilm-sur-oradour\/","og_site_name":"El Ukelele","article_published_time":"2025-11-28T05:36:58+00:00","article_modified_time":"2025-11-28T05:36:59+00:00","og_image":[{"width":1200,"height":628,"url":"https:\/\/elukelele.com\/fr\/wp-content\/uploads\/2025\/11\/framed_only-883.png","type":"image\/png"}],"author":"Daniel Perrin","twitter_card":"summary_large_image","twitter_misc":{"\u00c9crit par":"Daniel Perrin","Dur\u00e9e de lecture estim\u00e9e":"4 minutes"},"schema":{"@context":"https:\/\/schema.org","@graph":[{"@type":"WebPage","@id":"https:\/\/elukelele.com\/fr\/divertissement\/matt-pokora-son-role-eprouvant-dans-le-telefilm-sur-oradour\/","url":"https:\/\/elukelele.com\/fr\/divertissement\/matt-pokora-son-role-eprouvant-dans-le-telefilm-sur-oradour\/","name":"Matt Pokora dans un t\u00e9l\u00e9film sur le massacre d'Oradour","isPartOf":{"@id":"https:\/\/elukelele.com\/fr\/#website"},"primaryImageOfPage":{"@id":"https:\/\/elukelele.com\/fr\/divertissement\/matt-pokora-son-role-eprouvant-dans-le-telefilm-sur-oradour\/#primaryimage"},"image":{"@id":"https:\/\/elukelele.com\/fr\/divertissement\/matt-pokora-son-role-eprouvant-dans-le-telefilm-sur-oradour\/#primaryimage"},"thumbnailUrl":"https:\/\/elukelele.com\/fr\/wp-content\/uploads\/2025\/11\/framed_only-883.png","datePublished":"2025-11-28T05:36:58+00:00","dateModified":"2025-11-28T05:36:59+00:00","author":{"@id":"https:\/\/elukelele.com\/fr\/#\/schema\/person\/ccfb3d2be2ec7fa389608eb6da0b38d6"},"description":"Matt Pokora se livre sur le tournage \u00e9prouvant d'un t\u00e9l\u00e9film sur le massacre d'Oradour-sur-Glane. D\u00e9couvrez l'exp\u00e9rience poignante et la nouvelle facette de sa","breadcrumb":{"@id":"https:\/\/elukelele.com\/fr\/divertissement\/matt-pokora-son-role-eprouvant-dans-le-telefilm-sur-oradour\/#breadcrumb"},"inLanguage":"fr-FR","potentialAction":[{"@type":"ReadAction","target":["https:\/\/elukelele.com\/fr\/divertissement\/matt-pokora-son-role-eprouvant-dans-le-telefilm-sur-oradour\/"]}]},{"@type":"ImageObject","inLanguage":"fr-FR","@id":"https:\/\/elukelele.com\/fr\/divertissement\/matt-pokora-son-role-eprouvant-dans-le-telefilm-sur-oradour\/#primaryimage","url":"https:\/\/elukelele.com\/fr\/wp-content\/uploads\/2025\/11\/framed_only-883.png","contentUrl":"https:\/\/elukelele.com\/fr\/wp-content\/uploads\/2025\/11\/framed_only-883.png","width":1200,"height":628,"caption":"Matt"},{"@type":"BreadcrumbList","@id":"https:\/\/elukelele.com\/fr\/divertissement\/matt-pokora-son-role-eprouvant-dans-le-telefilm-sur-oradour\/#breadcrumb","itemListElement":[{"@type":"ListItem","position":1,"name":"Home","item":"https:\/\/elukelele.com\/fr\/"},{"@type":"ListItem","position":2,"name":"Matt Pokora : Son r\u00f4le \u00e9prouvant dans le t\u00e9l\u00e9film sur Oradour"}]},{"@type":"WebSite","@id":"https:\/\/elukelele.com\/fr\/#website","url":"https:\/\/elukelele.com\/fr\/","name":"El Ukelele","description":"Musique au-del\u00e0 de l&#039;indie","potentialAction":[{"@type":"SearchAction","target":{"@type":"EntryPoint","urlTemplate":"https:\/\/elukelele.com\/fr\/?s={search_term_string}"},"query-input":{"@type":"PropertyValueSpecification","valueRequired":true,"valueName":"search_term_string"}}],"inLanguage":"fr-FR"},{"@type":"Person","@id":"https:\/\/elukelele.com\/fr\/#\/schema\/person\/ccfb3d2be2ec7fa389608eb6da0b38d6","name":"Daniel Perrin","image":{"@type":"ImageObject","inLanguage":"fr-FR","@id":"https:\/\/elukelele.com\/fr\/#\/schema\/person\/image\/","url":"https:\/\/secure.gravatar.com\/avatar\/37f9d9ffa29ce5640a0d9c6ca8bbd90afb854014296ecaa0e3a558ac716e6fe4?s=96&d=mm&r=g","contentUrl":"https:\/\/secure.gravatar.com\/avatar\/37f9d9ffa29ce5640a0d9c6ca8bbd90afb854014296ecaa0e3a558ac716e6fe4?s=96&d=mm&r=g","caption":"Daniel Perrin"},"sameAs":["https:\/\/elukelele.com\/fr"],"url":"https:\/\/elukelele.com\/fr\/author\/daniel-perrin\/"}]}},"_links":{"self":[{"href":"https:\/\/elukelele.com\/fr\/wp-json\/wp\/v2\/posts\/46492","targetHints":{"allow":["GET"]}}],"collection":[{"href":"https:\/\/elukelele.com\/fr\/wp-json\/wp\/v2\/posts"}],"about":[{"href":"https:\/\/elukelele.com\/fr\/wp-json\/wp\/v2\/types\/post"}],"author":[{"embeddable":true,"href":"https:\/\/elukelele.com\/fr\/wp-json\/wp\/v2\/users\/4"}],"replies":[{"embeddable":true,"href":"https:\/\/elukelele.com\/fr\/wp-json\/wp\/v2\/comments?post=46492"}],"version-history":[{"count":1,"href":"https:\/\/elukelele.com\/fr\/wp-json\/wp\/v2\/posts\/46492\/revisions"}],"predecessor-version":[{"id":46786,"href":"https:\/\/elukelele.com\/fr\/wp-json\/wp\/v2\/posts\/46492\/revisions\/46786"}],"wp:featuredmedia":[{"embeddable":true,"href":"https:\/\/elukelele.com\/fr\/wp-json\/wp\/v2\/media\/46491"}],"wp:attachment":[{"href":"https:\/\/elukelele.com\/fr\/wp-json\/wp\/v2\/media?parent=46492"}],"wp:term":[{"taxonomy":"category","embeddable":true,"href":"https:\/\/elukelele.com\/fr\/wp-json\/wp\/v2\/categories?post=46492"},{"taxonomy":"post_tag","embeddable":true,"href":"https:\/\/elukelele.com\/fr\/wp-json\/wp\/v2\/tags?post=46492"}],"curies":[{"name":"wp","href":"https:\/\/api.w.org\/{rel}","templated":true}]}}