{"id":46474,"date":"2025-11-28T05:25:51","date_gmt":"2025-11-28T05:25:51","guid":{"rendered":"https:\/\/elukelele.com\/fr\/?p=46474"},"modified":"2025-11-28T05:25:51","modified_gmt":"2025-11-28T05:25:51","slug":"rachida-dati-et-le-maroc-un-lien-familial-indefectible","status":"publish","type":"post","link":"https:\/\/elukelele.com\/fr\/divertissement\/rachida-dati-et-le-maroc-un-lien-familial-indefectible\/","title":{"rendered":"Rachida Dati et le Maroc : Un lien familial ind\u00e9fectible"},"content":{"rendered":"<p>Rachida Dati, figure embl\u00e9matique de la politique fran\u00e7aise et actuelle ministre de la Culture, maintient un lien profond et inalt\u00e9rable avec ses origines marocaines. Ces liens se mat\u00e9rialisent notamment par ses s\u00e9jours fr\u00e9quents dans la maison de son p\u00e8re, situ\u00e9e \u00e0 Casablanca, un lieu qu&rsquo;elle consid\u00e8re comme un v\u00e9ritable havre de paix et de ressourcement. Ce lien ind\u00e9fectible avec le Maroc est une constante dans sa vie, bien au-del\u00e0 de sa carri\u00e8re politique effr\u00e9n\u00e9e.<\/p>\n<h2>Ses Racines au Maroc<\/h2>\n<p>Pour appr\u00e9hender le parcours de Rachida Dati, il est essentiel de se pencher sur l&rsquo;histoire de ses parents, M\u2019Barek, son p\u00e8re marocain, et Fatim-Zohra, sa m\u00e8re alg\u00e9rienne. Au d\u00e9but des ann\u00e9es 1960, ils ont quitt\u00e9 leurs terres d&rsquo;origine pour s&rsquo;installer en France, dans un HLM de Chalon-sur-Sa\u00f4ne. Ils venaient d&rsquo;horizons modestes, du monde ouvrier, une r\u00e9alit\u00e9 qui a forg\u00e9 le caract\u00e8re et la d\u00e9termination de leurs onze enfants. Rachida Dati a d&rsquo;ailleurs relat\u00e9 cette histoire familiale dans plusieurs ouvrages, soulignant le caract\u00e8re fort de son p\u00e8re, originaire de Doukkala avant de s&rsquo;\u00e9tablir dans le quartier de Derb Kabir \u00e0 Casablanca, et la discr\u00e9tion courageuse de sa m\u00e8re, dont le d\u00e9c\u00e8s a profond\u00e9ment marqu\u00e9 la future ministre.<\/p>\n<p>Quatri\u00e8me de la fratrie, Rachida Dati a grandi avec une conscience aigu\u00eb des sacrifices consentis par ses parents. Son parcours t\u00e9moigne de cette volont\u00e9 de s&rsquo;\u00e9lever : \u00e9tudes d&rsquo;\u00e9conomie \u00e0 Dijon, passages chez Elf Aquitaine, \u00e0 la direction juridique de l&rsquo;\u00c9ducation nationale, puis dans la magistrature. Sa carri\u00e8re politique a v\u00e9ritablement pris son envol en 2002, lorsqu&rsquo;elle a rejoint le cabinet de Nicolas Sarkozy, alors ministre de l&rsquo;Int\u00e9rieur. Elle a ensuite occup\u00e9 les postes de ministre de la Justice entre 2007 et 2009, avant de devenir maire du 7\u1d49 arrondissement de Paris, et de revenir au gouvernement en janvier 2024 en tant que ministre de la Culture.<\/p>\n<h2>Le Refuge de Rachida Dati \u00e0 Casablanca<\/h2>\n<p>Malgr\u00e9 une vie parisienne intense depuis deux d\u00e9cennies, Rachida Dati n&rsquo;a jamais coup\u00e9 les ponts avec le Maroc, o\u00f9 une partie de sa famille r\u00e9side toujours. Elle s&rsquo;y rend d\u00e8s qu&rsquo;une opportunit\u00e9 se pr\u00e9sente, comme elle l&rsquo;a exprim\u00e9 avec une rare sinc\u00e9rit\u00e9 lors d&rsquo;une interview sur Hit Radio : \u00ab Nous, on vient au Maroc comme on rentre chez soi. Je peux partir un vendredi soir, prendre Zohra et arriver \u00e0 Casablanca. On est dans la maison de mon p\u00e8re, on est tranquille \u00bb.<\/p>\n<p>Cette maison familiale, situ\u00e9e dans le quartier de Sbata, non loin de Derb Kabir, est un lieu charg\u00e9 d&rsquo;histoire et de souvenirs pour elle. Elle y retrouve l&rsquo;enfant qu&rsquo;elle \u00e9tait, affirmant : \u00ab J\u2019y vais comme quand j\u2019avais cinq ans, dix ans, quinze ans. Je n\u2019ai pas chang\u00e9 \u00bb. Au Maroc, Rachida Dati d\u00e9laisse son r\u00f4le public pour s&rsquo;immerger dans la vie locale, s&rsquo;asseyant chez les voisins, discutant, et apportant parfois son aide pour des d\u00e9marches telles que l&rsquo;obtention de m\u00e9dicaments, de soins ou l&rsquo;organisation de p\u00e8lerinages \u00e0 la Mecque. Elle confie \u00e9galement : \u00ab D\u00e8s que \u00e7a ne va pas, je viens ici. Je prends l\u2019avion, je prends Zohra, et j\u2019arrive \u00bb. Bien que moins port\u00e9e sur les stations baln\u00e9aires, elle emm\u00e8ne parfois sa fille \u00e0 Agadir pour profiter de la plage. Le Maroc repr\u00e9sente pour elle une source d&rsquo;\u00e9motion profonde : \u00ab \u00c0 chaque fois que je mets le pied au Maroc, j\u2019ai une \u00e9motion qui me bouleverse. Je dois beaucoup \u00e0 ce pays \u00bb.<\/p>\n<h2>Un Patrimoine Qui Attire l&rsquo;Attention<\/h2>\n<p>Rachida Dati poss\u00e8de plusieurs biens au Maroc. Selon sa d\u00e9claration \u00e0 la Haute Autorit\u00e9 pour la Transparence de la Vie Publique (HATVP), elle d\u00e9tient une maison et un appartement dans le royaume. Son patrimoine immobilier global s&rsquo;\u00e9tend \u00e9galement \u00e0 la France et \u00e0 l&rsquo;\u00e9tranger, comprenant un total de deux maisons et deux appartements.<\/p>\n<p>Son patrimoine financier d\u00e9clar\u00e9 d\u00e9passe les 5,2 millions d&rsquo;euros. \u00c0 Paris, elle a longtemps r\u00e9sid\u00e9 dans un grand appartement de 225 m\u00b2 dans le 6\u1d49 arrondissement, mis \u00e0 sa disposition par son ancien compagnon, Henri Proglio. Elle poss\u00e8de par ailleurs un appartement personnel dans les Hauts-de-Seine et une maison familiale en Sa\u00f4ne-et-Loire. Malgr\u00e9 ces multiples r\u00e9sidences, c&rsquo;est invariablement vers le Maroc, et plus particuli\u00e8rement vers sa \u00ab\u00a0Casa\u00a0\u00bb, qu&rsquo;elle se sent v\u00e9ritablement chez elle.<\/p>\n<h2>Conclusion<\/h2>\n<p>Le lien de Rachida Dati avec le Maroc est bien plus qu&rsquo;une simple anecdote biographique ; il est une composante essentielle de son identit\u00e9 et une source de son \u00e9quilibre. La maison de son p\u00e8re \u00e0 Casablanca n&rsquo;est pas seulement une propri\u00e9t\u00e9, mais un lieu de retour aux sources, un refuge o\u00f9 elle peut se reconnecter \u00e0 son histoire familiale et \u00e0 la culture qui l&rsquo;a en partie fa\u00e7onn\u00e9e. Cette dimension personnelle \u00e9claire la personnalit\u00e9 publique d&rsquo;une femme politique qui, au-del\u00e0 des fonctions et des responsabilit\u00e9s, reste profond\u00e9ment attach\u00e9e \u00e0 ses racines.<\/p>\n","protected":false},"excerpt":{"rendered":"<p>Rachida Dati, figure embl\u00e9matique de la politique fran\u00e7aise et actuelle ministre de la Culture, maintient un lien profond et inalt\u00e9rable avec ses origines marocaines. Ces liens se mat\u00e9rialisent notamment par ses s\u00e9jours fr\u00e9quents dans la maison de son p\u00e8re, situ\u00e9e \u00e0 Casablanca, un lieu qu&rsquo;elle consid\u00e8re comme un v\u00e9ritable havre de paix et de ressourcement. [&hellip;]<\/p>\n","protected":false},"author":4,"featured_media":46473,"comment_status":"open","ping_status":"open","sticky":false,"template":"","format":"standard","meta":{"_yoast_wpseo_title":"Rachida Dati et le Maroc : Un lien familial ind\u00e9fectible","_yoast_wpseo_metadesc":"D\u00e9couvrez le lien profond de Rachida Dati avec le Maroc. Ministre de la Culture, elle retrouve ses racines \u00e0 Casablanca, dans la maison familiale.","_yoast_wpseo_focuskw":"Rachida"},"categories":[5],"tags":[],"class_list":["post-46474","post","type-post","status-publish","format-standard","has-post-thumbnail","hentry","category-divertissement"],"yoast_head":"<!-- This site is optimized with the Yoast SEO plugin v26.3 - https:\/\/yoast.com\/wordpress\/plugins\/seo\/ -->\n<title>Rachida Dati et le Maroc : Un lien familial ind\u00e9fectible<\/title>\n<meta name=\"description\" content=\"D\u00e9couvrez le lien profond de Rachida Dati avec le Maroc. Ministre de la Culture, elle retrouve ses racines \u00e0 Casablanca, dans la maison familiale.\" \/>\n<meta name=\"robots\" content=\"index, follow, max-snippet:-1, max-image-preview:large, max-video-preview:-1\" \/>\n<link rel=\"canonical\" href=\"https:\/\/elukelele.com\/fr\/divertissement\/rachida-dati-et-le-maroc-un-lien-familial-indefectible\/\" \/>\n<meta property=\"og:locale\" content=\"fr_FR\" \/>\n<meta property=\"og:type\" content=\"article\" \/>\n<meta property=\"og:title\" content=\"Rachida Dati et le Maroc : Un lien familial ind\u00e9fectible\" \/>\n<meta property=\"og:description\" content=\"D\u00e9couvrez le lien profond de Rachida Dati avec le Maroc. Ministre de la Culture, elle retrouve ses racines \u00e0 Casablanca, dans la maison familiale.\" \/>\n<meta property=\"og:url\" content=\"https:\/\/elukelele.com\/fr\/divertissement\/rachida-dati-et-le-maroc-un-lien-familial-indefectible\/\" \/>\n<meta property=\"og:site_name\" content=\"El Ukelele\" \/>\n<meta property=\"article:published_time\" content=\"2025-11-28T05:25:51+00:00\" \/>\n<meta property=\"og:image\" content=\"https:\/\/elukelele.com\/fr\/wp-content\/uploads\/2025\/11\/framed_only-874.png\" \/>\n\t<meta property=\"og:image:width\" content=\"1200\" \/>\n\t<meta property=\"og:image:height\" content=\"628\" \/>\n\t<meta property=\"og:image:type\" content=\"image\/png\" \/>\n<meta name=\"author\" content=\"Daniel Perrin\" \/>\n<meta name=\"twitter:card\" content=\"summary_large_image\" \/>\n<meta name=\"twitter:label1\" content=\"\u00c9crit par\" \/>\n\t<meta name=\"twitter:data1\" content=\"Daniel Perrin\" \/>\n\t<meta name=\"twitter:label2\" content=\"Dur\u00e9e de lecture estim\u00e9e\" \/>\n\t<meta name=\"twitter:data2\" content=\"5 minutes\" \/>\n<script type=\"application\/ld+json\" class=\"yoast-schema-graph\">{\"@context\":\"https:\/\/schema.org\",\"@graph\":[{\"@type\":\"WebPage\",\"@id\":\"https:\/\/elukelele.com\/fr\/divertissement\/rachida-dati-et-le-maroc-un-lien-familial-indefectible\/\",\"url\":\"https:\/\/elukelele.com\/fr\/divertissement\/rachida-dati-et-le-maroc-un-lien-familial-indefectible\/\",\"name\":\"Rachida Dati et le Maroc : Un lien familial ind\u00e9fectible\",\"isPartOf\":{\"@id\":\"https:\/\/elukelele.com\/fr\/#website\"},\"primaryImageOfPage\":{\"@id\":\"https:\/\/elukelele.com\/fr\/divertissement\/rachida-dati-et-le-maroc-un-lien-familial-indefectible\/#primaryimage\"},\"image\":{\"@id\":\"https:\/\/elukelele.com\/fr\/divertissement\/rachida-dati-et-le-maroc-un-lien-familial-indefectible\/#primaryimage\"},\"thumbnailUrl\":\"https:\/\/elukelele.com\/fr\/wp-content\/uploads\/2025\/11\/framed_only-874.png\",\"datePublished\":\"2025-11-28T05:25:51+00:00\",\"author\":{\"@id\":\"https:\/\/elukelele.com\/fr\/#\/schema\/person\/ccfb3d2be2ec7fa389608eb6da0b38d6\"},\"description\":\"D\u00e9couvrez le lien profond de Rachida Dati avec le Maroc. Ministre de la Culture, elle retrouve ses racines \u00e0 Casablanca, dans la maison familiale.\",\"breadcrumb\":{\"@id\":\"https:\/\/elukelele.com\/fr\/divertissement\/rachida-dati-et-le-maroc-un-lien-familial-indefectible\/#breadcrumb\"},\"inLanguage\":\"fr-FR\",\"potentialAction\":[{\"@type\":\"ReadAction\",\"target\":[\"https:\/\/elukelele.com\/fr\/divertissement\/rachida-dati-et-le-maroc-un-lien-familial-indefectible\/\"]}]},{\"@type\":\"ImageObject\",\"inLanguage\":\"fr-FR\",\"@id\":\"https:\/\/elukelele.com\/fr\/divertissement\/rachida-dati-et-le-maroc-un-lien-familial-indefectible\/#primaryimage\",\"url\":\"https:\/\/elukelele.com\/fr\/wp-content\/uploads\/2025\/11\/framed_only-874.png\",\"contentUrl\":\"https:\/\/elukelele.com\/fr\/wp-content\/uploads\/2025\/11\/framed_only-874.png\",\"width\":1200,\"height\":628,\"caption\":\"Rachida\"},{\"@type\":\"BreadcrumbList\",\"@id\":\"https:\/\/elukelele.com\/fr\/divertissement\/rachida-dati-et-le-maroc-un-lien-familial-indefectible\/#breadcrumb\",\"itemListElement\":[{\"@type\":\"ListItem\",\"position\":1,\"name\":\"Home\",\"item\":\"https:\/\/elukelele.com\/fr\/\"},{\"@type\":\"ListItem\",\"position\":2,\"name\":\"Rachida Dati et le Maroc : Un lien familial ind\u00e9fectible\"}]},{\"@type\":\"WebSite\",\"@id\":\"https:\/\/elukelele.com\/fr\/#website\",\"url\":\"https:\/\/elukelele.com\/fr\/\",\"name\":\"El Ukelele\",\"description\":\"Musique au-del\u00e0 de l&#039;indie\",\"potentialAction\":[{\"@type\":\"SearchAction\",\"target\":{\"@type\":\"EntryPoint\",\"urlTemplate\":\"https:\/\/elukelele.com\/fr\/?s={search_term_string}\"},\"query-input\":{\"@type\":\"PropertyValueSpecification\",\"valueRequired\":true,\"valueName\":\"search_term_string\"}}],\"inLanguage\":\"fr-FR\"},{\"@type\":\"Person\",\"@id\":\"https:\/\/elukelele.com\/fr\/#\/schema\/person\/ccfb3d2be2ec7fa389608eb6da0b38d6\",\"name\":\"Daniel Perrin\",\"image\":{\"@type\":\"ImageObject\",\"inLanguage\":\"fr-FR\",\"@id\":\"https:\/\/elukelele.com\/fr\/#\/schema\/person\/image\/\",\"url\":\"https:\/\/secure.gravatar.com\/avatar\/37f9d9ffa29ce5640a0d9c6ca8bbd90afb854014296ecaa0e3a558ac716e6fe4?s=96&d=mm&r=g\",\"contentUrl\":\"https:\/\/secure.gravatar.com\/avatar\/37f9d9ffa29ce5640a0d9c6ca8bbd90afb854014296ecaa0e3a558ac716e6fe4?s=96&d=mm&r=g\",\"caption\":\"Daniel Perrin\"},\"sameAs\":[\"https:\/\/elukelele.com\/fr\"],\"url\":\"https:\/\/elukelele.com\/fr\/author\/daniel-perrin\/\"}]}<\/script>\n<!-- \/ Yoast SEO plugin. -->","yoast_head_json":{"title":"Rachida Dati et le Maroc : Un lien familial ind\u00e9fectible","description":"D\u00e9couvrez le lien profond de Rachida Dati avec le Maroc. Ministre de la Culture, elle retrouve ses racines \u00e0 Casablanca, dans la maison familiale.","robots":{"index":"index","follow":"follow","max-snippet":"max-snippet:-1","max-image-preview":"max-image-preview:large","max-video-preview":"max-video-preview:-1"},"canonical":"https:\/\/elukelele.com\/fr\/divertissement\/rachida-dati-et-le-maroc-un-lien-familial-indefectible\/","og_locale":"fr_FR","og_type":"article","og_title":"Rachida Dati et le Maroc : Un lien familial ind\u00e9fectible","og_description":"D\u00e9couvrez le lien profond de Rachida Dati avec le Maroc. Ministre de la Culture, elle retrouve ses racines \u00e0 Casablanca, dans la maison familiale.","og_url":"https:\/\/elukelele.com\/fr\/divertissement\/rachida-dati-et-le-maroc-un-lien-familial-indefectible\/","og_site_name":"El Ukelele","article_published_time":"2025-11-28T05:25:51+00:00","og_image":[{"width":1200,"height":628,"url":"https:\/\/elukelele.com\/fr\/wp-content\/uploads\/2025\/11\/framed_only-874.png","type":"image\/png"}],"author":"Daniel Perrin","twitter_card":"summary_large_image","twitter_misc":{"\u00c9crit par":"Daniel Perrin","Dur\u00e9e de lecture estim\u00e9e":"5 minutes"},"schema":{"@context":"https:\/\/schema.org","@graph":[{"@type":"WebPage","@id":"https:\/\/elukelele.com\/fr\/divertissement\/rachida-dati-et-le-maroc-un-lien-familial-indefectible\/","url":"https:\/\/elukelele.com\/fr\/divertissement\/rachida-dati-et-le-maroc-un-lien-familial-indefectible\/","name":"Rachida Dati et le Maroc : Un lien familial ind\u00e9fectible","isPartOf":{"@id":"https:\/\/elukelele.com\/fr\/#website"},"primaryImageOfPage":{"@id":"https:\/\/elukelele.com\/fr\/divertissement\/rachida-dati-et-le-maroc-un-lien-familial-indefectible\/#primaryimage"},"image":{"@id":"https:\/\/elukelele.com\/fr\/divertissement\/rachida-dati-et-le-maroc-un-lien-familial-indefectible\/#primaryimage"},"thumbnailUrl":"https:\/\/elukelele.com\/fr\/wp-content\/uploads\/2025\/11\/framed_only-874.png","datePublished":"2025-11-28T05:25:51+00:00","author":{"@id":"https:\/\/elukelele.com\/fr\/#\/schema\/person\/ccfb3d2be2ec7fa389608eb6da0b38d6"},"description":"D\u00e9couvrez le lien profond de Rachida Dati avec le Maroc. Ministre de la Culture, elle retrouve ses racines \u00e0 Casablanca, dans la maison familiale.","breadcrumb":{"@id":"https:\/\/elukelele.com\/fr\/divertissement\/rachida-dati-et-le-maroc-un-lien-familial-indefectible\/#breadcrumb"},"inLanguage":"fr-FR","potentialAction":[{"@type":"ReadAction","target":["https:\/\/elukelele.com\/fr\/divertissement\/rachida-dati-et-le-maroc-un-lien-familial-indefectible\/"]}]},{"@type":"ImageObject","inLanguage":"fr-FR","@id":"https:\/\/elukelele.com\/fr\/divertissement\/rachida-dati-et-le-maroc-un-lien-familial-indefectible\/#primaryimage","url":"https:\/\/elukelele.com\/fr\/wp-content\/uploads\/2025\/11\/framed_only-874.png","contentUrl":"https:\/\/elukelele.com\/fr\/wp-content\/uploads\/2025\/11\/framed_only-874.png","width":1200,"height":628,"caption":"Rachida"},{"@type":"BreadcrumbList","@id":"https:\/\/elukelele.com\/fr\/divertissement\/rachida-dati-et-le-maroc-un-lien-familial-indefectible\/#breadcrumb","itemListElement":[{"@type":"ListItem","position":1,"name":"Home","item":"https:\/\/elukelele.com\/fr\/"},{"@type":"ListItem","position":2,"name":"Rachida Dati et le Maroc : Un lien familial ind\u00e9fectible"}]},{"@type":"WebSite","@id":"https:\/\/elukelele.com\/fr\/#website","url":"https:\/\/elukelele.com\/fr\/","name":"El Ukelele","description":"Musique au-del\u00e0 de l&#039;indie","potentialAction":[{"@type":"SearchAction","target":{"@type":"EntryPoint","urlTemplate":"https:\/\/elukelele.com\/fr\/?s={search_term_string}"},"query-input":{"@type":"PropertyValueSpecification","valueRequired":true,"valueName":"search_term_string"}}],"inLanguage":"fr-FR"},{"@type":"Person","@id":"https:\/\/elukelele.com\/fr\/#\/schema\/person\/ccfb3d2be2ec7fa389608eb6da0b38d6","name":"Daniel Perrin","image":{"@type":"ImageObject","inLanguage":"fr-FR","@id":"https:\/\/elukelele.com\/fr\/#\/schema\/person\/image\/","url":"https:\/\/secure.gravatar.com\/avatar\/37f9d9ffa29ce5640a0d9c6ca8bbd90afb854014296ecaa0e3a558ac716e6fe4?s=96&d=mm&r=g","contentUrl":"https:\/\/secure.gravatar.com\/avatar\/37f9d9ffa29ce5640a0d9c6ca8bbd90afb854014296ecaa0e3a558ac716e6fe4?s=96&d=mm&r=g","caption":"Daniel Perrin"},"sameAs":["https:\/\/elukelele.com\/fr"],"url":"https:\/\/elukelele.com\/fr\/author\/daniel-perrin\/"}]}},"_links":{"self":[{"href":"https:\/\/elukelele.com\/fr\/wp-json\/wp\/v2\/posts\/46474","targetHints":{"allow":["GET"]}}],"collection":[{"href":"https:\/\/elukelele.com\/fr\/wp-json\/wp\/v2\/posts"}],"about":[{"href":"https:\/\/elukelele.com\/fr\/wp-json\/wp\/v2\/types\/post"}],"author":[{"embeddable":true,"href":"https:\/\/elukelele.com\/fr\/wp-json\/wp\/v2\/users\/4"}],"replies":[{"embeddable":true,"href":"https:\/\/elukelele.com\/fr\/wp-json\/wp\/v2\/comments?post=46474"}],"version-history":[{"count":1,"href":"https:\/\/elukelele.com\/fr\/wp-json\/wp\/v2\/posts\/46474\/revisions"}],"predecessor-version":[{"id":46782,"href":"https:\/\/elukelele.com\/fr\/wp-json\/wp\/v2\/posts\/46474\/revisions\/46782"}],"wp:featuredmedia":[{"embeddable":true,"href":"https:\/\/elukelele.com\/fr\/wp-json\/wp\/v2\/media\/46473"}],"wp:attachment":[{"href":"https:\/\/elukelele.com\/fr\/wp-json\/wp\/v2\/media?parent=46474"}],"wp:term":[{"taxonomy":"category","embeddable":true,"href":"https:\/\/elukelele.com\/fr\/wp-json\/wp\/v2\/categories?post=46474"},{"taxonomy":"post_tag","embeddable":true,"href":"https:\/\/elukelele.com\/fr\/wp-json\/wp\/v2\/tags?post=46474"}],"curies":[{"name":"wp","href":"https:\/\/api.w.org\/{rel}","templated":true}]}}