{"id":46472,"date":"2025-11-28T05:23:49","date_gmt":"2025-11-28T05:23:49","guid":{"rendered":"https:\/\/elukelele.com\/fr\/?p=46472"},"modified":"2025-11-28T05:23:49","modified_gmt":"2025-11-28T05:23:49","slug":"judith-godreche-tags-dinsultes-et-menaces-contre-sa-famille","status":"publish","type":"post","link":"https:\/\/elukelele.com\/fr\/divertissement\/judith-godreche-tags-dinsultes-et-menaces-contre-sa-famille\/","title":{"rendered":"Judith Godr\u00e8che : tags d&rsquo;insultes et menaces contre sa famille"},"content":{"rendered":"<p>L&rsquo;actrice et r\u00e9alisatrice Judith Godr\u00e8che, une voix r\u00e9solue dans la lutte contre les violences sexuelles dans le milieu du cin\u00e9ma, se retrouve \u00e0 nouveau sous les feux de l&rsquo;actualit\u00e9, non pas pour son engagement, mais pour une agression directe et personnelle. Sa famille et elle ont \u00e9t\u00e9 victimes en pleine nuit de tags d\u2019insultes et de menaces appos\u00e9s sur les murs de leur immeuble. Cette s\u00e9rieuse tentative d&rsquo;intimidation a pouss\u00e9 l&rsquo;actrice \u00e0 d\u00e9poser plainte, illustrant la gravit\u00e9 des attaques dont elle et ses proches sont la cible.<\/p>\n<h2>La D\u00e9couverte Effrayante de Tags d&rsquo;Insultes et de Menaces<\/h2>\n<p>Le t\u00e9moignage de Judith Godr\u00e8che, partag\u00e9 sur Instagram, r\u00e9v\u00e8le l&rsquo;\u00e9tendue d&rsquo;une sc\u00e8ne bouleversante. Alors qu&rsquo;elle \u00e9tait en tournage en Normandie, sa m\u00e8re et son fils, No\u00e9 Boon, ont \u00e9t\u00e9 les premiers \u00e0 d\u00e9couvrir les inscriptions injurieuses et mena\u00e7antes. Ces messages, trac\u00e9s au cours de la nuit, ciblaient directement l&rsquo;actrice et sa famille, incluant des attaques personnelles et des menaces explicites.<\/p>\n<p>Parmi les inscriptions macabres, un terme gla\u00e7ant a \u00e9t\u00e9 utilis\u00e9 : le mot \u00ab\u00a0viol\u00a0\u00bb, d\u00e9voy\u00e9 et dirig\u00e9 de mani\u00e8re nominative contre Judith Godr\u00e8che et sa fille. L&rsquo;actrice a d\u00e9crit cet acte comme une escalade \u00ab\u00a0tordue\u00a0\u00bb dans la violence verbale. Elle a \u00e9galement soulign\u00e9 la pr\u00e9cision et l&rsquo;organisation des auteurs : \u00ab\u00a0L&rsquo;individu qui veut m&rsquo;intimider et terroriser ma famille est tr\u00e8s organis\u00e9, son coup de crayon est assur\u00e9\u00a0\u00bb, a-t-elle affirm\u00e9.<\/p>\n<h2>\u00ab\u00a0Jusqu&rsquo;o\u00f9 cela ira-t-il ?\u00a0\u00bb : L&rsquo;Inqui\u00e9tude d&rsquo;une Figure Engag\u00e9e<\/h2>\n<p>Au-del\u00e0 de l&rsquo;indignation face \u00e0 ces d\u00e9gradations, le message de Judith Godr\u00e8che exprime une profonde inqui\u00e9tude. La question pour l&rsquo;actrice n&rsquo;est plus seulement d&rsquo;identifier les coupables, mais de comprendre jusqu&rsquo;o\u00f9 cette spirale de violence pourrait mener. Elle a pos\u00e9 la question : \u00ab\u00a0Si des limites ne sont pas pos\u00e9es imm\u00e9diatement, jusqu&rsquo;o\u00f9 cela ira-t-il la prochaine fois ?\u00a0\u00bb<\/p>\n<p>Cette interrogation r\u00e9sonne comme un cri d&rsquo;alarme, mettant en lumi\u00e8re le climat d&rsquo;intimidation auquel sont confront\u00e9es les personnalit\u00e9s publiques qui s&rsquo;expriment sur des sujets sensibles. En tant que figure de proue dans la d\u00e9nonciation des violences sexuelles, Judith Godr\u00e8che fait face \u00e0 une pression manifeste visant clairement \u00e0 la faire taire.<\/p>\n<h2>Une Plainte D\u00e9pos\u00e9e pour Prot\u00e9ger sa Famille<\/h2>\n<p>Face \u00e0 la gravit\u00e9 des faits et \u00e0 la nature des menaces, Judith Godr\u00e8che a pris la d\u00e9cision de d\u00e9poser plainte. Cette d\u00e9marche vise avant tout \u00e0 prot\u00e9ger ses proches, en particulier ses enfants, directement vis\u00e9s par les messages.<\/p>\n<blockquote>\n<p>\u00ab\u00a0J&rsquo;ai port\u00e9 plainte. Pour prot\u00e9ger ma famille avant tout.\u00a0\u00bb a-t-elle d\u00e9clar\u00e9. Elle a par ailleurs fermement d\u00e9nonc\u00e9 la l\u00e2chet\u00e9 des auteurs de ces actes, qui op\u00e8rent dans l&rsquo;ombre et l&rsquo;anonymat : \u00ab\u00a0La violence et la l\u00e2chet\u00e9, toujours. Venir tagguer en pleine nuit des insultes pour m\u2019intimider, et pire, s\u2019en prendre \u00e0 mes enfants, ma famille. Quelle genre de personne faut-il \u00eatre pour faire cela ?\u00a0\u00bb<\/p>\n<\/blockquote>\n<p>Cette plainte marque une \u00e9tape cruciale dans la riposte \u00e0 cette tentative d&rsquo;intimidation, affirmant la d\u00e9termination de l&rsquo;actrice \u00e0 ne pas c\u00e9der \u00e0 la peur et \u00e0 faire valoir ses droits et ceux de sa famille. L&rsquo;incident rappelle la vuln\u00e9rabilit\u00e9 des personnalit\u00e9s engag\u00e9es et la n\u00e9cessit\u00e9 de prot\u00e9ger la libert\u00e9 d&rsquo;expression face \u00e0 de telles agressions.<\/p>\n","protected":false},"excerpt":{"rendered":"<p>L&rsquo;actrice et r\u00e9alisatrice Judith Godr\u00e8che, une voix r\u00e9solue dans la lutte contre les violences sexuelles dans le milieu du cin\u00e9ma, se retrouve \u00e0 nouveau sous les feux de l&rsquo;actualit\u00e9, non pas pour son engagement, mais pour une agression directe et personnelle. Sa famille et elle ont \u00e9t\u00e9 victimes en pleine nuit de tags d\u2019insultes et [&hellip;]<\/p>\n","protected":false},"author":4,"featured_media":46471,"comment_status":"open","ping_status":"open","sticky":false,"template":"","format":"standard","meta":{"_yoast_wpseo_title":"Judith Godr\u00e8che: Menaces et tags, plainte d\u00e9pos\u00e9e","_yoast_wpseo_metadesc":"D\u00e9couvrez comment Judith Godr\u00e8che et sa famille ont \u00e9t\u00e9 vis\u00e9es par des tags d'insultes et de menaces. L'actrice a d\u00e9pos\u00e9 plainte apr\u00e8s cette attaque choquante q","_yoast_wpseo_focuskw":"Judith"},"categories":[5],"tags":[],"class_list":["post-46472","post","type-post","status-publish","format-standard","has-post-thumbnail","hentry","category-divertissement"],"yoast_head":"<!-- This site is optimized with the Yoast SEO plugin v26.3 - https:\/\/yoast.com\/wordpress\/plugins\/seo\/ -->\n<title>Judith Godr\u00e8che: Menaces et tags, plainte d\u00e9pos\u00e9e<\/title>\n<meta name=\"description\" content=\"D\u00e9couvrez comment Judith Godr\u00e8che et sa famille ont \u00e9t\u00e9 vis\u00e9es par des tags d&#039;insultes et de menaces. L&#039;actrice a d\u00e9pos\u00e9 plainte apr\u00e8s cette attaque choquante q\" \/>\n<meta name=\"robots\" content=\"index, follow, max-snippet:-1, max-image-preview:large, max-video-preview:-1\" \/>\n<link rel=\"canonical\" href=\"https:\/\/elukelele.com\/fr\/divertissement\/judith-godreche-tags-dinsultes-et-menaces-contre-sa-famille\/\" \/>\n<meta property=\"og:locale\" content=\"fr_FR\" \/>\n<meta property=\"og:type\" content=\"article\" \/>\n<meta property=\"og:title\" content=\"Judith Godr\u00e8che: Menaces et tags, plainte d\u00e9pos\u00e9e\" \/>\n<meta property=\"og:description\" content=\"D\u00e9couvrez comment Judith Godr\u00e8che et sa famille ont \u00e9t\u00e9 vis\u00e9es par des tags d&#039;insultes et de menaces. L&#039;actrice a d\u00e9pos\u00e9 plainte apr\u00e8s cette attaque choquante q\" \/>\n<meta property=\"og:url\" content=\"https:\/\/elukelele.com\/fr\/divertissement\/judith-godreche-tags-dinsultes-et-menaces-contre-sa-famille\/\" \/>\n<meta property=\"og:site_name\" content=\"El Ukelele\" \/>\n<meta property=\"article:published_time\" content=\"2025-11-28T05:23:49+00:00\" \/>\n<meta property=\"og:image\" content=\"https:\/\/elukelele.com\/fr\/wp-content\/uploads\/2025\/11\/framed_only-873.png\" \/>\n\t<meta property=\"og:image:width\" content=\"1200\" \/>\n\t<meta property=\"og:image:height\" content=\"628\" \/>\n\t<meta property=\"og:image:type\" content=\"image\/png\" \/>\n<meta name=\"author\" content=\"Daniel Perrin\" \/>\n<meta name=\"twitter:card\" content=\"summary_large_image\" \/>\n<meta name=\"twitter:label1\" content=\"\u00c9crit par\" \/>\n\t<meta name=\"twitter:data1\" content=\"Daniel Perrin\" \/>\n\t<meta name=\"twitter:label2\" content=\"Dur\u00e9e de lecture estim\u00e9e\" \/>\n\t<meta name=\"twitter:data2\" content=\"3 minutes\" \/>\n<script type=\"application\/ld+json\" class=\"yoast-schema-graph\">{\"@context\":\"https:\/\/schema.org\",\"@graph\":[{\"@type\":\"WebPage\",\"@id\":\"https:\/\/elukelele.com\/fr\/divertissement\/judith-godreche-tags-dinsultes-et-menaces-contre-sa-famille\/\",\"url\":\"https:\/\/elukelele.com\/fr\/divertissement\/judith-godreche-tags-dinsultes-et-menaces-contre-sa-famille\/\",\"name\":\"Judith Godr\u00e8che: Menaces et tags, plainte d\u00e9pos\u00e9e\",\"isPartOf\":{\"@id\":\"https:\/\/elukelele.com\/fr\/#website\"},\"primaryImageOfPage\":{\"@id\":\"https:\/\/elukelele.com\/fr\/divertissement\/judith-godreche-tags-dinsultes-et-menaces-contre-sa-famille\/#primaryimage\"},\"image\":{\"@id\":\"https:\/\/elukelele.com\/fr\/divertissement\/judith-godreche-tags-dinsultes-et-menaces-contre-sa-famille\/#primaryimage\"},\"thumbnailUrl\":\"https:\/\/elukelele.com\/fr\/wp-content\/uploads\/2025\/11\/framed_only-873.png\",\"datePublished\":\"2025-11-28T05:23:49+00:00\",\"author\":{\"@id\":\"https:\/\/elukelele.com\/fr\/#\/schema\/person\/ccfb3d2be2ec7fa389608eb6da0b38d6\"},\"description\":\"D\u00e9couvrez comment Judith Godr\u00e8che et sa famille ont \u00e9t\u00e9 vis\u00e9es par des tags d'insultes et de menaces. L'actrice a d\u00e9pos\u00e9 plainte apr\u00e8s cette attaque choquante q\",\"breadcrumb\":{\"@id\":\"https:\/\/elukelele.com\/fr\/divertissement\/judith-godreche-tags-dinsultes-et-menaces-contre-sa-famille\/#breadcrumb\"},\"inLanguage\":\"fr-FR\",\"potentialAction\":[{\"@type\":\"ReadAction\",\"target\":[\"https:\/\/elukelele.com\/fr\/divertissement\/judith-godreche-tags-dinsultes-et-menaces-contre-sa-famille\/\"]}]},{\"@type\":\"ImageObject\",\"inLanguage\":\"fr-FR\",\"@id\":\"https:\/\/elukelele.com\/fr\/divertissement\/judith-godreche-tags-dinsultes-et-menaces-contre-sa-famille\/#primaryimage\",\"url\":\"https:\/\/elukelele.com\/fr\/wp-content\/uploads\/2025\/11\/framed_only-873.png\",\"contentUrl\":\"https:\/\/elukelele.com\/fr\/wp-content\/uploads\/2025\/11\/framed_only-873.png\",\"width\":1200,\"height\":628,\"caption\":\"Judith\"},{\"@type\":\"BreadcrumbList\",\"@id\":\"https:\/\/elukelele.com\/fr\/divertissement\/judith-godreche-tags-dinsultes-et-menaces-contre-sa-famille\/#breadcrumb\",\"itemListElement\":[{\"@type\":\"ListItem\",\"position\":1,\"name\":\"Home\",\"item\":\"https:\/\/elukelele.com\/fr\/\"},{\"@type\":\"ListItem\",\"position\":2,\"name\":\"Judith Godr\u00e8che : tags d&rsquo;insultes et menaces contre sa famille\"}]},{\"@type\":\"WebSite\",\"@id\":\"https:\/\/elukelele.com\/fr\/#website\",\"url\":\"https:\/\/elukelele.com\/fr\/\",\"name\":\"El Ukelele\",\"description\":\"Musique au-del\u00e0 de l&#039;indie\",\"potentialAction\":[{\"@type\":\"SearchAction\",\"target\":{\"@type\":\"EntryPoint\",\"urlTemplate\":\"https:\/\/elukelele.com\/fr\/?s={search_term_string}\"},\"query-input\":{\"@type\":\"PropertyValueSpecification\",\"valueRequired\":true,\"valueName\":\"search_term_string\"}}],\"inLanguage\":\"fr-FR\"},{\"@type\":\"Person\",\"@id\":\"https:\/\/elukelele.com\/fr\/#\/schema\/person\/ccfb3d2be2ec7fa389608eb6da0b38d6\",\"name\":\"Daniel Perrin\",\"image\":{\"@type\":\"ImageObject\",\"inLanguage\":\"fr-FR\",\"@id\":\"https:\/\/elukelele.com\/fr\/#\/schema\/person\/image\/\",\"url\":\"https:\/\/secure.gravatar.com\/avatar\/37f9d9ffa29ce5640a0d9c6ca8bbd90afb854014296ecaa0e3a558ac716e6fe4?s=96&d=mm&r=g\",\"contentUrl\":\"https:\/\/secure.gravatar.com\/avatar\/37f9d9ffa29ce5640a0d9c6ca8bbd90afb854014296ecaa0e3a558ac716e6fe4?s=96&d=mm&r=g\",\"caption\":\"Daniel Perrin\"},\"sameAs\":[\"https:\/\/elukelele.com\/fr\"],\"url\":\"https:\/\/elukelele.com\/fr\/author\/daniel-perrin\/\"}]}<\/script>\n<!-- \/ Yoast SEO plugin. -->","yoast_head_json":{"title":"Judith Godr\u00e8che: Menaces et tags, plainte d\u00e9pos\u00e9e","description":"D\u00e9couvrez comment Judith Godr\u00e8che et sa famille ont \u00e9t\u00e9 vis\u00e9es par des tags d'insultes et de menaces. L'actrice a d\u00e9pos\u00e9 plainte apr\u00e8s cette attaque choquante q","robots":{"index":"index","follow":"follow","max-snippet":"max-snippet:-1","max-image-preview":"max-image-preview:large","max-video-preview":"max-video-preview:-1"},"canonical":"https:\/\/elukelele.com\/fr\/divertissement\/judith-godreche-tags-dinsultes-et-menaces-contre-sa-famille\/","og_locale":"fr_FR","og_type":"article","og_title":"Judith Godr\u00e8che: Menaces et tags, plainte d\u00e9pos\u00e9e","og_description":"D\u00e9couvrez comment Judith Godr\u00e8che et sa famille ont \u00e9t\u00e9 vis\u00e9es par des tags d'insultes et de menaces. L'actrice a d\u00e9pos\u00e9 plainte apr\u00e8s cette attaque choquante q","og_url":"https:\/\/elukelele.com\/fr\/divertissement\/judith-godreche-tags-dinsultes-et-menaces-contre-sa-famille\/","og_site_name":"El Ukelele","article_published_time":"2025-11-28T05:23:49+00:00","og_image":[{"width":1200,"height":628,"url":"https:\/\/elukelele.com\/fr\/wp-content\/uploads\/2025\/11\/framed_only-873.png","type":"image\/png"}],"author":"Daniel Perrin","twitter_card":"summary_large_image","twitter_misc":{"\u00c9crit par":"Daniel Perrin","Dur\u00e9e de lecture estim\u00e9e":"3 minutes"},"schema":{"@context":"https:\/\/schema.org","@graph":[{"@type":"WebPage","@id":"https:\/\/elukelele.com\/fr\/divertissement\/judith-godreche-tags-dinsultes-et-menaces-contre-sa-famille\/","url":"https:\/\/elukelele.com\/fr\/divertissement\/judith-godreche-tags-dinsultes-et-menaces-contre-sa-famille\/","name":"Judith Godr\u00e8che: Menaces et tags, plainte d\u00e9pos\u00e9e","isPartOf":{"@id":"https:\/\/elukelele.com\/fr\/#website"},"primaryImageOfPage":{"@id":"https:\/\/elukelele.com\/fr\/divertissement\/judith-godreche-tags-dinsultes-et-menaces-contre-sa-famille\/#primaryimage"},"image":{"@id":"https:\/\/elukelele.com\/fr\/divertissement\/judith-godreche-tags-dinsultes-et-menaces-contre-sa-famille\/#primaryimage"},"thumbnailUrl":"https:\/\/elukelele.com\/fr\/wp-content\/uploads\/2025\/11\/framed_only-873.png","datePublished":"2025-11-28T05:23:49+00:00","author":{"@id":"https:\/\/elukelele.com\/fr\/#\/schema\/person\/ccfb3d2be2ec7fa389608eb6da0b38d6"},"description":"D\u00e9couvrez comment Judith Godr\u00e8che et sa famille ont \u00e9t\u00e9 vis\u00e9es par des tags d'insultes et de menaces. L'actrice a d\u00e9pos\u00e9 plainte apr\u00e8s cette attaque choquante q","breadcrumb":{"@id":"https:\/\/elukelele.com\/fr\/divertissement\/judith-godreche-tags-dinsultes-et-menaces-contre-sa-famille\/#breadcrumb"},"inLanguage":"fr-FR","potentialAction":[{"@type":"ReadAction","target":["https:\/\/elukelele.com\/fr\/divertissement\/judith-godreche-tags-dinsultes-et-menaces-contre-sa-famille\/"]}]},{"@type":"ImageObject","inLanguage":"fr-FR","@id":"https:\/\/elukelele.com\/fr\/divertissement\/judith-godreche-tags-dinsultes-et-menaces-contre-sa-famille\/#primaryimage","url":"https:\/\/elukelele.com\/fr\/wp-content\/uploads\/2025\/11\/framed_only-873.png","contentUrl":"https:\/\/elukelele.com\/fr\/wp-content\/uploads\/2025\/11\/framed_only-873.png","width":1200,"height":628,"caption":"Judith"},{"@type":"BreadcrumbList","@id":"https:\/\/elukelele.com\/fr\/divertissement\/judith-godreche-tags-dinsultes-et-menaces-contre-sa-famille\/#breadcrumb","itemListElement":[{"@type":"ListItem","position":1,"name":"Home","item":"https:\/\/elukelele.com\/fr\/"},{"@type":"ListItem","position":2,"name":"Judith Godr\u00e8che : tags d&rsquo;insultes et menaces contre sa famille"}]},{"@type":"WebSite","@id":"https:\/\/elukelele.com\/fr\/#website","url":"https:\/\/elukelele.com\/fr\/","name":"El Ukelele","description":"Musique au-del\u00e0 de l&#039;indie","potentialAction":[{"@type":"SearchAction","target":{"@type":"EntryPoint","urlTemplate":"https:\/\/elukelele.com\/fr\/?s={search_term_string}"},"query-input":{"@type":"PropertyValueSpecification","valueRequired":true,"valueName":"search_term_string"}}],"inLanguage":"fr-FR"},{"@type":"Person","@id":"https:\/\/elukelele.com\/fr\/#\/schema\/person\/ccfb3d2be2ec7fa389608eb6da0b38d6","name":"Daniel Perrin","image":{"@type":"ImageObject","inLanguage":"fr-FR","@id":"https:\/\/elukelele.com\/fr\/#\/schema\/person\/image\/","url":"https:\/\/secure.gravatar.com\/avatar\/37f9d9ffa29ce5640a0d9c6ca8bbd90afb854014296ecaa0e3a558ac716e6fe4?s=96&d=mm&r=g","contentUrl":"https:\/\/secure.gravatar.com\/avatar\/37f9d9ffa29ce5640a0d9c6ca8bbd90afb854014296ecaa0e3a558ac716e6fe4?s=96&d=mm&r=g","caption":"Daniel Perrin"},"sameAs":["https:\/\/elukelele.com\/fr"],"url":"https:\/\/elukelele.com\/fr\/author\/daniel-perrin\/"}]}},"_links":{"self":[{"href":"https:\/\/elukelele.com\/fr\/wp-json\/wp\/v2\/posts\/46472","targetHints":{"allow":["GET"]}}],"collection":[{"href":"https:\/\/elukelele.com\/fr\/wp-json\/wp\/v2\/posts"}],"about":[{"href":"https:\/\/elukelele.com\/fr\/wp-json\/wp\/v2\/types\/post"}],"author":[{"embeddable":true,"href":"https:\/\/elukelele.com\/fr\/wp-json\/wp\/v2\/users\/4"}],"replies":[{"embeddable":true,"href":"https:\/\/elukelele.com\/fr\/wp-json\/wp\/v2\/comments?post=46472"}],"version-history":[{"count":1,"href":"https:\/\/elukelele.com\/fr\/wp-json\/wp\/v2\/posts\/46472\/revisions"}],"predecessor-version":[{"id":46781,"href":"https:\/\/elukelele.com\/fr\/wp-json\/wp\/v2\/posts\/46472\/revisions\/46781"}],"wp:featuredmedia":[{"embeddable":true,"href":"https:\/\/elukelele.com\/fr\/wp-json\/wp\/v2\/media\/46471"}],"wp:attachment":[{"href":"https:\/\/elukelele.com\/fr\/wp-json\/wp\/v2\/media?parent=46472"}],"wp:term":[{"taxonomy":"category","embeddable":true,"href":"https:\/\/elukelele.com\/fr\/wp-json\/wp\/v2\/categories?post=46472"},{"taxonomy":"post_tag","embeddable":true,"href":"https:\/\/elukelele.com\/fr\/wp-json\/wp\/v2\/tags?post=46472"}],"curies":[{"name":"wp","href":"https:\/\/api.w.org\/{rel}","templated":true}]}}