{"id":46462,"date":"2025-11-28T04:24:18","date_gmt":"2025-11-28T04:24:18","guid":{"rendered":"https:\/\/elukelele.com\/fr\/?p=46462"},"modified":"2025-11-28T04:24:19","modified_gmt":"2025-11-28T04:24:19","slug":"alexandra-rosenfeld-recit-choc-sur-jean-imbert-a-lassemblee","status":"publish","type":"post","link":"https:\/\/elukelele.com\/fr\/divertissement\/alexandra-rosenfeld-recit-choc-sur-jean-imbert-a-lassemblee\/","title":{"rendered":"Alexandra Rosenfeld: R\u00e9cit choc sur Jean Imbert \u00e0 l&rsquo;Assembl\u00e9e"},"content":{"rendered":"<p>L&rsquo;ancienne Miss France Alexandra Rosenfeld a r\u00e9cemment pris la parole devant l&rsquo;Assembl\u00e9e nationale pour d\u00e9tailler ce qu&rsquo;elle d\u00e9crit comme une p\u00e9riode de \u00ab\u00a0calvaire\u00a0\u00bb v\u00e9cue avec le chef cuisinier Jean Imbert. Son t\u00e9moignage, qualifi\u00e9 de \u00ab\u00a0l&rsquo;un des plus difficiles\u00a0\u00bb de sa vie, met en lumi\u00e8re des accusations de contr\u00f4le coercitif et de violences psychologiques et physiques.<\/p>\n<h2>Un T\u00e9moignage \u00c9clairant sur le Contr\u00f4le Coercitif<\/h2>\n<p>Alexandra Rosenfeld a choisi de s&rsquo;exprimer publiquement afin de partager une exp\u00e9rience personnelle qui, selon elle, a profond\u00e9ment marqu\u00e9 sa vie. Elle a soulign\u00e9 la n\u00e9cessit\u00e9 de r\u00e9v\u00e9ler des m\u00e9canismes de domination souvent mal compris et invisibilis\u00e9s.<\/p>\n<p>Dans sa prise de parole, l&rsquo;ancienne Miss France a d\u00e9crit une relation d&rsquo;un an et quatre mois avec Jean Imbert, au cours de laquelle se seraient install\u00e9s des comportements qu&rsquo;elle identifie d\u00e9sormais comme du contr\u00f4le coercitif. Ce concept, qu&rsquo;elle a tenu \u00e0 d\u00e9finir, englobe un ensemble de conduites r\u00e9p\u00e9titives visant \u00e0 dominer une personne, l&rsquo;isoler de ses proches, la d\u00e9stabiliser, restreindre son autonomie et instaurer un climat de peur et d&rsquo;ob\u00e9issance.<\/p>\n<h2>Les M\u00e9canismes de la Domination Psychologique et Physique<\/h2>\n<p>Le t\u00e9moignage d&rsquo;Alexandra Rosenfeld d\u00e9peint une relation qui, apr\u00e8s un d\u00e9but passionnel, aurait progressivement men\u00e9 \u00e0 un isolement. Elle a relat\u00e9 que seul un cercle d&rsquo;amis valid\u00e9 par Jean Imbert \u00e9tait tol\u00e9r\u00e9, tandis que les autres \u00e9taient d\u00e9nigr\u00e9s et insult\u00e9s.<\/p>\n<p>L&rsquo;ancienne Miss France a \u00e9galement \u00e9voqu\u00e9 une p\u00e9riode de fragilit\u00e9 personnelle, accentu\u00e9e par une maladie auto-immune et une \u00ab\u00a0fatigue physique et psychologique\u00a0\u00bb, qui aurait favoris\u00e9 l&rsquo;instauration d&rsquo;un climat de tension constante. Elle se serait sentie \u00ab\u00a0toujours sur les nerfs, toujours en alerte\u00a0\u00bb, affirmant que Jean Imbert \u00ab\u00a0provoquait des col\u00e8res pour les retourner contre [elle] et [la] traiter de folle\u00a0\u00bb.<\/p>\n<p>Les accusations incluent des humiliations r\u00e9guli\u00e8res concernant son milieu social, sa fa\u00e7on de s&rsquo;habiller et de s&rsquo;exprimer. Elle rapporte qu&rsquo;il lui faisait croire que ses amis ne l&rsquo;appr\u00e9ciaient pas et qu&rsquo;il la trouvait \u00ab\u00a0b\u00eate\u00a0\u00bb. Au-del\u00e0 des violences psychologiques, Alexandra Rosenfeld a d\u00e9crit des gestes brusques et des violences physiques, mentionnant une fracture du nez r\u00e9sultant d&rsquo;un \u00ab\u00a0coup de t\u00eate\u00a0\u00bb que Jean Imbert aurait justifi\u00e9 comme un accident. Elle a cependant insist\u00e9 sur le fait que ce ne sont pas les coups qui lui ont laiss\u00e9 les traces les plus profondes, mais plut\u00f4t \u00ab\u00a0l&rsquo;impact psychologique, tout ce qui ne se voit pas\u00a0\u00bb.<\/p>\n<h2>Une D\u00e9nonciation au-del\u00e0 du Cas Individuel<\/h2>\n<p>Alexandra Rosenfeld n&rsquo;est pas la seule \u00e0 avoir d\u00e9nonc\u00e9 des comportements violents de la part de Jean Imbert. Elle a soulign\u00e9 que, sur une p\u00e9riode de 15 ans, cinq ex-compagnes se sont exprim\u00e9es publiquement, et que deux plaintes ont \u00e9t\u00e9 d\u00e9pos\u00e9es.<\/p>\n<p>Malgr\u00e9 ces t\u00e9moignages, certains craindraient encore de s&rsquo;exprimer en raison de l&rsquo;influence per\u00e7ue du chef cuisinier. De plus, l&rsquo;absence de r\u00e9action de la part des entreprises et marques associ\u00e9es \u00e0 Jean Imbert a \u00e9t\u00e9 d\u00e9plor\u00e9e par Alexandra Rosenfeld, qui a rappel\u00e9 l&rsquo;existence de chartes d&rsquo;entreprise en faveur des droits des femmes.<\/p>\n<p>Il est important de noter qu&rsquo;aucune d\u00e9cision de justice n&rsquo;a \u00e9t\u00e9 rendue concernant ces faits, et l&rsquo;entourage de Jean Imbert conteste les accusations. Le chef lui-m\u00eame s&rsquo;est mis \u00ab\u00a0en retrait\u00a0\u00bb de ses restaurants, le temps que la justice fasse son travail, et ses avocats r\u00e9futent plusieurs des all\u00e9gations.<\/p>\n<h2>Conclusion<\/h2>\n<p>Le t\u00e9moignage d&rsquo;Alexandra Rosenfeld \u00e0 l&rsquo;Assembl\u00e9e nationale repr\u00e9sente une \u00e9tape significative dans la prise de conscience des violences conjugales, en particulier le contr\u00f4le coercitif. En d\u00e9taillant les m\u00e9canismes de la domination psychologique et physique qu&rsquo;elle all\u00e8gue avoir subis, elle contribue \u00e0 briser le silence et \u00e0 encourager d&rsquo;autres victimes \u00e0 reconna\u00eetre et d\u00e9noncer de telles situations. L&rsquo;affaire continue d&rsquo;\u00e9voluer, et les d\u00e9veloppements judiciaires sont attendus pour \u00e9claircir les faits d\u00e9crits par les diff\u00e9rentes parties.<\/p>\n","protected":false},"excerpt":{"rendered":"<p>L&rsquo;ancienne Miss France Alexandra Rosenfeld a r\u00e9cemment pris la parole devant l&rsquo;Assembl\u00e9e nationale pour d\u00e9tailler ce qu&rsquo;elle d\u00e9crit comme une p\u00e9riode de \u00ab\u00a0calvaire\u00a0\u00bb v\u00e9cue avec le chef cuisinier Jean Imbert. Son t\u00e9moignage, qualifi\u00e9 de \u00ab\u00a0l&rsquo;un des plus difficiles\u00a0\u00bb de sa vie, met en lumi\u00e8re des accusations de contr\u00f4le coercitif et de violences psychologiques et physiques. [&hellip;]<\/p>\n","protected":false},"author":4,"featured_media":46461,"comment_status":"open","ping_status":"open","sticky":false,"template":"","format":"standard","meta":{"_yoast_wpseo_title":"Alexandra Rosenfeld: R\u00e9cit du \"calvaire\" avec Jean Imbert","_yoast_wpseo_metadesc":"Alexandra Rosenfeld r\u00e9v\u00e8le son \"calvaire\" avec Jean Imbert \u00e0 l'Assembl\u00e9e nationale. D\u00e9couvrez les d\u00e9tails poignants de son t\u00e9moignage sur le contr\u00f4le coercitif","_yoast_wpseo_focuskw":"Alexandra"},"categories":[5],"tags":[],"class_list":["post-46462","post","type-post","status-publish","format-standard","has-post-thumbnail","hentry","category-divertissement"],"yoast_head":"<!-- This site is optimized with the Yoast SEO plugin v26.3 - https:\/\/yoast.com\/wordpress\/plugins\/seo\/ -->\n<title>Alexandra Rosenfeld: R\u00e9cit du &quot;calvaire&quot; avec Jean Imbert<\/title>\n<meta name=\"description\" content=\"Alexandra Rosenfeld r\u00e9v\u00e8le son &quot;calvaire&quot; avec Jean Imbert \u00e0 l&#039;Assembl\u00e9e nationale. D\u00e9couvrez les d\u00e9tails poignants de son t\u00e9moignage sur le contr\u00f4le coercitif\" \/>\n<meta name=\"robots\" content=\"index, follow, max-snippet:-1, max-image-preview:large, max-video-preview:-1\" \/>\n<link rel=\"canonical\" href=\"https:\/\/elukelele.com\/fr\/divertissement\/alexandra-rosenfeld-recit-choc-sur-jean-imbert-a-lassemblee\/\" \/>\n<meta property=\"og:locale\" content=\"fr_FR\" \/>\n<meta property=\"og:type\" content=\"article\" \/>\n<meta property=\"og:title\" content=\"Alexandra Rosenfeld: R\u00e9cit du &quot;calvaire&quot; avec Jean Imbert\" \/>\n<meta property=\"og:description\" content=\"Alexandra Rosenfeld r\u00e9v\u00e8le son &quot;calvaire&quot; avec Jean Imbert \u00e0 l&#039;Assembl\u00e9e nationale. D\u00e9couvrez les d\u00e9tails poignants de son t\u00e9moignage sur le contr\u00f4le coercitif\" \/>\n<meta property=\"og:url\" content=\"https:\/\/elukelele.com\/fr\/divertissement\/alexandra-rosenfeld-recit-choc-sur-jean-imbert-a-lassemblee\/\" \/>\n<meta property=\"og:site_name\" content=\"El Ukelele\" \/>\n<meta property=\"article:published_time\" content=\"2025-11-28T04:24:18+00:00\" \/>\n<meta property=\"article:modified_time\" content=\"2025-11-28T04:24:19+00:00\" \/>\n<meta property=\"og:image\" content=\"https:\/\/elukelele.com\/fr\/wp-content\/uploads\/2025\/11\/framed_only-868.png\" \/>\n\t<meta property=\"og:image:width\" content=\"1200\" \/>\n\t<meta property=\"og:image:height\" content=\"628\" \/>\n\t<meta property=\"og:image:type\" content=\"image\/png\" \/>\n<meta name=\"author\" content=\"Daniel Perrin\" \/>\n<meta name=\"twitter:card\" content=\"summary_large_image\" \/>\n<meta name=\"twitter:label1\" content=\"\u00c9crit par\" \/>\n\t<meta name=\"twitter:data1\" content=\"Daniel Perrin\" \/>\n\t<meta name=\"twitter:label2\" content=\"Dur\u00e9e de lecture estim\u00e9e\" \/>\n\t<meta name=\"twitter:data2\" content=\"4 minutes\" \/>\n<script type=\"application\/ld+json\" class=\"yoast-schema-graph\">{\"@context\":\"https:\/\/schema.org\",\"@graph\":[{\"@type\":\"WebPage\",\"@id\":\"https:\/\/elukelele.com\/fr\/divertissement\/alexandra-rosenfeld-recit-choc-sur-jean-imbert-a-lassemblee\/\",\"url\":\"https:\/\/elukelele.com\/fr\/divertissement\/alexandra-rosenfeld-recit-choc-sur-jean-imbert-a-lassemblee\/\",\"name\":\"Alexandra Rosenfeld: R\u00e9cit du \\\"calvaire\\\" avec Jean Imbert\",\"isPartOf\":{\"@id\":\"https:\/\/elukelele.com\/fr\/#website\"},\"primaryImageOfPage\":{\"@id\":\"https:\/\/elukelele.com\/fr\/divertissement\/alexandra-rosenfeld-recit-choc-sur-jean-imbert-a-lassemblee\/#primaryimage\"},\"image\":{\"@id\":\"https:\/\/elukelele.com\/fr\/divertissement\/alexandra-rosenfeld-recit-choc-sur-jean-imbert-a-lassemblee\/#primaryimage\"},\"thumbnailUrl\":\"https:\/\/elukelele.com\/fr\/wp-content\/uploads\/2025\/11\/framed_only-868.png\",\"datePublished\":\"2025-11-28T04:24:18+00:00\",\"dateModified\":\"2025-11-28T04:24:19+00:00\",\"author\":{\"@id\":\"https:\/\/elukelele.com\/fr\/#\/schema\/person\/ccfb3d2be2ec7fa389608eb6da0b38d6\"},\"description\":\"Alexandra Rosenfeld r\u00e9v\u00e8le son \\\"calvaire\\\" avec Jean Imbert \u00e0 l'Assembl\u00e9e nationale. D\u00e9couvrez les d\u00e9tails poignants de son t\u00e9moignage sur le contr\u00f4le coercitif\",\"breadcrumb\":{\"@id\":\"https:\/\/elukelele.com\/fr\/divertissement\/alexandra-rosenfeld-recit-choc-sur-jean-imbert-a-lassemblee\/#breadcrumb\"},\"inLanguage\":\"fr-FR\",\"potentialAction\":[{\"@type\":\"ReadAction\",\"target\":[\"https:\/\/elukelele.com\/fr\/divertissement\/alexandra-rosenfeld-recit-choc-sur-jean-imbert-a-lassemblee\/\"]}]},{\"@type\":\"ImageObject\",\"inLanguage\":\"fr-FR\",\"@id\":\"https:\/\/elukelele.com\/fr\/divertissement\/alexandra-rosenfeld-recit-choc-sur-jean-imbert-a-lassemblee\/#primaryimage\",\"url\":\"https:\/\/elukelele.com\/fr\/wp-content\/uploads\/2025\/11\/framed_only-868.png\",\"contentUrl\":\"https:\/\/elukelele.com\/fr\/wp-content\/uploads\/2025\/11\/framed_only-868.png\",\"width\":1200,\"height\":628,\"caption\":\"Alexandra\"},{\"@type\":\"BreadcrumbList\",\"@id\":\"https:\/\/elukelele.com\/fr\/divertissement\/alexandra-rosenfeld-recit-choc-sur-jean-imbert-a-lassemblee\/#breadcrumb\",\"itemListElement\":[{\"@type\":\"ListItem\",\"position\":1,\"name\":\"Home\",\"item\":\"https:\/\/elukelele.com\/fr\/\"},{\"@type\":\"ListItem\",\"position\":2,\"name\":\"Alexandra Rosenfeld: R\u00e9cit choc sur Jean Imbert \u00e0 l&rsquo;Assembl\u00e9e\"}]},{\"@type\":\"WebSite\",\"@id\":\"https:\/\/elukelele.com\/fr\/#website\",\"url\":\"https:\/\/elukelele.com\/fr\/\",\"name\":\"El Ukelele\",\"description\":\"Musique au-del\u00e0 de l&#039;indie\",\"potentialAction\":[{\"@type\":\"SearchAction\",\"target\":{\"@type\":\"EntryPoint\",\"urlTemplate\":\"https:\/\/elukelele.com\/fr\/?s={search_term_string}\"},\"query-input\":{\"@type\":\"PropertyValueSpecification\",\"valueRequired\":true,\"valueName\":\"search_term_string\"}}],\"inLanguage\":\"fr-FR\"},{\"@type\":\"Person\",\"@id\":\"https:\/\/elukelele.com\/fr\/#\/schema\/person\/ccfb3d2be2ec7fa389608eb6da0b38d6\",\"name\":\"Daniel Perrin\",\"image\":{\"@type\":\"ImageObject\",\"inLanguage\":\"fr-FR\",\"@id\":\"https:\/\/elukelele.com\/fr\/#\/schema\/person\/image\/\",\"url\":\"https:\/\/secure.gravatar.com\/avatar\/37f9d9ffa29ce5640a0d9c6ca8bbd90afb854014296ecaa0e3a558ac716e6fe4?s=96&d=mm&r=g\",\"contentUrl\":\"https:\/\/secure.gravatar.com\/avatar\/37f9d9ffa29ce5640a0d9c6ca8bbd90afb854014296ecaa0e3a558ac716e6fe4?s=96&d=mm&r=g\",\"caption\":\"Daniel Perrin\"},\"sameAs\":[\"https:\/\/elukelele.com\/fr\"],\"url\":\"https:\/\/elukelele.com\/fr\/author\/daniel-perrin\/\"}]}<\/script>\n<!-- \/ Yoast SEO plugin. -->","yoast_head_json":{"title":"Alexandra Rosenfeld: R\u00e9cit du \"calvaire\" avec Jean Imbert","description":"Alexandra Rosenfeld r\u00e9v\u00e8le son \"calvaire\" avec Jean Imbert \u00e0 l'Assembl\u00e9e nationale. D\u00e9couvrez les d\u00e9tails poignants de son t\u00e9moignage sur le contr\u00f4le coercitif","robots":{"index":"index","follow":"follow","max-snippet":"max-snippet:-1","max-image-preview":"max-image-preview:large","max-video-preview":"max-video-preview:-1"},"canonical":"https:\/\/elukelele.com\/fr\/divertissement\/alexandra-rosenfeld-recit-choc-sur-jean-imbert-a-lassemblee\/","og_locale":"fr_FR","og_type":"article","og_title":"Alexandra Rosenfeld: R\u00e9cit du \"calvaire\" avec Jean Imbert","og_description":"Alexandra Rosenfeld r\u00e9v\u00e8le son \"calvaire\" avec Jean Imbert \u00e0 l'Assembl\u00e9e nationale. D\u00e9couvrez les d\u00e9tails poignants de son t\u00e9moignage sur le contr\u00f4le coercitif","og_url":"https:\/\/elukelele.com\/fr\/divertissement\/alexandra-rosenfeld-recit-choc-sur-jean-imbert-a-lassemblee\/","og_site_name":"El Ukelele","article_published_time":"2025-11-28T04:24:18+00:00","article_modified_time":"2025-11-28T04:24:19+00:00","og_image":[{"width":1200,"height":628,"url":"https:\/\/elukelele.com\/fr\/wp-content\/uploads\/2025\/11\/framed_only-868.png","type":"image\/png"}],"author":"Daniel Perrin","twitter_card":"summary_large_image","twitter_misc":{"\u00c9crit par":"Daniel Perrin","Dur\u00e9e de lecture estim\u00e9e":"4 minutes"},"schema":{"@context":"https:\/\/schema.org","@graph":[{"@type":"WebPage","@id":"https:\/\/elukelele.com\/fr\/divertissement\/alexandra-rosenfeld-recit-choc-sur-jean-imbert-a-lassemblee\/","url":"https:\/\/elukelele.com\/fr\/divertissement\/alexandra-rosenfeld-recit-choc-sur-jean-imbert-a-lassemblee\/","name":"Alexandra Rosenfeld: R\u00e9cit du \"calvaire\" avec Jean Imbert","isPartOf":{"@id":"https:\/\/elukelele.com\/fr\/#website"},"primaryImageOfPage":{"@id":"https:\/\/elukelele.com\/fr\/divertissement\/alexandra-rosenfeld-recit-choc-sur-jean-imbert-a-lassemblee\/#primaryimage"},"image":{"@id":"https:\/\/elukelele.com\/fr\/divertissement\/alexandra-rosenfeld-recit-choc-sur-jean-imbert-a-lassemblee\/#primaryimage"},"thumbnailUrl":"https:\/\/elukelele.com\/fr\/wp-content\/uploads\/2025\/11\/framed_only-868.png","datePublished":"2025-11-28T04:24:18+00:00","dateModified":"2025-11-28T04:24:19+00:00","author":{"@id":"https:\/\/elukelele.com\/fr\/#\/schema\/person\/ccfb3d2be2ec7fa389608eb6da0b38d6"},"description":"Alexandra Rosenfeld r\u00e9v\u00e8le son \"calvaire\" avec Jean Imbert \u00e0 l'Assembl\u00e9e nationale. D\u00e9couvrez les d\u00e9tails poignants de son t\u00e9moignage sur le contr\u00f4le coercitif","breadcrumb":{"@id":"https:\/\/elukelele.com\/fr\/divertissement\/alexandra-rosenfeld-recit-choc-sur-jean-imbert-a-lassemblee\/#breadcrumb"},"inLanguage":"fr-FR","potentialAction":[{"@type":"ReadAction","target":["https:\/\/elukelele.com\/fr\/divertissement\/alexandra-rosenfeld-recit-choc-sur-jean-imbert-a-lassemblee\/"]}]},{"@type":"ImageObject","inLanguage":"fr-FR","@id":"https:\/\/elukelele.com\/fr\/divertissement\/alexandra-rosenfeld-recit-choc-sur-jean-imbert-a-lassemblee\/#primaryimage","url":"https:\/\/elukelele.com\/fr\/wp-content\/uploads\/2025\/11\/framed_only-868.png","contentUrl":"https:\/\/elukelele.com\/fr\/wp-content\/uploads\/2025\/11\/framed_only-868.png","width":1200,"height":628,"caption":"Alexandra"},{"@type":"BreadcrumbList","@id":"https:\/\/elukelele.com\/fr\/divertissement\/alexandra-rosenfeld-recit-choc-sur-jean-imbert-a-lassemblee\/#breadcrumb","itemListElement":[{"@type":"ListItem","position":1,"name":"Home","item":"https:\/\/elukelele.com\/fr\/"},{"@type":"ListItem","position":2,"name":"Alexandra Rosenfeld: R\u00e9cit choc sur Jean Imbert \u00e0 l&rsquo;Assembl\u00e9e"}]},{"@type":"WebSite","@id":"https:\/\/elukelele.com\/fr\/#website","url":"https:\/\/elukelele.com\/fr\/","name":"El Ukelele","description":"Musique au-del\u00e0 de l&#039;indie","potentialAction":[{"@type":"SearchAction","target":{"@type":"EntryPoint","urlTemplate":"https:\/\/elukelele.com\/fr\/?s={search_term_string}"},"query-input":{"@type":"PropertyValueSpecification","valueRequired":true,"valueName":"search_term_string"}}],"inLanguage":"fr-FR"},{"@type":"Person","@id":"https:\/\/elukelele.com\/fr\/#\/schema\/person\/ccfb3d2be2ec7fa389608eb6da0b38d6","name":"Daniel Perrin","image":{"@type":"ImageObject","inLanguage":"fr-FR","@id":"https:\/\/elukelele.com\/fr\/#\/schema\/person\/image\/","url":"https:\/\/secure.gravatar.com\/avatar\/37f9d9ffa29ce5640a0d9c6ca8bbd90afb854014296ecaa0e3a558ac716e6fe4?s=96&d=mm&r=g","contentUrl":"https:\/\/secure.gravatar.com\/avatar\/37f9d9ffa29ce5640a0d9c6ca8bbd90afb854014296ecaa0e3a558ac716e6fe4?s=96&d=mm&r=g","caption":"Daniel Perrin"},"sameAs":["https:\/\/elukelele.com\/fr"],"url":"https:\/\/elukelele.com\/fr\/author\/daniel-perrin\/"}]}},"_links":{"self":[{"href":"https:\/\/elukelele.com\/fr\/wp-json\/wp\/v2\/posts\/46462","targetHints":{"allow":["GET"]}}],"collection":[{"href":"https:\/\/elukelele.com\/fr\/wp-json\/wp\/v2\/posts"}],"about":[{"href":"https:\/\/elukelele.com\/fr\/wp-json\/wp\/v2\/types\/post"}],"author":[{"embeddable":true,"href":"https:\/\/elukelele.com\/fr\/wp-json\/wp\/v2\/users\/4"}],"replies":[{"embeddable":true,"href":"https:\/\/elukelele.com\/fr\/wp-json\/wp\/v2\/comments?post=46462"}],"version-history":[{"count":1,"href":"https:\/\/elukelele.com\/fr\/wp-json\/wp\/v2\/posts\/46462\/revisions"}],"predecessor-version":[{"id":46777,"href":"https:\/\/elukelele.com\/fr\/wp-json\/wp\/v2\/posts\/46462\/revisions\/46777"}],"wp:featuredmedia":[{"embeddable":true,"href":"https:\/\/elukelele.com\/fr\/wp-json\/wp\/v2\/media\/46461"}],"wp:attachment":[{"href":"https:\/\/elukelele.com\/fr\/wp-json\/wp\/v2\/media?parent=46462"}],"wp:term":[{"taxonomy":"category","embeddable":true,"href":"https:\/\/elukelele.com\/fr\/wp-json\/wp\/v2\/categories?post=46462"},{"taxonomy":"post_tag","embeddable":true,"href":"https:\/\/elukelele.com\/fr\/wp-json\/wp\/v2\/tags?post=46462"}],"curies":[{"name":"wp","href":"https:\/\/api.w.org\/{rel}","templated":true}]}}