{"id":46438,"date":"2025-11-28T04:15:07","date_gmt":"2025-11-28T04:15:07","guid":{"rendered":"https:\/\/elukelele.com\/fr\/?p=46438"},"modified":"2025-11-28T04:15:07","modified_gmt":"2025-11-28T04:15:07","slug":"marvel-et-stephen-king-ladaptation-inedite-au-cinema","status":"publish","type":"post","link":"https:\/\/elukelele.com\/fr\/divertissement\/marvel-et-stephen-king-ladaptation-inedite-au-cinema\/","title":{"rendered":"Marvel et Stephen King : L&rsquo;adaptation in\u00e9dite au cin\u00e9ma"},"content":{"rendered":"<p><main><\/p>\n<p>Bien avant que les \u0153uvres de Stephen King ne dominent les \u00e9crans de cin\u00e9ma, un acteur inattendu du monde des comics, Marvel, a jou\u00e9 un r\u00f4le discret mais significatif dans l&rsquo;une des premi\u00e8res adaptations de l&rsquo;\u00e9crivain. Cette rencontre pr\u00e9coce entre l&rsquo;univers graphique et l&rsquo;horreur litt\u00e9raire marque une \u00e9tape fascinante dans l&rsquo;histoire des transpositions des r\u00e9cits du ma\u00eetre de l&rsquo;horreur.<\/p>\n<h1 class=\"mb-4 font-bold text-24 article-h1\">Marvel \u00e0 l\u2019Origine d\u2019une des Premi\u00e8res Adaptations de Stephen King au Cin\u00e9ma : Le Cas de The Lawnmower Man<\/h1>\n<p>Le ph\u00e9nom\u00e8ne Stephen King au cin\u00e9ma est aujourd&rsquo;hui une \u00e9vidence, avec des dizaines d&rsquo;adaptations qui ont marqu\u00e9 l&rsquo;imaginaire collectif. Cependant, peu de gens savent que bien avant les blockbusters et les s\u00e9ries \u00e0 succ\u00e8s, Marvel a contribu\u00e9 \u00e0 porter l&rsquo;une de ses nouvelles \u00e0 l&rsquo;\u00e9cran, ou du moins, sur papier dans un format visuel unique. L&rsquo;histoire de \u00ab\u00a0The Lawnmower Man\u00a0\u00bb (\u00ab\u00a0Le Faucheur\u00a0\u00bb) est embl\u00e9matique de la diversit\u00e9 des chemins qu&rsquo;ont emprunt\u00e9s les \u0153uvres de King pour rencontrer leur public, parfois avec des fortunes diverses.<\/p>\n<h2 class=\"adn_sommaire\" id=\"Un-detour-inattendu-par-la-bande-dessinee-Marvel\">Un D\u00e9tour Inattendu par la Bande Dessin\u00e9e Marvel<\/h2>\n<p>En 1981, alors que Stephen King commence tout juste \u00e0 solidifier sa r\u00e9putation d&rsquo;auteur incontournable, sa nouvelle \u00ab\u00a0The Lawnmower Man\u00a0\u00bb trouve une adaptation surprenante dans le magazine \u00ab\u00a0Bizarre Adventures\u00a0\u00bb de Marvel. Ce num\u00e9ro 29 offre une transposition fid\u00e8le du texte original, agr\u00e9ment\u00e9e des illustrations marquantes de Walt Simonson. Cette version en bande dessin\u00e9e, en noir et blanc, est parvenue \u00e0 capturer l&rsquo;ambiance \u00e9trange et l&rsquo;humour noir caract\u00e9ristiques de l&rsquo;\u0153uvre de King, m\u00ealant le fantastique \u00e0 une vision d\u00e9cadente de l&rsquo;Americana. C&rsquo;est une facette peu connue de l&rsquo;histoire des adaptations de King, d\u00e9montrant l&rsquo;ouverture des \u00e9diteurs de comics \u00e0 des r\u00e9cits plus sombres et adultes.<\/p>\n<h2 class=\"adn_sommaire\" id=\"Loin-des-pelouses-virtuelles-le-film-controverse-de-1992\">Loin des Pelouses Virtuelles : Le Film Controvers\u00e9 de 1992<\/h2>\n<p>La nouvelle \u00ab\u00a0The Lawnmower Man\u00a0\u00bb a \u00e9galement fait l&rsquo;objet d&rsquo;une adaptation cin\u00e9matographique en 1992, r\u00e9alis\u00e9e par Brett Leonard. Cependant, cette version grand \u00e9cran s&rsquo;est radicalement \u00e9loign\u00e9e de l&rsquo;intrigue imagin\u00e9e par Stephen King. Le film a d\u00e9laiss\u00e9 le th\u00e8me du satyre et de la faucheuse pour explorer un univers de cyber-thriller et de r\u00e9alit\u00e9 virtuelle, une th\u00e9matique tr\u00e8s en vogue \u00e0 l&rsquo;\u00e9poque. Cette divergence fut si importante que Stephen King lui-m\u00eame a intent\u00e9 une action en justice pour faire retirer son nom des cr\u00e9dits du film, estimant que l&rsquo;\u0153uvre trahissait compl\u00e8tement son r\u00e9cit original. Le long-m\u00e9trage a m\u00eame engendr\u00e9 une suite en 1996, qui s&rsquo;\u00e9loignait encore davantage de la source litt\u00e9raire.<\/p>\n<h2 class=\"adn_sommaire\" id=\"Le-Dollar-Baby-une-pepiniere-dadaptations-confidentielles\">Le \u00ab\u00a0Dollar Baby\u00a0\u00bb : Une P\u00e9pini\u00e8re d&rsquo;Adaptations Confidentielles<\/h2>\n<p>Parall\u00e8lement aux adaptations commerciales, Stephen King a mis en place le programme \u00ab\u00a0Dollar Baby\u00a0\u00bb, une initiative permettant \u00e0 de jeunes cin\u00e9astes d&rsquo;adapter ses nouvelles pour un dollar symbolique, sous certaines conditions. Ce programme a permis la cr\u00e9ation de nombreuses adaptations courtes et souvent tr\u00e8s fid\u00e8les aux textes originaux. En 1987, bien avant le film controvers\u00e9 de 1992, le r\u00e9alisateur James Gonis et le sc\u00e9nariste Michael De Luca ont produit un court-m\u00e9trage d&rsquo;environ douze minutes de \u00ab\u00a0The Lawnmower Man\u00a0\u00bb dans le cadre de ce programme. Bien que ces films \u00ab\u00a0Dollar Baby\u00a0\u00bb soient g\u00e9n\u00e9ralement destin\u00e9s aux festivals et aient une distribution limit\u00e9e, ils repr\u00e9sentent une part importante de l&rsquo;h\u00e9ritage d&rsquo;adaptations de King, offrant des visions plus intimes et respectueuses de ses \u00e9crits.<\/p>\n<h2 class=\"adn_sommaire\" id=\"Linepuisable-filon-des-adaptations-de-Stephen-King\">L&rsquo;In\u00e9puisable Filon des Adaptations de Stephen King<\/h2>\n<p>L&rsquo;histoire de l&rsquo;adaptation de \u00ab\u00a0The Lawnmower Man\u00a0\u00bb, avec son passage par Marvel et ses incarnations cin\u00e9matographiques contrast\u00e9es, illustre parfaitement la richesse et la complexit\u00e9 des transpositions des \u0153uvres de Stephen King. Avant cette histoire singuli\u00e8re, seules trois \u0153uvres majeures de King avaient \u00e9t\u00e9 adapt\u00e9es : \u00ab\u00a0Carrie\u00a0\u00bb, \u00ab\u00a0Salem&rsquo;s Lot\u00a0\u00bb et \u00ab\u00a0Shining\u00a0\u00bb. Par la suite, une pl\u00e9thore d&rsquo;autres romans et nouvelles ont trouv\u00e9 leur chemin vers le grand ou le petit \u00e9cran, incluant des titres embl\u00e9matiques comme \u00ab\u00a0Cujo\u00a0\u00bb, \u00ab\u00a0Creepshow\u00a0\u00bb ou \u00ab\u00a0Christine\u00a0\u00bb.<\/p>\n<p>Plusieurs points essentiels ressortent de cette trajectoire d&rsquo;adaptations :<\/p>\n<ul>\n<li><strong>La fid\u00e9lit\u00e9 au texte original :<\/strong> La version en bande dessin\u00e9e de Marvel a su rester remarquablement loyale au r\u00e9cit initial de King.<\/li>\n<li><strong>La diversit\u00e9 des formes :<\/strong> Les histoires de King ont \u00e9t\u00e9 explor\u00e9es sous une multitude de formats, allant du comic book underground aux superproductions hollywoodiennes.<\/li>\n<li><strong>Le soutien aux nouveaux talents :<\/strong> Le programme \u00ab\u00a0Dollar Baby\u00a0\u00bb a encourag\u00e9 une nouvelle g\u00e9n\u00e9ration de r\u00e9alisateurs \u00e0 s&rsquo;approprier les r\u00e9cits de l&rsquo;auteur.<\/li>\n<\/ul>\n<h2 class=\"adn_sommaire\" id=\"Conclusion\">Conclusion<\/h2>\n<p>L&rsquo;implication de Marvel dans l&rsquo;une des premi\u00e8res adaptations de Stephen King, \u00e0 travers sa nouvelle \u00ab\u00a0The Lawnmower Man\u00a0\u00bb, est un rappel fascinant de la mani\u00e8re dont les univers cr\u00e9atifs peuvent se croiser de fa\u00e7on inattendue. Qu&rsquo;il s&rsquo;agisse d&rsquo;une adaptation fid\u00e8le en bande dessin\u00e9e, d&rsquo;une r\u00e9interpr\u00e9tation controvers\u00e9e au cin\u00e9ma, ou d&rsquo;un court-m\u00e9trage confidentiel issu du programme \u00ab\u00a0Dollar Baby\u00a0\u00bb, les \u0153uvres de King ont toujours suscit\u00e9 un d\u00e9sir d&rsquo;exploration et de transposition. Cette diversit\u00e9 t\u00e9moigne de la puissance intemporelle de ses r\u00e9cits, capables d&rsquo;inspirer des cr\u00e9ateurs de tous horizons et de se pr\u00eater \u00e0 d&rsquo;innombrables interpr\u00e9tations, pour le meilleur comme pour le pire.<\/p>\n<p><\/main><\/p>\n","protected":false},"excerpt":{"rendered":"<p>Bien avant que les \u0153uvres de Stephen King ne dominent les \u00e9crans de cin\u00e9ma, un acteur inattendu du monde des comics, Marvel, a jou\u00e9 un r\u00f4le discret mais significatif dans l&rsquo;une des premi\u00e8res adaptations de l&rsquo;\u00e9crivain. Cette rencontre pr\u00e9coce entre l&rsquo;univers graphique et l&rsquo;horreur litt\u00e9raire marque une \u00e9tape fascinante dans l&rsquo;histoire des transpositions des r\u00e9cits [&hellip;]<\/p>\n","protected":false},"author":4,"featured_media":46437,"comment_status":"open","ping_status":"open","sticky":false,"template":"","format":"standard","meta":{"_yoast_wpseo_title":"Marvel et Stephen King : L'adaptation in\u00e9dite au cin\u00e9ma","_yoast_wpseo_metadesc":"D\u00e9couvrez comment Marvel a jou\u00e9 un r\u00f4le cl\u00e9 dans l'adaptation pr\u00e9coce de Stephen King au cin\u00e9ma, bien avant les succ\u00e8s actuels.","_yoast_wpseo_focuskw":"Marvel"},"categories":[5],"tags":[],"class_list":["post-46438","post","type-post","status-publish","format-standard","has-post-thumbnail","hentry","category-divertissement"],"yoast_head":"<!-- This site is optimized with the Yoast SEO plugin v26.3 - https:\/\/yoast.com\/wordpress\/plugins\/seo\/ -->\n<title>Marvel et Stephen King : L&#039;adaptation in\u00e9dite au cin\u00e9ma<\/title>\n<meta name=\"description\" content=\"D\u00e9couvrez comment Marvel a jou\u00e9 un r\u00f4le cl\u00e9 dans l&#039;adaptation pr\u00e9coce de Stephen King au cin\u00e9ma, bien avant les succ\u00e8s actuels.\" \/>\n<meta name=\"robots\" content=\"index, follow, max-snippet:-1, max-image-preview:large, max-video-preview:-1\" \/>\n<link rel=\"canonical\" href=\"https:\/\/elukelele.com\/fr\/divertissement\/marvel-et-stephen-king-ladaptation-inedite-au-cinema\/\" \/>\n<meta property=\"og:locale\" content=\"fr_FR\" \/>\n<meta property=\"og:type\" content=\"article\" \/>\n<meta property=\"og:title\" content=\"Marvel et Stephen King : L&#039;adaptation in\u00e9dite au cin\u00e9ma\" \/>\n<meta property=\"og:description\" content=\"D\u00e9couvrez comment Marvel a jou\u00e9 un r\u00f4le cl\u00e9 dans l&#039;adaptation pr\u00e9coce de Stephen King au cin\u00e9ma, bien avant les succ\u00e8s actuels.\" \/>\n<meta property=\"og:url\" content=\"https:\/\/elukelele.com\/fr\/divertissement\/marvel-et-stephen-king-ladaptation-inedite-au-cinema\/\" \/>\n<meta property=\"og:site_name\" content=\"El Ukelele\" \/>\n<meta property=\"article:published_time\" content=\"2025-11-28T04:15:07+00:00\" \/>\n<meta property=\"og:image\" content=\"https:\/\/elukelele.com\/fr\/wp-content\/uploads\/2025\/11\/framed_only-856.png\" \/>\n\t<meta property=\"og:image:width\" content=\"1200\" \/>\n\t<meta property=\"og:image:height\" content=\"628\" \/>\n\t<meta property=\"og:image:type\" content=\"image\/png\" \/>\n<meta name=\"author\" content=\"Daniel Perrin\" \/>\n<meta name=\"twitter:card\" content=\"summary_large_image\" \/>\n<meta name=\"twitter:label1\" content=\"\u00c9crit par\" \/>\n\t<meta name=\"twitter:data1\" content=\"Daniel Perrin\" \/>\n\t<meta name=\"twitter:label2\" content=\"Dur\u00e9e de lecture estim\u00e9e\" \/>\n\t<meta name=\"twitter:data2\" content=\"5 minutes\" \/>\n<script type=\"application\/ld+json\" class=\"yoast-schema-graph\">{\"@context\":\"https:\/\/schema.org\",\"@graph\":[{\"@type\":\"WebPage\",\"@id\":\"https:\/\/elukelele.com\/fr\/divertissement\/marvel-et-stephen-king-ladaptation-inedite-au-cinema\/\",\"url\":\"https:\/\/elukelele.com\/fr\/divertissement\/marvel-et-stephen-king-ladaptation-inedite-au-cinema\/\",\"name\":\"Marvel et Stephen King : L'adaptation in\u00e9dite au cin\u00e9ma\",\"isPartOf\":{\"@id\":\"https:\/\/elukelele.com\/fr\/#website\"},\"primaryImageOfPage\":{\"@id\":\"https:\/\/elukelele.com\/fr\/divertissement\/marvel-et-stephen-king-ladaptation-inedite-au-cinema\/#primaryimage\"},\"image\":{\"@id\":\"https:\/\/elukelele.com\/fr\/divertissement\/marvel-et-stephen-king-ladaptation-inedite-au-cinema\/#primaryimage\"},\"thumbnailUrl\":\"https:\/\/elukelele.com\/fr\/wp-content\/uploads\/2025\/11\/framed_only-856.png\",\"datePublished\":\"2025-11-28T04:15:07+00:00\",\"author\":{\"@id\":\"https:\/\/elukelele.com\/fr\/#\/schema\/person\/ccfb3d2be2ec7fa389608eb6da0b38d6\"},\"description\":\"D\u00e9couvrez comment Marvel a jou\u00e9 un r\u00f4le cl\u00e9 dans l'adaptation pr\u00e9coce de Stephen King au cin\u00e9ma, bien avant les succ\u00e8s actuels.\",\"breadcrumb\":{\"@id\":\"https:\/\/elukelele.com\/fr\/divertissement\/marvel-et-stephen-king-ladaptation-inedite-au-cinema\/#breadcrumb\"},\"inLanguage\":\"fr-FR\",\"potentialAction\":[{\"@type\":\"ReadAction\",\"target\":[\"https:\/\/elukelele.com\/fr\/divertissement\/marvel-et-stephen-king-ladaptation-inedite-au-cinema\/\"]}]},{\"@type\":\"ImageObject\",\"inLanguage\":\"fr-FR\",\"@id\":\"https:\/\/elukelele.com\/fr\/divertissement\/marvel-et-stephen-king-ladaptation-inedite-au-cinema\/#primaryimage\",\"url\":\"https:\/\/elukelele.com\/fr\/wp-content\/uploads\/2025\/11\/framed_only-856.png\",\"contentUrl\":\"https:\/\/elukelele.com\/fr\/wp-content\/uploads\/2025\/11\/framed_only-856.png\",\"width\":1200,\"height\":628,\"caption\":\"Marvel\"},{\"@type\":\"BreadcrumbList\",\"@id\":\"https:\/\/elukelele.com\/fr\/divertissement\/marvel-et-stephen-king-ladaptation-inedite-au-cinema\/#breadcrumb\",\"itemListElement\":[{\"@type\":\"ListItem\",\"position\":1,\"name\":\"Home\",\"item\":\"https:\/\/elukelele.com\/fr\/\"},{\"@type\":\"ListItem\",\"position\":2,\"name\":\"Marvel et Stephen King : L&rsquo;adaptation in\u00e9dite au cin\u00e9ma\"}]},{\"@type\":\"WebSite\",\"@id\":\"https:\/\/elukelele.com\/fr\/#website\",\"url\":\"https:\/\/elukelele.com\/fr\/\",\"name\":\"El Ukelele\",\"description\":\"Musique au-del\u00e0 de l&#039;indie\",\"potentialAction\":[{\"@type\":\"SearchAction\",\"target\":{\"@type\":\"EntryPoint\",\"urlTemplate\":\"https:\/\/elukelele.com\/fr\/?s={search_term_string}\"},\"query-input\":{\"@type\":\"PropertyValueSpecification\",\"valueRequired\":true,\"valueName\":\"search_term_string\"}}],\"inLanguage\":\"fr-FR\"},{\"@type\":\"Person\",\"@id\":\"https:\/\/elukelele.com\/fr\/#\/schema\/person\/ccfb3d2be2ec7fa389608eb6da0b38d6\",\"name\":\"Daniel Perrin\",\"image\":{\"@type\":\"ImageObject\",\"inLanguage\":\"fr-FR\",\"@id\":\"https:\/\/elukelele.com\/fr\/#\/schema\/person\/image\/\",\"url\":\"https:\/\/secure.gravatar.com\/avatar\/37f9d9ffa29ce5640a0d9c6ca8bbd90afb854014296ecaa0e3a558ac716e6fe4?s=96&d=mm&r=g\",\"contentUrl\":\"https:\/\/secure.gravatar.com\/avatar\/37f9d9ffa29ce5640a0d9c6ca8bbd90afb854014296ecaa0e3a558ac716e6fe4?s=96&d=mm&r=g\",\"caption\":\"Daniel Perrin\"},\"sameAs\":[\"https:\/\/elukelele.com\/fr\"],\"url\":\"https:\/\/elukelele.com\/fr\/author\/daniel-perrin\/\"}]}<\/script>\n<!-- \/ Yoast SEO plugin. -->","yoast_head_json":{"title":"Marvel et Stephen King : L'adaptation in\u00e9dite au cin\u00e9ma","description":"D\u00e9couvrez comment Marvel a jou\u00e9 un r\u00f4le cl\u00e9 dans l'adaptation pr\u00e9coce de Stephen King au cin\u00e9ma, bien avant les succ\u00e8s actuels.","robots":{"index":"index","follow":"follow","max-snippet":"max-snippet:-1","max-image-preview":"max-image-preview:large","max-video-preview":"max-video-preview:-1"},"canonical":"https:\/\/elukelele.com\/fr\/divertissement\/marvel-et-stephen-king-ladaptation-inedite-au-cinema\/","og_locale":"fr_FR","og_type":"article","og_title":"Marvel et Stephen King : L'adaptation in\u00e9dite au cin\u00e9ma","og_description":"D\u00e9couvrez comment Marvel a jou\u00e9 un r\u00f4le cl\u00e9 dans l'adaptation pr\u00e9coce de Stephen King au cin\u00e9ma, bien avant les succ\u00e8s actuels.","og_url":"https:\/\/elukelele.com\/fr\/divertissement\/marvel-et-stephen-king-ladaptation-inedite-au-cinema\/","og_site_name":"El Ukelele","article_published_time":"2025-11-28T04:15:07+00:00","og_image":[{"width":1200,"height":628,"url":"https:\/\/elukelele.com\/fr\/wp-content\/uploads\/2025\/11\/framed_only-856.png","type":"image\/png"}],"author":"Daniel Perrin","twitter_card":"summary_large_image","twitter_misc":{"\u00c9crit par":"Daniel Perrin","Dur\u00e9e de lecture estim\u00e9e":"5 minutes"},"schema":{"@context":"https:\/\/schema.org","@graph":[{"@type":"WebPage","@id":"https:\/\/elukelele.com\/fr\/divertissement\/marvel-et-stephen-king-ladaptation-inedite-au-cinema\/","url":"https:\/\/elukelele.com\/fr\/divertissement\/marvel-et-stephen-king-ladaptation-inedite-au-cinema\/","name":"Marvel et Stephen King : L'adaptation in\u00e9dite au cin\u00e9ma","isPartOf":{"@id":"https:\/\/elukelele.com\/fr\/#website"},"primaryImageOfPage":{"@id":"https:\/\/elukelele.com\/fr\/divertissement\/marvel-et-stephen-king-ladaptation-inedite-au-cinema\/#primaryimage"},"image":{"@id":"https:\/\/elukelele.com\/fr\/divertissement\/marvel-et-stephen-king-ladaptation-inedite-au-cinema\/#primaryimage"},"thumbnailUrl":"https:\/\/elukelele.com\/fr\/wp-content\/uploads\/2025\/11\/framed_only-856.png","datePublished":"2025-11-28T04:15:07+00:00","author":{"@id":"https:\/\/elukelele.com\/fr\/#\/schema\/person\/ccfb3d2be2ec7fa389608eb6da0b38d6"},"description":"D\u00e9couvrez comment Marvel a jou\u00e9 un r\u00f4le cl\u00e9 dans l'adaptation pr\u00e9coce de Stephen King au cin\u00e9ma, bien avant les succ\u00e8s actuels.","breadcrumb":{"@id":"https:\/\/elukelele.com\/fr\/divertissement\/marvel-et-stephen-king-ladaptation-inedite-au-cinema\/#breadcrumb"},"inLanguage":"fr-FR","potentialAction":[{"@type":"ReadAction","target":["https:\/\/elukelele.com\/fr\/divertissement\/marvel-et-stephen-king-ladaptation-inedite-au-cinema\/"]}]},{"@type":"ImageObject","inLanguage":"fr-FR","@id":"https:\/\/elukelele.com\/fr\/divertissement\/marvel-et-stephen-king-ladaptation-inedite-au-cinema\/#primaryimage","url":"https:\/\/elukelele.com\/fr\/wp-content\/uploads\/2025\/11\/framed_only-856.png","contentUrl":"https:\/\/elukelele.com\/fr\/wp-content\/uploads\/2025\/11\/framed_only-856.png","width":1200,"height":628,"caption":"Marvel"},{"@type":"BreadcrumbList","@id":"https:\/\/elukelele.com\/fr\/divertissement\/marvel-et-stephen-king-ladaptation-inedite-au-cinema\/#breadcrumb","itemListElement":[{"@type":"ListItem","position":1,"name":"Home","item":"https:\/\/elukelele.com\/fr\/"},{"@type":"ListItem","position":2,"name":"Marvel et Stephen King : L&rsquo;adaptation in\u00e9dite au cin\u00e9ma"}]},{"@type":"WebSite","@id":"https:\/\/elukelele.com\/fr\/#website","url":"https:\/\/elukelele.com\/fr\/","name":"El Ukelele","description":"Musique au-del\u00e0 de l&#039;indie","potentialAction":[{"@type":"SearchAction","target":{"@type":"EntryPoint","urlTemplate":"https:\/\/elukelele.com\/fr\/?s={search_term_string}"},"query-input":{"@type":"PropertyValueSpecification","valueRequired":true,"valueName":"search_term_string"}}],"inLanguage":"fr-FR"},{"@type":"Person","@id":"https:\/\/elukelele.com\/fr\/#\/schema\/person\/ccfb3d2be2ec7fa389608eb6da0b38d6","name":"Daniel Perrin","image":{"@type":"ImageObject","inLanguage":"fr-FR","@id":"https:\/\/elukelele.com\/fr\/#\/schema\/person\/image\/","url":"https:\/\/secure.gravatar.com\/avatar\/37f9d9ffa29ce5640a0d9c6ca8bbd90afb854014296ecaa0e3a558ac716e6fe4?s=96&d=mm&r=g","contentUrl":"https:\/\/secure.gravatar.com\/avatar\/37f9d9ffa29ce5640a0d9c6ca8bbd90afb854014296ecaa0e3a558ac716e6fe4?s=96&d=mm&r=g","caption":"Daniel Perrin"},"sameAs":["https:\/\/elukelele.com\/fr"],"url":"https:\/\/elukelele.com\/fr\/author\/daniel-perrin\/"}]}},"_links":{"self":[{"href":"https:\/\/elukelele.com\/fr\/wp-json\/wp\/v2\/posts\/46438","targetHints":{"allow":["GET"]}}],"collection":[{"href":"https:\/\/elukelele.com\/fr\/wp-json\/wp\/v2\/posts"}],"about":[{"href":"https:\/\/elukelele.com\/fr\/wp-json\/wp\/v2\/types\/post"}],"author":[{"embeddable":true,"href":"https:\/\/elukelele.com\/fr\/wp-json\/wp\/v2\/users\/4"}],"replies":[{"embeddable":true,"href":"https:\/\/elukelele.com\/fr\/wp-json\/wp\/v2\/comments?post=46438"}],"version-history":[{"count":1,"href":"https:\/\/elukelele.com\/fr\/wp-json\/wp\/v2\/posts\/46438\/revisions"}],"predecessor-version":[{"id":46772,"href":"https:\/\/elukelele.com\/fr\/wp-json\/wp\/v2\/posts\/46438\/revisions\/46772"}],"wp:featuredmedia":[{"embeddable":true,"href":"https:\/\/elukelele.com\/fr\/wp-json\/wp\/v2\/media\/46437"}],"wp:attachment":[{"href":"https:\/\/elukelele.com\/fr\/wp-json\/wp\/v2\/media?parent=46438"}],"wp:term":[{"taxonomy":"category","embeddable":true,"href":"https:\/\/elukelele.com\/fr\/wp-json\/wp\/v2\/categories?post=46438"},{"taxonomy":"post_tag","embeddable":true,"href":"https:\/\/elukelele.com\/fr\/wp-json\/wp\/v2\/tags?post=46438"}],"curies":[{"name":"wp","href":"https:\/\/api.w.org\/{rel}","templated":true}]}}