{"id":46386,"date":"2025-11-27T05:06:30","date_gmt":"2025-11-27T05:06:30","guid":{"rendered":"https:\/\/elukelele.com\/fr\/?p=46386"},"modified":"2025-11-27T05:06:31","modified_gmt":"2025-11-27T05:06:31","slug":"a-48-ans-sonia-mabrouk-attend-un-deuxieme-enfant-un-an-apres-la-naissance-de-sa-fille","status":"publish","type":"post","link":"https:\/\/elukelele.com\/fr\/divertissement\/a-48-ans-sonia-mabrouk-attend-un-deuxieme-enfant-un-an-apres-la-naissance-de-sa-fille\/","title":{"rendered":"A 48 ans, Sonia Mabrouk attend un deuxi\u00e8me enfant, un an apr\u00e8s la naissance de sa fille"},"content":{"rendered":"<p>La sph\u00e8re m\u00e9diatique et le public fran\u00e7ais sont en effervescence suite \u00e0 l&rsquo;annonce concernant Sonia Mabrouk, figure embl\u00e9matique du journalisme. \u00c0 48 ans, la journaliste et \u00e9ditorialiste s&rsquo;appr\u00eate en effet \u00e0 accueillir son deuxi\u00e8me enfant, une nouvelle particuli\u00e8rement marquante intervenant seulement un an apr\u00e8s la naissance de sa fille. Cette annonce souligne un chapitre intime et joyeux dans la vie de celle qui est \u00e9galement reconnue pour sa carri\u00e8re exigeante et ses prises de position affirm\u00e9es.<\/p>\n<h2>Une Nouvelle Grossesse Remarquable \u00e0 48 Ans<\/h2>\n<p>L&rsquo;information selon laquelle Sonia Mabrouk attend un deuxi\u00e8me enfant, tout juste un an apr\u00e8s avoir donn\u00e9 naissance \u00e0 sa fille, a suscit\u00e9 un int\u00e9r\u00eat notable. \u00c0 48 ans, cette maternit\u00e9 tardive, et la succession rapide des naissances, sont per\u00e7ues comme un t\u00e9moignage de r\u00e9silience et de bonheur personnel. La journaliste, connue pour sa discr\u00e9tion sur sa vie priv\u00e9e, semble ainsi embrasser pleinement les joies de la maternit\u00e9, d\u00e9fiant les calendriers traditionnels.<\/p>\n<p>Cette \u00e9tape de vie intervient dans un contexte o\u00f9 Sonia Mabrouk continue de mener une carri\u00e8re intense et visible. Pr\u00e9sentatrice phare sur CNews et Europe 1, elle est r\u00e9put\u00e9e pour ses interviews incisives et son analyse pertinente de l&rsquo;actualit\u00e9 politique et sociale. La conciliation d&rsquo;une vie professionnelle aussi dense avec les exigences de la maternit\u00e9, surtout avec l&rsquo;arriv\u00e9e d&rsquo;un deuxi\u00e8me enfant en peu de temps, suscite admiration et interrogation sur l&rsquo;organisation de son quotidien.<\/p>\n<h2>Le Parcours Singulier d&rsquo;une M\u00e8re Tardive<\/h2>\n<p>La d\u00e9cision de Sonia Mabrouk d&rsquo;avoir des enfants \u00e0 un \u00e2ge plus avanc\u00e9 que la moyenne r\u00e9sonne avec une tendance soci\u00e9tale croissante. De nombreuses femmes choisissent aujourd&rsquo;hui de retarder la maternit\u00e9 pour diverses raisons, qu&rsquo;elles soient professionnelles, personnelles ou li\u00e9es \u00e0 la recherche du bon partenaire. Le fait d&rsquo;accueillir un premier enfant \u00e0 47 ans, puis un deuxi\u00e8me \u00e0 48 ans, positionne Sonia Mabrouk comme une figure embl\u00e9matique de cette \u00e9volution, inspirant potentiellement de nombreuses femmes qui envisagent la maternit\u00e9 plus tardivement.<\/p>\n<p>Son parcours met en lumi\u00e8re la possibilit\u00e9 de r\u00e9aliser des aspirations familiales \u00e0 des \u00e2ges o\u00f9, par le pass\u00e9, cela \u00e9tait moins courant. Cela envoie un message fort sur la flexibilit\u00e9 des parcours de vie et la capacit\u00e9 des femmes \u00e0 concilier des ambitions vari\u00e9es sans se conformer \u00e0 des normes pr\u00e9\u00e9tablies.<\/p>\n<h2>Maternit\u00e9 et Carri\u00e8re : Un \u00c9quilibre D\u00e9fiant les Attentes<\/h2>\n<p>L&rsquo;annonce de cette deuxi\u00e8me grossesse un an seulement apr\u00e8s la premi\u00e8re soul\u00e8ve \u00e9galement des questions sur la mani\u00e8re dont Sonia Mabrouk g\u00e9rera sa carri\u00e8re exigeante avec l&rsquo;agrandissement de sa famille. Habituellement tr\u00e8s pr\u00e9sente \u00e0 l&rsquo;antenne, elle a toujours su maintenir un \u00e9quilibre, ou du moins une gestion efficace, entre ses engagements professionnels et sa vie personnelle. Ce nouveau d\u00e9fi familial pourrait ainsi la pousser \u00e0 adapter son rythme ou \u00e0 r\u00e9organiser ses priorit\u00e9s, tout en restant une figure incontournable du paysage m\u00e9diatique fran\u00e7ais.<\/p>\n<p>Cette situation est un exemple concret des d\u00e9fis et des choix auxquels sont confront\u00e9es les femmes occupant des postes de responsabilit\u00e9, en particulier lorsqu&rsquo;elles deviennent m\u00e8res. Elle illustre la complexit\u00e9 de naviguer entre des attentes professionnelles \u00e9lev\u00e9es et le d\u00e9sir d&rsquo;une vie familiale \u00e9panouie.<\/p>\n<h2>Conclusion<\/h2>\n<p>L&rsquo;annonce de la deuxi\u00e8me grossesse de Sonia Mabrouk \u00e0 48 ans, un an apr\u00e8s la naissance de sa fille, est bien plus qu&rsquo;une simple nouvelle people. Elle incarne une histoire personnelle forte, celle d&rsquo;une femme qui choisit d&#8217;embrasser la maternit\u00e9 selon son propre calendrier, tout en poursuivant une carri\u00e8re brillante. C&rsquo;est un t\u00e9moignage inspirant de la capacit\u00e9 \u00e0 r\u00e9aliser ses aspirations personnelles et professionnelles, ind\u00e9pendamment des conventions, et une illustration des \u00e9volutions soci\u00e9tales concernant la maternit\u00e9.<\/p>\n","protected":false},"excerpt":{"rendered":"<p>La sph\u00e8re m\u00e9diatique et le public fran\u00e7ais sont en effervescence suite \u00e0 l&rsquo;annonce concernant Sonia Mabrouk, figure embl\u00e9matique du journalisme. \u00c0 48 ans, la journaliste et \u00e9ditorialiste s&rsquo;appr\u00eate en effet \u00e0 accueillir son deuxi\u00e8me enfant, une nouvelle particuli\u00e8rement marquante intervenant seulement un an apr\u00e8s la naissance de sa fille. Cette annonce souligne un chapitre intime [&hellip;]<\/p>\n","protected":false},"author":4,"featured_media":46385,"comment_status":"open","ping_status":"open","sticky":false,"template":"","format":"standard","meta":{"_yoast_wpseo_title":"A 48 ans, Sonia Mabrouk attend un deuxi\u00e8me enfant","_yoast_wpseo_metadesc":"","_yoast_wpseo_focuskw":"Sonia"},"categories":[5],"tags":[],"class_list":["post-46386","post","type-post","status-publish","format-standard","has-post-thumbnail","hentry","category-divertissement"],"yoast_head":"<!-- This site is optimized with the Yoast SEO plugin v26.3 - https:\/\/yoast.com\/wordpress\/plugins\/seo\/ -->\n<title>A 48 ans, Sonia Mabrouk attend un deuxi\u00e8me enfant<\/title>\n<meta name=\"robots\" content=\"index, follow, max-snippet:-1, max-image-preview:large, max-video-preview:-1\" \/>\n<link rel=\"canonical\" href=\"https:\/\/elukelele.com\/fr\/divertissement\/a-48-ans-sonia-mabrouk-attend-un-deuxieme-enfant-un-an-apres-la-naissance-de-sa-fille\/\" \/>\n<meta property=\"og:locale\" content=\"fr_FR\" \/>\n<meta property=\"og:type\" content=\"article\" \/>\n<meta property=\"og:title\" content=\"A 48 ans, Sonia Mabrouk attend un deuxi\u00e8me enfant\" \/>\n<meta property=\"og:description\" content=\"La sph\u00e8re m\u00e9diatique et le public fran\u00e7ais sont en effervescence suite \u00e0 l&rsquo;annonce concernant Sonia Mabrouk, figure embl\u00e9matique du journalisme. \u00c0 48 ans, la journaliste et \u00e9ditorialiste s&rsquo;appr\u00eate en effet \u00e0 accueillir son deuxi\u00e8me enfant, une nouvelle particuli\u00e8rement marquante intervenant seulement un an apr\u00e8s la naissance de sa fille. Cette annonce souligne un chapitre intime [&hellip;]\" \/>\n<meta property=\"og:url\" content=\"https:\/\/elukelele.com\/fr\/divertissement\/a-48-ans-sonia-mabrouk-attend-un-deuxieme-enfant-un-an-apres-la-naissance-de-sa-fille\/\" \/>\n<meta property=\"og:site_name\" content=\"El Ukelele\" \/>\n<meta property=\"article:published_time\" content=\"2025-11-27T05:06:30+00:00\" \/>\n<meta property=\"article:modified_time\" content=\"2025-11-27T05:06:31+00:00\" \/>\n<meta property=\"og:image\" content=\"https:\/\/elukelele.com\/fr\/wp-content\/uploads\/2025\/11\/framed_only-833.png\" \/>\n\t<meta property=\"og:image:width\" content=\"1200\" \/>\n\t<meta property=\"og:image:height\" content=\"628\" \/>\n\t<meta property=\"og:image:type\" content=\"image\/png\" \/>\n<meta name=\"author\" content=\"Daniel Perrin\" \/>\n<meta name=\"twitter:card\" content=\"summary_large_image\" \/>\n<meta name=\"twitter:label1\" content=\"\u00c9crit par\" \/>\n\t<meta name=\"twitter:data1\" content=\"Daniel Perrin\" \/>\n\t<meta name=\"twitter:label2\" content=\"Dur\u00e9e de lecture estim\u00e9e\" \/>\n\t<meta name=\"twitter:data2\" content=\"4 minutes\" \/>\n<script type=\"application\/ld+json\" class=\"yoast-schema-graph\">{\"@context\":\"https:\/\/schema.org\",\"@graph\":[{\"@type\":\"WebPage\",\"@id\":\"https:\/\/elukelele.com\/fr\/divertissement\/a-48-ans-sonia-mabrouk-attend-un-deuxieme-enfant-un-an-apres-la-naissance-de-sa-fille\/\",\"url\":\"https:\/\/elukelele.com\/fr\/divertissement\/a-48-ans-sonia-mabrouk-attend-un-deuxieme-enfant-un-an-apres-la-naissance-de-sa-fille\/\",\"name\":\"A 48 ans, Sonia Mabrouk attend un deuxi\u00e8me enfant\",\"isPartOf\":{\"@id\":\"https:\/\/elukelele.com\/fr\/#website\"},\"primaryImageOfPage\":{\"@id\":\"https:\/\/elukelele.com\/fr\/divertissement\/a-48-ans-sonia-mabrouk-attend-un-deuxieme-enfant-un-an-apres-la-naissance-de-sa-fille\/#primaryimage\"},\"image\":{\"@id\":\"https:\/\/elukelele.com\/fr\/divertissement\/a-48-ans-sonia-mabrouk-attend-un-deuxieme-enfant-un-an-apres-la-naissance-de-sa-fille\/#primaryimage\"},\"thumbnailUrl\":\"https:\/\/elukelele.com\/fr\/wp-content\/uploads\/2025\/11\/framed_only-833.png\",\"datePublished\":\"2025-11-27T05:06:30+00:00\",\"dateModified\":\"2025-11-27T05:06:31+00:00\",\"author\":{\"@id\":\"https:\/\/elukelele.com\/fr\/#\/schema\/person\/ccfb3d2be2ec7fa389608eb6da0b38d6\"},\"breadcrumb\":{\"@id\":\"https:\/\/elukelele.com\/fr\/divertissement\/a-48-ans-sonia-mabrouk-attend-un-deuxieme-enfant-un-an-apres-la-naissance-de-sa-fille\/#breadcrumb\"},\"inLanguage\":\"fr-FR\",\"potentialAction\":[{\"@type\":\"ReadAction\",\"target\":[\"https:\/\/elukelele.com\/fr\/divertissement\/a-48-ans-sonia-mabrouk-attend-un-deuxieme-enfant-un-an-apres-la-naissance-de-sa-fille\/\"]}]},{\"@type\":\"ImageObject\",\"inLanguage\":\"fr-FR\",\"@id\":\"https:\/\/elukelele.com\/fr\/divertissement\/a-48-ans-sonia-mabrouk-attend-un-deuxieme-enfant-un-an-apres-la-naissance-de-sa-fille\/#primaryimage\",\"url\":\"https:\/\/elukelele.com\/fr\/wp-content\/uploads\/2025\/11\/framed_only-833.png\",\"contentUrl\":\"https:\/\/elukelele.com\/fr\/wp-content\/uploads\/2025\/11\/framed_only-833.png\",\"width\":1200,\"height\":628,\"caption\":\"Sonia\"},{\"@type\":\"BreadcrumbList\",\"@id\":\"https:\/\/elukelele.com\/fr\/divertissement\/a-48-ans-sonia-mabrouk-attend-un-deuxieme-enfant-un-an-apres-la-naissance-de-sa-fille\/#breadcrumb\",\"itemListElement\":[{\"@type\":\"ListItem\",\"position\":1,\"name\":\"Home\",\"item\":\"https:\/\/elukelele.com\/fr\/\"},{\"@type\":\"ListItem\",\"position\":2,\"name\":\"A 48 ans, Sonia Mabrouk attend un deuxi\u00e8me enfant, un an apr\u00e8s la naissance de sa fille\"}]},{\"@type\":\"WebSite\",\"@id\":\"https:\/\/elukelele.com\/fr\/#website\",\"url\":\"https:\/\/elukelele.com\/fr\/\",\"name\":\"El Ukelele\",\"description\":\"Musique au-del\u00e0 de l&#039;indie\",\"potentialAction\":[{\"@type\":\"SearchAction\",\"target\":{\"@type\":\"EntryPoint\",\"urlTemplate\":\"https:\/\/elukelele.com\/fr\/?s={search_term_string}\"},\"query-input\":{\"@type\":\"PropertyValueSpecification\",\"valueRequired\":true,\"valueName\":\"search_term_string\"}}],\"inLanguage\":\"fr-FR\"},{\"@type\":\"Person\",\"@id\":\"https:\/\/elukelele.com\/fr\/#\/schema\/person\/ccfb3d2be2ec7fa389608eb6da0b38d6\",\"name\":\"Daniel Perrin\",\"image\":{\"@type\":\"ImageObject\",\"inLanguage\":\"fr-FR\",\"@id\":\"https:\/\/elukelele.com\/fr\/#\/schema\/person\/image\/\",\"url\":\"https:\/\/secure.gravatar.com\/avatar\/37f9d9ffa29ce5640a0d9c6ca8bbd90afb854014296ecaa0e3a558ac716e6fe4?s=96&d=mm&r=g\",\"contentUrl\":\"https:\/\/secure.gravatar.com\/avatar\/37f9d9ffa29ce5640a0d9c6ca8bbd90afb854014296ecaa0e3a558ac716e6fe4?s=96&d=mm&r=g\",\"caption\":\"Daniel Perrin\"},\"sameAs\":[\"https:\/\/elukelele.com\/fr\"],\"url\":\"https:\/\/elukelele.com\/fr\/author\/daniel-perrin\/\"}]}<\/script>\n<!-- \/ Yoast SEO plugin. -->","yoast_head_json":{"title":"A 48 ans, Sonia Mabrouk attend un deuxi\u00e8me enfant","robots":{"index":"index","follow":"follow","max-snippet":"max-snippet:-1","max-image-preview":"max-image-preview:large","max-video-preview":"max-video-preview:-1"},"canonical":"https:\/\/elukelele.com\/fr\/divertissement\/a-48-ans-sonia-mabrouk-attend-un-deuxieme-enfant-un-an-apres-la-naissance-de-sa-fille\/","og_locale":"fr_FR","og_type":"article","og_title":"A 48 ans, Sonia Mabrouk attend un deuxi\u00e8me enfant","og_description":"La sph\u00e8re m\u00e9diatique et le public fran\u00e7ais sont en effervescence suite \u00e0 l&rsquo;annonce concernant Sonia Mabrouk, figure embl\u00e9matique du journalisme. \u00c0 48 ans, la journaliste et \u00e9ditorialiste s&rsquo;appr\u00eate en effet \u00e0 accueillir son deuxi\u00e8me enfant, une nouvelle particuli\u00e8rement marquante intervenant seulement un an apr\u00e8s la naissance de sa fille. Cette annonce souligne un chapitre intime [&hellip;]","og_url":"https:\/\/elukelele.com\/fr\/divertissement\/a-48-ans-sonia-mabrouk-attend-un-deuxieme-enfant-un-an-apres-la-naissance-de-sa-fille\/","og_site_name":"El Ukelele","article_published_time":"2025-11-27T05:06:30+00:00","article_modified_time":"2025-11-27T05:06:31+00:00","og_image":[{"width":1200,"height":628,"url":"https:\/\/elukelele.com\/fr\/wp-content\/uploads\/2025\/11\/framed_only-833.png","type":"image\/png"}],"author":"Daniel Perrin","twitter_card":"summary_large_image","twitter_misc":{"\u00c9crit par":"Daniel Perrin","Dur\u00e9e de lecture estim\u00e9e":"4 minutes"},"schema":{"@context":"https:\/\/schema.org","@graph":[{"@type":"WebPage","@id":"https:\/\/elukelele.com\/fr\/divertissement\/a-48-ans-sonia-mabrouk-attend-un-deuxieme-enfant-un-an-apres-la-naissance-de-sa-fille\/","url":"https:\/\/elukelele.com\/fr\/divertissement\/a-48-ans-sonia-mabrouk-attend-un-deuxieme-enfant-un-an-apres-la-naissance-de-sa-fille\/","name":"A 48 ans, Sonia Mabrouk attend un deuxi\u00e8me enfant","isPartOf":{"@id":"https:\/\/elukelele.com\/fr\/#website"},"primaryImageOfPage":{"@id":"https:\/\/elukelele.com\/fr\/divertissement\/a-48-ans-sonia-mabrouk-attend-un-deuxieme-enfant-un-an-apres-la-naissance-de-sa-fille\/#primaryimage"},"image":{"@id":"https:\/\/elukelele.com\/fr\/divertissement\/a-48-ans-sonia-mabrouk-attend-un-deuxieme-enfant-un-an-apres-la-naissance-de-sa-fille\/#primaryimage"},"thumbnailUrl":"https:\/\/elukelele.com\/fr\/wp-content\/uploads\/2025\/11\/framed_only-833.png","datePublished":"2025-11-27T05:06:30+00:00","dateModified":"2025-11-27T05:06:31+00:00","author":{"@id":"https:\/\/elukelele.com\/fr\/#\/schema\/person\/ccfb3d2be2ec7fa389608eb6da0b38d6"},"breadcrumb":{"@id":"https:\/\/elukelele.com\/fr\/divertissement\/a-48-ans-sonia-mabrouk-attend-un-deuxieme-enfant-un-an-apres-la-naissance-de-sa-fille\/#breadcrumb"},"inLanguage":"fr-FR","potentialAction":[{"@type":"ReadAction","target":["https:\/\/elukelele.com\/fr\/divertissement\/a-48-ans-sonia-mabrouk-attend-un-deuxieme-enfant-un-an-apres-la-naissance-de-sa-fille\/"]}]},{"@type":"ImageObject","inLanguage":"fr-FR","@id":"https:\/\/elukelele.com\/fr\/divertissement\/a-48-ans-sonia-mabrouk-attend-un-deuxieme-enfant-un-an-apres-la-naissance-de-sa-fille\/#primaryimage","url":"https:\/\/elukelele.com\/fr\/wp-content\/uploads\/2025\/11\/framed_only-833.png","contentUrl":"https:\/\/elukelele.com\/fr\/wp-content\/uploads\/2025\/11\/framed_only-833.png","width":1200,"height":628,"caption":"Sonia"},{"@type":"BreadcrumbList","@id":"https:\/\/elukelele.com\/fr\/divertissement\/a-48-ans-sonia-mabrouk-attend-un-deuxieme-enfant-un-an-apres-la-naissance-de-sa-fille\/#breadcrumb","itemListElement":[{"@type":"ListItem","position":1,"name":"Home","item":"https:\/\/elukelele.com\/fr\/"},{"@type":"ListItem","position":2,"name":"A 48 ans, Sonia Mabrouk attend un deuxi\u00e8me enfant, un an apr\u00e8s la naissance de sa fille"}]},{"@type":"WebSite","@id":"https:\/\/elukelele.com\/fr\/#website","url":"https:\/\/elukelele.com\/fr\/","name":"El Ukelele","description":"Musique au-del\u00e0 de l&#039;indie","potentialAction":[{"@type":"SearchAction","target":{"@type":"EntryPoint","urlTemplate":"https:\/\/elukelele.com\/fr\/?s={search_term_string}"},"query-input":{"@type":"PropertyValueSpecification","valueRequired":true,"valueName":"search_term_string"}}],"inLanguage":"fr-FR"},{"@type":"Person","@id":"https:\/\/elukelele.com\/fr\/#\/schema\/person\/ccfb3d2be2ec7fa389608eb6da0b38d6","name":"Daniel Perrin","image":{"@type":"ImageObject","inLanguage":"fr-FR","@id":"https:\/\/elukelele.com\/fr\/#\/schema\/person\/image\/","url":"https:\/\/secure.gravatar.com\/avatar\/37f9d9ffa29ce5640a0d9c6ca8bbd90afb854014296ecaa0e3a558ac716e6fe4?s=96&d=mm&r=g","contentUrl":"https:\/\/secure.gravatar.com\/avatar\/37f9d9ffa29ce5640a0d9c6ca8bbd90afb854014296ecaa0e3a558ac716e6fe4?s=96&d=mm&r=g","caption":"Daniel Perrin"},"sameAs":["https:\/\/elukelele.com\/fr"],"url":"https:\/\/elukelele.com\/fr\/author\/daniel-perrin\/"}]}},"_links":{"self":[{"href":"https:\/\/elukelele.com\/fr\/wp-json\/wp\/v2\/posts\/46386","targetHints":{"allow":["GET"]}}],"collection":[{"href":"https:\/\/elukelele.com\/fr\/wp-json\/wp\/v2\/posts"}],"about":[{"href":"https:\/\/elukelele.com\/fr\/wp-json\/wp\/v2\/types\/post"}],"author":[{"embeddable":true,"href":"https:\/\/elukelele.com\/fr\/wp-json\/wp\/v2\/users\/4"}],"replies":[{"embeddable":true,"href":"https:\/\/elukelele.com\/fr\/wp-json\/wp\/v2\/comments?post=46386"}],"version-history":[{"count":1,"href":"https:\/\/elukelele.com\/fr\/wp-json\/wp\/v2\/posts\/46386\/revisions"}],"predecessor-version":[{"id":46422,"href":"https:\/\/elukelele.com\/fr\/wp-json\/wp\/v2\/posts\/46386\/revisions\/46422"}],"wp:featuredmedia":[{"embeddable":true,"href":"https:\/\/elukelele.com\/fr\/wp-json\/wp\/v2\/media\/46385"}],"wp:attachment":[{"href":"https:\/\/elukelele.com\/fr\/wp-json\/wp\/v2\/media?parent=46386"}],"wp:term":[{"taxonomy":"category","embeddable":true,"href":"https:\/\/elukelele.com\/fr\/wp-json\/wp\/v2\/categories?post=46386"},{"taxonomy":"post_tag","embeddable":true,"href":"https:\/\/elukelele.com\/fr\/wp-json\/wp\/v2\/tags?post=46386"}],"curies":[{"name":"wp","href":"https:\/\/api.w.org\/{rel}","templated":true}]}}